{"id":95252,"date":"2023-03-11T19:18:50","date_gmt":"2023-03-11T22:18:50","guid":{"rendered":"https:\/\/www.gaveanews.com\/?p=95252"},"modified":"2023-03-11T19:18:53","modified_gmt":"2023-03-11T22:18:53","slug":"flamengo-nega-acusacoes-e-detona-o-site-uol-materia-mentirosa-e-irresponsavel","status":"publish","type":"post","link":"https:\/\/www.gaveanews.com\/index.php\/2023\/03\/11\/flamengo-nega-acusacoes-e-detona-o-site-uol-materia-mentirosa-e-irresponsavel\/","title":{"rendered":"Flamengo nega acusa\u00e7\u00f5es e detona o site UOL: \u201cMat\u00e9ria mentirosa e irrespons\u00e1vel\u201d"},"content":{"rendered":"\n<p>Neste s\u00e1bado (11), o Flamengo se manifestou em nota oficial para argumentar contra uma mat\u00e9ria produzida pelo site Uol. O Rubro-Negro se defendeu de forma detalhada e explicou a situa\u00e7\u00e3o em um longo pronunciamento.<\/p>\n\n\n\n<h2 class=\"wp-block-heading\" id=\"h-confira-parte-da-nota-oficial-do-flamengo\"><strong>Confira parte da nota oficial do Flamengo<\/strong><\/h2>\n\n\n\n<p>\u201cO Portal UOL, no dia 06.03.2023, publicou mat\u00e9ria assinada pelo jornalista Leo Burl\u00e1, elaborada a partir de relato do Sr. Jos\u00e9 Augusto Lopes Bezerra, sobre uma suposta adultera\u00e7\u00e3o do local em que ocorreu o triste inc\u00eandio no Centro de Treinamento George Helal (\u201cNinho do Urubu\u201d), a qual, segundo a alega\u00e7\u00e3o do referido senhor, teria sido ordenada pelo CEO do Clube de Regatas do Flamengo, Sr. Reinaldo Belotti\u201d, inicia o comunicado.<\/p>\n\n\n\n<p>\u201cCumpre destacar que, ao procurar o Flamengo para que se manifestasse sobre a referida alega\u00e7\u00e3o, o referido jornalista ocultou informa\u00e7\u00f5es, fatos e documentos relevantes, que seriam utilizados na mat\u00e9ria, o que impediu o Flamengo e o Sr. Reinaldo Belotti de exercerem sua ampla defesa, de modo a apresentar um relato mais detalhado, com suporte probat\u00f3rio, das inconsist\u00eancias existentes nas falsas declara\u00e7\u00f5es feitas pelo Sr. Jos\u00e9 Augusto Bezerra, como se demonstrar\u00e1 adiante\u201d, se defende o clube.<\/p>\n\n\n\n<p>\u201c\u00c9 falsa a alega\u00e7\u00e3o do Sr. Jos\u00e9 Augusto Bezerra, de que seu primeiro contato com o CEO do Flamengo ocorreu no pr\u00f3prio dia do inc\u00eandio (08.02.2019), como tamb\u00e9m \u00e9 falsa a alega\u00e7\u00e3o de que a suposta altera\u00e7\u00e3o da cena do inc\u00eandio aconteceu no dia 10.02.2019. Isso porque, somente no dia 11.02.2019, o Sr. Jos\u00e9 Augusto Bezerra foi inserido na quest\u00e3o e apresentado ao Sr. Reinaldo Belotti, ap\u00f3s 2 (dois) Vice-Presidentes do Flamengo \u2013 Sr. Luiz Eduardo Baptista (\u201cBAP\u201d), ent\u00e3o Vice-Presidente de Rela\u00e7\u00f5es Externas, e o Sr. Gustavo Oliveira, Vice-Presidente de Comunica\u00e7\u00e3o e Marketing \u2013 o recomendarem ao Sr. Reinaldo Belotti, conforme fazem prova os prints abaixo colacionados\u201d, prossegue a nota do Flamengo; confira na \u00edntegra:<\/p>\n\n\n\n<figure class=\"wp-block-embed is-type-rich is-provider-twitter wp-block-embed-twitter\"><div class=\"wp-block-embed__wrapper\">\n<blockquote class=\"twitter-tweet\" data-width=\"550\" data-dnt=\"true\"><p lang=\"pt\" dir=\"ltr\">Da mentirosa e irrespons\u00e1vel mat\u00e9ria publicada pelo UOL<a href=\"https:\/\/t.co\/WUWgOhAwiL\">https:\/\/t.co\/WUWgOhAwiL<\/a><\/p>&mdash; Flamengo (@Flamengo) <a href=\"https:\/\/twitter.com\/Flamengo\/status\/1634562514515001346?ref_src=twsrc%5Etfw\">March 11, 2023<\/a><\/blockquote><script async src=\"https:\/\/platform.twitter.com\/widgets.js\" charset=\"utf-8\"><\/script>\n<\/div><\/figure>\n\n\n\n<p>Retirado de: Torcedores <\/p>\n","protected":false},"excerpt":{"rendered":"<p>Neste s\u00e1bado (11), o Flamengo se manifestou em nota oficial para argumentar contra uma mat\u00e9ria produzida pelo site Uol. O Rubro-Negro se defendeu de forma detalhada e explicou a situa\u00e7\u00e3o em um longo pronunciamento. Confira parte da nota oficial do Flamengo \u201cO Portal UOL, no dia 06.03.2023, publicou mat\u00e9ria assinada pelo jornalista Leo Burl\u00e1, elaborada [&hellip;]<\/p>\n","protected":false},"author":1,"featured_media":15081,"comment_status":"open","ping_status":"closed","sticky":false,"template":"","format":"standard","meta":{"footnotes":""},"categories":[1],"tags":[],"class_list":["post-95252","post","type-post","status-publish","format-standard","has-post-thumbnail","hentry","category-flamengo"],"yoast_head":"<!-- This site is optimized with the Yoast SEO Premium plugin v24.2 (Yoast SEO v26.9) - https:\/\/yoast.com\/product\/yoast-seo-premium-wordpress\/ -->\n<title>Flamengo nega acusa\u00e7\u00f5es e detona o site UOL: \u201cMat\u00e9ria mentirosa e irrespons\u00e1vel\u201d<\/title>\n<meta name=\"robots\" content=\"index, follow, max-snippet:-1, max-image-preview:large, max-video-preview:-1\" \/>\n<link rel=\"canonical\" href=\"https:\/\/www.gaveanews.com\/index.php\/2023\/03\/11\/flamengo-nega-acusacoes-e-detona-o-site-uol-materia-mentirosa-e-irresponsavel\/\" \/>\n<meta property=\"og:locale\" content=\"pt_BR\" \/>\n<meta property=\"og:type\" content=\"article\" \/>\n<meta property=\"og:title\" content=\"Flamengo nega acusa\u00e7\u00f5es e detona o site UOL: \u201cMat\u00e9ria mentirosa e irrespons\u00e1vel\u201d\" \/>\n<meta property=\"og:description\" content=\"Neste s\u00e1bado (11), o Flamengo se manifestou em nota oficial para argumentar contra uma mat\u00e9ria produzida pelo site Uol. O Rubro-Negro se defendeu de forma detalhada e explicou a situa\u00e7\u00e3o em um longo pronunciamento. Confira parte da nota oficial do Flamengo \u201cO Portal UOL, no dia 06.03.2023, publicou mat\u00e9ria assinada pelo jornalista Leo Burl\u00e1, elaborada [&hellip;]\" \/>\n<meta property=\"og:url\" content=\"https:\/\/www.gaveanews.com\/index.php\/2023\/03\/11\/flamengo-nega-acusacoes-e-detona-o-site-uol-materia-mentirosa-e-irresponsavel\/\" \/>\n<meta property=\"og:site_name\" content=\"G\u00e1vea News\" \/>\n<meta property=\"article:publisher\" content=\"https:\/\/facebook.com\/gaveaNews\/\" \/>\n<meta property=\"article:published_time\" content=\"2023-03-11T22:18:50+00:00\" \/>\n<meta property=\"article:modified_time\" content=\"2023-03-11T22:18:53+00:00\" \/>\n<meta property=\"og:image\" content=\"https:\/\/www.gaveanews.com\/wp-content\/uploads\/2019\/03\/Escudo-do-Flamengo-e-exposto-proximo-a-um-dos-gols-no-gramado-do-Maracana.webp\" \/>\n\t<meta property=\"og:image:width\" content=\"1\" \/>\n\t<meta property=\"og:image:height\" content=\"1\" \/>\n\t<meta property=\"og:image:type\" content=\"image\/jpeg\" \/>\n<meta name=\"author\" content=\"Equipe G\u00e1vea News\" \/>\n<meta name=\"twitter:card\" content=\"summary_large_image\" \/>\n<meta name=\"twitter:label1\" content=\"Escrito por\" \/>\n\t<meta name=\"twitter:data1\" content=\"Equipe G\u00e1vea News\" \/>\n\t<meta name=\"twitter:label2\" content=\"Est. tempo de leitura\" \/>\n\t<meta name=\"twitter:data2\" content=\"2 minutos\" \/>\n<script type=\"application\/ld+json\" class=\"yoast-schema-graph\">{\"@context\":\"https:\/\/schema.org\",\"@graph\":[{\"@type\":\"NewsArticle\",\"@id\":\"https:\/\/www.gaveanews.com\/index.php\/2023\/03\/11\/flamengo-nega-acusacoes-e-detona-o-site-uol-materia-mentirosa-e-irresponsavel\/#article\",\"isPartOf\":{\"@id\":\"https:\/\/www.gaveanews.com\/index.php\/2023\/03\/11\/flamengo-nega-acusacoes-e-detona-o-site-uol-materia-mentirosa-e-irresponsavel\/\"},\"author\":{\"name\":\"Equipe G\u00e1vea News\",\"@id\":\"https:\/\/www.gaveanews.com\/#\/schema\/person\/2ec14f73fb96be2caf28f91afb14749d\"},\"headline\":\"Flamengo nega acusa\u00e7\u00f5es e detona o site UOL: \u201cMat\u00e9ria mentirosa e irrespons\u00e1vel\u201d\",\"datePublished\":\"2023-03-11T22:18:50+00:00\",\"dateModified\":\"2023-03-11T22:18:53+00:00\",\"mainEntityOfPage\":{\"@id\":\"https:\/\/www.gaveanews.com\/index.php\/2023\/03\/11\/flamengo-nega-acusacoes-e-detona-o-site-uol-materia-mentirosa-e-irresponsavel\/\"},\"wordCount\":346,\"commentCount\":0,\"image\":{\"@id\":\"https:\/\/www.gaveanews.com\/index.php\/2023\/03\/11\/flamengo-nega-acusacoes-e-detona-o-site-uol-materia-mentirosa-e-irresponsavel\/#primaryimage\"},\"thumbnailUrl\":\"https:\/\/www.gaveanews.com\/wp-content\/uploads\/2019\/03\/Escudo-do-Flamengo-e-exposto-proximo-a-um-dos-gols-no-gramado-do-Maracana.webp\",\"articleSection\":[\"Flamengo\"],\"inLanguage\":\"pt-BR\",\"potentialAction\":[{\"@type\":\"CommentAction\",\"name\":\"Comment\",\"target\":[\"https:\/\/www.gaveanews.com\/index.php\/2023\/03\/11\/flamengo-nega-acusacoes-e-detona-o-site-uol-materia-mentirosa-e-irresponsavel\/#respond\"]}],\"copyrightYear\":\"2023\",\"copyrightHolder\":{\"@id\":\"https:\/\/www.gaveanews.com\/#organization\"}},{\"@type\":\"WebPage\",\"@id\":\"https:\/\/www.gaveanews.com\/index.php\/2023\/03\/11\/flamengo-nega-acusacoes-e-detona-o-site-uol-materia-mentirosa-e-irresponsavel\/\",\"url\":\"https:\/\/www.gaveanews.com\/index.php\/2023\/03\/11\/flamengo-nega-acusacoes-e-detona-o-site-uol-materia-mentirosa-e-irresponsavel\/\",\"name\":\"Flamengo nega acusa\u00e7\u00f5es e detona o site UOL: \u201cMat\u00e9ria mentirosa e irrespons\u00e1vel\u201d\",\"isPartOf\":{\"@id\":\"https:\/\/www.gaveanews.com\/#website\"},\"primaryImageOfPage\":{\"@id\":\"https:\/\/www.gaveanews.com\/index.php\/2023\/03\/11\/flamengo-nega-acusacoes-e-detona-o-site-uol-materia-mentirosa-e-irresponsavel\/#primaryimage\"},\"image\":{\"@id\":\"https:\/\/www.gaveanews.com\/index.php\/2023\/03\/11\/flamengo-nega-acusacoes-e-detona-o-site-uol-materia-mentirosa-e-irresponsavel\/#primaryimage\"},\"thumbnailUrl\":\"https:\/\/www.gaveanews.com\/wp-content\/uploads\/2019\/03\/Escudo-do-Flamengo-e-exposto-proximo-a-um-dos-gols-no-gramado-do-Maracana.webp\",\"datePublished\":\"2023-03-11T22:18:50+00:00\",\"dateModified\":\"2023-03-11T22:18:53+00:00\",\"author\":{\"@id\":\"https:\/\/www.gaveanews.com\/#\/schema\/person\/2ec14f73fb96be2caf28f91afb14749d\"},\"breadcrumb\":{\"@id\":\"https:\/\/www.gaveanews.com\/index.php\/2023\/03\/11\/flamengo-nega-acusacoes-e-detona-o-site-uol-materia-mentirosa-e-irresponsavel\/#breadcrumb\"},\"inLanguage\":\"pt-BR\",\"potentialAction\":[{\"@type\":\"ReadAction\",\"target\":[\"https:\/\/www.gaveanews.com\/index.php\/2023\/03\/11\/flamengo-nega-acusacoes-e-detona-o-site-uol-materia-mentirosa-e-irresponsavel\/\"]}]},{\"@type\":\"ImageObject\",\"inLanguage\":\"pt-BR\",\"@id\":\"https:\/\/www.gaveanews.com\/index.php\/2023\/03\/11\/flamengo-nega-acusacoes-e-detona-o-site-uol-materia-mentirosa-e-irresponsavel\/#primaryimage\",\"url\":\"https:\/\/www.gaveanews.com\/wp-content\/uploads\/2019\/03\/Escudo-do-Flamengo-e-exposto-proximo-a-um-dos-gols-no-gramado-do-Maracana.webp\",\"contentUrl\":\"https:\/\/www.gaveanews.com\/wp-content\/uploads\/2019\/03\/Escudo-do-Flamengo-e-exposto-proximo-a-um-dos-gols-no-gramado-do-Maracana.webp\",\"caption\":\"Escudo do Flamengo \u00e9 exposto pr\u00f3ximo a um dos gols, no gramado do Maracan\u00e3 (Foto: Daniel Castelo Branco)\"},{\"@type\":\"BreadcrumbList\",\"@id\":\"https:\/\/www.gaveanews.com\/index.php\/2023\/03\/11\/flamengo-nega-acusacoes-e-detona-o-site-uol-materia-mentirosa-e-irresponsavel\/#breadcrumb\",\"itemListElement\":[{\"@type\":\"ListItem\",\"position\":1,\"name\":\"Home\",\"item\":\"https:\/\/www.gaveanews.com\/\"},{\"@type\":\"ListItem\",\"position\":2,\"name\":\"Flamengo nega acusa\u00e7\u00f5es e detona o site UOL: \u201cMat\u00e9ria mentirosa e irrespons\u00e1vel\u201d\"}]},{\"@type\":\"WebSite\",\"@id\":\"https:\/\/www.gaveanews.com\/#website\",\"url\":\"https:\/\/www.gaveanews.com\/\",\"name\":\"G\u00e1vea News\",\"description\":\"Veja todas as not\u00edcias sobre o Flamengo: Contrata\u00e7\u00f5es, categorias de base, resultados das partidas, tabela de classifica\u00e7\u00e3o, pr\u00f3ximos jogos!\",\"potentialAction\":[{\"@type\":\"SearchAction\",\"target\":{\"@type\":\"EntryPoint\",\"urlTemplate\":\"https:\/\/www.gaveanews.com\/?s={search_term_string}\"},\"query-input\":{\"@type\":\"PropertyValueSpecification\",\"valueRequired\":true,\"valueName\":\"search_term_string\"}}],\"inLanguage\":\"pt-BR\"},{\"@type\":\"Person\",\"@id\":\"https:\/\/www.gaveanews.com\/#\/schema\/person\/2ec14f73fb96be2caf28f91afb14749d\",\"name\":\"Equipe G\u00e1vea News\",\"image\":{\"@type\":\"ImageObject\",\"inLanguage\":\"pt-BR\",\"@id\":\"https:\/\/www.gaveanews.com\/#\/schema\/person\/image\/\",\"url\":\"https:\/\/secure.gravatar.com\/avatar\/1e1956f1facbffd3f8fa53a326721950116b3b9dc9bd44939c01180fd4a745a9?s=96&d=mm&r=g\",\"contentUrl\":\"https:\/\/secure.gravatar.com\/avatar\/1e1956f1facbffd3f8fa53a326721950116b3b9dc9bd44939c01180fd4a745a9?s=96&d=mm&r=g\",\"caption\":\"Equipe G\u00e1vea News\"}}]}<\/script>\n<!-- \/ Yoast SEO Premium plugin. -->","yoast_head_json":{"title":"Flamengo nega acusa\u00e7\u00f5es e detona o site UOL: \u201cMat\u00e9ria mentirosa e irrespons\u00e1vel\u201d","robots":{"index":"index","follow":"follow","max-snippet":"max-snippet:-1","max-image-preview":"max-image-preview:large","max-video-preview":"max-video-preview:-1"},"canonical":"https:\/\/www.gaveanews.com\/index.php\/2023\/03\/11\/flamengo-nega-acusacoes-e-detona-o-site-uol-materia-mentirosa-e-irresponsavel\/","og_locale":"pt_BR","og_type":"article","og_title":"Flamengo nega acusa\u00e7\u00f5es e detona o site UOL: \u201cMat\u00e9ria mentirosa e irrespons\u00e1vel\u201d","og_description":"Neste s\u00e1bado (11), o Flamengo se manifestou em nota oficial para argumentar contra uma mat\u00e9ria produzida pelo site Uol. O Rubro-Negro se defendeu de forma detalhada e explicou a situa\u00e7\u00e3o em um longo pronunciamento. Confira parte da nota oficial do Flamengo \u201cO Portal UOL, no dia 06.03.2023, publicou mat\u00e9ria assinada pelo jornalista Leo Burl\u00e1, elaborada [&hellip;]","og_url":"https:\/\/www.gaveanews.com\/index.php\/2023\/03\/11\/flamengo-nega-acusacoes-e-detona-o-site-uol-materia-mentirosa-e-irresponsavel\/","og_site_name":"G\u00e1vea News","article_publisher":"https:\/\/facebook.com\/gaveaNews\/","article_published_time":"2023-03-11T22:18:50+00:00","article_modified_time":"2023-03-11T22:18:53+00:00","og_image":[{"url":"https:\/\/www.gaveanews.com\/wp-content\/uploads\/2019\/03\/Escudo-do-Flamengo-e-exposto-proximo-a-um-dos-gols-no-gramado-do-Maracana.webp","width":1,"height":1,"type":"image\/jpeg"}],"author":"Equipe G\u00e1vea News","twitter_card":"summary_large_image","twitter_misc":{"Escrito por":"Equipe G\u00e1vea News","Est. tempo de leitura":"2 minutos"},"schema":{"@context":"https:\/\/schema.org","@graph":[{"@type":"NewsArticle","@id":"https:\/\/www.gaveanews.com\/index.php\/2023\/03\/11\/flamengo-nega-acusacoes-e-detona-o-site-uol-materia-mentirosa-e-irresponsavel\/#article","isPartOf":{"@id":"https:\/\/www.gaveanews.com\/index.php\/2023\/03\/11\/flamengo-nega-acusacoes-e-detona-o-site-uol-materia-mentirosa-e-irresponsavel\/"},"author":{"name":"Equipe G\u00e1vea News","@id":"https:\/\/www.gaveanews.com\/#\/schema\/person\/2ec14f73fb96be2caf28f91afb14749d"},"headline":"Flamengo nega acusa\u00e7\u00f5es e detona o site UOL: \u201cMat\u00e9ria mentirosa e irrespons\u00e1vel\u201d","datePublished":"2023-03-11T22:18:50+00:00","dateModified":"2023-03-11T22:18:53+00:00","mainEntityOfPage":{"@id":"https:\/\/www.gaveanews.com\/index.php\/2023\/03\/11\/flamengo-nega-acusacoes-e-detona-o-site-uol-materia-mentirosa-e-irresponsavel\/"},"wordCount":346,"commentCount":0,"image":{"@id":"https:\/\/www.gaveanews.com\/index.php\/2023\/03\/11\/flamengo-nega-acusacoes-e-detona-o-site-uol-materia-mentirosa-e-irresponsavel\/#primaryimage"},"thumbnailUrl":"https:\/\/www.gaveanews.com\/wp-content\/uploads\/2019\/03\/Escudo-do-Flamengo-e-exposto-proximo-a-um-dos-gols-no-gramado-do-Maracana.webp","articleSection":["Flamengo"],"inLanguage":"pt-BR","potentialAction":[{"@type":"CommentAction","name":"Comment","target":["https:\/\/www.gaveanews.com\/index.php\/2023\/03\/11\/flamengo-nega-acusacoes-e-detona-o-site-uol-materia-mentirosa-e-irresponsavel\/#respond"]}],"copyrightYear":"2023","copyrightHolder":{"@id":"https:\/\/www.gaveanews.com\/#organization"}},{"@type":"WebPage","@id":"https:\/\/www.gaveanews.com\/index.php\/2023\/03\/11\/flamengo-nega-acusacoes-e-detona-o-site-uol-materia-mentirosa-e-irresponsavel\/","url":"https:\/\/www.gaveanews.com\/index.php\/2023\/03\/11\/flamengo-nega-acusacoes-e-detona-o-site-uol-materia-mentirosa-e-irresponsavel\/","name":"Flamengo nega acusa\u00e7\u00f5es e detona o site UOL: \u201cMat\u00e9ria mentirosa e irrespons\u00e1vel\u201d","isPartOf":{"@id":"https:\/\/www.gaveanews.com\/#website"},"primaryImageOfPage":{"@id":"https:\/\/www.gaveanews.com\/index.php\/2023\/03\/11\/flamengo-nega-acusacoes-e-detona-o-site-uol-materia-mentirosa-e-irresponsavel\/#primaryimage"},"image":{"@id":"https:\/\/www.gaveanews.com\/index.php\/2023\/03\/11\/flamengo-nega-acusacoes-e-detona-o-site-uol-materia-mentirosa-e-irresponsavel\/#primaryimage"},"thumbnailUrl":"https:\/\/www.gaveanews.com\/wp-content\/uploads\/2019\/03\/Escudo-do-Flamengo-e-exposto-proximo-a-um-dos-gols-no-gramado-do-Maracana.webp","datePublished":"2023-03-11T22:18:50+00:00","dateModified":"2023-03-11T22:18:53+00:00","author":{"@id":"https:\/\/www.gaveanews.com\/#\/schema\/person\/2ec14f73fb96be2caf28f91afb14749d"},"breadcrumb":{"@id":"https:\/\/www.gaveanews.com\/index.php\/2023\/03\/11\/flamengo-nega-acusacoes-e-detona-o-site-uol-materia-mentirosa-e-irresponsavel\/#breadcrumb"},"inLanguage":"pt-BR","potentialAction":[{"@type":"ReadAction","target":["https:\/\/www.gaveanews.com\/index.php\/2023\/03\/11\/flamengo-nega-acusacoes-e-detona-o-site-uol-materia-mentirosa-e-irresponsavel\/"]}]},{"@type":"ImageObject","inLanguage":"pt-BR","@id":"https:\/\/www.gaveanews.com\/index.php\/2023\/03\/11\/flamengo-nega-acusacoes-e-detona-o-site-uol-materia-mentirosa-e-irresponsavel\/#primaryimage","url":"https:\/\/www.gaveanews.com\/wp-content\/uploads\/2019\/03\/Escudo-do-Flamengo-e-exposto-proximo-a-um-dos-gols-no-gramado-do-Maracana.webp","contentUrl":"https:\/\/www.gaveanews.com\/wp-content\/uploads\/2019\/03\/Escudo-do-Flamengo-e-exposto-proximo-a-um-dos-gols-no-gramado-do-Maracana.webp","caption":"Escudo do Flamengo \u00e9 exposto pr\u00f3ximo a um dos gols, no gramado do Maracan\u00e3 (Foto: Daniel Castelo Branco)"},{"@type":"BreadcrumbList","@id":"https:\/\/www.gaveanews.com\/index.php\/2023\/03\/11\/flamengo-nega-acusacoes-e-detona-o-site-uol-materia-mentirosa-e-irresponsavel\/#breadcrumb","itemListElement":[{"@type":"ListItem","position":1,"name":"Home","item":"https:\/\/www.gaveanews.com\/"},{"@type":"ListItem","position":2,"name":"Flamengo nega acusa\u00e7\u00f5es e detona o site UOL: \u201cMat\u00e9ria mentirosa e irrespons\u00e1vel\u201d"}]},{"@type":"WebSite","@id":"https:\/\/www.gaveanews.com\/#website","url":"https:\/\/www.gaveanews.com\/","name":"G\u00e1vea News","description":"Veja todas as not\u00edcias sobre o Flamengo: Contrata\u00e7\u00f5es, categorias de base, resultados das partidas, tabela de classifica\u00e7\u00e3o, pr\u00f3ximos jogos!","potentialAction":[{"@type":"SearchAction","target":{"@type":"EntryPoint","urlTemplate":"https:\/\/www.gaveanews.com\/?s={search_term_string}"},"query-input":{"@type":"PropertyValueSpecification","valueRequired":true,"valueName":"search_term_string"}}],"inLanguage":"pt-BR"},{"@type":"Person","@id":"https:\/\/www.gaveanews.com\/#\/schema\/person\/2ec14f73fb96be2caf28f91afb14749d","name":"Equipe G\u00e1vea News","image":{"@type":"ImageObject","inLanguage":"pt-BR","@id":"https:\/\/www.gaveanews.com\/#\/schema\/person\/image\/","url":"https:\/\/secure.gravatar.com\/avatar\/1e1956f1facbffd3f8fa53a326721950116b3b9dc9bd44939c01180fd4a745a9?s=96&d=mm&r=g","contentUrl":"https:\/\/secure.gravatar.com\/avatar\/1e1956f1facbffd3f8fa53a326721950116b3b9dc9bd44939c01180fd4a745a9?s=96&d=mm&r=g","caption":"Equipe G\u00e1vea News"}}]}},"_links":{"self":[{"href":"https:\/\/www.gaveanews.com\/index.php\/wp-json\/wp\/v2\/posts\/95252","targetHints":{"allow":["GET"]}}],"collection":[{"href":"https:\/\/www.gaveanews.com\/index.php\/wp-json\/wp\/v2\/posts"}],"about":[{"href":"https:\/\/www.gaveanews.com\/index.php\/wp-json\/wp\/v2\/types\/post"}],"author":[{"embeddable":true,"href":"https:\/\/www.gaveanews.com\/index.php\/wp-json\/wp\/v2\/users\/1"}],"replies":[{"embeddable":true,"href":"https:\/\/www.gaveanews.com\/index.php\/wp-json\/wp\/v2\/comments?post=95252"}],"version-history":[{"count":0,"href":"https:\/\/www.gaveanews.com\/index.php\/wp-json\/wp\/v2\/posts\/95252\/revisions"}],"wp:featuredmedia":[{"embeddable":true,"href":"https:\/\/www.gaveanews.com\/index.php\/wp-json\/wp\/v2\/media\/15081"}],"wp:attachment":[{"href":"https:\/\/www.gaveanews.com\/index.php\/wp-json\/wp\/v2\/media?parent=95252"}],"wp:term":[{"taxonomy":"category","embeddable":true,"href":"https:\/\/www.gaveanews.com\/index.php\/wp-json\/wp\/v2\/categories?post=95252"},{"taxonomy":"post_tag","embeddable":true,"href":"https:\/\/www.gaveanews.com\/index.php\/wp-json\/wp\/v2\/tags?post=95252"}],"curies":[{"name":"wp","href":"https:\/\/api.w.org\/{rel}","templated":true}]}}