{"id":95259,"date":"2023-03-12T19:22:50","date_gmt":"2023-03-12T22:22:50","guid":{"rendered":"https:\/\/www.gaveanews.com\/?p=95259"},"modified":"2023-03-12T19:22:54","modified_gmt":"2023-03-12T22:22:54","slug":"narrador-rasga-elogios-a-possivel-reforco-do-flamengo-excelente","status":"publish","type":"post","link":"https:\/\/www.gaveanews.com\/index.php\/2023\/03\/12\/narrador-rasga-elogios-a-possivel-reforco-do-flamengo-excelente\/","title":{"rendered":"Narrador rasga elogios a poss\u00edvel refor\u00e7o do Flamengo: \u201cExcelente\u201d"},"content":{"rendered":"\n<p>Depois de uma negocia\u00e7\u00e3o frustrada por \u00c2ngelo, o Flamengo avalia outras possibilidades para o ataque. Inicialmente, o Menino da Vila era o plano A em raz\u00e3o da idade e proje\u00e7\u00e3o futura. Contudo, o mesmo recusou a proposta rubro-negra e decidiu permanecer no Peixe. Sendo assim, um velho nome retorna \u00e0 pauta.<\/p>\n\n\n\n<p>Trata-se de Arthur, do Red Bull Bragantino. Principal jogador do Massa Bruta, o atacante \u00e9 alvo tamb\u00e9m do Palmeiras que promete fazer uma investida nos pr\u00f3ximos dias. O Flamengo gosta deste jogador e teria entrado na disputa pela sua contrata\u00e7\u00e3o.<\/p>\n\n\n\n<p>Narrador da Paramount, Jo\u00e3o Guilherme aprova uma poss\u00edvel chegada de Arthur. Em seu canal no YouTube, rasgou elogios. \u201cO Arthur ele \u00e9 Flamengo, mas acima de tudo profissional e busca trabalhar na Europa. Por\u00e9m, o Flamengo vai forte para a contrata\u00e7\u00e3o deste jogador que \u00e9 excelente\u201d, disse.<\/p>\n\n\n\n<p>A princ\u00edpio, a prioridade de Arthur \u00e9 deixar o Massa Bruta para o futebol europeu. Em entrevista recente ao ge.com, ele deixou isso bem claro.<\/p>\n\n\n\n<p>\u201cMeu objetivo tamb\u00e9m, claro, \u00e9 de primeira op\u00e7\u00e3o ir para Europa, pelo sonho que venho construindo desde a minha inf\u00e2ncia com a minha fam\u00edlia. Ent\u00e3o, a primeira op\u00e7\u00e3o \u00e9 essa. Mas, como falei, o trabalho \u00e9 o que pode dar essa oportunidade\u201d, disse Arthur.<\/p>\n\n\n\n<p>\u201c\u00c9 um sonho meu, da minha fam\u00edlia. J\u00e1 deixei claro. A minha fam\u00edlia j\u00e1 sabe muito que, \u00e0s vezes, \u00e9 at\u00e9 uma obsess\u00e3o de jogar na Europa. Mas, como falo, para chegar l\u00e1 temos que trabalhar muito aqui. Sabemos o n\u00edvel que \u00e9 para jogar na Europa. Ent\u00e3o, temos que trabalhar demais para, quem sabe, ter a oportunidade de jogar na Europa\u201d, completou.<\/p>\n\n\n\n<h2 class=\"wp-block-heading\" id=\"h-agenda-do-flamengo\">Agenda do Flamengo<\/h2>\n\n\n\n<p>Nesta segunda, Flamengo e Vasco fazem o primeiro jogo da semifinal do Campeonato Carioca, \u00e0s 21h10, no est\u00e1dio do Maracan\u00e3. Suspenso, Gerson est\u00e1 fora.<\/p>\n\n\n\n<p>Retirado de: Torcedores <\/p>\n","protected":false},"excerpt":{"rendered":"<p>Depois de uma negocia\u00e7\u00e3o frustrada por \u00c2ngelo, o Flamengo avalia outras possibilidades para o ataque. Inicialmente, o Menino da Vila era o plano A em raz\u00e3o da idade e proje\u00e7\u00e3o futura. Contudo, o mesmo recusou a proposta rubro-negra e decidiu permanecer no Peixe. Sendo assim, um velho nome retorna \u00e0 pauta. Trata-se de Arthur, do [&hellip;]<\/p>\n","protected":false},"author":1,"featured_media":88529,"comment_status":"open","ping_status":"closed","sticky":false,"template":"","format":"standard","meta":{"footnotes":""},"categories":[48],"tags":[],"class_list":["post-95259","post","type-post","status-publish","format-standard","has-post-thumbnail","hentry","category-negociacoes"],"yoast_head":"<!-- This site is optimized with the Yoast SEO Premium plugin v24.2 (Yoast SEO v26.9) - https:\/\/yoast.com\/product\/yoast-seo-premium-wordpress\/ -->\n<title>Narrador rasga elogios a poss\u00edvel refor\u00e7o do Flamengo: \u201cExcelente\u201d<\/title>\n<meta name=\"robots\" content=\"index, follow, max-snippet:-1, max-image-preview:large, max-video-preview:-1\" \/>\n<link rel=\"canonical\" href=\"https:\/\/www.gaveanews.com\/index.php\/2023\/03\/12\/narrador-rasga-elogios-a-possivel-reforco-do-flamengo-excelente\/\" \/>\n<meta property=\"og:locale\" content=\"pt_BR\" \/>\n<meta property=\"og:type\" content=\"article\" \/>\n<meta property=\"og:title\" content=\"Narrador rasga elogios a poss\u00edvel refor\u00e7o do Flamengo: \u201cExcelente\u201d\" \/>\n<meta property=\"og:description\" content=\"Depois de uma negocia\u00e7\u00e3o frustrada por \u00c2ngelo, o Flamengo avalia outras possibilidades para o ataque. Inicialmente, o Menino da Vila era o plano A em raz\u00e3o da idade e proje\u00e7\u00e3o futura. Contudo, o mesmo recusou a proposta rubro-negra e decidiu permanecer no Peixe. Sendo assim, um velho nome retorna \u00e0 pauta. Trata-se de Arthur, do [&hellip;]\" \/>\n<meta property=\"og:url\" content=\"https:\/\/www.gaveanews.com\/index.php\/2023\/03\/12\/narrador-rasga-elogios-a-possivel-reforco-do-flamengo-excelente\/\" \/>\n<meta property=\"og:site_name\" content=\"G\u00e1vea News\" \/>\n<meta property=\"article:publisher\" content=\"https:\/\/facebook.com\/gaveaNews\/\" \/>\n<meta property=\"article:published_time\" content=\"2023-03-12T22:22:50+00:00\" \/>\n<meta property=\"article:modified_time\" content=\"2023-03-12T22:22:54+00:00\" \/>\n<meta property=\"og:image\" content=\"https:\/\/www.gaveanews.com\/wp-content\/uploads\/Artur-Bragantino.webp\" \/>\n\t<meta property=\"og:image:width\" content=\"1008\" \/>\n\t<meta property=\"og:image:height\" content=\"672\" \/>\n\t<meta property=\"og:image:type\" content=\"image\/webp\" \/>\n<meta name=\"author\" content=\"Equipe G\u00e1vea News\" \/>\n<meta name=\"twitter:card\" content=\"summary_large_image\" \/>\n<meta name=\"twitter:label1\" content=\"Escrito por\" \/>\n\t<meta name=\"twitter:data1\" content=\"Equipe G\u00e1vea News\" \/>\n\t<meta name=\"twitter:label2\" content=\"Est. tempo de leitura\" \/>\n\t<meta name=\"twitter:data2\" content=\"2 minutos\" \/>\n<script type=\"application\/ld+json\" class=\"yoast-schema-graph\">{\"@context\":\"https:\/\/schema.org\",\"@graph\":[{\"@type\":\"NewsArticle\",\"@id\":\"https:\/\/www.gaveanews.com\/index.php\/2023\/03\/12\/narrador-rasga-elogios-a-possivel-reforco-do-flamengo-excelente\/#article\",\"isPartOf\":{\"@id\":\"https:\/\/www.gaveanews.com\/index.php\/2023\/03\/12\/narrador-rasga-elogios-a-possivel-reforco-do-flamengo-excelente\/\"},\"author\":{\"name\":\"Equipe G\u00e1vea News\",\"@id\":\"https:\/\/www.gaveanews.com\/#\/schema\/person\/2ec14f73fb96be2caf28f91afb14749d\"},\"headline\":\"Narrador rasga elogios a poss\u00edvel refor\u00e7o do Flamengo: \u201cExcelente\u201d\",\"datePublished\":\"2023-03-12T22:22:50+00:00\",\"dateModified\":\"2023-03-12T22:22:54+00:00\",\"mainEntityOfPage\":{\"@id\":\"https:\/\/www.gaveanews.com\/index.php\/2023\/03\/12\/narrador-rasga-elogios-a-possivel-reforco-do-flamengo-excelente\/\"},\"wordCount\":324,\"commentCount\":0,\"image\":{\"@id\":\"https:\/\/www.gaveanews.com\/index.php\/2023\/03\/12\/narrador-rasga-elogios-a-possivel-reforco-do-flamengo-excelente\/#primaryimage\"},\"thumbnailUrl\":\"https:\/\/www.gaveanews.com\/wp-content\/uploads\/Artur-Bragantino.webp\",\"articleSection\":[\"Negocia\u00e7\u00f5es\"],\"inLanguage\":\"pt-BR\",\"potentialAction\":[{\"@type\":\"CommentAction\",\"name\":\"Comment\",\"target\":[\"https:\/\/www.gaveanews.com\/index.php\/2023\/03\/12\/narrador-rasga-elogios-a-possivel-reforco-do-flamengo-excelente\/#respond\"]}],\"copyrightYear\":\"2023\",\"copyrightHolder\":{\"@id\":\"https:\/\/www.gaveanews.com\/#organization\"}},{\"@type\":\"WebPage\",\"@id\":\"https:\/\/www.gaveanews.com\/index.php\/2023\/03\/12\/narrador-rasga-elogios-a-possivel-reforco-do-flamengo-excelente\/\",\"url\":\"https:\/\/www.gaveanews.com\/index.php\/2023\/03\/12\/narrador-rasga-elogios-a-possivel-reforco-do-flamengo-excelente\/\",\"name\":\"Narrador rasga elogios a poss\u00edvel refor\u00e7o do Flamengo: \u201cExcelente\u201d\",\"isPartOf\":{\"@id\":\"https:\/\/www.gaveanews.com\/#website\"},\"primaryImageOfPage\":{\"@id\":\"https:\/\/www.gaveanews.com\/index.php\/2023\/03\/12\/narrador-rasga-elogios-a-possivel-reforco-do-flamengo-excelente\/#primaryimage\"},\"image\":{\"@id\":\"https:\/\/www.gaveanews.com\/index.php\/2023\/03\/12\/narrador-rasga-elogios-a-possivel-reforco-do-flamengo-excelente\/#primaryimage\"},\"thumbnailUrl\":\"https:\/\/www.gaveanews.com\/wp-content\/uploads\/Artur-Bragantino.webp\",\"datePublished\":\"2023-03-12T22:22:50+00:00\",\"dateModified\":\"2023-03-12T22:22:54+00:00\",\"author\":{\"@id\":\"https:\/\/www.gaveanews.com\/#\/schema\/person\/2ec14f73fb96be2caf28f91afb14749d\"},\"breadcrumb\":{\"@id\":\"https:\/\/www.gaveanews.com\/index.php\/2023\/03\/12\/narrador-rasga-elogios-a-possivel-reforco-do-flamengo-excelente\/#breadcrumb\"},\"inLanguage\":\"pt-BR\",\"potentialAction\":[{\"@type\":\"ReadAction\",\"target\":[\"https:\/\/www.gaveanews.com\/index.php\/2023\/03\/12\/narrador-rasga-elogios-a-possivel-reforco-do-flamengo-excelente\/\"]}]},{\"@type\":\"ImageObject\",\"inLanguage\":\"pt-BR\",\"@id\":\"https:\/\/www.gaveanews.com\/index.php\/2023\/03\/12\/narrador-rasga-elogios-a-possivel-reforco-do-flamengo-excelente\/#primaryimage\",\"url\":\"https:\/\/www.gaveanews.com\/wp-content\/uploads\/Artur-Bragantino.webp\",\"contentUrl\":\"https:\/\/www.gaveanews.com\/wp-content\/uploads\/Artur-Bragantino.webp\",\"width\":1008,\"height\":672,\"caption\":\"Artur, atacante do Bragantino (Foto: Ari Ferreira\/Red Bull Bragantino)\"},{\"@type\":\"BreadcrumbList\",\"@id\":\"https:\/\/www.gaveanews.com\/index.php\/2023\/03\/12\/narrador-rasga-elogios-a-possivel-reforco-do-flamengo-excelente\/#breadcrumb\",\"itemListElement\":[{\"@type\":\"ListItem\",\"position\":1,\"name\":\"Home\",\"item\":\"https:\/\/www.gaveanews.com\/\"},{\"@type\":\"ListItem\",\"position\":2,\"name\":\"Narrador rasga elogios a poss\u00edvel refor\u00e7o do Flamengo: \u201cExcelente\u201d\"}]},{\"@type\":\"WebSite\",\"@id\":\"https:\/\/www.gaveanews.com\/#website\",\"url\":\"https:\/\/www.gaveanews.com\/\",\"name\":\"G\u00e1vea News\",\"description\":\"Veja todas as not\u00edcias sobre o Flamengo: Contrata\u00e7\u00f5es, categorias de base, resultados das partidas, tabela de classifica\u00e7\u00e3o, pr\u00f3ximos jogos!\",\"potentialAction\":[{\"@type\":\"SearchAction\",\"target\":{\"@type\":\"EntryPoint\",\"urlTemplate\":\"https:\/\/www.gaveanews.com\/?s={search_term_string}\"},\"query-input\":{\"@type\":\"PropertyValueSpecification\",\"valueRequired\":true,\"valueName\":\"search_term_string\"}}],\"inLanguage\":\"pt-BR\"},{\"@type\":\"Person\",\"@id\":\"https:\/\/www.gaveanews.com\/#\/schema\/person\/2ec14f73fb96be2caf28f91afb14749d\",\"name\":\"Equipe G\u00e1vea News\",\"image\":{\"@type\":\"ImageObject\",\"inLanguage\":\"pt-BR\",\"@id\":\"https:\/\/www.gaveanews.com\/#\/schema\/person\/image\/\",\"url\":\"https:\/\/secure.gravatar.com\/avatar\/1e1956f1facbffd3f8fa53a326721950116b3b9dc9bd44939c01180fd4a745a9?s=96&d=mm&r=g\",\"contentUrl\":\"https:\/\/secure.gravatar.com\/avatar\/1e1956f1facbffd3f8fa53a326721950116b3b9dc9bd44939c01180fd4a745a9?s=96&d=mm&r=g\",\"caption\":\"Equipe G\u00e1vea News\"}}]}<\/script>\n<!-- \/ Yoast SEO Premium plugin. -->","yoast_head_json":{"title":"Narrador rasga elogios a poss\u00edvel refor\u00e7o do Flamengo: \u201cExcelente\u201d","robots":{"index":"index","follow":"follow","max-snippet":"max-snippet:-1","max-image-preview":"max-image-preview:large","max-video-preview":"max-video-preview:-1"},"canonical":"https:\/\/www.gaveanews.com\/index.php\/2023\/03\/12\/narrador-rasga-elogios-a-possivel-reforco-do-flamengo-excelente\/","og_locale":"pt_BR","og_type":"article","og_title":"Narrador rasga elogios a poss\u00edvel refor\u00e7o do Flamengo: \u201cExcelente\u201d","og_description":"Depois de uma negocia\u00e7\u00e3o frustrada por \u00c2ngelo, o Flamengo avalia outras possibilidades para o ataque. Inicialmente, o Menino da Vila era o plano A em raz\u00e3o da idade e proje\u00e7\u00e3o futura. Contudo, o mesmo recusou a proposta rubro-negra e decidiu permanecer no Peixe. Sendo assim, um velho nome retorna \u00e0 pauta. Trata-se de Arthur, do [&hellip;]","og_url":"https:\/\/www.gaveanews.com\/index.php\/2023\/03\/12\/narrador-rasga-elogios-a-possivel-reforco-do-flamengo-excelente\/","og_site_name":"G\u00e1vea News","article_publisher":"https:\/\/facebook.com\/gaveaNews\/","article_published_time":"2023-03-12T22:22:50+00:00","article_modified_time":"2023-03-12T22:22:54+00:00","og_image":[{"width":1008,"height":672,"url":"https:\/\/www.gaveanews.com\/wp-content\/uploads\/Artur-Bragantino.webp","type":"image\/webp"}],"author":"Equipe G\u00e1vea News","twitter_card":"summary_large_image","twitter_misc":{"Escrito por":"Equipe G\u00e1vea News","Est. tempo de leitura":"2 minutos"},"schema":{"@context":"https:\/\/schema.org","@graph":[{"@type":"NewsArticle","@id":"https:\/\/www.gaveanews.com\/index.php\/2023\/03\/12\/narrador-rasga-elogios-a-possivel-reforco-do-flamengo-excelente\/#article","isPartOf":{"@id":"https:\/\/www.gaveanews.com\/index.php\/2023\/03\/12\/narrador-rasga-elogios-a-possivel-reforco-do-flamengo-excelente\/"},"author":{"name":"Equipe G\u00e1vea News","@id":"https:\/\/www.gaveanews.com\/#\/schema\/person\/2ec14f73fb96be2caf28f91afb14749d"},"headline":"Narrador rasga elogios a poss\u00edvel refor\u00e7o do Flamengo: \u201cExcelente\u201d","datePublished":"2023-03-12T22:22:50+00:00","dateModified":"2023-03-12T22:22:54+00:00","mainEntityOfPage":{"@id":"https:\/\/www.gaveanews.com\/index.php\/2023\/03\/12\/narrador-rasga-elogios-a-possivel-reforco-do-flamengo-excelente\/"},"wordCount":324,"commentCount":0,"image":{"@id":"https:\/\/www.gaveanews.com\/index.php\/2023\/03\/12\/narrador-rasga-elogios-a-possivel-reforco-do-flamengo-excelente\/#primaryimage"},"thumbnailUrl":"https:\/\/www.gaveanews.com\/wp-content\/uploads\/Artur-Bragantino.webp","articleSection":["Negocia\u00e7\u00f5es"],"inLanguage":"pt-BR","potentialAction":[{"@type":"CommentAction","name":"Comment","target":["https:\/\/www.gaveanews.com\/index.php\/2023\/03\/12\/narrador-rasga-elogios-a-possivel-reforco-do-flamengo-excelente\/#respond"]}],"copyrightYear":"2023","copyrightHolder":{"@id":"https:\/\/www.gaveanews.com\/#organization"}},{"@type":"WebPage","@id":"https:\/\/www.gaveanews.com\/index.php\/2023\/03\/12\/narrador-rasga-elogios-a-possivel-reforco-do-flamengo-excelente\/","url":"https:\/\/www.gaveanews.com\/index.php\/2023\/03\/12\/narrador-rasga-elogios-a-possivel-reforco-do-flamengo-excelente\/","name":"Narrador rasga elogios a poss\u00edvel refor\u00e7o do Flamengo: \u201cExcelente\u201d","isPartOf":{"@id":"https:\/\/www.gaveanews.com\/#website"},"primaryImageOfPage":{"@id":"https:\/\/www.gaveanews.com\/index.php\/2023\/03\/12\/narrador-rasga-elogios-a-possivel-reforco-do-flamengo-excelente\/#primaryimage"},"image":{"@id":"https:\/\/www.gaveanews.com\/index.php\/2023\/03\/12\/narrador-rasga-elogios-a-possivel-reforco-do-flamengo-excelente\/#primaryimage"},"thumbnailUrl":"https:\/\/www.gaveanews.com\/wp-content\/uploads\/Artur-Bragantino.webp","datePublished":"2023-03-12T22:22:50+00:00","dateModified":"2023-03-12T22:22:54+00:00","author":{"@id":"https:\/\/www.gaveanews.com\/#\/schema\/person\/2ec14f73fb96be2caf28f91afb14749d"},"breadcrumb":{"@id":"https:\/\/www.gaveanews.com\/index.php\/2023\/03\/12\/narrador-rasga-elogios-a-possivel-reforco-do-flamengo-excelente\/#breadcrumb"},"inLanguage":"pt-BR","potentialAction":[{"@type":"ReadAction","target":["https:\/\/www.gaveanews.com\/index.php\/2023\/03\/12\/narrador-rasga-elogios-a-possivel-reforco-do-flamengo-excelente\/"]}]},{"@type":"ImageObject","inLanguage":"pt-BR","@id":"https:\/\/www.gaveanews.com\/index.php\/2023\/03\/12\/narrador-rasga-elogios-a-possivel-reforco-do-flamengo-excelente\/#primaryimage","url":"https:\/\/www.gaveanews.com\/wp-content\/uploads\/Artur-Bragantino.webp","contentUrl":"https:\/\/www.gaveanews.com\/wp-content\/uploads\/Artur-Bragantino.webp","width":1008,"height":672,"caption":"Artur, atacante do Bragantino (Foto: Ari Ferreira\/Red Bull Bragantino)"},{"@type":"BreadcrumbList","@id":"https:\/\/www.gaveanews.com\/index.php\/2023\/03\/12\/narrador-rasga-elogios-a-possivel-reforco-do-flamengo-excelente\/#breadcrumb","itemListElement":[{"@type":"ListItem","position":1,"name":"Home","item":"https:\/\/www.gaveanews.com\/"},{"@type":"ListItem","position":2,"name":"Narrador rasga elogios a poss\u00edvel refor\u00e7o do Flamengo: \u201cExcelente\u201d"}]},{"@type":"WebSite","@id":"https:\/\/www.gaveanews.com\/#website","url":"https:\/\/www.gaveanews.com\/","name":"G\u00e1vea News","description":"Veja todas as not\u00edcias sobre o Flamengo: Contrata\u00e7\u00f5es, categorias de base, resultados das partidas, tabela de classifica\u00e7\u00e3o, pr\u00f3ximos jogos!","potentialAction":[{"@type":"SearchAction","target":{"@type":"EntryPoint","urlTemplate":"https:\/\/www.gaveanews.com\/?s={search_term_string}"},"query-input":{"@type":"PropertyValueSpecification","valueRequired":true,"valueName":"search_term_string"}}],"inLanguage":"pt-BR"},{"@type":"Person","@id":"https:\/\/www.gaveanews.com\/#\/schema\/person\/2ec14f73fb96be2caf28f91afb14749d","name":"Equipe G\u00e1vea News","image":{"@type":"ImageObject","inLanguage":"pt-BR","@id":"https:\/\/www.gaveanews.com\/#\/schema\/person\/image\/","url":"https:\/\/secure.gravatar.com\/avatar\/1e1956f1facbffd3f8fa53a326721950116b3b9dc9bd44939c01180fd4a745a9?s=96&d=mm&r=g","contentUrl":"https:\/\/secure.gravatar.com\/avatar\/1e1956f1facbffd3f8fa53a326721950116b3b9dc9bd44939c01180fd4a745a9?s=96&d=mm&r=g","caption":"Equipe G\u00e1vea News"}}]}},"_links":{"self":[{"href":"https:\/\/www.gaveanews.com\/index.php\/wp-json\/wp\/v2\/posts\/95259","targetHints":{"allow":["GET"]}}],"collection":[{"href":"https:\/\/www.gaveanews.com\/index.php\/wp-json\/wp\/v2\/posts"}],"about":[{"href":"https:\/\/www.gaveanews.com\/index.php\/wp-json\/wp\/v2\/types\/post"}],"author":[{"embeddable":true,"href":"https:\/\/www.gaveanews.com\/index.php\/wp-json\/wp\/v2\/users\/1"}],"replies":[{"embeddable":true,"href":"https:\/\/www.gaveanews.com\/index.php\/wp-json\/wp\/v2\/comments?post=95259"}],"version-history":[{"count":0,"href":"https:\/\/www.gaveanews.com\/index.php\/wp-json\/wp\/v2\/posts\/95259\/revisions"}],"wp:featuredmedia":[{"embeddable":true,"href":"https:\/\/www.gaveanews.com\/index.php\/wp-json\/wp\/v2\/media\/88529"}],"wp:attachment":[{"href":"https:\/\/www.gaveanews.com\/index.php\/wp-json\/wp\/v2\/media?parent=95259"}],"wp:term":[{"taxonomy":"category","embeddable":true,"href":"https:\/\/www.gaveanews.com\/index.php\/wp-json\/wp\/v2\/categories?post=95259"},{"taxonomy":"post_tag","embeddable":true,"href":"https:\/\/www.gaveanews.com\/index.php\/wp-json\/wp\/v2\/tags?post=95259"}],"curies":[{"name":"wp","href":"https:\/\/api.w.org\/{rel}","templated":true}]}}