{"id":95261,"date":"2023-03-12T21:26:53","date_gmt":"2023-03-13T00:26:53","guid":{"rendered":"https:\/\/www.gaveanews.com\/?p=95261"},"modified":"2023-03-12T21:26:57","modified_gmt":"2023-03-13T00:26:57","slug":"apos-declaracao-de-jorge-jesus-repercutir-treinador-se-manifesta","status":"publish","type":"post","link":"https:\/\/www.gaveanews.com\/index.php\/2023\/03\/12\/apos-declaracao-de-jorge-jesus-repercutir-treinador-se-manifesta\/","title":{"rendered":"Ap\u00f3s declara\u00e7\u00e3o de Jorge Jesus repercutir, treinador se manifesta"},"content":{"rendered":"\n<p>Jorge Jesus causou grande pol\u00eamica nesta semana. Ex-Flamengo e atualmente no Fenerbahce, o portugu\u00eas alegou n\u00e3o ter se adaptado ao clima na Turquia e sinaliza que n\u00e3o vai renovar seu contrato. O \u00e1\u00fadio que foi divulgado pelo jornalista Gabriel Reis, do canal Paparazzo Rubro-Negro ganhou enorme repercuss\u00e3o local.<\/p>\n\n\n\n<p>A declara\u00e7\u00e3o de Jesus caiu como uma bomba na Turquia. Torcedores do Fenerbahce ficaram descontentes com as palavras do treinador portugu\u00eas.<\/p>\n\n\n\n<p>Diante de tamanha repercuss\u00e3o, Jesus se manifestou ao SABAH Spor a respeito do \u00e1udio vazado. \u201cO mundo inteiro j\u00e1 sabe que meu contrato termina em maio\u201d, disse Jesus. Ele ainda colocou um emoji sorridente no final da mensagem enviado \u00e0 reportagem pelo Whatsapp.<\/p>\n\n\n\n<p>Ao que tudo indica, o portugu\u00eas n\u00e3o vai renovar seu contrato com o Fenerbahce. Ao mesmo tempo, o Flamengo mais uma vez surge no radar. Irritados com V\u00edtor Pereira, rubro-negros sonham a todo momento com o retorno de Mister. A princ\u00edpio, ele seria um dos candidatos.<\/p>\n\n\n\n<p>De acordo com a publica\u00e7\u00e3o, Jesus ir\u00e1 receber uma oferta do Flamengo assim que Vitor Pereira deixar o rubro-negro. JJ seria o \u201cplano A\u201d para ocupar o lugar do seu compatriota.<\/p>\n\n\n\n<h2 class=\"wp-block-heading\" id=\"h-flamengo-fez-contato-com-sampaoli\">Flamengo fez contato com Sampaoli<\/h2>\n\n\n\n<p>Na semana passada, Jorge Nicola revelou que o Flamengo abriu conversas com Jorge Sampaoli. O argentino est\u00e1 pressionado no Sevilla e pode ser demitido do clube espanhol. O presidente Landim \u00e9 um grande admirador do argentino.<\/p>\n\n\n\n<p>\u201cO presidente Rodolfo Landim tem mantido contatos frequentes com Jorge Sampaoli. Posso assegurar que existem di\u00e1logos frequentes. \u00c9 natural que o Flamengo e o pr\u00f3prio Sampaoli desmintam, mas \u00e9 quente a informa\u00e7\u00e3o (\u2026) O VP n\u00e3o vai cair por agora, at\u00e9 porque o Sampaoli n\u00e3o pode assumir o Flamengo nesse momento. O Sampaoli deixou bem claro, nas conversas com o Landim, que precisa cumprir seu contrato at\u00e9 o final da temporada. Antes de se acertar com o Sevilla, o Sampaoli se ofereceu ao Flamengo, esteve no Rio de Janeiro, comprou uma casa e deixou clara sua inten\u00e7\u00e3o de trabalhar por l\u00e1, seja no Rubro-Negro ou na sele\u00e7\u00e3o brasileira\u201d, disse Nicola em seu canal no Youtube.<\/p>\n\n\n\n<p>Entre os torcedores, o pedido pela sa\u00edda de V\u00edtor Pereira \u00e9 grande. Se, de fato o Flamengo tomar esta atitude ser\u00e1 preciso pagar uma multa rescis\u00f3ria generosa ao t\u00e9cnico.<\/p>\n\n\n\n<p>\u201cDentro do Flamengo muita gente defende a demiss\u00e3o do V\u00edtor Pereira de forma imediata. Isso n\u00e3o vai acontecer. Ele vai ter no m\u00ednimo at\u00e9 o fim do Campeonato Carioca mostrar do que \u00e9 capaz. Tenho contado que o nome de Jorge Sampaoli agrada bastante o presidente Rodolfo Landim. Enfim, para demitir o V\u00edtor Pereira custaria ao Flamengo R$ 15 milh\u00f5es de reais. Se o Flamengo decidir dispens\u00e1-lo agora vai ser respons\u00e1vel por uma multa extremamente salgada\u201d, revelou Nicola.<\/p>\n\n\n\n<p>Retirado de: Torcedores <\/p>\n","protected":false},"excerpt":{"rendered":"<p>Jorge Jesus causou grande pol\u00eamica nesta semana. Ex-Flamengo e atualmente no Fenerbahce, o portugu\u00eas alegou n\u00e3o ter se adaptado ao clima na Turquia e sinaliza que n\u00e3o vai renovar seu contrato. O \u00e1\u00fadio que foi divulgado pelo jornalista Gabriel Reis, do canal Paparazzo Rubro-Negro ganhou enorme repercuss\u00e3o local. A declara\u00e7\u00e3o de Jesus caiu como uma [&hellip;]<\/p>\n","protected":false},"author":1,"featured_media":89897,"comment_status":"open","ping_status":"closed","sticky":false,"template":"","format":"standard","meta":{"footnotes":""},"categories":[1],"tags":[],"class_list":["post-95261","post","type-post","status-publish","format-standard","has-post-thumbnail","hentry","category-flamengo"],"yoast_head":"<!-- This site is optimized with the Yoast SEO Premium plugin v24.2 (Yoast SEO v26.9) - https:\/\/yoast.com\/product\/yoast-seo-premium-wordpress\/ -->\n<title>Ap\u00f3s declara\u00e7\u00e3o de Jorge Jesus repercutir, treinador se manifesta<\/title>\n<meta name=\"robots\" content=\"index, follow, max-snippet:-1, max-image-preview:large, max-video-preview:-1\" \/>\n<link rel=\"canonical\" href=\"https:\/\/www.gaveanews.com\/index.php\/2023\/03\/12\/apos-declaracao-de-jorge-jesus-repercutir-treinador-se-manifesta\/\" \/>\n<meta property=\"og:locale\" content=\"pt_BR\" \/>\n<meta property=\"og:type\" content=\"article\" \/>\n<meta property=\"og:title\" content=\"Ap\u00f3s declara\u00e7\u00e3o de Jorge Jesus repercutir, treinador se manifesta\" \/>\n<meta property=\"og:description\" content=\"Jorge Jesus causou grande pol\u00eamica nesta semana. Ex-Flamengo e atualmente no Fenerbahce, o portugu\u00eas alegou n\u00e3o ter se adaptado ao clima na Turquia e sinaliza que n\u00e3o vai renovar seu contrato. O \u00e1\u00fadio que foi divulgado pelo jornalista Gabriel Reis, do canal Paparazzo Rubro-Negro ganhou enorme repercuss\u00e3o local. A declara\u00e7\u00e3o de Jesus caiu como uma [&hellip;]\" \/>\n<meta property=\"og:url\" content=\"https:\/\/www.gaveanews.com\/index.php\/2023\/03\/12\/apos-declaracao-de-jorge-jesus-repercutir-treinador-se-manifesta\/\" \/>\n<meta property=\"og:site_name\" content=\"G\u00e1vea News\" \/>\n<meta property=\"article:publisher\" content=\"https:\/\/facebook.com\/gaveaNews\/\" \/>\n<meta property=\"article:published_time\" content=\"2023-03-13T00:26:53+00:00\" \/>\n<meta property=\"article:modified_time\" content=\"2023-03-13T00:26:57+00:00\" \/>\n<meta property=\"og:image\" content=\"https:\/\/www.gaveanews.com\/wp-content\/uploads\/jorge-jesus-fenerbahce.webp\" \/>\n\t<meta property=\"og:image:width\" content=\"729\" \/>\n\t<meta property=\"og:image:height\" content=\"486\" \/>\n\t<meta property=\"og:image:type\" content=\"image\/jpeg\" \/>\n<meta name=\"author\" content=\"Equipe G\u00e1vea News\" \/>\n<meta name=\"twitter:card\" content=\"summary_large_image\" \/>\n<meta name=\"twitter:label1\" content=\"Escrito por\" \/>\n\t<meta name=\"twitter:data1\" content=\"Equipe G\u00e1vea News\" \/>\n\t<meta name=\"twitter:label2\" content=\"Est. tempo de leitura\" \/>\n\t<meta name=\"twitter:data2\" content=\"3 minutos\" \/>\n<script type=\"application\/ld+json\" class=\"yoast-schema-graph\">{\"@context\":\"https:\/\/schema.org\",\"@graph\":[{\"@type\":\"NewsArticle\",\"@id\":\"https:\/\/www.gaveanews.com\/index.php\/2023\/03\/12\/apos-declaracao-de-jorge-jesus-repercutir-treinador-se-manifesta\/#article\",\"isPartOf\":{\"@id\":\"https:\/\/www.gaveanews.com\/index.php\/2023\/03\/12\/apos-declaracao-de-jorge-jesus-repercutir-treinador-se-manifesta\/\"},\"author\":{\"name\":\"Equipe G\u00e1vea News\",\"@id\":\"https:\/\/www.gaveanews.com\/#\/schema\/person\/2ec14f73fb96be2caf28f91afb14749d\"},\"headline\":\"Ap\u00f3s declara\u00e7\u00e3o de Jorge Jesus repercutir, treinador se manifesta\",\"datePublished\":\"2023-03-13T00:26:53+00:00\",\"dateModified\":\"2023-03-13T00:26:57+00:00\",\"mainEntityOfPage\":{\"@id\":\"https:\/\/www.gaveanews.com\/index.php\/2023\/03\/12\/apos-declaracao-de-jorge-jesus-repercutir-treinador-se-manifesta\/\"},\"wordCount\":490,\"commentCount\":0,\"image\":{\"@id\":\"https:\/\/www.gaveanews.com\/index.php\/2023\/03\/12\/apos-declaracao-de-jorge-jesus-repercutir-treinador-se-manifesta\/#primaryimage\"},\"thumbnailUrl\":\"https:\/\/www.gaveanews.com\/wp-content\/uploads\/jorge-jesus-fenerbahce.webp\",\"articleSection\":[\"Flamengo\"],\"inLanguage\":\"pt-BR\",\"potentialAction\":[{\"@type\":\"CommentAction\",\"name\":\"Comment\",\"target\":[\"https:\/\/www.gaveanews.com\/index.php\/2023\/03\/12\/apos-declaracao-de-jorge-jesus-repercutir-treinador-se-manifesta\/#respond\"]}],\"copyrightYear\":\"2023\",\"copyrightHolder\":{\"@id\":\"https:\/\/www.gaveanews.com\/#organization\"}},{\"@type\":\"WebPage\",\"@id\":\"https:\/\/www.gaveanews.com\/index.php\/2023\/03\/12\/apos-declaracao-de-jorge-jesus-repercutir-treinador-se-manifesta\/\",\"url\":\"https:\/\/www.gaveanews.com\/index.php\/2023\/03\/12\/apos-declaracao-de-jorge-jesus-repercutir-treinador-se-manifesta\/\",\"name\":\"Ap\u00f3s declara\u00e7\u00e3o de Jorge Jesus repercutir, treinador se manifesta\",\"isPartOf\":{\"@id\":\"https:\/\/www.gaveanews.com\/#website\"},\"primaryImageOfPage\":{\"@id\":\"https:\/\/www.gaveanews.com\/index.php\/2023\/03\/12\/apos-declaracao-de-jorge-jesus-repercutir-treinador-se-manifesta\/#primaryimage\"},\"image\":{\"@id\":\"https:\/\/www.gaveanews.com\/index.php\/2023\/03\/12\/apos-declaracao-de-jorge-jesus-repercutir-treinador-se-manifesta\/#primaryimage\"},\"thumbnailUrl\":\"https:\/\/www.gaveanews.com\/wp-content\/uploads\/jorge-jesus-fenerbahce.webp\",\"datePublished\":\"2023-03-13T00:26:53+00:00\",\"dateModified\":\"2023-03-13T00:26:57+00:00\",\"author\":{\"@id\":\"https:\/\/www.gaveanews.com\/#\/schema\/person\/2ec14f73fb96be2caf28f91afb14749d\"},\"breadcrumb\":{\"@id\":\"https:\/\/www.gaveanews.com\/index.php\/2023\/03\/12\/apos-declaracao-de-jorge-jesus-repercutir-treinador-se-manifesta\/#breadcrumb\"},\"inLanguage\":\"pt-BR\",\"potentialAction\":[{\"@type\":\"ReadAction\",\"target\":[\"https:\/\/www.gaveanews.com\/index.php\/2023\/03\/12\/apos-declaracao-de-jorge-jesus-repercutir-treinador-se-manifesta\/\"]}]},{\"@type\":\"ImageObject\",\"inLanguage\":\"pt-BR\",\"@id\":\"https:\/\/www.gaveanews.com\/index.php\/2023\/03\/12\/apos-declaracao-de-jorge-jesus-repercutir-treinador-se-manifesta\/#primaryimage\",\"url\":\"https:\/\/www.gaveanews.com\/wp-content\/uploads\/jorge-jesus-fenerbahce.webp\",\"contentUrl\":\"https:\/\/www.gaveanews.com\/wp-content\/uploads\/jorge-jesus-fenerbahce.webp\",\"width\":729,\"height\":486,\"caption\":\"Jorge Jesus durante um jogo do Fenerbah\u00e7e (Foto: Divulga\u00e7\u00e3o\/Fenerbah\u00e7e)\"},{\"@type\":\"BreadcrumbList\",\"@id\":\"https:\/\/www.gaveanews.com\/index.php\/2023\/03\/12\/apos-declaracao-de-jorge-jesus-repercutir-treinador-se-manifesta\/#breadcrumb\",\"itemListElement\":[{\"@type\":\"ListItem\",\"position\":1,\"name\":\"Home\",\"item\":\"https:\/\/www.gaveanews.com\/\"},{\"@type\":\"ListItem\",\"position\":2,\"name\":\"Ap\u00f3s declara\u00e7\u00e3o de Jorge Jesus repercutir, treinador se manifesta\"}]},{\"@type\":\"WebSite\",\"@id\":\"https:\/\/www.gaveanews.com\/#website\",\"url\":\"https:\/\/www.gaveanews.com\/\",\"name\":\"G\u00e1vea News\",\"description\":\"Veja todas as not\u00edcias sobre o Flamengo: Contrata\u00e7\u00f5es, categorias de base, resultados das partidas, tabela de classifica\u00e7\u00e3o, pr\u00f3ximos jogos!\",\"potentialAction\":[{\"@type\":\"SearchAction\",\"target\":{\"@type\":\"EntryPoint\",\"urlTemplate\":\"https:\/\/www.gaveanews.com\/?s={search_term_string}\"},\"query-input\":{\"@type\":\"PropertyValueSpecification\",\"valueRequired\":true,\"valueName\":\"search_term_string\"}}],\"inLanguage\":\"pt-BR\"},{\"@type\":\"Person\",\"@id\":\"https:\/\/www.gaveanews.com\/#\/schema\/person\/2ec14f73fb96be2caf28f91afb14749d\",\"name\":\"Equipe G\u00e1vea News\",\"image\":{\"@type\":\"ImageObject\",\"inLanguage\":\"pt-BR\",\"@id\":\"https:\/\/www.gaveanews.com\/#\/schema\/person\/image\/\",\"url\":\"https:\/\/secure.gravatar.com\/avatar\/1e1956f1facbffd3f8fa53a326721950116b3b9dc9bd44939c01180fd4a745a9?s=96&d=mm&r=g\",\"contentUrl\":\"https:\/\/secure.gravatar.com\/avatar\/1e1956f1facbffd3f8fa53a326721950116b3b9dc9bd44939c01180fd4a745a9?s=96&d=mm&r=g\",\"caption\":\"Equipe G\u00e1vea News\"}}]}<\/script>\n<!-- \/ Yoast SEO Premium plugin. -->","yoast_head_json":{"title":"Ap\u00f3s declara\u00e7\u00e3o de Jorge Jesus repercutir, treinador se manifesta","robots":{"index":"index","follow":"follow","max-snippet":"max-snippet:-1","max-image-preview":"max-image-preview:large","max-video-preview":"max-video-preview:-1"},"canonical":"https:\/\/www.gaveanews.com\/index.php\/2023\/03\/12\/apos-declaracao-de-jorge-jesus-repercutir-treinador-se-manifesta\/","og_locale":"pt_BR","og_type":"article","og_title":"Ap\u00f3s declara\u00e7\u00e3o de Jorge Jesus repercutir, treinador se manifesta","og_description":"Jorge Jesus causou grande pol\u00eamica nesta semana. Ex-Flamengo e atualmente no Fenerbahce, o portugu\u00eas alegou n\u00e3o ter se adaptado ao clima na Turquia e sinaliza que n\u00e3o vai renovar seu contrato. O \u00e1\u00fadio que foi divulgado pelo jornalista Gabriel Reis, do canal Paparazzo Rubro-Negro ganhou enorme repercuss\u00e3o local. A declara\u00e7\u00e3o de Jesus caiu como uma [&hellip;]","og_url":"https:\/\/www.gaveanews.com\/index.php\/2023\/03\/12\/apos-declaracao-de-jorge-jesus-repercutir-treinador-se-manifesta\/","og_site_name":"G\u00e1vea News","article_publisher":"https:\/\/facebook.com\/gaveaNews\/","article_published_time":"2023-03-13T00:26:53+00:00","article_modified_time":"2023-03-13T00:26:57+00:00","og_image":[{"width":729,"height":486,"url":"https:\/\/www.gaveanews.com\/wp-content\/uploads\/jorge-jesus-fenerbahce.webp","type":"image\/jpeg"}],"author":"Equipe G\u00e1vea News","twitter_card":"summary_large_image","twitter_misc":{"Escrito por":"Equipe G\u00e1vea News","Est. tempo de leitura":"3 minutos"},"schema":{"@context":"https:\/\/schema.org","@graph":[{"@type":"NewsArticle","@id":"https:\/\/www.gaveanews.com\/index.php\/2023\/03\/12\/apos-declaracao-de-jorge-jesus-repercutir-treinador-se-manifesta\/#article","isPartOf":{"@id":"https:\/\/www.gaveanews.com\/index.php\/2023\/03\/12\/apos-declaracao-de-jorge-jesus-repercutir-treinador-se-manifesta\/"},"author":{"name":"Equipe G\u00e1vea News","@id":"https:\/\/www.gaveanews.com\/#\/schema\/person\/2ec14f73fb96be2caf28f91afb14749d"},"headline":"Ap\u00f3s declara\u00e7\u00e3o de Jorge Jesus repercutir, treinador se manifesta","datePublished":"2023-03-13T00:26:53+00:00","dateModified":"2023-03-13T00:26:57+00:00","mainEntityOfPage":{"@id":"https:\/\/www.gaveanews.com\/index.php\/2023\/03\/12\/apos-declaracao-de-jorge-jesus-repercutir-treinador-se-manifesta\/"},"wordCount":490,"commentCount":0,"image":{"@id":"https:\/\/www.gaveanews.com\/index.php\/2023\/03\/12\/apos-declaracao-de-jorge-jesus-repercutir-treinador-se-manifesta\/#primaryimage"},"thumbnailUrl":"https:\/\/www.gaveanews.com\/wp-content\/uploads\/jorge-jesus-fenerbahce.webp","articleSection":["Flamengo"],"inLanguage":"pt-BR","potentialAction":[{"@type":"CommentAction","name":"Comment","target":["https:\/\/www.gaveanews.com\/index.php\/2023\/03\/12\/apos-declaracao-de-jorge-jesus-repercutir-treinador-se-manifesta\/#respond"]}],"copyrightYear":"2023","copyrightHolder":{"@id":"https:\/\/www.gaveanews.com\/#organization"}},{"@type":"WebPage","@id":"https:\/\/www.gaveanews.com\/index.php\/2023\/03\/12\/apos-declaracao-de-jorge-jesus-repercutir-treinador-se-manifesta\/","url":"https:\/\/www.gaveanews.com\/index.php\/2023\/03\/12\/apos-declaracao-de-jorge-jesus-repercutir-treinador-se-manifesta\/","name":"Ap\u00f3s declara\u00e7\u00e3o de Jorge Jesus repercutir, treinador se manifesta","isPartOf":{"@id":"https:\/\/www.gaveanews.com\/#website"},"primaryImageOfPage":{"@id":"https:\/\/www.gaveanews.com\/index.php\/2023\/03\/12\/apos-declaracao-de-jorge-jesus-repercutir-treinador-se-manifesta\/#primaryimage"},"image":{"@id":"https:\/\/www.gaveanews.com\/index.php\/2023\/03\/12\/apos-declaracao-de-jorge-jesus-repercutir-treinador-se-manifesta\/#primaryimage"},"thumbnailUrl":"https:\/\/www.gaveanews.com\/wp-content\/uploads\/jorge-jesus-fenerbahce.webp","datePublished":"2023-03-13T00:26:53+00:00","dateModified":"2023-03-13T00:26:57+00:00","author":{"@id":"https:\/\/www.gaveanews.com\/#\/schema\/person\/2ec14f73fb96be2caf28f91afb14749d"},"breadcrumb":{"@id":"https:\/\/www.gaveanews.com\/index.php\/2023\/03\/12\/apos-declaracao-de-jorge-jesus-repercutir-treinador-se-manifesta\/#breadcrumb"},"inLanguage":"pt-BR","potentialAction":[{"@type":"ReadAction","target":["https:\/\/www.gaveanews.com\/index.php\/2023\/03\/12\/apos-declaracao-de-jorge-jesus-repercutir-treinador-se-manifesta\/"]}]},{"@type":"ImageObject","inLanguage":"pt-BR","@id":"https:\/\/www.gaveanews.com\/index.php\/2023\/03\/12\/apos-declaracao-de-jorge-jesus-repercutir-treinador-se-manifesta\/#primaryimage","url":"https:\/\/www.gaveanews.com\/wp-content\/uploads\/jorge-jesus-fenerbahce.webp","contentUrl":"https:\/\/www.gaveanews.com\/wp-content\/uploads\/jorge-jesus-fenerbahce.webp","width":729,"height":486,"caption":"Jorge Jesus durante um jogo do Fenerbah\u00e7e (Foto: Divulga\u00e7\u00e3o\/Fenerbah\u00e7e)"},{"@type":"BreadcrumbList","@id":"https:\/\/www.gaveanews.com\/index.php\/2023\/03\/12\/apos-declaracao-de-jorge-jesus-repercutir-treinador-se-manifesta\/#breadcrumb","itemListElement":[{"@type":"ListItem","position":1,"name":"Home","item":"https:\/\/www.gaveanews.com\/"},{"@type":"ListItem","position":2,"name":"Ap\u00f3s declara\u00e7\u00e3o de Jorge Jesus repercutir, treinador se manifesta"}]},{"@type":"WebSite","@id":"https:\/\/www.gaveanews.com\/#website","url":"https:\/\/www.gaveanews.com\/","name":"G\u00e1vea News","description":"Veja todas as not\u00edcias sobre o Flamengo: Contrata\u00e7\u00f5es, categorias de base, resultados das partidas, tabela de classifica\u00e7\u00e3o, pr\u00f3ximos jogos!","potentialAction":[{"@type":"SearchAction","target":{"@type":"EntryPoint","urlTemplate":"https:\/\/www.gaveanews.com\/?s={search_term_string}"},"query-input":{"@type":"PropertyValueSpecification","valueRequired":true,"valueName":"search_term_string"}}],"inLanguage":"pt-BR"},{"@type":"Person","@id":"https:\/\/www.gaveanews.com\/#\/schema\/person\/2ec14f73fb96be2caf28f91afb14749d","name":"Equipe G\u00e1vea News","image":{"@type":"ImageObject","inLanguage":"pt-BR","@id":"https:\/\/www.gaveanews.com\/#\/schema\/person\/image\/","url":"https:\/\/secure.gravatar.com\/avatar\/1e1956f1facbffd3f8fa53a326721950116b3b9dc9bd44939c01180fd4a745a9?s=96&d=mm&r=g","contentUrl":"https:\/\/secure.gravatar.com\/avatar\/1e1956f1facbffd3f8fa53a326721950116b3b9dc9bd44939c01180fd4a745a9?s=96&d=mm&r=g","caption":"Equipe G\u00e1vea News"}}]}},"_links":{"self":[{"href":"https:\/\/www.gaveanews.com\/index.php\/wp-json\/wp\/v2\/posts\/95261","targetHints":{"allow":["GET"]}}],"collection":[{"href":"https:\/\/www.gaveanews.com\/index.php\/wp-json\/wp\/v2\/posts"}],"about":[{"href":"https:\/\/www.gaveanews.com\/index.php\/wp-json\/wp\/v2\/types\/post"}],"author":[{"embeddable":true,"href":"https:\/\/www.gaveanews.com\/index.php\/wp-json\/wp\/v2\/users\/1"}],"replies":[{"embeddable":true,"href":"https:\/\/www.gaveanews.com\/index.php\/wp-json\/wp\/v2\/comments?post=95261"}],"version-history":[{"count":0,"href":"https:\/\/www.gaveanews.com\/index.php\/wp-json\/wp\/v2\/posts\/95261\/revisions"}],"wp:featuredmedia":[{"embeddable":true,"href":"https:\/\/www.gaveanews.com\/index.php\/wp-json\/wp\/v2\/media\/89897"}],"wp:attachment":[{"href":"https:\/\/www.gaveanews.com\/index.php\/wp-json\/wp\/v2\/media?parent=95261"}],"wp:term":[{"taxonomy":"category","embeddable":true,"href":"https:\/\/www.gaveanews.com\/index.php\/wp-json\/wp\/v2\/categories?post=95261"},{"taxonomy":"post_tag","embeddable":true,"href":"https:\/\/www.gaveanews.com\/index.php\/wp-json\/wp\/v2\/tags?post=95261"}],"curies":[{"name":"wp","href":"https:\/\/api.w.org\/{rel}","templated":true}]}}