{"id":95263,"date":"2023-03-12T21:33:36","date_gmt":"2023-03-13T00:33:36","guid":{"rendered":"https:\/\/www.gaveanews.com\/?p=95263"},"modified":"2023-03-12T21:33:41","modified_gmt":"2023-03-13T00:33:41","slug":"marcos-braz-responde-sobre-a-possibilidade-de-deixar-o-flamengo","status":"publish","type":"post","link":"https:\/\/www.gaveanews.com\/index.php\/2023\/03\/12\/marcos-braz-responde-sobre-a-possibilidade-de-deixar-o-flamengo\/","title":{"rendered":"Marcos Braz responde sobre a possibilidade de deixar o Flamengo"},"content":{"rendered":"\n<p>O Flamengo vive um momento conturbado ap\u00f3s perder quatro t\u00edtulos em 2023. Nos \u00faltimos dias, torcedores fizeram protestos em frente ao Centro de Treinamento Ninho do Urubu, tendo como um dos principais alvos o vice-presidente de futebol do clube, Marcos Braz. O dirigente, mesmo com a press\u00e3o, n\u00e3o se sente amea\u00e7ado e n\u00e3o deixar\u00e1 o cargo.<\/p>\n\n\n\n<p>Segundo o jornalista Renan Moura, das r\u00e1dios Globo e CBN, Braz recebeu um conselho de uma pessoa pr\u00f3xima para se afastar do futebol por um tempo, mas o dirigente rubro-negro respondeu: &#8220;s\u00f3 saio do Flamengo dispensado pelo presidente Rodolfo Landim ou morto&#8221;. O mandat\u00e1rio tem o vice como escudo e dever\u00e1 se esfor\u00e7ar para sua perman\u00eancia.<\/p>\n\n\n\n<p>Em um in\u00edcio de temporada dif\u00edcil sob o comando de V\u00edtor Pereira, o Flamengo n\u00e3o conseguiu vencer nenhum dos tr\u00eas campeonatos principais que disputou, amargando o vice na Recopa e na Supercopa do Brasil e o terceiro lugar no Mundial. Al\u00e9m dos fracassos nas principais competi\u00e7\u00f5es, o time tamb\u00e9m foi derrotado no duelo com o Vasco, pelo Carioca, al\u00e9m de ter perdido o t\u00edtulo da Ta\u00e7a Guanabara para o Fluminense, na \u00faltima quarta-feira.<\/p>\n\n\n\n<p>Retirado de: O Dia<\/p>\n","protected":false},"excerpt":{"rendered":"<p>O Flamengo vive um momento conturbado ap\u00f3s perder quatro t\u00edtulos em 2023. Nos \u00faltimos dias, torcedores fizeram protestos em frente ao Centro de Treinamento Ninho do Urubu, tendo como um dos principais alvos o vice-presidente de futebol do clube, Marcos Braz. O dirigente, mesmo com a press\u00e3o, n\u00e3o se sente amea\u00e7ado e n\u00e3o deixar\u00e1 o [&hellip;]<\/p>\n","protected":false},"author":1,"featured_media":46957,"comment_status":"open","ping_status":"closed","sticky":false,"template":"","format":"standard","meta":{"footnotes":""},"categories":[1],"tags":[],"class_list":["post-95263","post","type-post","status-publish","format-standard","has-post-thumbnail","hentry","category-flamengo"],"yoast_head":"<!-- This site is optimized with the Yoast SEO Premium plugin v24.2 (Yoast SEO v26.9) - https:\/\/yoast.com\/product\/yoast-seo-premium-wordpress\/ -->\n<title>Marcos Braz responde sobre a possibilidade de deixar o Flamengo<\/title>\n<meta name=\"robots\" content=\"index, follow, max-snippet:-1, max-image-preview:large, max-video-preview:-1\" \/>\n<link rel=\"canonical\" href=\"https:\/\/www.gaveanews.com\/index.php\/2023\/03\/12\/marcos-braz-responde-sobre-a-possibilidade-de-deixar-o-flamengo\/\" \/>\n<meta property=\"og:locale\" content=\"pt_BR\" \/>\n<meta property=\"og:type\" content=\"article\" \/>\n<meta property=\"og:title\" content=\"Marcos Braz responde sobre a possibilidade de deixar o Flamengo\" \/>\n<meta property=\"og:description\" content=\"O Flamengo vive um momento conturbado ap\u00f3s perder quatro t\u00edtulos em 2023. Nos \u00faltimos dias, torcedores fizeram protestos em frente ao Centro de Treinamento Ninho do Urubu, tendo como um dos principais alvos o vice-presidente de futebol do clube, Marcos Braz. O dirigente, mesmo com a press\u00e3o, n\u00e3o se sente amea\u00e7ado e n\u00e3o deixar\u00e1 o [&hellip;]\" \/>\n<meta property=\"og:url\" content=\"https:\/\/www.gaveanews.com\/index.php\/2023\/03\/12\/marcos-braz-responde-sobre-a-possibilidade-de-deixar-o-flamengo\/\" \/>\n<meta property=\"og:site_name\" content=\"G\u00e1vea News\" \/>\n<meta property=\"article:publisher\" content=\"https:\/\/facebook.com\/gaveaNews\/\" \/>\n<meta property=\"article:published_time\" content=\"2023-03-13T00:33:36+00:00\" \/>\n<meta property=\"article:modified_time\" content=\"2023-03-13T00:33:41+00:00\" \/>\n<meta property=\"og:image\" content=\"https:\/\/www.gaveanews.com\/wp-content\/uploads\/Marcos-Braz-no-gramado-do-Maracana.webp\" \/>\n\t<meta property=\"og:image:width\" content=\"799\" \/>\n\t<meta property=\"og:image:height\" content=\"532\" \/>\n\t<meta property=\"og:image:type\" content=\"image\/jpeg\" \/>\n<meta name=\"author\" content=\"Equipe G\u00e1vea News\" \/>\n<meta name=\"twitter:card\" content=\"summary_large_image\" \/>\n<meta name=\"twitter:label1\" content=\"Escrito por\" \/>\n\t<meta name=\"twitter:data1\" content=\"Equipe G\u00e1vea News\" \/>\n\t<meta name=\"twitter:label2\" content=\"Est. tempo de leitura\" \/>\n\t<meta name=\"twitter:data2\" content=\"2 minutos\" \/>\n<script type=\"application\/ld+json\" class=\"yoast-schema-graph\">{\"@context\":\"https:\/\/schema.org\",\"@graph\":[{\"@type\":\"NewsArticle\",\"@id\":\"https:\/\/www.gaveanews.com\/index.php\/2023\/03\/12\/marcos-braz-responde-sobre-a-possibilidade-de-deixar-o-flamengo\/#article\",\"isPartOf\":{\"@id\":\"https:\/\/www.gaveanews.com\/index.php\/2023\/03\/12\/marcos-braz-responde-sobre-a-possibilidade-de-deixar-o-flamengo\/\"},\"author\":{\"name\":\"Equipe G\u00e1vea News\",\"@id\":\"https:\/\/www.gaveanews.com\/#\/schema\/person\/2ec14f73fb96be2caf28f91afb14749d\"},\"headline\":\"Marcos Braz responde sobre a possibilidade de deixar o Flamengo\",\"datePublished\":\"2023-03-13T00:33:36+00:00\",\"dateModified\":\"2023-03-13T00:33:41+00:00\",\"mainEntityOfPage\":{\"@id\":\"https:\/\/www.gaveanews.com\/index.php\/2023\/03\/12\/marcos-braz-responde-sobre-a-possibilidade-de-deixar-o-flamengo\/\"},\"wordCount\":220,\"commentCount\":0,\"image\":{\"@id\":\"https:\/\/www.gaveanews.com\/index.php\/2023\/03\/12\/marcos-braz-responde-sobre-a-possibilidade-de-deixar-o-flamengo\/#primaryimage\"},\"thumbnailUrl\":\"https:\/\/www.gaveanews.com\/wp-content\/uploads\/Marcos-Braz-no-gramado-do-Maracana.webp\",\"articleSection\":[\"Flamengo\"],\"inLanguage\":\"pt-BR\",\"potentialAction\":[{\"@type\":\"CommentAction\",\"name\":\"Comment\",\"target\":[\"https:\/\/www.gaveanews.com\/index.php\/2023\/03\/12\/marcos-braz-responde-sobre-a-possibilidade-de-deixar-o-flamengo\/#respond\"]}],\"copyrightYear\":\"2023\",\"copyrightHolder\":{\"@id\":\"https:\/\/www.gaveanews.com\/#organization\"}},{\"@type\":\"WebPage\",\"@id\":\"https:\/\/www.gaveanews.com\/index.php\/2023\/03\/12\/marcos-braz-responde-sobre-a-possibilidade-de-deixar-o-flamengo\/\",\"url\":\"https:\/\/www.gaveanews.com\/index.php\/2023\/03\/12\/marcos-braz-responde-sobre-a-possibilidade-de-deixar-o-flamengo\/\",\"name\":\"Marcos Braz responde sobre a possibilidade de deixar o Flamengo\",\"isPartOf\":{\"@id\":\"https:\/\/www.gaveanews.com\/#website\"},\"primaryImageOfPage\":{\"@id\":\"https:\/\/www.gaveanews.com\/index.php\/2023\/03\/12\/marcos-braz-responde-sobre-a-possibilidade-de-deixar-o-flamengo\/#primaryimage\"},\"image\":{\"@id\":\"https:\/\/www.gaveanews.com\/index.php\/2023\/03\/12\/marcos-braz-responde-sobre-a-possibilidade-de-deixar-o-flamengo\/#primaryimage\"},\"thumbnailUrl\":\"https:\/\/www.gaveanews.com\/wp-content\/uploads\/Marcos-Braz-no-gramado-do-Maracana.webp\",\"datePublished\":\"2023-03-13T00:33:36+00:00\",\"dateModified\":\"2023-03-13T00:33:41+00:00\",\"author\":{\"@id\":\"https:\/\/www.gaveanews.com\/#\/schema\/person\/2ec14f73fb96be2caf28f91afb14749d\"},\"breadcrumb\":{\"@id\":\"https:\/\/www.gaveanews.com\/index.php\/2023\/03\/12\/marcos-braz-responde-sobre-a-possibilidade-de-deixar-o-flamengo\/#breadcrumb\"},\"inLanguage\":\"pt-BR\",\"potentialAction\":[{\"@type\":\"ReadAction\",\"target\":[\"https:\/\/www.gaveanews.com\/index.php\/2023\/03\/12\/marcos-braz-responde-sobre-a-possibilidade-de-deixar-o-flamengo\/\"]}]},{\"@type\":\"ImageObject\",\"inLanguage\":\"pt-BR\",\"@id\":\"https:\/\/www.gaveanews.com\/index.php\/2023\/03\/12\/marcos-braz-responde-sobre-a-possibilidade-de-deixar-o-flamengo\/#primaryimage\",\"url\":\"https:\/\/www.gaveanews.com\/wp-content\/uploads\/Marcos-Braz-no-gramado-do-Maracana.webp\",\"contentUrl\":\"https:\/\/www.gaveanews.com\/wp-content\/uploads\/Marcos-Braz-no-gramado-do-Maracana.webp\",\"width\":799,\"height\":532,\"caption\":\"Marcos Braz no gramado do Maracan\u00e3 (Foto: Alexandre Vidal\/Flamengo)\"},{\"@type\":\"BreadcrumbList\",\"@id\":\"https:\/\/www.gaveanews.com\/index.php\/2023\/03\/12\/marcos-braz-responde-sobre-a-possibilidade-de-deixar-o-flamengo\/#breadcrumb\",\"itemListElement\":[{\"@type\":\"ListItem\",\"position\":1,\"name\":\"Home\",\"item\":\"https:\/\/www.gaveanews.com\/\"},{\"@type\":\"ListItem\",\"position\":2,\"name\":\"Marcos Braz responde sobre a possibilidade de deixar o Flamengo\"}]},{\"@type\":\"WebSite\",\"@id\":\"https:\/\/www.gaveanews.com\/#website\",\"url\":\"https:\/\/www.gaveanews.com\/\",\"name\":\"G\u00e1vea News\",\"description\":\"Veja todas as not\u00edcias sobre o Flamengo: Contrata\u00e7\u00f5es, categorias de base, resultados das partidas, tabela de classifica\u00e7\u00e3o, pr\u00f3ximos jogos!\",\"potentialAction\":[{\"@type\":\"SearchAction\",\"target\":{\"@type\":\"EntryPoint\",\"urlTemplate\":\"https:\/\/www.gaveanews.com\/?s={search_term_string}\"},\"query-input\":{\"@type\":\"PropertyValueSpecification\",\"valueRequired\":true,\"valueName\":\"search_term_string\"}}],\"inLanguage\":\"pt-BR\"},{\"@type\":\"Person\",\"@id\":\"https:\/\/www.gaveanews.com\/#\/schema\/person\/2ec14f73fb96be2caf28f91afb14749d\",\"name\":\"Equipe G\u00e1vea News\",\"image\":{\"@type\":\"ImageObject\",\"inLanguage\":\"pt-BR\",\"@id\":\"https:\/\/www.gaveanews.com\/#\/schema\/person\/image\/\",\"url\":\"https:\/\/secure.gravatar.com\/avatar\/1e1956f1facbffd3f8fa53a326721950116b3b9dc9bd44939c01180fd4a745a9?s=96&d=mm&r=g\",\"contentUrl\":\"https:\/\/secure.gravatar.com\/avatar\/1e1956f1facbffd3f8fa53a326721950116b3b9dc9bd44939c01180fd4a745a9?s=96&d=mm&r=g\",\"caption\":\"Equipe G\u00e1vea News\"}}]}<\/script>\n<!-- \/ Yoast SEO Premium plugin. -->","yoast_head_json":{"title":"Marcos Braz responde sobre a possibilidade de deixar o Flamengo","robots":{"index":"index","follow":"follow","max-snippet":"max-snippet:-1","max-image-preview":"max-image-preview:large","max-video-preview":"max-video-preview:-1"},"canonical":"https:\/\/www.gaveanews.com\/index.php\/2023\/03\/12\/marcos-braz-responde-sobre-a-possibilidade-de-deixar-o-flamengo\/","og_locale":"pt_BR","og_type":"article","og_title":"Marcos Braz responde sobre a possibilidade de deixar o Flamengo","og_description":"O Flamengo vive um momento conturbado ap\u00f3s perder quatro t\u00edtulos em 2023. Nos \u00faltimos dias, torcedores fizeram protestos em frente ao Centro de Treinamento Ninho do Urubu, tendo como um dos principais alvos o vice-presidente de futebol do clube, Marcos Braz. O dirigente, mesmo com a press\u00e3o, n\u00e3o se sente amea\u00e7ado e n\u00e3o deixar\u00e1 o [&hellip;]","og_url":"https:\/\/www.gaveanews.com\/index.php\/2023\/03\/12\/marcos-braz-responde-sobre-a-possibilidade-de-deixar-o-flamengo\/","og_site_name":"G\u00e1vea News","article_publisher":"https:\/\/facebook.com\/gaveaNews\/","article_published_time":"2023-03-13T00:33:36+00:00","article_modified_time":"2023-03-13T00:33:41+00:00","og_image":[{"width":799,"height":532,"url":"https:\/\/www.gaveanews.com\/wp-content\/uploads\/Marcos-Braz-no-gramado-do-Maracana.webp","type":"image\/jpeg"}],"author":"Equipe G\u00e1vea News","twitter_card":"summary_large_image","twitter_misc":{"Escrito por":"Equipe G\u00e1vea News","Est. tempo de leitura":"2 minutos"},"schema":{"@context":"https:\/\/schema.org","@graph":[{"@type":"NewsArticle","@id":"https:\/\/www.gaveanews.com\/index.php\/2023\/03\/12\/marcos-braz-responde-sobre-a-possibilidade-de-deixar-o-flamengo\/#article","isPartOf":{"@id":"https:\/\/www.gaveanews.com\/index.php\/2023\/03\/12\/marcos-braz-responde-sobre-a-possibilidade-de-deixar-o-flamengo\/"},"author":{"name":"Equipe G\u00e1vea News","@id":"https:\/\/www.gaveanews.com\/#\/schema\/person\/2ec14f73fb96be2caf28f91afb14749d"},"headline":"Marcos Braz responde sobre a possibilidade de deixar o Flamengo","datePublished":"2023-03-13T00:33:36+00:00","dateModified":"2023-03-13T00:33:41+00:00","mainEntityOfPage":{"@id":"https:\/\/www.gaveanews.com\/index.php\/2023\/03\/12\/marcos-braz-responde-sobre-a-possibilidade-de-deixar-o-flamengo\/"},"wordCount":220,"commentCount":0,"image":{"@id":"https:\/\/www.gaveanews.com\/index.php\/2023\/03\/12\/marcos-braz-responde-sobre-a-possibilidade-de-deixar-o-flamengo\/#primaryimage"},"thumbnailUrl":"https:\/\/www.gaveanews.com\/wp-content\/uploads\/Marcos-Braz-no-gramado-do-Maracana.webp","articleSection":["Flamengo"],"inLanguage":"pt-BR","potentialAction":[{"@type":"CommentAction","name":"Comment","target":["https:\/\/www.gaveanews.com\/index.php\/2023\/03\/12\/marcos-braz-responde-sobre-a-possibilidade-de-deixar-o-flamengo\/#respond"]}],"copyrightYear":"2023","copyrightHolder":{"@id":"https:\/\/www.gaveanews.com\/#organization"}},{"@type":"WebPage","@id":"https:\/\/www.gaveanews.com\/index.php\/2023\/03\/12\/marcos-braz-responde-sobre-a-possibilidade-de-deixar-o-flamengo\/","url":"https:\/\/www.gaveanews.com\/index.php\/2023\/03\/12\/marcos-braz-responde-sobre-a-possibilidade-de-deixar-o-flamengo\/","name":"Marcos Braz responde sobre a possibilidade de deixar o Flamengo","isPartOf":{"@id":"https:\/\/www.gaveanews.com\/#website"},"primaryImageOfPage":{"@id":"https:\/\/www.gaveanews.com\/index.php\/2023\/03\/12\/marcos-braz-responde-sobre-a-possibilidade-de-deixar-o-flamengo\/#primaryimage"},"image":{"@id":"https:\/\/www.gaveanews.com\/index.php\/2023\/03\/12\/marcos-braz-responde-sobre-a-possibilidade-de-deixar-o-flamengo\/#primaryimage"},"thumbnailUrl":"https:\/\/www.gaveanews.com\/wp-content\/uploads\/Marcos-Braz-no-gramado-do-Maracana.webp","datePublished":"2023-03-13T00:33:36+00:00","dateModified":"2023-03-13T00:33:41+00:00","author":{"@id":"https:\/\/www.gaveanews.com\/#\/schema\/person\/2ec14f73fb96be2caf28f91afb14749d"},"breadcrumb":{"@id":"https:\/\/www.gaveanews.com\/index.php\/2023\/03\/12\/marcos-braz-responde-sobre-a-possibilidade-de-deixar-o-flamengo\/#breadcrumb"},"inLanguage":"pt-BR","potentialAction":[{"@type":"ReadAction","target":["https:\/\/www.gaveanews.com\/index.php\/2023\/03\/12\/marcos-braz-responde-sobre-a-possibilidade-de-deixar-o-flamengo\/"]}]},{"@type":"ImageObject","inLanguage":"pt-BR","@id":"https:\/\/www.gaveanews.com\/index.php\/2023\/03\/12\/marcos-braz-responde-sobre-a-possibilidade-de-deixar-o-flamengo\/#primaryimage","url":"https:\/\/www.gaveanews.com\/wp-content\/uploads\/Marcos-Braz-no-gramado-do-Maracana.webp","contentUrl":"https:\/\/www.gaveanews.com\/wp-content\/uploads\/Marcos-Braz-no-gramado-do-Maracana.webp","width":799,"height":532,"caption":"Marcos Braz no gramado do Maracan\u00e3 (Foto: Alexandre Vidal\/Flamengo)"},{"@type":"BreadcrumbList","@id":"https:\/\/www.gaveanews.com\/index.php\/2023\/03\/12\/marcos-braz-responde-sobre-a-possibilidade-de-deixar-o-flamengo\/#breadcrumb","itemListElement":[{"@type":"ListItem","position":1,"name":"Home","item":"https:\/\/www.gaveanews.com\/"},{"@type":"ListItem","position":2,"name":"Marcos Braz responde sobre a possibilidade de deixar o Flamengo"}]},{"@type":"WebSite","@id":"https:\/\/www.gaveanews.com\/#website","url":"https:\/\/www.gaveanews.com\/","name":"G\u00e1vea News","description":"Veja todas as not\u00edcias sobre o Flamengo: Contrata\u00e7\u00f5es, categorias de base, resultados das partidas, tabela de classifica\u00e7\u00e3o, pr\u00f3ximos jogos!","potentialAction":[{"@type":"SearchAction","target":{"@type":"EntryPoint","urlTemplate":"https:\/\/www.gaveanews.com\/?s={search_term_string}"},"query-input":{"@type":"PropertyValueSpecification","valueRequired":true,"valueName":"search_term_string"}}],"inLanguage":"pt-BR"},{"@type":"Person","@id":"https:\/\/www.gaveanews.com\/#\/schema\/person\/2ec14f73fb96be2caf28f91afb14749d","name":"Equipe G\u00e1vea News","image":{"@type":"ImageObject","inLanguage":"pt-BR","@id":"https:\/\/www.gaveanews.com\/#\/schema\/person\/image\/","url":"https:\/\/secure.gravatar.com\/avatar\/1e1956f1facbffd3f8fa53a326721950116b3b9dc9bd44939c01180fd4a745a9?s=96&d=mm&r=g","contentUrl":"https:\/\/secure.gravatar.com\/avatar\/1e1956f1facbffd3f8fa53a326721950116b3b9dc9bd44939c01180fd4a745a9?s=96&d=mm&r=g","caption":"Equipe G\u00e1vea News"}}]}},"_links":{"self":[{"href":"https:\/\/www.gaveanews.com\/index.php\/wp-json\/wp\/v2\/posts\/95263","targetHints":{"allow":["GET"]}}],"collection":[{"href":"https:\/\/www.gaveanews.com\/index.php\/wp-json\/wp\/v2\/posts"}],"about":[{"href":"https:\/\/www.gaveanews.com\/index.php\/wp-json\/wp\/v2\/types\/post"}],"author":[{"embeddable":true,"href":"https:\/\/www.gaveanews.com\/index.php\/wp-json\/wp\/v2\/users\/1"}],"replies":[{"embeddable":true,"href":"https:\/\/www.gaveanews.com\/index.php\/wp-json\/wp\/v2\/comments?post=95263"}],"version-history":[{"count":0,"href":"https:\/\/www.gaveanews.com\/index.php\/wp-json\/wp\/v2\/posts\/95263\/revisions"}],"wp:featuredmedia":[{"embeddable":true,"href":"https:\/\/www.gaveanews.com\/index.php\/wp-json\/wp\/v2\/media\/46957"}],"wp:attachment":[{"href":"https:\/\/www.gaveanews.com\/index.php\/wp-json\/wp\/v2\/media?parent=95263"}],"wp:term":[{"taxonomy":"category","embeddable":true,"href":"https:\/\/www.gaveanews.com\/index.php\/wp-json\/wp\/v2\/categories?post=95263"},{"taxonomy":"post_tag","embeddable":true,"href":"https:\/\/www.gaveanews.com\/index.php\/wp-json\/wp\/v2\/tags?post=95263"}],"curies":[{"name":"wp","href":"https:\/\/api.w.org\/{rel}","templated":true}]}}