{"id":95271,"date":"2023-03-12T22:32:09","date_gmt":"2023-03-13T01:32:09","guid":{"rendered":"https:\/\/www.gaveanews.com\/?p=95271"},"modified":"2023-03-12T22:32:16","modified_gmt":"2023-03-13T01:32:16","slug":"flamengo-contrata-zagueiro-e-meia-atacante","status":"publish","type":"post","link":"https:\/\/www.gaveanews.com\/index.php\/2023\/03\/12\/flamengo-contrata-zagueiro-e-meia-atacante\/","title":{"rendered":"Flamengo contrata zagueiro e meia-atacante"},"content":{"rendered":"\n<p>A diretoria do Flamengo segue adotando uma estrat\u00e9gia que vem dando certo nos \u00faltimos anos, os dirigentes do clube mapeiam jovens talentos no futebol brasileiro, para serem lapidados nas categorias de base do rubro-negro.<\/p>\n\n\n\n<p>O resultado vem sendo muito positivo, j\u00e1 que o Flamengo tem revelado grandes nomes para o futebol brasileiro, que garantem um retorno financeiro para o clube. Al\u00e9m de conquistar os t\u00edtulos nas mais variadas categorias de base, e mais dois jogadores chegam ao Mais Querido.<\/p>\n\n\n\n<p>De acordo com o youtuber \u2018FlaZoeiro\u2019, o Flamengo acertou neste domingo a contrata\u00e7\u00e3o do zagueiro \u00cdcaro Filipe e do meia-atacante \u00cdtalo de Souza, ambos com 12 anos e chegam do Cana\u00e3, da Bahia.<\/p>\n\n\n\n<figure class=\"wp-block-image size-full\"><img loading=\"lazy\" decoding=\"async\" width=\"450\" height=\"800\" src=\"https:\/\/www.gaveanews.com\/wp-content\/uploads\/IMG_20230312_223112.webp\" alt=\"\" class=\"wp-image-95273\" srcset=\"https:\/\/www.gaveanews.com\/wp-content\/uploads\/IMG_20230312_223112.webp 450w, https:\/\/www.gaveanews.com\/wp-content\/uploads\/IMG_20230312_223112-169x300.webp 169w, https:\/\/www.gaveanews.com\/wp-content\/uploads\/IMG_20230312_223112-236x420.webp 236w, https:\/\/www.gaveanews.com\/wp-content\/uploads\/IMG_20230312_223112-100x178.webp 100w\" sizes=\"auto, (max-width: 450px) 100vw, 450px\" \/><figcaption class=\"wp-element-caption\">Meia \u00cdtalo <\/figcaption><\/figure>\n\n\n\n<p>\u00cdtalo \u00e9 ambidestro, tem como principais caracter\u00edsticas boa finaliza\u00e7\u00e3o, vis\u00e3o de jogo e \u00f3timo jogo a\u00e9reo. J\u00e1 \u00cdcaro, que \u00e9 canhoto tem um jogo a\u00e9reo muito forte, al\u00e9m de uma boa for\u00e7a na marca\u00e7\u00e3o.<\/p>\n\n\n\n<figure class=\"wp-block-image size-large\"><img loading=\"lazy\" decoding=\"async\" width=\"768\" height=\"1024\" src=\"https:\/\/www.gaveanews.com\/wp-content\/uploads\/IMG_20230312_223036-768x1024.webp\" alt=\"\" class=\"wp-image-95272\" srcset=\"https:\/\/www.gaveanews.com\/wp-content\/uploads\/IMG_20230312_223036-768x1024.webp 768w, https:\/\/www.gaveanews.com\/wp-content\/uploads\/IMG_20230312_223036-225x300.webp 225w, https:\/\/www.gaveanews.com\/wp-content\/uploads\/IMG_20230312_223036-1152x1536.webp 1152w, https:\/\/www.gaveanews.com\/wp-content\/uploads\/IMG_20230312_223036-315x420.webp 315w, https:\/\/www.gaveanews.com\/wp-content\/uploads\/IMG_20230312_223036-630x840.webp 630w, https:\/\/www.gaveanews.com\/wp-content\/uploads\/IMG_20230312_223036-640x853.webp 640w, https:\/\/www.gaveanews.com\/wp-content\/uploads\/IMG_20230312_223036-681x908.webp 681w, https:\/\/www.gaveanews.com\/wp-content\/uploads\/IMG_20230312_223036-100x133.webp 100w, https:\/\/www.gaveanews.com\/wp-content\/uploads\/IMG_20230312_223036.webp 1200w\" sizes=\"auto, (max-width: 768px) 100vw, 768px\" \/><figcaption class=\"wp-element-caption\">Zagueiro \u00cdcaro <\/figcaption><\/figure>\n\n\n\n<p>Para contratar a dupla, o Flamengo venceu uma forte concorr\u00eancia de clubes como Gr\u00eamio, Internacional, Santos, Vit\u00f3ria, Bahia, Cruzeiro e Fluminense que tentaram mas n\u00e3o conseguiram superar a proposta do Mais Querido.<\/p>\n\n\n\n<p>Retirado de: Di\u00e1rio do Flamengo <\/p>\n","protected":false},"excerpt":{"rendered":"<p>A diretoria do Flamengo segue adotando uma estrat\u00e9gia que vem dando certo nos \u00faltimos anos, os dirigentes do clube mapeiam jovens talentos no futebol brasileiro, para serem lapidados nas categorias de base do rubro-negro. O resultado vem sendo muito positivo, j\u00e1 que o Flamengo tem revelado grandes nomes para o futebol brasileiro, que garantem um [&hellip;]<\/p>\n","protected":false},"author":1,"featured_media":78521,"comment_status":"open","ping_status":"closed","sticky":false,"template":"","format":"standard","meta":{"footnotes":""},"categories":[48],"tags":[],"class_list":["post-95271","post","type-post","status-publish","format-standard","has-post-thumbnail","hentry","category-negociacoes"],"yoast_head":"<!-- This site is optimized with the Yoast SEO Premium plugin v24.2 (Yoast SEO v26.9) - https:\/\/yoast.com\/product\/yoast-seo-premium-wordpress\/ -->\n<title>Flamengo contrata zagueiro e meia-atacante<\/title>\n<meta name=\"robots\" content=\"index, follow, max-snippet:-1, max-image-preview:large, max-video-preview:-1\" \/>\n<link rel=\"canonical\" href=\"https:\/\/www.gaveanews.com\/index.php\/2023\/03\/12\/flamengo-contrata-zagueiro-e-meia-atacante\/\" \/>\n<meta property=\"og:locale\" content=\"pt_BR\" \/>\n<meta property=\"og:type\" content=\"article\" \/>\n<meta property=\"og:title\" content=\"Flamengo contrata zagueiro e meia-atacante\" \/>\n<meta property=\"og:description\" content=\"A diretoria do Flamengo segue adotando uma estrat\u00e9gia que vem dando certo nos \u00faltimos anos, os dirigentes do clube mapeiam jovens talentos no futebol brasileiro, para serem lapidados nas categorias de base do rubro-negro. O resultado vem sendo muito positivo, j\u00e1 que o Flamengo tem revelado grandes nomes para o futebol brasileiro, que garantem um [&hellip;]\" \/>\n<meta property=\"og:url\" content=\"https:\/\/www.gaveanews.com\/index.php\/2023\/03\/12\/flamengo-contrata-zagueiro-e-meia-atacante\/\" \/>\n<meta property=\"og:site_name\" content=\"G\u00e1vea News\" \/>\n<meta property=\"article:publisher\" content=\"https:\/\/facebook.com\/gaveaNews\/\" \/>\n<meta property=\"article:published_time\" content=\"2023-03-13T01:32:09+00:00\" \/>\n<meta property=\"article:modified_time\" content=\"2023-03-13T01:32:16+00:00\" \/>\n<meta property=\"og:image\" content=\"https:\/\/www.gaveanews.com\/wp-content\/uploads\/Marcos-Braz-em-entrevista-coletiva-do-Flamengo-no-Ninho-do-Urubu.webp\" \/>\n\t<meta property=\"og:image:width\" content=\"799\" \/>\n\t<meta property=\"og:image:height\" content=\"533\" \/>\n\t<meta property=\"og:image:type\" content=\"image\/jpeg\" \/>\n<meta name=\"author\" content=\"Equipe G\u00e1vea News\" \/>\n<meta name=\"twitter:card\" content=\"summary_large_image\" \/>\n<meta name=\"twitter:label1\" content=\"Escrito por\" \/>\n\t<meta name=\"twitter:data1\" content=\"Equipe G\u00e1vea News\" \/>\n\t<meta name=\"twitter:label2\" content=\"Est. tempo de leitura\" \/>\n\t<meta name=\"twitter:data2\" content=\"2 minutos\" \/>\n<script type=\"application\/ld+json\" class=\"yoast-schema-graph\">{\"@context\":\"https:\/\/schema.org\",\"@graph\":[{\"@type\":\"NewsArticle\",\"@id\":\"https:\/\/www.gaveanews.com\/index.php\/2023\/03\/12\/flamengo-contrata-zagueiro-e-meia-atacante\/#article\",\"isPartOf\":{\"@id\":\"https:\/\/www.gaveanews.com\/index.php\/2023\/03\/12\/flamengo-contrata-zagueiro-e-meia-atacante\/\"},\"author\":{\"name\":\"Equipe G\u00e1vea News\",\"@id\":\"https:\/\/www.gaveanews.com\/#\/schema\/person\/2ec14f73fb96be2caf28f91afb14749d\"},\"headline\":\"Flamengo contrata zagueiro e meia-atacante\",\"datePublished\":\"2023-03-13T01:32:09+00:00\",\"dateModified\":\"2023-03-13T01:32:16+00:00\",\"mainEntityOfPage\":{\"@id\":\"https:\/\/www.gaveanews.com\/index.php\/2023\/03\/12\/flamengo-contrata-zagueiro-e-meia-atacante\/\"},\"wordCount\":206,\"commentCount\":0,\"image\":{\"@id\":\"https:\/\/www.gaveanews.com\/index.php\/2023\/03\/12\/flamengo-contrata-zagueiro-e-meia-atacante\/#primaryimage\"},\"thumbnailUrl\":\"https:\/\/www.gaveanews.com\/wp-content\/uploads\/Marcos-Braz-em-entrevista-coletiva-do-Flamengo-no-Ninho-do-Urubu.webp\",\"articleSection\":[\"Negocia\u00e7\u00f5es\"],\"inLanguage\":\"pt-BR\",\"potentialAction\":[{\"@type\":\"CommentAction\",\"name\":\"Comment\",\"target\":[\"https:\/\/www.gaveanews.com\/index.php\/2023\/03\/12\/flamengo-contrata-zagueiro-e-meia-atacante\/#respond\"]}],\"copyrightYear\":\"2023\",\"copyrightHolder\":{\"@id\":\"https:\/\/www.gaveanews.com\/#organization\"}},{\"@type\":\"WebPage\",\"@id\":\"https:\/\/www.gaveanews.com\/index.php\/2023\/03\/12\/flamengo-contrata-zagueiro-e-meia-atacante\/\",\"url\":\"https:\/\/www.gaveanews.com\/index.php\/2023\/03\/12\/flamengo-contrata-zagueiro-e-meia-atacante\/\",\"name\":\"Flamengo contrata zagueiro e meia-atacante\",\"isPartOf\":{\"@id\":\"https:\/\/www.gaveanews.com\/#website\"},\"primaryImageOfPage\":{\"@id\":\"https:\/\/www.gaveanews.com\/index.php\/2023\/03\/12\/flamengo-contrata-zagueiro-e-meia-atacante\/#primaryimage\"},\"image\":{\"@id\":\"https:\/\/www.gaveanews.com\/index.php\/2023\/03\/12\/flamengo-contrata-zagueiro-e-meia-atacante\/#primaryimage\"},\"thumbnailUrl\":\"https:\/\/www.gaveanews.com\/wp-content\/uploads\/Marcos-Braz-em-entrevista-coletiva-do-Flamengo-no-Ninho-do-Urubu.webp\",\"datePublished\":\"2023-03-13T01:32:09+00:00\",\"dateModified\":\"2023-03-13T01:32:16+00:00\",\"author\":{\"@id\":\"https:\/\/www.gaveanews.com\/#\/schema\/person\/2ec14f73fb96be2caf28f91afb14749d\"},\"breadcrumb\":{\"@id\":\"https:\/\/www.gaveanews.com\/index.php\/2023\/03\/12\/flamengo-contrata-zagueiro-e-meia-atacante\/#breadcrumb\"},\"inLanguage\":\"pt-BR\",\"potentialAction\":[{\"@type\":\"ReadAction\",\"target\":[\"https:\/\/www.gaveanews.com\/index.php\/2023\/03\/12\/flamengo-contrata-zagueiro-e-meia-atacante\/\"]}]},{\"@type\":\"ImageObject\",\"inLanguage\":\"pt-BR\",\"@id\":\"https:\/\/www.gaveanews.com\/index.php\/2023\/03\/12\/flamengo-contrata-zagueiro-e-meia-atacante\/#primaryimage\",\"url\":\"https:\/\/www.gaveanews.com\/wp-content\/uploads\/Marcos-Braz-em-entrevista-coletiva-do-Flamengo-no-Ninho-do-Urubu.webp\",\"contentUrl\":\"https:\/\/www.gaveanews.com\/wp-content\/uploads\/Marcos-Braz-em-entrevista-coletiva-do-Flamengo-no-Ninho-do-Urubu.webp\",\"width\":799,\"height\":533,\"caption\":\"Marcos Braz em entrevista coletiva do Flamengo no Ninho do Urubu (Foto: Gilvan de Souza\/Flamengo)\"},{\"@type\":\"BreadcrumbList\",\"@id\":\"https:\/\/www.gaveanews.com\/index.php\/2023\/03\/12\/flamengo-contrata-zagueiro-e-meia-atacante\/#breadcrumb\",\"itemListElement\":[{\"@type\":\"ListItem\",\"position\":1,\"name\":\"Home\",\"item\":\"https:\/\/www.gaveanews.com\/\"},{\"@type\":\"ListItem\",\"position\":2,\"name\":\"Flamengo contrata zagueiro e meia-atacante\"}]},{\"@type\":\"WebSite\",\"@id\":\"https:\/\/www.gaveanews.com\/#website\",\"url\":\"https:\/\/www.gaveanews.com\/\",\"name\":\"G\u00e1vea News\",\"description\":\"Veja todas as not\u00edcias sobre o Flamengo: Contrata\u00e7\u00f5es, categorias de base, resultados das partidas, tabela de classifica\u00e7\u00e3o, pr\u00f3ximos jogos!\",\"potentialAction\":[{\"@type\":\"SearchAction\",\"target\":{\"@type\":\"EntryPoint\",\"urlTemplate\":\"https:\/\/www.gaveanews.com\/?s={search_term_string}\"},\"query-input\":{\"@type\":\"PropertyValueSpecification\",\"valueRequired\":true,\"valueName\":\"search_term_string\"}}],\"inLanguage\":\"pt-BR\"},{\"@type\":\"Person\",\"@id\":\"https:\/\/www.gaveanews.com\/#\/schema\/person\/2ec14f73fb96be2caf28f91afb14749d\",\"name\":\"Equipe G\u00e1vea News\",\"image\":{\"@type\":\"ImageObject\",\"inLanguage\":\"pt-BR\",\"@id\":\"https:\/\/www.gaveanews.com\/#\/schema\/person\/image\/\",\"url\":\"https:\/\/secure.gravatar.com\/avatar\/1e1956f1facbffd3f8fa53a326721950116b3b9dc9bd44939c01180fd4a745a9?s=96&d=mm&r=g\",\"contentUrl\":\"https:\/\/secure.gravatar.com\/avatar\/1e1956f1facbffd3f8fa53a326721950116b3b9dc9bd44939c01180fd4a745a9?s=96&d=mm&r=g\",\"caption\":\"Equipe G\u00e1vea News\"}}]}<\/script>\n<!-- \/ Yoast SEO Premium plugin. -->","yoast_head_json":{"title":"Flamengo contrata zagueiro e meia-atacante","robots":{"index":"index","follow":"follow","max-snippet":"max-snippet:-1","max-image-preview":"max-image-preview:large","max-video-preview":"max-video-preview:-1"},"canonical":"https:\/\/www.gaveanews.com\/index.php\/2023\/03\/12\/flamengo-contrata-zagueiro-e-meia-atacante\/","og_locale":"pt_BR","og_type":"article","og_title":"Flamengo contrata zagueiro e meia-atacante","og_description":"A diretoria do Flamengo segue adotando uma estrat\u00e9gia que vem dando certo nos \u00faltimos anos, os dirigentes do clube mapeiam jovens talentos no futebol brasileiro, para serem lapidados nas categorias de base do rubro-negro. O resultado vem sendo muito positivo, j\u00e1 que o Flamengo tem revelado grandes nomes para o futebol brasileiro, que garantem um [&hellip;]","og_url":"https:\/\/www.gaveanews.com\/index.php\/2023\/03\/12\/flamengo-contrata-zagueiro-e-meia-atacante\/","og_site_name":"G\u00e1vea News","article_publisher":"https:\/\/facebook.com\/gaveaNews\/","article_published_time":"2023-03-13T01:32:09+00:00","article_modified_time":"2023-03-13T01:32:16+00:00","og_image":[{"width":799,"height":533,"url":"https:\/\/www.gaveanews.com\/wp-content\/uploads\/Marcos-Braz-em-entrevista-coletiva-do-Flamengo-no-Ninho-do-Urubu.webp","type":"image\/jpeg"}],"author":"Equipe G\u00e1vea News","twitter_card":"summary_large_image","twitter_misc":{"Escrito por":"Equipe G\u00e1vea News","Est. tempo de leitura":"2 minutos"},"schema":{"@context":"https:\/\/schema.org","@graph":[{"@type":"NewsArticle","@id":"https:\/\/www.gaveanews.com\/index.php\/2023\/03\/12\/flamengo-contrata-zagueiro-e-meia-atacante\/#article","isPartOf":{"@id":"https:\/\/www.gaveanews.com\/index.php\/2023\/03\/12\/flamengo-contrata-zagueiro-e-meia-atacante\/"},"author":{"name":"Equipe G\u00e1vea News","@id":"https:\/\/www.gaveanews.com\/#\/schema\/person\/2ec14f73fb96be2caf28f91afb14749d"},"headline":"Flamengo contrata zagueiro e meia-atacante","datePublished":"2023-03-13T01:32:09+00:00","dateModified":"2023-03-13T01:32:16+00:00","mainEntityOfPage":{"@id":"https:\/\/www.gaveanews.com\/index.php\/2023\/03\/12\/flamengo-contrata-zagueiro-e-meia-atacante\/"},"wordCount":206,"commentCount":0,"image":{"@id":"https:\/\/www.gaveanews.com\/index.php\/2023\/03\/12\/flamengo-contrata-zagueiro-e-meia-atacante\/#primaryimage"},"thumbnailUrl":"https:\/\/www.gaveanews.com\/wp-content\/uploads\/Marcos-Braz-em-entrevista-coletiva-do-Flamengo-no-Ninho-do-Urubu.webp","articleSection":["Negocia\u00e7\u00f5es"],"inLanguage":"pt-BR","potentialAction":[{"@type":"CommentAction","name":"Comment","target":["https:\/\/www.gaveanews.com\/index.php\/2023\/03\/12\/flamengo-contrata-zagueiro-e-meia-atacante\/#respond"]}],"copyrightYear":"2023","copyrightHolder":{"@id":"https:\/\/www.gaveanews.com\/#organization"}},{"@type":"WebPage","@id":"https:\/\/www.gaveanews.com\/index.php\/2023\/03\/12\/flamengo-contrata-zagueiro-e-meia-atacante\/","url":"https:\/\/www.gaveanews.com\/index.php\/2023\/03\/12\/flamengo-contrata-zagueiro-e-meia-atacante\/","name":"Flamengo contrata zagueiro e meia-atacante","isPartOf":{"@id":"https:\/\/www.gaveanews.com\/#website"},"primaryImageOfPage":{"@id":"https:\/\/www.gaveanews.com\/index.php\/2023\/03\/12\/flamengo-contrata-zagueiro-e-meia-atacante\/#primaryimage"},"image":{"@id":"https:\/\/www.gaveanews.com\/index.php\/2023\/03\/12\/flamengo-contrata-zagueiro-e-meia-atacante\/#primaryimage"},"thumbnailUrl":"https:\/\/www.gaveanews.com\/wp-content\/uploads\/Marcos-Braz-em-entrevista-coletiva-do-Flamengo-no-Ninho-do-Urubu.webp","datePublished":"2023-03-13T01:32:09+00:00","dateModified":"2023-03-13T01:32:16+00:00","author":{"@id":"https:\/\/www.gaveanews.com\/#\/schema\/person\/2ec14f73fb96be2caf28f91afb14749d"},"breadcrumb":{"@id":"https:\/\/www.gaveanews.com\/index.php\/2023\/03\/12\/flamengo-contrata-zagueiro-e-meia-atacante\/#breadcrumb"},"inLanguage":"pt-BR","potentialAction":[{"@type":"ReadAction","target":["https:\/\/www.gaveanews.com\/index.php\/2023\/03\/12\/flamengo-contrata-zagueiro-e-meia-atacante\/"]}]},{"@type":"ImageObject","inLanguage":"pt-BR","@id":"https:\/\/www.gaveanews.com\/index.php\/2023\/03\/12\/flamengo-contrata-zagueiro-e-meia-atacante\/#primaryimage","url":"https:\/\/www.gaveanews.com\/wp-content\/uploads\/Marcos-Braz-em-entrevista-coletiva-do-Flamengo-no-Ninho-do-Urubu.webp","contentUrl":"https:\/\/www.gaveanews.com\/wp-content\/uploads\/Marcos-Braz-em-entrevista-coletiva-do-Flamengo-no-Ninho-do-Urubu.webp","width":799,"height":533,"caption":"Marcos Braz em entrevista coletiva do Flamengo no Ninho do Urubu (Foto: Gilvan de Souza\/Flamengo)"},{"@type":"BreadcrumbList","@id":"https:\/\/www.gaveanews.com\/index.php\/2023\/03\/12\/flamengo-contrata-zagueiro-e-meia-atacante\/#breadcrumb","itemListElement":[{"@type":"ListItem","position":1,"name":"Home","item":"https:\/\/www.gaveanews.com\/"},{"@type":"ListItem","position":2,"name":"Flamengo contrata zagueiro e meia-atacante"}]},{"@type":"WebSite","@id":"https:\/\/www.gaveanews.com\/#website","url":"https:\/\/www.gaveanews.com\/","name":"G\u00e1vea News","description":"Veja todas as not\u00edcias sobre o Flamengo: Contrata\u00e7\u00f5es, categorias de base, resultados das partidas, tabela de classifica\u00e7\u00e3o, pr\u00f3ximos jogos!","potentialAction":[{"@type":"SearchAction","target":{"@type":"EntryPoint","urlTemplate":"https:\/\/www.gaveanews.com\/?s={search_term_string}"},"query-input":{"@type":"PropertyValueSpecification","valueRequired":true,"valueName":"search_term_string"}}],"inLanguage":"pt-BR"},{"@type":"Person","@id":"https:\/\/www.gaveanews.com\/#\/schema\/person\/2ec14f73fb96be2caf28f91afb14749d","name":"Equipe G\u00e1vea News","image":{"@type":"ImageObject","inLanguage":"pt-BR","@id":"https:\/\/www.gaveanews.com\/#\/schema\/person\/image\/","url":"https:\/\/secure.gravatar.com\/avatar\/1e1956f1facbffd3f8fa53a326721950116b3b9dc9bd44939c01180fd4a745a9?s=96&d=mm&r=g","contentUrl":"https:\/\/secure.gravatar.com\/avatar\/1e1956f1facbffd3f8fa53a326721950116b3b9dc9bd44939c01180fd4a745a9?s=96&d=mm&r=g","caption":"Equipe G\u00e1vea News"}}]}},"_links":{"self":[{"href":"https:\/\/www.gaveanews.com\/index.php\/wp-json\/wp\/v2\/posts\/95271","targetHints":{"allow":["GET"]}}],"collection":[{"href":"https:\/\/www.gaveanews.com\/index.php\/wp-json\/wp\/v2\/posts"}],"about":[{"href":"https:\/\/www.gaveanews.com\/index.php\/wp-json\/wp\/v2\/types\/post"}],"author":[{"embeddable":true,"href":"https:\/\/www.gaveanews.com\/index.php\/wp-json\/wp\/v2\/users\/1"}],"replies":[{"embeddable":true,"href":"https:\/\/www.gaveanews.com\/index.php\/wp-json\/wp\/v2\/comments?post=95271"}],"version-history":[{"count":0,"href":"https:\/\/www.gaveanews.com\/index.php\/wp-json\/wp\/v2\/posts\/95271\/revisions"}],"wp:featuredmedia":[{"embeddable":true,"href":"https:\/\/www.gaveanews.com\/index.php\/wp-json\/wp\/v2\/media\/78521"}],"wp:attachment":[{"href":"https:\/\/www.gaveanews.com\/index.php\/wp-json\/wp\/v2\/media?parent=95271"}],"wp:term":[{"taxonomy":"category","embeddable":true,"href":"https:\/\/www.gaveanews.com\/index.php\/wp-json\/wp\/v2\/categories?post=95271"},{"taxonomy":"post_tag","embeddable":true,"href":"https:\/\/www.gaveanews.com\/index.php\/wp-json\/wp\/v2\/tags?post=95271"}],"curies":[{"name":"wp","href":"https:\/\/api.w.org\/{rel}","templated":true}]}}