{"id":95282,"date":"2023-03-13T08:59:30","date_gmt":"2023-03-13T11:59:30","guid":{"rendered":"https:\/\/www.gaveanews.com\/?p=95282"},"modified":"2023-03-13T08:59:32","modified_gmt":"2023-03-13T11:59:32","slug":"golacos-beijinho-e-provocacao-as-joias-de-flamengo-x-vasco-que-rivalizaram-na-base-e-agora-duelam-no-profissional","status":"publish","type":"post","link":"https:\/\/www.gaveanews.com\/index.php\/2023\/03\/13\/golacos-beijinho-e-provocacao-as-joias-de-flamengo-x-vasco-que-rivalizaram-na-base-e-agora-duelam-no-profissional\/","title":{"rendered":"Gola\u00e7os, beijinho e provoca\u00e7\u00e3o: as joias de Flamengo x Vasco que rivalizaram na base e agora duelam no profissional"},"content":{"rendered":"\n<p>Nesta segunda-feira (13), a partir das 21h10 (de Bras\u00edlia), no Maracan\u00e3, Flamengo e Vasco iniciam a disputa por uma vaga na decis\u00e3o do Campeonato Carioca e, al\u00e9m da grande rivalidade hist\u00f3rica entre os dois clubes, o Cl\u00e1ssico dos Milh\u00f5es tamb\u00e9m vai colocar novamente frente a frente duas joias que j\u00e1 rivalizaram nas categorias de base.<\/p>\n\n\n\n<p>Andrey Santos e Matheus Gon\u00e7alves, volante do Cruzmaltino e meia-atacante do Rubro-Negro, respectivamente, se conhecem bem. Ambos cultivaram uma esp\u00e9cie de &#8216;rivalidade&#8217; na categoria sub-17, como protagonistas de seus times, e se enfrentaram em jogos decisivos.<\/p>\n\n\n\n<p>Nascido em 2004, Andrey, de 18 anos, \u00e9 mais velho do que Matheus, que tem 17. E apesar da pouca idade, o meio-campista j\u00e1 \u00e9 uma realidade e pe\u00e7a-chave no time do t\u00e9cnico Maur\u00edcio Barbieri. Ap\u00f3s ser negociado em definitivo com o Chelsea no in\u00edcio do ano, o jogador voltou a S\u00e3o Janu\u00e1rio por empr\u00e9stimo at\u00e9 julho para mudar o patamar do time, que buscava um atleta com suas qualidades ap\u00f3s a venda para os Blues.<\/p>\n\n\n\n<p>O meio-campista j\u00e1 era um dos xod\u00f3s da torcida cruzmaltina desde a temporada passada, a sua primeira disputada por completo no profissional, quando fez parte da campanha na S\u00e9rie B que recolocou o Vasco na elite do futebol brasileiro. Al\u00e9m do Chelsea, outros clubes tamb\u00e9m se interessaram pela joia, que desempenhou um futebol consistente em 2022.<\/p>\n\n\n\n<p>Matheus Gon\u00e7alves, por sua vez, ainda busca o seu espa\u00e7o no Flamengo. No ano passado, teve a sua primeira chance no profissional, mas n\u00e3o teve uma sequ\u00eancia, algo que s\u00f3 vem tendo em 2023, com cinco partidas disputadas &#8211; uma como titular &#8211; e dois gols marcados. Diferentemente de Andrey, o meia-atacante \u00e9 visto como &#8216;esperan\u00e7a&#8217; no Rubro-Negro.<\/p>\n\n\n\n<p>Sobretudo no quesito &#8216;improviso&#8217;, a joia de 17 anos do Flamengo tem entrado bem nas partidas que fez na temporada. Contra o Vasco, apesar da derrota por 1 a 0, entrou em ritmo acelerado na etapa final, enquanto deixou a sua marca no cl\u00e1ssico contra o Botafogo, garantindo o triunfo no Est\u00e1dio Man\u00e9 Garrincha, em Bras\u00edlia.<\/p>\n\n\n\n<h2 class=\"wp-block-heading\" id=\"h-golacos-e-ate-provocacao\">Gola\u00e7os e at\u00e9 provoca\u00e7\u00e3o<\/h2>\n\n\n\n<p>O ano de 2021 foi marcante na &#8216;rivalidade&#8217; entre Andrey Santos e Matheus Gon\u00e7alves. Vasco e Flamengo fizeram a final do Brasileir\u00e3o sub-17 e foram protagonistas.<\/p>\n\n\n\n<p>No jogo de ida da decis\u00e3o, Matheus Gon\u00e7alves fez 1 a 0 com um gola\u00e7o, mas o Vasco acabou virando e vencendo por 3 a 1, com um belo gol de calcanhar de Andrey.<\/p>\n\n\n\n<p>J\u00e1 na volta, o&nbsp;<em>Rubro-Negro<\/em>&nbsp;goleou por 4 a 1, confirmando a conquista do t\u00edtulo com pintura de Petterson, e na comemora\u00e7\u00e3o Matheus provocou Andrey por ter suspostamente cutucado o Flamengo no primeiro jogo. &#8220;E a\u00ed, Andrey, tu n\u00e3o quer mandar beijinho? Manda beijinho agora! Aqui um beijinho para voc\u00ea&#8221;, disse na ocasi\u00e3o.<\/p>\n\n\n\n<p>Apesar do momento distinto entre as duas joias, uma vez que Andrey j\u00e1 conquistou a sua vaga entre os titulares do Vasco, Matheus Gon\u00e7alves tamb\u00e9m tem um caminho promissor e, nesta temporada, pode buscar o espa\u00e7o que tanto deseja no time principal do Flamengo.<\/p>\n\n\n\n<p>Retirado de: ESPN<\/p>\n","protected":false},"excerpt":{"rendered":"<p>Nesta segunda-feira (13), a partir das 21h10 (de Bras\u00edlia), no Maracan\u00e3, Flamengo e Vasco iniciam a disputa por uma vaga na decis\u00e3o do Campeonato Carioca e, al\u00e9m da grande rivalidade hist\u00f3rica entre os dois clubes, o Cl\u00e1ssico dos Milh\u00f5es tamb\u00e9m vai colocar novamente frente a frente duas joias que j\u00e1 rivalizaram nas categorias de base. [&hellip;]<\/p>\n","protected":false},"author":1,"featured_media":71876,"comment_status":"open","ping_status":"closed","sticky":false,"template":"","format":"standard","meta":{"footnotes":""},"categories":[1],"tags":[],"class_list":["post-95282","post","type-post","status-publish","format-standard","has-post-thumbnail","hentry","category-flamengo"],"yoast_head":"<!-- This site is optimized with the Yoast SEO Premium plugin v24.2 (Yoast SEO v26.9) - https:\/\/yoast.com\/product\/yoast-seo-premium-wordpress\/ -->\n<title>Gola\u00e7os, beijinho e provoca\u00e7\u00e3o: as joias de Flamengo x Vasco que rivalizaram na base e agora duelam no profissional<\/title>\n<meta name=\"robots\" content=\"index, follow, max-snippet:-1, max-image-preview:large, max-video-preview:-1\" \/>\n<link rel=\"canonical\" href=\"https:\/\/www.gaveanews.com\/index.php\/2023\/03\/13\/golacos-beijinho-e-provocacao-as-joias-de-flamengo-x-vasco-que-rivalizaram-na-base-e-agora-duelam-no-profissional\/\" \/>\n<meta property=\"og:locale\" content=\"pt_BR\" \/>\n<meta property=\"og:type\" content=\"article\" \/>\n<meta property=\"og:title\" content=\"Gola\u00e7os, beijinho e provoca\u00e7\u00e3o: as joias de Flamengo x Vasco que rivalizaram na base e agora duelam no profissional\" \/>\n<meta property=\"og:description\" content=\"Nesta segunda-feira (13), a partir das 21h10 (de Bras\u00edlia), no Maracan\u00e3, Flamengo e Vasco iniciam a disputa por uma vaga na decis\u00e3o do Campeonato Carioca e, al\u00e9m da grande rivalidade hist\u00f3rica entre os dois clubes, o Cl\u00e1ssico dos Milh\u00f5es tamb\u00e9m vai colocar novamente frente a frente duas joias que j\u00e1 rivalizaram nas categorias de base. [&hellip;]\" \/>\n<meta property=\"og:url\" content=\"https:\/\/www.gaveanews.com\/index.php\/2023\/03\/13\/golacos-beijinho-e-provocacao-as-joias-de-flamengo-x-vasco-que-rivalizaram-na-base-e-agora-duelam-no-profissional\/\" \/>\n<meta property=\"og:site_name\" content=\"G\u00e1vea News\" \/>\n<meta property=\"article:publisher\" content=\"https:\/\/facebook.com\/gaveaNews\/\" \/>\n<meta property=\"article:published_time\" content=\"2023-03-13T11:59:30+00:00\" \/>\n<meta property=\"article:modified_time\" content=\"2023-03-13T11:59:32+00:00\" \/>\n<meta property=\"og:image\" content=\"https:\/\/www.gaveanews.com\/wp-content\/uploads\/Matheus-Goncalves-comemora-conquista-do-Flamengo-na-Copa-do-Brasil-Sub-17.webp\" \/>\n\t<meta property=\"og:image:width\" content=\"799\" \/>\n\t<meta property=\"og:image:height\" content=\"533\" \/>\n\t<meta property=\"og:image:type\" content=\"image\/jpeg\" \/>\n<meta name=\"author\" content=\"Equipe G\u00e1vea News\" \/>\n<meta name=\"twitter:card\" content=\"summary_large_image\" \/>\n<meta name=\"twitter:label1\" content=\"Escrito por\" \/>\n\t<meta name=\"twitter:data1\" content=\"Equipe G\u00e1vea News\" \/>\n\t<meta name=\"twitter:label2\" content=\"Est. tempo de leitura\" \/>\n\t<meta name=\"twitter:data2\" content=\"3 minutos\" \/>\n<script type=\"application\/ld+json\" class=\"yoast-schema-graph\">{\"@context\":\"https:\/\/schema.org\",\"@graph\":[{\"@type\":\"NewsArticle\",\"@id\":\"https:\/\/www.gaveanews.com\/index.php\/2023\/03\/13\/golacos-beijinho-e-provocacao-as-joias-de-flamengo-x-vasco-que-rivalizaram-na-base-e-agora-duelam-no-profissional\/#article\",\"isPartOf\":{\"@id\":\"https:\/\/www.gaveanews.com\/index.php\/2023\/03\/13\/golacos-beijinho-e-provocacao-as-joias-de-flamengo-x-vasco-que-rivalizaram-na-base-e-agora-duelam-no-profissional\/\"},\"author\":{\"name\":\"Equipe G\u00e1vea News\",\"@id\":\"https:\/\/www.gaveanews.com\/#\/schema\/person\/2ec14f73fb96be2caf28f91afb14749d\"},\"headline\":\"Gola\u00e7os, beijinho e provoca\u00e7\u00e3o: as joias de Flamengo x Vasco que rivalizaram na base e agora duelam no profissional\",\"datePublished\":\"2023-03-13T11:59:30+00:00\",\"dateModified\":\"2023-03-13T11:59:32+00:00\",\"mainEntityOfPage\":{\"@id\":\"https:\/\/www.gaveanews.com\/index.php\/2023\/03\/13\/golacos-beijinho-e-provocacao-as-joias-de-flamengo-x-vasco-que-rivalizaram-na-base-e-agora-duelam-no-profissional\/\"},\"wordCount\":549,\"commentCount\":0,\"image\":{\"@id\":\"https:\/\/www.gaveanews.com\/index.php\/2023\/03\/13\/golacos-beijinho-e-provocacao-as-joias-de-flamengo-x-vasco-que-rivalizaram-na-base-e-agora-duelam-no-profissional\/#primaryimage\"},\"thumbnailUrl\":\"https:\/\/www.gaveanews.com\/wp-content\/uploads\/Matheus-Goncalves-comemora-conquista-do-Flamengo-na-Copa-do-Brasil-Sub-17.webp\",\"articleSection\":[\"Flamengo\"],\"inLanguage\":\"pt-BR\",\"potentialAction\":[{\"@type\":\"CommentAction\",\"name\":\"Comment\",\"target\":[\"https:\/\/www.gaveanews.com\/index.php\/2023\/03\/13\/golacos-beijinho-e-provocacao-as-joias-de-flamengo-x-vasco-que-rivalizaram-na-base-e-agora-duelam-no-profissional\/#respond\"]}],\"copyrightYear\":\"2023\",\"copyrightHolder\":{\"@id\":\"https:\/\/www.gaveanews.com\/#organization\"}},{\"@type\":\"WebPage\",\"@id\":\"https:\/\/www.gaveanews.com\/index.php\/2023\/03\/13\/golacos-beijinho-e-provocacao-as-joias-de-flamengo-x-vasco-que-rivalizaram-na-base-e-agora-duelam-no-profissional\/\",\"url\":\"https:\/\/www.gaveanews.com\/index.php\/2023\/03\/13\/golacos-beijinho-e-provocacao-as-joias-de-flamengo-x-vasco-que-rivalizaram-na-base-e-agora-duelam-no-profissional\/\",\"name\":\"Gola\u00e7os, beijinho e provoca\u00e7\u00e3o: as joias de Flamengo x Vasco que rivalizaram na base e agora duelam no profissional\",\"isPartOf\":{\"@id\":\"https:\/\/www.gaveanews.com\/#website\"},\"primaryImageOfPage\":{\"@id\":\"https:\/\/www.gaveanews.com\/index.php\/2023\/03\/13\/golacos-beijinho-e-provocacao-as-joias-de-flamengo-x-vasco-que-rivalizaram-na-base-e-agora-duelam-no-profissional\/#primaryimage\"},\"image\":{\"@id\":\"https:\/\/www.gaveanews.com\/index.php\/2023\/03\/13\/golacos-beijinho-e-provocacao-as-joias-de-flamengo-x-vasco-que-rivalizaram-na-base-e-agora-duelam-no-profissional\/#primaryimage\"},\"thumbnailUrl\":\"https:\/\/www.gaveanews.com\/wp-content\/uploads\/Matheus-Goncalves-comemora-conquista-do-Flamengo-na-Copa-do-Brasil-Sub-17.webp\",\"datePublished\":\"2023-03-13T11:59:30+00:00\",\"dateModified\":\"2023-03-13T11:59:32+00:00\",\"author\":{\"@id\":\"https:\/\/www.gaveanews.com\/#\/schema\/person\/2ec14f73fb96be2caf28f91afb14749d\"},\"breadcrumb\":{\"@id\":\"https:\/\/www.gaveanews.com\/index.php\/2023\/03\/13\/golacos-beijinho-e-provocacao-as-joias-de-flamengo-x-vasco-que-rivalizaram-na-base-e-agora-duelam-no-profissional\/#breadcrumb\"},\"inLanguage\":\"pt-BR\",\"potentialAction\":[{\"@type\":\"ReadAction\",\"target\":[\"https:\/\/www.gaveanews.com\/index.php\/2023\/03\/13\/golacos-beijinho-e-provocacao-as-joias-de-flamengo-x-vasco-que-rivalizaram-na-base-e-agora-duelam-no-profissional\/\"]}]},{\"@type\":\"ImageObject\",\"inLanguage\":\"pt-BR\",\"@id\":\"https:\/\/www.gaveanews.com\/index.php\/2023\/03\/13\/golacos-beijinho-e-provocacao-as-joias-de-flamengo-x-vasco-que-rivalizaram-na-base-e-agora-duelam-no-profissional\/#primaryimage\",\"url\":\"https:\/\/www.gaveanews.com\/wp-content\/uploads\/Matheus-Goncalves-comemora-conquista-do-Flamengo-na-Copa-do-Brasil-Sub-17.webp\",\"contentUrl\":\"https:\/\/www.gaveanews.com\/wp-content\/uploads\/Matheus-Goncalves-comemora-conquista-do-Flamengo-na-Copa-do-Brasil-Sub-17.webp\",\"width\":799,\"height\":533,\"caption\":\"Matheus Gon\u00e7alves comemora conquista do Flamengo na Copa do Brasil Sub-17 (Foto: Gilvan de Souza\/Flamengo)\"},{\"@type\":\"BreadcrumbList\",\"@id\":\"https:\/\/www.gaveanews.com\/index.php\/2023\/03\/13\/golacos-beijinho-e-provocacao-as-joias-de-flamengo-x-vasco-que-rivalizaram-na-base-e-agora-duelam-no-profissional\/#breadcrumb\",\"itemListElement\":[{\"@type\":\"ListItem\",\"position\":1,\"name\":\"Home\",\"item\":\"https:\/\/www.gaveanews.com\/\"},{\"@type\":\"ListItem\",\"position\":2,\"name\":\"Gola\u00e7os, beijinho e provoca\u00e7\u00e3o: as joias de Flamengo x Vasco que rivalizaram na base e agora duelam no profissional\"}]},{\"@type\":\"WebSite\",\"@id\":\"https:\/\/www.gaveanews.com\/#website\",\"url\":\"https:\/\/www.gaveanews.com\/\",\"name\":\"G\u00e1vea News\",\"description\":\"Veja todas as not\u00edcias sobre o Flamengo: Contrata\u00e7\u00f5es, categorias de base, resultados das partidas, tabela de classifica\u00e7\u00e3o, pr\u00f3ximos jogos!\",\"potentialAction\":[{\"@type\":\"SearchAction\",\"target\":{\"@type\":\"EntryPoint\",\"urlTemplate\":\"https:\/\/www.gaveanews.com\/?s={search_term_string}\"},\"query-input\":{\"@type\":\"PropertyValueSpecification\",\"valueRequired\":true,\"valueName\":\"search_term_string\"}}],\"inLanguage\":\"pt-BR\"},{\"@type\":\"Person\",\"@id\":\"https:\/\/www.gaveanews.com\/#\/schema\/person\/2ec14f73fb96be2caf28f91afb14749d\",\"name\":\"Equipe G\u00e1vea News\",\"image\":{\"@type\":\"ImageObject\",\"inLanguage\":\"pt-BR\",\"@id\":\"https:\/\/www.gaveanews.com\/#\/schema\/person\/image\/\",\"url\":\"https:\/\/secure.gravatar.com\/avatar\/1e1956f1facbffd3f8fa53a326721950116b3b9dc9bd44939c01180fd4a745a9?s=96&d=mm&r=g\",\"contentUrl\":\"https:\/\/secure.gravatar.com\/avatar\/1e1956f1facbffd3f8fa53a326721950116b3b9dc9bd44939c01180fd4a745a9?s=96&d=mm&r=g\",\"caption\":\"Equipe G\u00e1vea News\"}}]}<\/script>\n<!-- \/ Yoast SEO Premium plugin. -->","yoast_head_json":{"title":"Gola\u00e7os, beijinho e provoca\u00e7\u00e3o: as joias de Flamengo x Vasco que rivalizaram na base e agora duelam no profissional","robots":{"index":"index","follow":"follow","max-snippet":"max-snippet:-1","max-image-preview":"max-image-preview:large","max-video-preview":"max-video-preview:-1"},"canonical":"https:\/\/www.gaveanews.com\/index.php\/2023\/03\/13\/golacos-beijinho-e-provocacao-as-joias-de-flamengo-x-vasco-que-rivalizaram-na-base-e-agora-duelam-no-profissional\/","og_locale":"pt_BR","og_type":"article","og_title":"Gola\u00e7os, beijinho e provoca\u00e7\u00e3o: as joias de Flamengo x Vasco que rivalizaram na base e agora duelam no profissional","og_description":"Nesta segunda-feira (13), a partir das 21h10 (de Bras\u00edlia), no Maracan\u00e3, Flamengo e Vasco iniciam a disputa por uma vaga na decis\u00e3o do Campeonato Carioca e, al\u00e9m da grande rivalidade hist\u00f3rica entre os dois clubes, o Cl\u00e1ssico dos Milh\u00f5es tamb\u00e9m vai colocar novamente frente a frente duas joias que j\u00e1 rivalizaram nas categorias de base. [&hellip;]","og_url":"https:\/\/www.gaveanews.com\/index.php\/2023\/03\/13\/golacos-beijinho-e-provocacao-as-joias-de-flamengo-x-vasco-que-rivalizaram-na-base-e-agora-duelam-no-profissional\/","og_site_name":"G\u00e1vea News","article_publisher":"https:\/\/facebook.com\/gaveaNews\/","article_published_time":"2023-03-13T11:59:30+00:00","article_modified_time":"2023-03-13T11:59:32+00:00","og_image":[{"width":799,"height":533,"url":"https:\/\/www.gaveanews.com\/wp-content\/uploads\/Matheus-Goncalves-comemora-conquista-do-Flamengo-na-Copa-do-Brasil-Sub-17.webp","type":"image\/jpeg"}],"author":"Equipe G\u00e1vea News","twitter_card":"summary_large_image","twitter_misc":{"Escrito por":"Equipe G\u00e1vea News","Est. tempo de leitura":"3 minutos"},"schema":{"@context":"https:\/\/schema.org","@graph":[{"@type":"NewsArticle","@id":"https:\/\/www.gaveanews.com\/index.php\/2023\/03\/13\/golacos-beijinho-e-provocacao-as-joias-de-flamengo-x-vasco-que-rivalizaram-na-base-e-agora-duelam-no-profissional\/#article","isPartOf":{"@id":"https:\/\/www.gaveanews.com\/index.php\/2023\/03\/13\/golacos-beijinho-e-provocacao-as-joias-de-flamengo-x-vasco-que-rivalizaram-na-base-e-agora-duelam-no-profissional\/"},"author":{"name":"Equipe G\u00e1vea News","@id":"https:\/\/www.gaveanews.com\/#\/schema\/person\/2ec14f73fb96be2caf28f91afb14749d"},"headline":"Gola\u00e7os, beijinho e provoca\u00e7\u00e3o: as joias de Flamengo x Vasco que rivalizaram na base e agora duelam no profissional","datePublished":"2023-03-13T11:59:30+00:00","dateModified":"2023-03-13T11:59:32+00:00","mainEntityOfPage":{"@id":"https:\/\/www.gaveanews.com\/index.php\/2023\/03\/13\/golacos-beijinho-e-provocacao-as-joias-de-flamengo-x-vasco-que-rivalizaram-na-base-e-agora-duelam-no-profissional\/"},"wordCount":549,"commentCount":0,"image":{"@id":"https:\/\/www.gaveanews.com\/index.php\/2023\/03\/13\/golacos-beijinho-e-provocacao-as-joias-de-flamengo-x-vasco-que-rivalizaram-na-base-e-agora-duelam-no-profissional\/#primaryimage"},"thumbnailUrl":"https:\/\/www.gaveanews.com\/wp-content\/uploads\/Matheus-Goncalves-comemora-conquista-do-Flamengo-na-Copa-do-Brasil-Sub-17.webp","articleSection":["Flamengo"],"inLanguage":"pt-BR","potentialAction":[{"@type":"CommentAction","name":"Comment","target":["https:\/\/www.gaveanews.com\/index.php\/2023\/03\/13\/golacos-beijinho-e-provocacao-as-joias-de-flamengo-x-vasco-que-rivalizaram-na-base-e-agora-duelam-no-profissional\/#respond"]}],"copyrightYear":"2023","copyrightHolder":{"@id":"https:\/\/www.gaveanews.com\/#organization"}},{"@type":"WebPage","@id":"https:\/\/www.gaveanews.com\/index.php\/2023\/03\/13\/golacos-beijinho-e-provocacao-as-joias-de-flamengo-x-vasco-que-rivalizaram-na-base-e-agora-duelam-no-profissional\/","url":"https:\/\/www.gaveanews.com\/index.php\/2023\/03\/13\/golacos-beijinho-e-provocacao-as-joias-de-flamengo-x-vasco-que-rivalizaram-na-base-e-agora-duelam-no-profissional\/","name":"Gola\u00e7os, beijinho e provoca\u00e7\u00e3o: as joias de Flamengo x Vasco que rivalizaram na base e agora duelam no profissional","isPartOf":{"@id":"https:\/\/www.gaveanews.com\/#website"},"primaryImageOfPage":{"@id":"https:\/\/www.gaveanews.com\/index.php\/2023\/03\/13\/golacos-beijinho-e-provocacao-as-joias-de-flamengo-x-vasco-que-rivalizaram-na-base-e-agora-duelam-no-profissional\/#primaryimage"},"image":{"@id":"https:\/\/www.gaveanews.com\/index.php\/2023\/03\/13\/golacos-beijinho-e-provocacao-as-joias-de-flamengo-x-vasco-que-rivalizaram-na-base-e-agora-duelam-no-profissional\/#primaryimage"},"thumbnailUrl":"https:\/\/www.gaveanews.com\/wp-content\/uploads\/Matheus-Goncalves-comemora-conquista-do-Flamengo-na-Copa-do-Brasil-Sub-17.webp","datePublished":"2023-03-13T11:59:30+00:00","dateModified":"2023-03-13T11:59:32+00:00","author":{"@id":"https:\/\/www.gaveanews.com\/#\/schema\/person\/2ec14f73fb96be2caf28f91afb14749d"},"breadcrumb":{"@id":"https:\/\/www.gaveanews.com\/index.php\/2023\/03\/13\/golacos-beijinho-e-provocacao-as-joias-de-flamengo-x-vasco-que-rivalizaram-na-base-e-agora-duelam-no-profissional\/#breadcrumb"},"inLanguage":"pt-BR","potentialAction":[{"@type":"ReadAction","target":["https:\/\/www.gaveanews.com\/index.php\/2023\/03\/13\/golacos-beijinho-e-provocacao-as-joias-de-flamengo-x-vasco-que-rivalizaram-na-base-e-agora-duelam-no-profissional\/"]}]},{"@type":"ImageObject","inLanguage":"pt-BR","@id":"https:\/\/www.gaveanews.com\/index.php\/2023\/03\/13\/golacos-beijinho-e-provocacao-as-joias-de-flamengo-x-vasco-que-rivalizaram-na-base-e-agora-duelam-no-profissional\/#primaryimage","url":"https:\/\/www.gaveanews.com\/wp-content\/uploads\/Matheus-Goncalves-comemora-conquista-do-Flamengo-na-Copa-do-Brasil-Sub-17.webp","contentUrl":"https:\/\/www.gaveanews.com\/wp-content\/uploads\/Matheus-Goncalves-comemora-conquista-do-Flamengo-na-Copa-do-Brasil-Sub-17.webp","width":799,"height":533,"caption":"Matheus Gon\u00e7alves comemora conquista do Flamengo na Copa do Brasil Sub-17 (Foto: Gilvan de Souza\/Flamengo)"},{"@type":"BreadcrumbList","@id":"https:\/\/www.gaveanews.com\/index.php\/2023\/03\/13\/golacos-beijinho-e-provocacao-as-joias-de-flamengo-x-vasco-que-rivalizaram-na-base-e-agora-duelam-no-profissional\/#breadcrumb","itemListElement":[{"@type":"ListItem","position":1,"name":"Home","item":"https:\/\/www.gaveanews.com\/"},{"@type":"ListItem","position":2,"name":"Gola\u00e7os, beijinho e provoca\u00e7\u00e3o: as joias de Flamengo x Vasco que rivalizaram na base e agora duelam no profissional"}]},{"@type":"WebSite","@id":"https:\/\/www.gaveanews.com\/#website","url":"https:\/\/www.gaveanews.com\/","name":"G\u00e1vea News","description":"Veja todas as not\u00edcias sobre o Flamengo: Contrata\u00e7\u00f5es, categorias de base, resultados das partidas, tabela de classifica\u00e7\u00e3o, pr\u00f3ximos jogos!","potentialAction":[{"@type":"SearchAction","target":{"@type":"EntryPoint","urlTemplate":"https:\/\/www.gaveanews.com\/?s={search_term_string}"},"query-input":{"@type":"PropertyValueSpecification","valueRequired":true,"valueName":"search_term_string"}}],"inLanguage":"pt-BR"},{"@type":"Person","@id":"https:\/\/www.gaveanews.com\/#\/schema\/person\/2ec14f73fb96be2caf28f91afb14749d","name":"Equipe G\u00e1vea News","image":{"@type":"ImageObject","inLanguage":"pt-BR","@id":"https:\/\/www.gaveanews.com\/#\/schema\/person\/image\/","url":"https:\/\/secure.gravatar.com\/avatar\/1e1956f1facbffd3f8fa53a326721950116b3b9dc9bd44939c01180fd4a745a9?s=96&d=mm&r=g","contentUrl":"https:\/\/secure.gravatar.com\/avatar\/1e1956f1facbffd3f8fa53a326721950116b3b9dc9bd44939c01180fd4a745a9?s=96&d=mm&r=g","caption":"Equipe G\u00e1vea News"}}]}},"_links":{"self":[{"href":"https:\/\/www.gaveanews.com\/index.php\/wp-json\/wp\/v2\/posts\/95282","targetHints":{"allow":["GET"]}}],"collection":[{"href":"https:\/\/www.gaveanews.com\/index.php\/wp-json\/wp\/v2\/posts"}],"about":[{"href":"https:\/\/www.gaveanews.com\/index.php\/wp-json\/wp\/v2\/types\/post"}],"author":[{"embeddable":true,"href":"https:\/\/www.gaveanews.com\/index.php\/wp-json\/wp\/v2\/users\/1"}],"replies":[{"embeddable":true,"href":"https:\/\/www.gaveanews.com\/index.php\/wp-json\/wp\/v2\/comments?post=95282"}],"version-history":[{"count":0,"href":"https:\/\/www.gaveanews.com\/index.php\/wp-json\/wp\/v2\/posts\/95282\/revisions"}],"wp:featuredmedia":[{"embeddable":true,"href":"https:\/\/www.gaveanews.com\/index.php\/wp-json\/wp\/v2\/media\/71876"}],"wp:attachment":[{"href":"https:\/\/www.gaveanews.com\/index.php\/wp-json\/wp\/v2\/media?parent=95282"}],"wp:term":[{"taxonomy":"category","embeddable":true,"href":"https:\/\/www.gaveanews.com\/index.php\/wp-json\/wp\/v2\/categories?post=95282"},{"taxonomy":"post_tag","embeddable":true,"href":"https:\/\/www.gaveanews.com\/index.php\/wp-json\/wp\/v2\/tags?post=95282"}],"curies":[{"name":"wp","href":"https:\/\/api.w.org\/{rel}","templated":true}]}}