{"id":95293,"date":"2023-03-13T14:34:48","date_gmt":"2023-03-13T17:34:48","guid":{"rendered":"https:\/\/www.gaveanews.com\/?p=95293"},"modified":"2024-04-06T23:03:44","modified_gmt":"2024-04-07T02:03:44","slug":"mauro-cezar-pereira-revela-fim-de-misterio-nos-bastidores-do-flamengo-x-9-ja-e-conhecido","status":"publish","type":"post","link":"https:\/\/www.gaveanews.com\/index.php\/2023\/03\/13\/mauro-cezar-pereira-revela-fim-de-misterio-nos-bastidores-do-flamengo-x-9-ja-e-conhecido\/","title":{"rendered":"Mauro Cezar Pereira revela fim de mist\u00e9rio nos bastidores do Flamengo: \u201cX-9 j\u00e1 \u00e9 conhecido\u201d"},"content":{"rendered":"\n<p>Em nova etapa do Campeonato Carioca, que se encontra no mata-mata, Flamengo e Vasco voltam a se enfrentar nesta segunda-feira (13). Antes da bola rolar no Cl\u00e1ssico dos Milh\u00f5es, o vazamento da poss\u00edvel escala\u00e7\u00e3o que V\u00edtor Pereira ir\u00e1 utilizar no embate causou uma forte repercuss\u00e3o nas redes sociais. Dessa forma, segundo Mauro Cezar Pereira, o informante que estava repassando o modelo de jogo do portugu\u00eas j\u00e1 teria sido identificado e seu nome repassado para o comandante.<\/p>\n\n\n\n<p>Ainda que o nome do jornalista Ven\u00ea Casagrande n\u00e3o tenha sido citado, o rep\u00f3rter do SBT revelou que o Flamengo vai ter mudan\u00e7as no confronto. De acordo com o profissional, VP ir\u00e1 utilizar: Matheus Cunha (Santos); Pablo, Fabr\u00edcio Bruno e Rodrigo Caio; Matheuzinho, Vidal, Thiago Maia e Ayrton Lucas; Arrascaeta, Gabigol e Pedro.<\/p>\n\n\n\n<p>\u201cSoube que o X-9 j\u00e1 \u00e9 conhecido. Parece que sim (foi revelado). N\u00e3o vou citar o nome porque n\u00e3o posso provar, mas parece que descobriram quem \u00e9 o X-9 e o t\u00e9cnico teria sido informado. N\u00e3o sei se antes ou depois, mas acho que foi depois de ter vazado mais uma escala\u00e7\u00e3o.\u201c, disse Mauro Cezar no podcast Posse de Bola, do UOL Esporte.<\/p>\n\n\n\n<h2 class=\"wp-block-heading\" id=\"h-mudancas-no-flamengo\">Mudan\u00e7as no Flamengo<\/h2>\n\n\n\n<p>Como o Flamengo est\u00e1 em desvantagem nas semifinais do Carioca, Mauro Cezar destacou que V\u00edtor Pereira precisa mudar o time em rela\u00e7\u00e3o ao duelo com o Fluminense. Neste cen\u00e1rio, a tend\u00eancia \u00e9 que o Vasco aguarde o advers\u00e1rio para sair nos contra-ataques, algo que ocorreu na primeira partida.<\/p>\n\n\n\n<p>\u201c<em>Ele vai mudar o time, tem que mudar. \u00c9 diferente da maneira de enfrentar o Fluminense. Vasco deve jogar marcando l\u00e1 atr\u00e1s, embora o Barbieri goste de jogar com a posse de bola. S\u00e3o dois jogos, o mando do Vasco \u00e9 no segundo jogo e o Vasco joga por dois resultados. Mesmo no jogo que tinha que vencer, jogou esperando o Flamengo do que ocupando o campo de ataque\u201d<\/em>, opinou.<\/p>\n\n\n\n<p>Retirado de: Torcedores<\/p>\n","protected":false},"excerpt":{"rendered":"<p>Em nova etapa do Campeonato Carioca, que se encontra no mata-mata, Flamengo e Vasco voltam a se enfrentar nesta segunda-feira (13). Antes da bola rolar no Cl\u00e1ssico dos Milh\u00f5es, o vazamento da poss\u00edvel escala\u00e7\u00e3o que V\u00edtor Pereira ir\u00e1 utilizar no embate causou uma forte repercuss\u00e3o nas redes sociais. Dessa forma, segundo Mauro Cezar Pereira, o [&hellip;]<\/p>\n","protected":false},"author":1,"featured_media":56367,"comment_status":"open","ping_status":"closed","sticky":false,"template":"","format":"standard","meta":{"footnotes":""},"categories":[1],"tags":[170],"class_list":["post-95293","post","type-post","status-publish","format-standard","has-post-thumbnail","hentry","category-flamengo","tag-mauro-cezar-pereira"],"yoast_head":"<!-- This site is optimized with the Yoast SEO Premium plugin v24.2 (Yoast SEO v26.9) - https:\/\/yoast.com\/product\/yoast-seo-premium-wordpress\/ -->\n<title>Mauro Cezar Pereira revela fim de mist\u00e9rio nos bastidores do Flamengo: \u201cX-9 j\u00e1 \u00e9 conhecido\u201d<\/title>\n<meta name=\"robots\" content=\"index, follow, max-snippet:-1, max-image-preview:large, max-video-preview:-1\" \/>\n<link rel=\"canonical\" href=\"https:\/\/www.gaveanews.com\/index.php\/2023\/03\/13\/mauro-cezar-pereira-revela-fim-de-misterio-nos-bastidores-do-flamengo-x-9-ja-e-conhecido\/\" \/>\n<meta property=\"og:locale\" content=\"pt_BR\" \/>\n<meta property=\"og:type\" content=\"article\" \/>\n<meta property=\"og:title\" content=\"Mauro Cezar Pereira revela fim de mist\u00e9rio nos bastidores do Flamengo: \u201cX-9 j\u00e1 \u00e9 conhecido\u201d\" \/>\n<meta property=\"og:description\" content=\"Em nova etapa do Campeonato Carioca, que se encontra no mata-mata, Flamengo e Vasco voltam a se enfrentar nesta segunda-feira (13). Antes da bola rolar no Cl\u00e1ssico dos Milh\u00f5es, o vazamento da poss\u00edvel escala\u00e7\u00e3o que V\u00edtor Pereira ir\u00e1 utilizar no embate causou uma forte repercuss\u00e3o nas redes sociais. Dessa forma, segundo Mauro Cezar Pereira, o [&hellip;]\" \/>\n<meta property=\"og:url\" content=\"https:\/\/www.gaveanews.com\/index.php\/2023\/03\/13\/mauro-cezar-pereira-revela-fim-de-misterio-nos-bastidores-do-flamengo-x-9-ja-e-conhecido\/\" \/>\n<meta property=\"og:site_name\" content=\"G\u00e1vea News\" \/>\n<meta property=\"article:publisher\" content=\"https:\/\/facebook.com\/gaveaNews\/\" \/>\n<meta property=\"article:published_time\" content=\"2023-03-13T17:34:48+00:00\" \/>\n<meta property=\"article:modified_time\" content=\"2024-04-07T02:03:44+00:00\" \/>\n<meta property=\"og:image\" content=\"https:\/\/www.gaveanews.com\/wp-content\/uploads\/Mauro-Cezar-em-participacao-na-Uol-Esporte.webp\" \/>\n\t<meta property=\"og:image:width\" content=\"900\" \/>\n\t<meta property=\"og:image:height\" content=\"506\" \/>\n\t<meta property=\"og:image:type\" content=\"image\/png\" \/>\n<meta name=\"author\" content=\"Equipe G\u00e1vea News\" \/>\n<meta name=\"twitter:card\" content=\"summary_large_image\" \/>\n<meta name=\"twitter:label1\" content=\"Escrito por\" \/>\n\t<meta name=\"twitter:data1\" content=\"Equipe G\u00e1vea News\" \/>\n\t<meta name=\"twitter:label2\" content=\"Est. tempo de leitura\" \/>\n\t<meta name=\"twitter:data2\" content=\"2 minutos\" \/>\n<script type=\"application\/ld+json\" class=\"yoast-schema-graph\">{\"@context\":\"https:\/\/schema.org\",\"@graph\":[{\"@type\":\"NewsArticle\",\"@id\":\"https:\/\/www.gaveanews.com\/index.php\/2023\/03\/13\/mauro-cezar-pereira-revela-fim-de-misterio-nos-bastidores-do-flamengo-x-9-ja-e-conhecido\/#article\",\"isPartOf\":{\"@id\":\"https:\/\/www.gaveanews.com\/index.php\/2023\/03\/13\/mauro-cezar-pereira-revela-fim-de-misterio-nos-bastidores-do-flamengo-x-9-ja-e-conhecido\/\"},\"author\":{\"name\":\"Equipe G\u00e1vea News\",\"@id\":\"https:\/\/www.gaveanews.com\/#\/schema\/person\/2ec14f73fb96be2caf28f91afb14749d\"},\"headline\":\"Mauro Cezar Pereira revela fim de mist\u00e9rio nos bastidores do Flamengo: \u201cX-9 j\u00e1 \u00e9 conhecido\u201d\",\"datePublished\":\"2023-03-13T17:34:48+00:00\",\"dateModified\":\"2024-04-07T02:03:44+00:00\",\"mainEntityOfPage\":{\"@id\":\"https:\/\/www.gaveanews.com\/index.php\/2023\/03\/13\/mauro-cezar-pereira-revela-fim-de-misterio-nos-bastidores-do-flamengo-x-9-ja-e-conhecido\/\"},\"wordCount\":349,\"commentCount\":0,\"image\":{\"@id\":\"https:\/\/www.gaveanews.com\/index.php\/2023\/03\/13\/mauro-cezar-pereira-revela-fim-de-misterio-nos-bastidores-do-flamengo-x-9-ja-e-conhecido\/#primaryimage\"},\"thumbnailUrl\":\"https:\/\/www.gaveanews.com\/wp-content\/uploads\/Mauro-Cezar-em-participacao-na-Uol-Esporte.webp\",\"keywords\":[\"Mauro Cezar Pereira\"],\"articleSection\":[\"Flamengo\"],\"inLanguage\":\"pt-BR\",\"potentialAction\":[{\"@type\":\"CommentAction\",\"name\":\"Comment\",\"target\":[\"https:\/\/www.gaveanews.com\/index.php\/2023\/03\/13\/mauro-cezar-pereira-revela-fim-de-misterio-nos-bastidores-do-flamengo-x-9-ja-e-conhecido\/#respond\"]}],\"copyrightYear\":\"2023\",\"copyrightHolder\":{\"@id\":\"https:\/\/www.gaveanews.com\/#organization\"}},{\"@type\":\"WebPage\",\"@id\":\"https:\/\/www.gaveanews.com\/index.php\/2023\/03\/13\/mauro-cezar-pereira-revela-fim-de-misterio-nos-bastidores-do-flamengo-x-9-ja-e-conhecido\/\",\"url\":\"https:\/\/www.gaveanews.com\/index.php\/2023\/03\/13\/mauro-cezar-pereira-revela-fim-de-misterio-nos-bastidores-do-flamengo-x-9-ja-e-conhecido\/\",\"name\":\"Mauro Cezar Pereira revela fim de mist\u00e9rio nos bastidores do Flamengo: \u201cX-9 j\u00e1 \u00e9 conhecido\u201d\",\"isPartOf\":{\"@id\":\"https:\/\/www.gaveanews.com\/#website\"},\"primaryImageOfPage\":{\"@id\":\"https:\/\/www.gaveanews.com\/index.php\/2023\/03\/13\/mauro-cezar-pereira-revela-fim-de-misterio-nos-bastidores-do-flamengo-x-9-ja-e-conhecido\/#primaryimage\"},\"image\":{\"@id\":\"https:\/\/www.gaveanews.com\/index.php\/2023\/03\/13\/mauro-cezar-pereira-revela-fim-de-misterio-nos-bastidores-do-flamengo-x-9-ja-e-conhecido\/#primaryimage\"},\"thumbnailUrl\":\"https:\/\/www.gaveanews.com\/wp-content\/uploads\/Mauro-Cezar-em-participacao-na-Uol-Esporte.webp\",\"datePublished\":\"2023-03-13T17:34:48+00:00\",\"dateModified\":\"2024-04-07T02:03:44+00:00\",\"author\":{\"@id\":\"https:\/\/www.gaveanews.com\/#\/schema\/person\/2ec14f73fb96be2caf28f91afb14749d\"},\"breadcrumb\":{\"@id\":\"https:\/\/www.gaveanews.com\/index.php\/2023\/03\/13\/mauro-cezar-pereira-revela-fim-de-misterio-nos-bastidores-do-flamengo-x-9-ja-e-conhecido\/#breadcrumb\"},\"inLanguage\":\"pt-BR\",\"potentialAction\":[{\"@type\":\"ReadAction\",\"target\":[\"https:\/\/www.gaveanews.com\/index.php\/2023\/03\/13\/mauro-cezar-pereira-revela-fim-de-misterio-nos-bastidores-do-flamengo-x-9-ja-e-conhecido\/\"]}]},{\"@type\":\"ImageObject\",\"inLanguage\":\"pt-BR\",\"@id\":\"https:\/\/www.gaveanews.com\/index.php\/2023\/03\/13\/mauro-cezar-pereira-revela-fim-de-misterio-nos-bastidores-do-flamengo-x-9-ja-e-conhecido\/#primaryimage\",\"url\":\"https:\/\/www.gaveanews.com\/wp-content\/uploads\/Mauro-Cezar-em-participacao-na-Uol-Esporte.webp\",\"contentUrl\":\"https:\/\/www.gaveanews.com\/wp-content\/uploads\/Mauro-Cezar-em-participacao-na-Uol-Esporte.webp\",\"width\":900,\"height\":506,\"caption\":\"Mauro Cezar, comentarista da UOL Esporte (Foto: Reprodu\u00e7\u00e3o\/UOL Esporte)\"},{\"@type\":\"BreadcrumbList\",\"@id\":\"https:\/\/www.gaveanews.com\/index.php\/2023\/03\/13\/mauro-cezar-pereira-revela-fim-de-misterio-nos-bastidores-do-flamengo-x-9-ja-e-conhecido\/#breadcrumb\",\"itemListElement\":[{\"@type\":\"ListItem\",\"position\":1,\"name\":\"Home\",\"item\":\"https:\/\/www.gaveanews.com\/\"},{\"@type\":\"ListItem\",\"position\":2,\"name\":\"Mauro Cezar Pereira revela fim de mist\u00e9rio nos bastidores do Flamengo: \u201cX-9 j\u00e1 \u00e9 conhecido\u201d\"}]},{\"@type\":\"WebSite\",\"@id\":\"https:\/\/www.gaveanews.com\/#website\",\"url\":\"https:\/\/www.gaveanews.com\/\",\"name\":\"G\u00e1vea News\",\"description\":\"Veja todas as not\u00edcias sobre o Flamengo: Contrata\u00e7\u00f5es, categorias de base, resultados das partidas, tabela de classifica\u00e7\u00e3o, pr\u00f3ximos jogos!\",\"potentialAction\":[{\"@type\":\"SearchAction\",\"target\":{\"@type\":\"EntryPoint\",\"urlTemplate\":\"https:\/\/www.gaveanews.com\/?s={search_term_string}\"},\"query-input\":{\"@type\":\"PropertyValueSpecification\",\"valueRequired\":true,\"valueName\":\"search_term_string\"}}],\"inLanguage\":\"pt-BR\"},{\"@type\":\"Person\",\"@id\":\"https:\/\/www.gaveanews.com\/#\/schema\/person\/2ec14f73fb96be2caf28f91afb14749d\",\"name\":\"Equipe G\u00e1vea News\",\"image\":{\"@type\":\"ImageObject\",\"inLanguage\":\"pt-BR\",\"@id\":\"https:\/\/www.gaveanews.com\/#\/schema\/person\/image\/\",\"url\":\"https:\/\/secure.gravatar.com\/avatar\/1e1956f1facbffd3f8fa53a326721950116b3b9dc9bd44939c01180fd4a745a9?s=96&d=mm&r=g\",\"contentUrl\":\"https:\/\/secure.gravatar.com\/avatar\/1e1956f1facbffd3f8fa53a326721950116b3b9dc9bd44939c01180fd4a745a9?s=96&d=mm&r=g\",\"caption\":\"Equipe G\u00e1vea News\"}}]}<\/script>\n<!-- \/ Yoast SEO Premium plugin. -->","yoast_head_json":{"title":"Mauro Cezar Pereira revela fim de mist\u00e9rio nos bastidores do Flamengo: \u201cX-9 j\u00e1 \u00e9 conhecido\u201d","robots":{"index":"index","follow":"follow","max-snippet":"max-snippet:-1","max-image-preview":"max-image-preview:large","max-video-preview":"max-video-preview:-1"},"canonical":"https:\/\/www.gaveanews.com\/index.php\/2023\/03\/13\/mauro-cezar-pereira-revela-fim-de-misterio-nos-bastidores-do-flamengo-x-9-ja-e-conhecido\/","og_locale":"pt_BR","og_type":"article","og_title":"Mauro Cezar Pereira revela fim de mist\u00e9rio nos bastidores do Flamengo: \u201cX-9 j\u00e1 \u00e9 conhecido\u201d","og_description":"Em nova etapa do Campeonato Carioca, que se encontra no mata-mata, Flamengo e Vasco voltam a se enfrentar nesta segunda-feira (13). Antes da bola rolar no Cl\u00e1ssico dos Milh\u00f5es, o vazamento da poss\u00edvel escala\u00e7\u00e3o que V\u00edtor Pereira ir\u00e1 utilizar no embate causou uma forte repercuss\u00e3o nas redes sociais. Dessa forma, segundo Mauro Cezar Pereira, o [&hellip;]","og_url":"https:\/\/www.gaveanews.com\/index.php\/2023\/03\/13\/mauro-cezar-pereira-revela-fim-de-misterio-nos-bastidores-do-flamengo-x-9-ja-e-conhecido\/","og_site_name":"G\u00e1vea News","article_publisher":"https:\/\/facebook.com\/gaveaNews\/","article_published_time":"2023-03-13T17:34:48+00:00","article_modified_time":"2024-04-07T02:03:44+00:00","og_image":[{"width":900,"height":506,"url":"https:\/\/www.gaveanews.com\/wp-content\/uploads\/Mauro-Cezar-em-participacao-na-Uol-Esporte.webp","type":"image\/png"}],"author":"Equipe G\u00e1vea News","twitter_card":"summary_large_image","twitter_misc":{"Escrito por":"Equipe G\u00e1vea News","Est. tempo de leitura":"2 minutos"},"schema":{"@context":"https:\/\/schema.org","@graph":[{"@type":"NewsArticle","@id":"https:\/\/www.gaveanews.com\/index.php\/2023\/03\/13\/mauro-cezar-pereira-revela-fim-de-misterio-nos-bastidores-do-flamengo-x-9-ja-e-conhecido\/#article","isPartOf":{"@id":"https:\/\/www.gaveanews.com\/index.php\/2023\/03\/13\/mauro-cezar-pereira-revela-fim-de-misterio-nos-bastidores-do-flamengo-x-9-ja-e-conhecido\/"},"author":{"name":"Equipe G\u00e1vea News","@id":"https:\/\/www.gaveanews.com\/#\/schema\/person\/2ec14f73fb96be2caf28f91afb14749d"},"headline":"Mauro Cezar Pereira revela fim de mist\u00e9rio nos bastidores do Flamengo: \u201cX-9 j\u00e1 \u00e9 conhecido\u201d","datePublished":"2023-03-13T17:34:48+00:00","dateModified":"2024-04-07T02:03:44+00:00","mainEntityOfPage":{"@id":"https:\/\/www.gaveanews.com\/index.php\/2023\/03\/13\/mauro-cezar-pereira-revela-fim-de-misterio-nos-bastidores-do-flamengo-x-9-ja-e-conhecido\/"},"wordCount":349,"commentCount":0,"image":{"@id":"https:\/\/www.gaveanews.com\/index.php\/2023\/03\/13\/mauro-cezar-pereira-revela-fim-de-misterio-nos-bastidores-do-flamengo-x-9-ja-e-conhecido\/#primaryimage"},"thumbnailUrl":"https:\/\/www.gaveanews.com\/wp-content\/uploads\/Mauro-Cezar-em-participacao-na-Uol-Esporte.webp","keywords":["Mauro Cezar Pereira"],"articleSection":["Flamengo"],"inLanguage":"pt-BR","potentialAction":[{"@type":"CommentAction","name":"Comment","target":["https:\/\/www.gaveanews.com\/index.php\/2023\/03\/13\/mauro-cezar-pereira-revela-fim-de-misterio-nos-bastidores-do-flamengo-x-9-ja-e-conhecido\/#respond"]}],"copyrightYear":"2023","copyrightHolder":{"@id":"https:\/\/www.gaveanews.com\/#organization"}},{"@type":"WebPage","@id":"https:\/\/www.gaveanews.com\/index.php\/2023\/03\/13\/mauro-cezar-pereira-revela-fim-de-misterio-nos-bastidores-do-flamengo-x-9-ja-e-conhecido\/","url":"https:\/\/www.gaveanews.com\/index.php\/2023\/03\/13\/mauro-cezar-pereira-revela-fim-de-misterio-nos-bastidores-do-flamengo-x-9-ja-e-conhecido\/","name":"Mauro Cezar Pereira revela fim de mist\u00e9rio nos bastidores do Flamengo: \u201cX-9 j\u00e1 \u00e9 conhecido\u201d","isPartOf":{"@id":"https:\/\/www.gaveanews.com\/#website"},"primaryImageOfPage":{"@id":"https:\/\/www.gaveanews.com\/index.php\/2023\/03\/13\/mauro-cezar-pereira-revela-fim-de-misterio-nos-bastidores-do-flamengo-x-9-ja-e-conhecido\/#primaryimage"},"image":{"@id":"https:\/\/www.gaveanews.com\/index.php\/2023\/03\/13\/mauro-cezar-pereira-revela-fim-de-misterio-nos-bastidores-do-flamengo-x-9-ja-e-conhecido\/#primaryimage"},"thumbnailUrl":"https:\/\/www.gaveanews.com\/wp-content\/uploads\/Mauro-Cezar-em-participacao-na-Uol-Esporte.webp","datePublished":"2023-03-13T17:34:48+00:00","dateModified":"2024-04-07T02:03:44+00:00","author":{"@id":"https:\/\/www.gaveanews.com\/#\/schema\/person\/2ec14f73fb96be2caf28f91afb14749d"},"breadcrumb":{"@id":"https:\/\/www.gaveanews.com\/index.php\/2023\/03\/13\/mauro-cezar-pereira-revela-fim-de-misterio-nos-bastidores-do-flamengo-x-9-ja-e-conhecido\/#breadcrumb"},"inLanguage":"pt-BR","potentialAction":[{"@type":"ReadAction","target":["https:\/\/www.gaveanews.com\/index.php\/2023\/03\/13\/mauro-cezar-pereira-revela-fim-de-misterio-nos-bastidores-do-flamengo-x-9-ja-e-conhecido\/"]}]},{"@type":"ImageObject","inLanguage":"pt-BR","@id":"https:\/\/www.gaveanews.com\/index.php\/2023\/03\/13\/mauro-cezar-pereira-revela-fim-de-misterio-nos-bastidores-do-flamengo-x-9-ja-e-conhecido\/#primaryimage","url":"https:\/\/www.gaveanews.com\/wp-content\/uploads\/Mauro-Cezar-em-participacao-na-Uol-Esporte.webp","contentUrl":"https:\/\/www.gaveanews.com\/wp-content\/uploads\/Mauro-Cezar-em-participacao-na-Uol-Esporte.webp","width":900,"height":506,"caption":"Mauro Cezar, comentarista da UOL Esporte (Foto: Reprodu\u00e7\u00e3o\/UOL Esporte)"},{"@type":"BreadcrumbList","@id":"https:\/\/www.gaveanews.com\/index.php\/2023\/03\/13\/mauro-cezar-pereira-revela-fim-de-misterio-nos-bastidores-do-flamengo-x-9-ja-e-conhecido\/#breadcrumb","itemListElement":[{"@type":"ListItem","position":1,"name":"Home","item":"https:\/\/www.gaveanews.com\/"},{"@type":"ListItem","position":2,"name":"Mauro Cezar Pereira revela fim de mist\u00e9rio nos bastidores do Flamengo: \u201cX-9 j\u00e1 \u00e9 conhecido\u201d"}]},{"@type":"WebSite","@id":"https:\/\/www.gaveanews.com\/#website","url":"https:\/\/www.gaveanews.com\/","name":"G\u00e1vea News","description":"Veja todas as not\u00edcias sobre o Flamengo: Contrata\u00e7\u00f5es, categorias de base, resultados das partidas, tabela de classifica\u00e7\u00e3o, pr\u00f3ximos jogos!","potentialAction":[{"@type":"SearchAction","target":{"@type":"EntryPoint","urlTemplate":"https:\/\/www.gaveanews.com\/?s={search_term_string}"},"query-input":{"@type":"PropertyValueSpecification","valueRequired":true,"valueName":"search_term_string"}}],"inLanguage":"pt-BR"},{"@type":"Person","@id":"https:\/\/www.gaveanews.com\/#\/schema\/person\/2ec14f73fb96be2caf28f91afb14749d","name":"Equipe G\u00e1vea News","image":{"@type":"ImageObject","inLanguage":"pt-BR","@id":"https:\/\/www.gaveanews.com\/#\/schema\/person\/image\/","url":"https:\/\/secure.gravatar.com\/avatar\/1e1956f1facbffd3f8fa53a326721950116b3b9dc9bd44939c01180fd4a745a9?s=96&d=mm&r=g","contentUrl":"https:\/\/secure.gravatar.com\/avatar\/1e1956f1facbffd3f8fa53a326721950116b3b9dc9bd44939c01180fd4a745a9?s=96&d=mm&r=g","caption":"Equipe G\u00e1vea News"}}]}},"_links":{"self":[{"href":"https:\/\/www.gaveanews.com\/index.php\/wp-json\/wp\/v2\/posts\/95293","targetHints":{"allow":["GET"]}}],"collection":[{"href":"https:\/\/www.gaveanews.com\/index.php\/wp-json\/wp\/v2\/posts"}],"about":[{"href":"https:\/\/www.gaveanews.com\/index.php\/wp-json\/wp\/v2\/types\/post"}],"author":[{"embeddable":true,"href":"https:\/\/www.gaveanews.com\/index.php\/wp-json\/wp\/v2\/users\/1"}],"replies":[{"embeddable":true,"href":"https:\/\/www.gaveanews.com\/index.php\/wp-json\/wp\/v2\/comments?post=95293"}],"version-history":[{"count":1,"href":"https:\/\/www.gaveanews.com\/index.php\/wp-json\/wp\/v2\/posts\/95293\/revisions"}],"predecessor-version":[{"id":134448,"href":"https:\/\/www.gaveanews.com\/index.php\/wp-json\/wp\/v2\/posts\/95293\/revisions\/134448"}],"wp:featuredmedia":[{"embeddable":true,"href":"https:\/\/www.gaveanews.com\/index.php\/wp-json\/wp\/v2\/media\/56367"}],"wp:attachment":[{"href":"https:\/\/www.gaveanews.com\/index.php\/wp-json\/wp\/v2\/media?parent=95293"}],"wp:term":[{"taxonomy":"category","embeddable":true,"href":"https:\/\/www.gaveanews.com\/index.php\/wp-json\/wp\/v2\/categories?post=95293"},{"taxonomy":"post_tag","embeddable":true,"href":"https:\/\/www.gaveanews.com\/index.php\/wp-json\/wp\/v2\/tags?post=95293"}],"curies":[{"name":"wp","href":"https:\/\/api.w.org\/{rel}","templated":true}]}}