{"id":95299,"date":"2023-03-13T16:20:27","date_gmt":"2023-03-13T19:20:27","guid":{"rendered":"https:\/\/www.gaveanews.com\/?p=95299"},"modified":"2023-03-13T16:43:18","modified_gmt":"2023-03-13T19:43:18","slug":"flamengo-avalia-a-contratacao-de-lateral-da-selecao-brasileira-2","status":"publish","type":"post","link":"https:\/\/www.gaveanews.com\/index.php\/2023\/03\/13\/flamengo-avalia-a-contratacao-de-lateral-da-selecao-brasileira-2\/","title":{"rendered":"Flamengo avalia a contrata\u00e7\u00e3o de lateral da Sele\u00e7\u00e3o Brasileira"},"content":{"rendered":"\n<p>Embora n\u00e3o tenha movimentado tanto o mercado da bola neste come\u00e7o de ano, o Flamengo se mant\u00e9m atento a poss\u00edveis oportunidades para refor\u00e7ar seu elenco.<\/p>\n\n\n\n<p>De acordo com o portal Torcedores, o Rubro-Negro estuda a possibilidade de contratar Alex Sandro. O lateral-esquerdo de 32 anos atualmente pertence \u00e0 Juventus, mas est\u00e1 liberado para firmar um pr\u00e9-contrato com outra equipe, uma vez que tem contrato com os italianos at\u00e9 julho deste ano.<\/p>\n\n\n\n<p>Inicialmente, o brasileiro tem o desejo de permanecer no futebol europeu, mas o regresso ao Brasil para atuar pelo Flamengo \u00e9 um cen\u00e1rio bem visto pelo defensor. O jogador vem sendo pouco acionado pelo t\u00e9cnico Massimiliano Allegri e foi autorizado pela Juventus a procurar novos ares.<\/p>\n\n\n\n<p>A possibilidade foi apresentada ao Flamengo por&nbsp;Giuliano Bertolucci, maior parceiro do Mais Querido no mercado da bola europeu. Nas conversas iniciais, o principal entrave seria o sal\u00e1rio do jogador.<\/p>\n\n\n\n<p>Na Juventus, Alex Sandro recebe 5 milh\u00f5es de euros anuais (R$ 27,8 milh\u00f5es na cota\u00e7\u00e3o atual), o que d\u00e1 416 mil euros (cerca de R$ 2,3 milh\u00f5es) por m\u00eas. O valor \u00e9 quase o dobro do que Gabigol, jogador mais bem pago atualmente no Flamengo, recebe (R$ 1,6 milh\u00e3o).<\/p>\n","protected":false},"excerpt":{"rendered":"<p>Embora n\u00e3o tenha movimentado tanto o mercado da bola neste come\u00e7o de ano, o Flamengo se mant\u00e9m atento a poss\u00edveis oportunidades para refor\u00e7ar seu elenco. De acordo com o portal Torcedores, o Rubro-Negro estuda a possibilidade de contratar Alex Sandro. O lateral-esquerdo de 32 anos atualmente pertence \u00e0 Juventus, mas est\u00e1 liberado para firmar um [&hellip;]<\/p>\n","protected":false},"author":4,"featured_media":95296,"comment_status":"open","ping_status":"closed","sticky":false,"template":"","format":"standard","meta":{"footnotes":""},"categories":[48],"tags":[],"class_list":["post-95299","post","type-post","status-publish","format-standard","has-post-thumbnail","hentry","category-negociacoes"],"yoast_head":"<!-- This site is optimized with the Yoast SEO Premium plugin v24.2 (Yoast SEO v26.9) - https:\/\/yoast.com\/product\/yoast-seo-premium-wordpress\/ -->\n<title>Flamengo avalia a contrata\u00e7\u00e3o de lateral da Sele\u00e7\u00e3o Brasileira<\/title>\n<meta name=\"robots\" content=\"index, follow, max-snippet:-1, max-image-preview:large, max-video-preview:-1\" \/>\n<link rel=\"canonical\" href=\"https:\/\/www.gaveanews.com\/index.php\/2023\/03\/13\/flamengo-avalia-a-contratacao-de-lateral-da-selecao-brasileira-2\/\" \/>\n<meta property=\"og:locale\" content=\"pt_BR\" \/>\n<meta property=\"og:type\" content=\"article\" \/>\n<meta property=\"og:title\" content=\"Flamengo avalia a contrata\u00e7\u00e3o de lateral da Sele\u00e7\u00e3o Brasileira\" \/>\n<meta property=\"og:description\" content=\"Embora n\u00e3o tenha movimentado tanto o mercado da bola neste come\u00e7o de ano, o Flamengo se mant\u00e9m atento a poss\u00edveis oportunidades para refor\u00e7ar seu elenco. De acordo com o portal Torcedores, o Rubro-Negro estuda a possibilidade de contratar Alex Sandro. O lateral-esquerdo de 32 anos atualmente pertence \u00e0 Juventus, mas est\u00e1 liberado para firmar um [&hellip;]\" \/>\n<meta property=\"og:url\" content=\"https:\/\/www.gaveanews.com\/index.php\/2023\/03\/13\/flamengo-avalia-a-contratacao-de-lateral-da-selecao-brasileira-2\/\" \/>\n<meta property=\"og:site_name\" content=\"G\u00e1vea News\" \/>\n<meta property=\"article:publisher\" content=\"https:\/\/facebook.com\/gaveaNews\/\" \/>\n<meta property=\"article:published_time\" content=\"2023-03-13T19:20:27+00:00\" \/>\n<meta property=\"article:modified_time\" content=\"2023-03-13T19:43:18+00:00\" \/>\n<meta property=\"og:image\" content=\"https:\/\/www.gaveanews.com\/wp-content\/uploads\/alex-sandro-selecao-brasileira-flamengo.webp\" \/>\n\t<meta property=\"og:image:width\" content=\"910\" \/>\n\t<meta property=\"og:image:height\" content=\"607\" \/>\n\t<meta property=\"og:image:type\" content=\"image\/webp\" \/>\n<meta name=\"author\" content=\"Let\u00edcia Gerheim\" \/>\n<meta name=\"twitter:card\" content=\"summary_large_image\" \/>\n<meta name=\"twitter:label1\" content=\"Escrito por\" \/>\n\t<meta name=\"twitter:data1\" content=\"Let\u00edcia Gerheim\" \/>\n\t<meta name=\"twitter:label2\" content=\"Est. tempo de leitura\" \/>\n\t<meta name=\"twitter:data2\" content=\"2 minutos\" \/>\n<script type=\"application\/ld+json\" class=\"yoast-schema-graph\">{\"@context\":\"https:\/\/schema.org\",\"@graph\":[{\"@type\":\"NewsArticle\",\"@id\":\"https:\/\/www.gaveanews.com\/index.php\/2023\/03\/13\/flamengo-avalia-a-contratacao-de-lateral-da-selecao-brasileira-2\/#article\",\"isPartOf\":{\"@id\":\"https:\/\/www.gaveanews.com\/index.php\/2023\/03\/13\/flamengo-avalia-a-contratacao-de-lateral-da-selecao-brasileira-2\/\"},\"author\":{\"name\":\"Let\u00edcia Gerheim\",\"@id\":\"https:\/\/www.gaveanews.com\/#\/schema\/person\/714c67050b836198af2450ba1c142a67\"},\"headline\":\"Flamengo avalia a contrata\u00e7\u00e3o de lateral da Sele\u00e7\u00e3o Brasileira\",\"datePublished\":\"2023-03-13T19:20:27+00:00\",\"dateModified\":\"2023-03-13T19:43:18+00:00\",\"mainEntityOfPage\":{\"@id\":\"https:\/\/www.gaveanews.com\/index.php\/2023\/03\/13\/flamengo-avalia-a-contratacao-de-lateral-da-selecao-brasileira-2\/\"},\"wordCount\":214,\"commentCount\":0,\"image\":{\"@id\":\"https:\/\/www.gaveanews.com\/index.php\/2023\/03\/13\/flamengo-avalia-a-contratacao-de-lateral-da-selecao-brasileira-2\/#primaryimage\"},\"thumbnailUrl\":\"https:\/\/www.gaveanews.com\/wp-content\/uploads\/alex-sandro-selecao-brasileira-flamengo.webp\",\"articleSection\":[\"Negocia\u00e7\u00f5es\"],\"inLanguage\":\"pt-BR\",\"potentialAction\":[{\"@type\":\"CommentAction\",\"name\":\"Comment\",\"target\":[\"https:\/\/www.gaveanews.com\/index.php\/2023\/03\/13\/flamengo-avalia-a-contratacao-de-lateral-da-selecao-brasileira-2\/#respond\"]}],\"copyrightYear\":\"2023\",\"copyrightHolder\":{\"@id\":\"https:\/\/www.gaveanews.com\/#organization\"}},{\"@type\":\"WebPage\",\"@id\":\"https:\/\/www.gaveanews.com\/index.php\/2023\/03\/13\/flamengo-avalia-a-contratacao-de-lateral-da-selecao-brasileira-2\/\",\"url\":\"https:\/\/www.gaveanews.com\/index.php\/2023\/03\/13\/flamengo-avalia-a-contratacao-de-lateral-da-selecao-brasileira-2\/\",\"name\":\"Flamengo avalia a contrata\u00e7\u00e3o de lateral da Sele\u00e7\u00e3o Brasileira\",\"isPartOf\":{\"@id\":\"https:\/\/www.gaveanews.com\/#website\"},\"primaryImageOfPage\":{\"@id\":\"https:\/\/www.gaveanews.com\/index.php\/2023\/03\/13\/flamengo-avalia-a-contratacao-de-lateral-da-selecao-brasileira-2\/#primaryimage\"},\"image\":{\"@id\":\"https:\/\/www.gaveanews.com\/index.php\/2023\/03\/13\/flamengo-avalia-a-contratacao-de-lateral-da-selecao-brasileira-2\/#primaryimage\"},\"thumbnailUrl\":\"https:\/\/www.gaveanews.com\/wp-content\/uploads\/alex-sandro-selecao-brasileira-flamengo.webp\",\"datePublished\":\"2023-03-13T19:20:27+00:00\",\"dateModified\":\"2023-03-13T19:43:18+00:00\",\"author\":{\"@id\":\"https:\/\/www.gaveanews.com\/#\/schema\/person\/714c67050b836198af2450ba1c142a67\"},\"breadcrumb\":{\"@id\":\"https:\/\/www.gaveanews.com\/index.php\/2023\/03\/13\/flamengo-avalia-a-contratacao-de-lateral-da-selecao-brasileira-2\/#breadcrumb\"},\"inLanguage\":\"pt-BR\",\"potentialAction\":[{\"@type\":\"ReadAction\",\"target\":[\"https:\/\/www.gaveanews.com\/index.php\/2023\/03\/13\/flamengo-avalia-a-contratacao-de-lateral-da-selecao-brasileira-2\/\"]}]},{\"@type\":\"ImageObject\",\"inLanguage\":\"pt-BR\",\"@id\":\"https:\/\/www.gaveanews.com\/index.php\/2023\/03\/13\/flamengo-avalia-a-contratacao-de-lateral-da-selecao-brasileira-2\/#primaryimage\",\"url\":\"https:\/\/www.gaveanews.com\/wp-content\/uploads\/alex-sandro-selecao-brasileira-flamengo.webp\",\"contentUrl\":\"https:\/\/www.gaveanews.com\/wp-content\/uploads\/alex-sandro-selecao-brasileira-flamengo.webp\",\"width\":910,\"height\":607,\"caption\":\"Alex Sandro em campo pela Sele\u00e7\u00e3o Brasileira (Foto: Lucas Figueiredo\/CBF)\"},{\"@type\":\"BreadcrumbList\",\"@id\":\"https:\/\/www.gaveanews.com\/index.php\/2023\/03\/13\/flamengo-avalia-a-contratacao-de-lateral-da-selecao-brasileira-2\/#breadcrumb\",\"itemListElement\":[{\"@type\":\"ListItem\",\"position\":1,\"name\":\"Home\",\"item\":\"https:\/\/www.gaveanews.com\/\"},{\"@type\":\"ListItem\",\"position\":2,\"name\":\"Flamengo avalia a contrata\u00e7\u00e3o de lateral da Sele\u00e7\u00e3o Brasileira\"}]},{\"@type\":\"WebSite\",\"@id\":\"https:\/\/www.gaveanews.com\/#website\",\"url\":\"https:\/\/www.gaveanews.com\/\",\"name\":\"G\u00e1vea News\",\"description\":\"Veja todas as not\u00edcias sobre o Flamengo: Contrata\u00e7\u00f5es, categorias de base, resultados das partidas, tabela de classifica\u00e7\u00e3o, pr\u00f3ximos jogos!\",\"potentialAction\":[{\"@type\":\"SearchAction\",\"target\":{\"@type\":\"EntryPoint\",\"urlTemplate\":\"https:\/\/www.gaveanews.com\/?s={search_term_string}\"},\"query-input\":{\"@type\":\"PropertyValueSpecification\",\"valueRequired\":true,\"valueName\":\"search_term_string\"}}],\"inLanguage\":\"pt-BR\"},{\"@type\":\"Person\",\"@id\":\"https:\/\/www.gaveanews.com\/#\/schema\/person\/714c67050b836198af2450ba1c142a67\",\"name\":\"Let\u00edcia Gerheim\",\"image\":{\"@type\":\"ImageObject\",\"inLanguage\":\"pt-BR\",\"@id\":\"https:\/\/www.gaveanews.com\/#\/schema\/person\/image\/\",\"url\":\"https:\/\/secure.gravatar.com\/avatar\/60734739c50fcebfbac509e2a826ccd0ff405c019bc73aab9354f19ecad1dcb4?s=96&d=mm&r=g\",\"contentUrl\":\"https:\/\/secure.gravatar.com\/avatar\/60734739c50fcebfbac509e2a826ccd0ff405c019bc73aab9354f19ecad1dcb4?s=96&d=mm&r=g\",\"caption\":\"Let\u00edcia Gerheim\"}}]}<\/script>\n<!-- \/ Yoast SEO Premium plugin. -->","yoast_head_json":{"title":"Flamengo avalia a contrata\u00e7\u00e3o de lateral da Sele\u00e7\u00e3o Brasileira","robots":{"index":"index","follow":"follow","max-snippet":"max-snippet:-1","max-image-preview":"max-image-preview:large","max-video-preview":"max-video-preview:-1"},"canonical":"https:\/\/www.gaveanews.com\/index.php\/2023\/03\/13\/flamengo-avalia-a-contratacao-de-lateral-da-selecao-brasileira-2\/","og_locale":"pt_BR","og_type":"article","og_title":"Flamengo avalia a contrata\u00e7\u00e3o de lateral da Sele\u00e7\u00e3o Brasileira","og_description":"Embora n\u00e3o tenha movimentado tanto o mercado da bola neste come\u00e7o de ano, o Flamengo se mant\u00e9m atento a poss\u00edveis oportunidades para refor\u00e7ar seu elenco. De acordo com o portal Torcedores, o Rubro-Negro estuda a possibilidade de contratar Alex Sandro. O lateral-esquerdo de 32 anos atualmente pertence \u00e0 Juventus, mas est\u00e1 liberado para firmar um [&hellip;]","og_url":"https:\/\/www.gaveanews.com\/index.php\/2023\/03\/13\/flamengo-avalia-a-contratacao-de-lateral-da-selecao-brasileira-2\/","og_site_name":"G\u00e1vea News","article_publisher":"https:\/\/facebook.com\/gaveaNews\/","article_published_time":"2023-03-13T19:20:27+00:00","article_modified_time":"2023-03-13T19:43:18+00:00","og_image":[{"width":910,"height":607,"url":"https:\/\/www.gaveanews.com\/wp-content\/uploads\/alex-sandro-selecao-brasileira-flamengo.webp","type":"image\/webp"}],"author":"Let\u00edcia Gerheim","twitter_card":"summary_large_image","twitter_misc":{"Escrito por":"Let\u00edcia Gerheim","Est. tempo de leitura":"2 minutos"},"schema":{"@context":"https:\/\/schema.org","@graph":[{"@type":"NewsArticle","@id":"https:\/\/www.gaveanews.com\/index.php\/2023\/03\/13\/flamengo-avalia-a-contratacao-de-lateral-da-selecao-brasileira-2\/#article","isPartOf":{"@id":"https:\/\/www.gaveanews.com\/index.php\/2023\/03\/13\/flamengo-avalia-a-contratacao-de-lateral-da-selecao-brasileira-2\/"},"author":{"name":"Let\u00edcia Gerheim","@id":"https:\/\/www.gaveanews.com\/#\/schema\/person\/714c67050b836198af2450ba1c142a67"},"headline":"Flamengo avalia a contrata\u00e7\u00e3o de lateral da Sele\u00e7\u00e3o Brasileira","datePublished":"2023-03-13T19:20:27+00:00","dateModified":"2023-03-13T19:43:18+00:00","mainEntityOfPage":{"@id":"https:\/\/www.gaveanews.com\/index.php\/2023\/03\/13\/flamengo-avalia-a-contratacao-de-lateral-da-selecao-brasileira-2\/"},"wordCount":214,"commentCount":0,"image":{"@id":"https:\/\/www.gaveanews.com\/index.php\/2023\/03\/13\/flamengo-avalia-a-contratacao-de-lateral-da-selecao-brasileira-2\/#primaryimage"},"thumbnailUrl":"https:\/\/www.gaveanews.com\/wp-content\/uploads\/alex-sandro-selecao-brasileira-flamengo.webp","articleSection":["Negocia\u00e7\u00f5es"],"inLanguage":"pt-BR","potentialAction":[{"@type":"CommentAction","name":"Comment","target":["https:\/\/www.gaveanews.com\/index.php\/2023\/03\/13\/flamengo-avalia-a-contratacao-de-lateral-da-selecao-brasileira-2\/#respond"]}],"copyrightYear":"2023","copyrightHolder":{"@id":"https:\/\/www.gaveanews.com\/#organization"}},{"@type":"WebPage","@id":"https:\/\/www.gaveanews.com\/index.php\/2023\/03\/13\/flamengo-avalia-a-contratacao-de-lateral-da-selecao-brasileira-2\/","url":"https:\/\/www.gaveanews.com\/index.php\/2023\/03\/13\/flamengo-avalia-a-contratacao-de-lateral-da-selecao-brasileira-2\/","name":"Flamengo avalia a contrata\u00e7\u00e3o de lateral da Sele\u00e7\u00e3o Brasileira","isPartOf":{"@id":"https:\/\/www.gaveanews.com\/#website"},"primaryImageOfPage":{"@id":"https:\/\/www.gaveanews.com\/index.php\/2023\/03\/13\/flamengo-avalia-a-contratacao-de-lateral-da-selecao-brasileira-2\/#primaryimage"},"image":{"@id":"https:\/\/www.gaveanews.com\/index.php\/2023\/03\/13\/flamengo-avalia-a-contratacao-de-lateral-da-selecao-brasileira-2\/#primaryimage"},"thumbnailUrl":"https:\/\/www.gaveanews.com\/wp-content\/uploads\/alex-sandro-selecao-brasileira-flamengo.webp","datePublished":"2023-03-13T19:20:27+00:00","dateModified":"2023-03-13T19:43:18+00:00","author":{"@id":"https:\/\/www.gaveanews.com\/#\/schema\/person\/714c67050b836198af2450ba1c142a67"},"breadcrumb":{"@id":"https:\/\/www.gaveanews.com\/index.php\/2023\/03\/13\/flamengo-avalia-a-contratacao-de-lateral-da-selecao-brasileira-2\/#breadcrumb"},"inLanguage":"pt-BR","potentialAction":[{"@type":"ReadAction","target":["https:\/\/www.gaveanews.com\/index.php\/2023\/03\/13\/flamengo-avalia-a-contratacao-de-lateral-da-selecao-brasileira-2\/"]}]},{"@type":"ImageObject","inLanguage":"pt-BR","@id":"https:\/\/www.gaveanews.com\/index.php\/2023\/03\/13\/flamengo-avalia-a-contratacao-de-lateral-da-selecao-brasileira-2\/#primaryimage","url":"https:\/\/www.gaveanews.com\/wp-content\/uploads\/alex-sandro-selecao-brasileira-flamengo.webp","contentUrl":"https:\/\/www.gaveanews.com\/wp-content\/uploads\/alex-sandro-selecao-brasileira-flamengo.webp","width":910,"height":607,"caption":"Alex Sandro em campo pela Sele\u00e7\u00e3o Brasileira (Foto: Lucas Figueiredo\/CBF)"},{"@type":"BreadcrumbList","@id":"https:\/\/www.gaveanews.com\/index.php\/2023\/03\/13\/flamengo-avalia-a-contratacao-de-lateral-da-selecao-brasileira-2\/#breadcrumb","itemListElement":[{"@type":"ListItem","position":1,"name":"Home","item":"https:\/\/www.gaveanews.com\/"},{"@type":"ListItem","position":2,"name":"Flamengo avalia a contrata\u00e7\u00e3o de lateral da Sele\u00e7\u00e3o Brasileira"}]},{"@type":"WebSite","@id":"https:\/\/www.gaveanews.com\/#website","url":"https:\/\/www.gaveanews.com\/","name":"G\u00e1vea News","description":"Veja todas as not\u00edcias sobre o Flamengo: Contrata\u00e7\u00f5es, categorias de base, resultados das partidas, tabela de classifica\u00e7\u00e3o, pr\u00f3ximos jogos!","potentialAction":[{"@type":"SearchAction","target":{"@type":"EntryPoint","urlTemplate":"https:\/\/www.gaveanews.com\/?s={search_term_string}"},"query-input":{"@type":"PropertyValueSpecification","valueRequired":true,"valueName":"search_term_string"}}],"inLanguage":"pt-BR"},{"@type":"Person","@id":"https:\/\/www.gaveanews.com\/#\/schema\/person\/714c67050b836198af2450ba1c142a67","name":"Let\u00edcia Gerheim","image":{"@type":"ImageObject","inLanguage":"pt-BR","@id":"https:\/\/www.gaveanews.com\/#\/schema\/person\/image\/","url":"https:\/\/secure.gravatar.com\/avatar\/60734739c50fcebfbac509e2a826ccd0ff405c019bc73aab9354f19ecad1dcb4?s=96&d=mm&r=g","contentUrl":"https:\/\/secure.gravatar.com\/avatar\/60734739c50fcebfbac509e2a826ccd0ff405c019bc73aab9354f19ecad1dcb4?s=96&d=mm&r=g","caption":"Let\u00edcia Gerheim"}}]}},"_links":{"self":[{"href":"https:\/\/www.gaveanews.com\/index.php\/wp-json\/wp\/v2\/posts\/95299","targetHints":{"allow":["GET"]}}],"collection":[{"href":"https:\/\/www.gaveanews.com\/index.php\/wp-json\/wp\/v2\/posts"}],"about":[{"href":"https:\/\/www.gaveanews.com\/index.php\/wp-json\/wp\/v2\/types\/post"}],"author":[{"embeddable":true,"href":"https:\/\/www.gaveanews.com\/index.php\/wp-json\/wp\/v2\/users\/4"}],"replies":[{"embeddable":true,"href":"https:\/\/www.gaveanews.com\/index.php\/wp-json\/wp\/v2\/comments?post=95299"}],"version-history":[{"count":0,"href":"https:\/\/www.gaveanews.com\/index.php\/wp-json\/wp\/v2\/posts\/95299\/revisions"}],"wp:featuredmedia":[{"embeddable":true,"href":"https:\/\/www.gaveanews.com\/index.php\/wp-json\/wp\/v2\/media\/95296"}],"wp:attachment":[{"href":"https:\/\/www.gaveanews.com\/index.php\/wp-json\/wp\/v2\/media?parent=95299"}],"wp:term":[{"taxonomy":"category","embeddable":true,"href":"https:\/\/www.gaveanews.com\/index.php\/wp-json\/wp\/v2\/categories?post=95299"},{"taxonomy":"post_tag","embeddable":true,"href":"https:\/\/www.gaveanews.com\/index.php\/wp-json\/wp\/v2\/tags?post=95299"}],"curies":[{"name":"wp","href":"https:\/\/api.w.org\/{rel}","templated":true}]}}