{"id":95540,"date":"2023-03-19T17:01:04","date_gmt":"2023-03-19T20:01:04","guid":{"rendered":"https:\/\/www.gaveanews.com\/?p=95540"},"modified":"2024-01-28T11:35:41","modified_gmt":"2024-01-28T14:35:41","slug":"saiu-veja-a-escalacao-do-flamengo-para-o-jogo-de-volta-das-semifinais-do-carioca","status":"publish","type":"post","link":"https:\/\/www.gaveanews.com\/index.php\/2023\/03\/19\/saiu-veja-a-escalacao-do-flamengo-para-o-jogo-de-volta-das-semifinais-do-carioca\/","title":{"rendered":"Saiu! Veja a escala\u00e7\u00e3o do Flamengo para o jogo de volta das semifinais do Carioca"},"content":{"rendered":"\n<p>Nesta tarde, \u00e0s 18h (hor\u00e1rio de Bras\u00edlia), o Flamengo volta ao Maracan\u00e3 para enfrentar o Vasco na decis\u00e3o por vaga na final do Campeonato Carioca. O mando de campo ser\u00e1 do Cruzmaltino.<\/p>\n\n\n\n<p>Desta vez quem chega pressionado \u00e9 o Vasco, que foi eliminado na segunda fase da Copa do Brasil para o ABC na \u00faltima quinta-feira (16). Vale lembrar ainda que o rival chega em desvantagem por conta do resultado do duelo da semana passada.<\/p>\n\n\n\n<p>No jogo de ida, o Mais Querido levou a melhor e venceu por 3 a 2. A equipe da G\u00e1vea carrega a vantagem para o confronto deste domingo (19) e entra em campo precisando de um simples empate para seguir na competi\u00e7\u00e3o.<\/p>\n\n\n\n<h2 class=\"wp-block-heading\" id=\"h-transmissao\">Transmiss\u00e3o<\/h2>\n\n\n\n<p>O portal <a href=\"http:\/\/gaveanews.com\">GaveaNews.com<\/a> ir\u00e1 transmitir a <strong>partida ao vivo e com imagens<\/strong>. A transmiss\u00e3o come\u00e7ar\u00e1 instantes antes do jogo come\u00e7ar. <\/p>\n\n\n\n<h2 class=\"wp-block-heading\" id=\"h-desfalques\">Desfalques<\/h2>\n\n\n\n<p>Bruno Henrique, Erick Pulgar (fratura no p\u00e9), Matheuzinho (fratura na perna esquerda), Varela (problema na p\u00fabis), Marinho (suspenso) e Matheus Gon\u00e7alves (suspenso).<\/p>\n\n\n\n<h2 class=\"wp-block-heading\" id=\"h-escalacao-do-flamengo\">Escala\u00e7\u00e3o do Flamengo<\/h2>\n\n\n\n<p>Santos; Fabr\u00edcio Bruno, Rodrigo Caio e David Luiz; Gerson, Cebolinha, Thiago Maia e Ayrton Lucas; Arrascaeta, Gabigol e Pedro.<\/p>\n\n\n\n<h2 class=\"wp-block-heading\" id=\"h-banco-de-reservas\">Banco de reservas<\/h2>\n\n\n\n<p>Matheus Cunha, Varela, Wesley, L\u00e9o Pereira, Filipe Lu\u00eds, Igor Jesus, Vidal, Victor Hugo, Matheus Fran\u00e7a, Everton Ribeiro, Mateus\u00e3o e Andr\u00e9.<\/p>\n\n\n\n<h2 class=\"wp-block-heading\" id=\"h-escalacao-do-vasco\">Escala\u00e7\u00e3o do Vasco<\/h2>\n\n\n\n<p>L\u00e9o Jardim, Puma Rodr\u00edguez, Manuel Capasso, L\u00e9o, Lucas Piton, Rodrigo, Andrey, Jair, Alex Teixeira, Gabriel Pec e Pedro Raul.<\/p>\n\n\n\n<h2 class=\"wp-block-heading\" id=\"h-arbitragem\">Arbitragem<\/h2>\n\n\n\n<ul class=\"wp-block-list\">\n<li>\u00c1rbitro:&nbsp;Bruno Arleu de Ara\u00fajo<\/li>\n\n\n\n<li>Assistente 1: Luiz Cl\u00e1udio Regazone<\/li>\n\n\n\n<li>Assistente 2: Thiago Henrique Neto Corr\u00eaa Farinha<\/li>\n\n\n\n<li>Quarto \u00e1rbitro: Paulo Renato Moreira da Silva Coelho<\/li>\n\n\n\n<li>VAR: Rodrigo Carvalhaes de Miranda<\/li>\n<\/ul>\n\n\n\n<h2 class=\"wp-block-heading\" id=\"h-sua-opiniao\">Sua opini\u00e3o!<\/h2>\n\n\n\n<p>Curtiu a escala\u00e7\u00e3o rubro-negra para este cl\u00e1ssico? Conte-nos sua opini\u00e3o nos coment\u00e1rios abaixo!<\/p>\n","protected":false},"excerpt":{"rendered":"<p>Nesta tarde, \u00e0s 18h (hor\u00e1rio de Bras\u00edlia), o Flamengo volta ao Maracan\u00e3 para enfrentar o Vasco na decis\u00e3o por vaga na final do Campeonato Carioca. O mando de campo ser\u00e1 do Cruzmaltino. Desta vez quem chega pressionado \u00e9 o Vasco, que foi eliminado na segunda fase da Copa do Brasil para o ABC na \u00faltima [&hellip;]<\/p>\n","protected":false},"author":4,"featured_media":83199,"comment_status":"open","ping_status":"closed","sticky":false,"template":"","format":"standard","meta":{"footnotes":""},"categories":[1],"tags":[],"class_list":["post-95540","post","type-post","status-publish","format-standard","has-post-thumbnail","hentry","category-flamengo"],"yoast_head":"<!-- This site is optimized with the Yoast SEO Premium plugin v24.2 (Yoast SEO v26.9) - https:\/\/yoast.com\/product\/yoast-seo-premium-wordpress\/ -->\n<title>Saiu! Veja a escala\u00e7\u00e3o do Flamengo para o jogo de volta das semifinais do Carioca<\/title>\n<meta name=\"robots\" content=\"index, follow, max-snippet:-1, max-image-preview:large, max-video-preview:-1\" \/>\n<link rel=\"canonical\" href=\"https:\/\/www.gaveanews.com\/index.php\/2023\/03\/19\/saiu-veja-a-escalacao-do-flamengo-para-o-jogo-de-volta-das-semifinais-do-carioca\/\" \/>\n<meta property=\"og:locale\" content=\"pt_BR\" \/>\n<meta property=\"og:type\" content=\"article\" \/>\n<meta property=\"og:title\" content=\"Saiu! Veja a escala\u00e7\u00e3o do Flamengo para o jogo de volta das semifinais do Carioca\" \/>\n<meta property=\"og:description\" content=\"Nesta tarde, \u00e0s 18h (hor\u00e1rio de Bras\u00edlia), o Flamengo volta ao Maracan\u00e3 para enfrentar o Vasco na decis\u00e3o por vaga na final do Campeonato Carioca. O mando de campo ser\u00e1 do Cruzmaltino. Desta vez quem chega pressionado \u00e9 o Vasco, que foi eliminado na segunda fase da Copa do Brasil para o ABC na \u00faltima [&hellip;]\" \/>\n<meta property=\"og:url\" content=\"https:\/\/www.gaveanews.com\/index.php\/2023\/03\/19\/saiu-veja-a-escalacao-do-flamengo-para-o-jogo-de-volta-das-semifinais-do-carioca\/\" \/>\n<meta property=\"og:site_name\" content=\"G\u00e1vea News\" \/>\n<meta property=\"article:publisher\" content=\"https:\/\/facebook.com\/gaveaNews\/\" \/>\n<meta property=\"article:published_time\" content=\"2023-03-19T20:01:04+00:00\" \/>\n<meta property=\"article:modified_time\" content=\"2024-01-28T14:35:41+00:00\" \/>\n<meta property=\"og:image\" content=\"https:\/\/www.gaveanews.com\/wp-content\/uploads\/Escalacao-oficial-do-Flamengo.webp\" \/>\n\t<meta property=\"og:image:width\" content=\"2048\" \/>\n\t<meta property=\"og:image:height\" content=\"1363\" \/>\n\t<meta property=\"og:image:type\" content=\"image\/webp\" \/>\n<meta name=\"author\" content=\"Let\u00edcia Gerheim\" \/>\n<meta name=\"twitter:card\" content=\"summary_large_image\" \/>\n<meta name=\"twitter:label1\" content=\"Escrito por\" \/>\n\t<meta name=\"twitter:data1\" content=\"Let\u00edcia Gerheim\" \/>\n\t<meta name=\"twitter:label2\" content=\"Est. tempo de leitura\" \/>\n\t<meta name=\"twitter:data2\" content=\"2 minutos\" \/>\n<script type=\"application\/ld+json\" class=\"yoast-schema-graph\">{\"@context\":\"https:\/\/schema.org\",\"@graph\":[{\"@type\":\"NewsArticle\",\"@id\":\"https:\/\/www.gaveanews.com\/index.php\/2023\/03\/19\/saiu-veja-a-escalacao-do-flamengo-para-o-jogo-de-volta-das-semifinais-do-carioca\/#article\",\"isPartOf\":{\"@id\":\"https:\/\/www.gaveanews.com\/index.php\/2023\/03\/19\/saiu-veja-a-escalacao-do-flamengo-para-o-jogo-de-volta-das-semifinais-do-carioca\/\"},\"author\":{\"name\":\"Let\u00edcia Gerheim\",\"@id\":\"https:\/\/www.gaveanews.com\/#\/schema\/person\/714c67050b836198af2450ba1c142a67\"},\"headline\":\"Saiu! Veja a escala\u00e7\u00e3o do Flamengo para o jogo de volta das semifinais do Carioca\",\"datePublished\":\"2023-03-19T20:01:04+00:00\",\"dateModified\":\"2024-01-28T14:35:41+00:00\",\"mainEntityOfPage\":{\"@id\":\"https:\/\/www.gaveanews.com\/index.php\/2023\/03\/19\/saiu-veja-a-escalacao-do-flamengo-para-o-jogo-de-volta-das-semifinais-do-carioca\/\"},\"wordCount\":314,\"commentCount\":0,\"image\":{\"@id\":\"https:\/\/www.gaveanews.com\/index.php\/2023\/03\/19\/saiu-veja-a-escalacao-do-flamengo-para-o-jogo-de-volta-das-semifinais-do-carioca\/#primaryimage\"},\"thumbnailUrl\":\"https:\/\/www.gaveanews.com\/wp-content\/uploads\/Escalacao-oficial-do-Flamengo.webp\",\"articleSection\":[\"Flamengo\"],\"inLanguage\":\"pt-BR\",\"potentialAction\":[{\"@type\":\"CommentAction\",\"name\":\"Comment\",\"target\":[\"https:\/\/www.gaveanews.com\/index.php\/2023\/03\/19\/saiu-veja-a-escalacao-do-flamengo-para-o-jogo-de-volta-das-semifinais-do-carioca\/#respond\"]}],\"copyrightYear\":\"2023\",\"copyrightHolder\":{\"@id\":\"https:\/\/www.gaveanews.com\/#organization\"}},{\"@type\":\"WebPage\",\"@id\":\"https:\/\/www.gaveanews.com\/index.php\/2023\/03\/19\/saiu-veja-a-escalacao-do-flamengo-para-o-jogo-de-volta-das-semifinais-do-carioca\/\",\"url\":\"https:\/\/www.gaveanews.com\/index.php\/2023\/03\/19\/saiu-veja-a-escalacao-do-flamengo-para-o-jogo-de-volta-das-semifinais-do-carioca\/\",\"name\":\"Saiu! Veja a escala\u00e7\u00e3o do Flamengo para o jogo de volta das semifinais do Carioca\",\"isPartOf\":{\"@id\":\"https:\/\/www.gaveanews.com\/#website\"},\"primaryImageOfPage\":{\"@id\":\"https:\/\/www.gaveanews.com\/index.php\/2023\/03\/19\/saiu-veja-a-escalacao-do-flamengo-para-o-jogo-de-volta-das-semifinais-do-carioca\/#primaryimage\"},\"image\":{\"@id\":\"https:\/\/www.gaveanews.com\/index.php\/2023\/03\/19\/saiu-veja-a-escalacao-do-flamengo-para-o-jogo-de-volta-das-semifinais-do-carioca\/#primaryimage\"},\"thumbnailUrl\":\"https:\/\/www.gaveanews.com\/wp-content\/uploads\/Escalacao-oficial-do-Flamengo.webp\",\"datePublished\":\"2023-03-19T20:01:04+00:00\",\"dateModified\":\"2024-01-28T14:35:41+00:00\",\"author\":{\"@id\":\"https:\/\/www.gaveanews.com\/#\/schema\/person\/714c67050b836198af2450ba1c142a67\"},\"breadcrumb\":{\"@id\":\"https:\/\/www.gaveanews.com\/index.php\/2023\/03\/19\/saiu-veja-a-escalacao-do-flamengo-para-o-jogo-de-volta-das-semifinais-do-carioca\/#breadcrumb\"},\"inLanguage\":\"pt-BR\",\"potentialAction\":[{\"@type\":\"ReadAction\",\"target\":[\"https:\/\/www.gaveanews.com\/index.php\/2023\/03\/19\/saiu-veja-a-escalacao-do-flamengo-para-o-jogo-de-volta-das-semifinais-do-carioca\/\"]}]},{\"@type\":\"ImageObject\",\"inLanguage\":\"pt-BR\",\"@id\":\"https:\/\/www.gaveanews.com\/index.php\/2023\/03\/19\/saiu-veja-a-escalacao-do-flamengo-para-o-jogo-de-volta-das-semifinais-do-carioca\/#primaryimage\",\"url\":\"https:\/\/www.gaveanews.com\/wp-content\/uploads\/Escalacao-oficial-do-Flamengo.webp\",\"contentUrl\":\"https:\/\/www.gaveanews.com\/wp-content\/uploads\/Escalacao-oficial-do-Flamengo.webp\",\"width\":2048,\"height\":1363,\"caption\":\"Escala\u00e7\u00e3o oficial do Flamengo (Ilustra\u00e7\u00e3o: Editoria de Arte\/GaveaNews.com)\"},{\"@type\":\"BreadcrumbList\",\"@id\":\"https:\/\/www.gaveanews.com\/index.php\/2023\/03\/19\/saiu-veja-a-escalacao-do-flamengo-para-o-jogo-de-volta-das-semifinais-do-carioca\/#breadcrumb\",\"itemListElement\":[{\"@type\":\"ListItem\",\"position\":1,\"name\":\"Home\",\"item\":\"https:\/\/www.gaveanews.com\/\"},{\"@type\":\"ListItem\",\"position\":2,\"name\":\"Saiu! Veja a escala\u00e7\u00e3o do Flamengo para o jogo de volta das semifinais do Carioca\"}]},{\"@type\":\"WebSite\",\"@id\":\"https:\/\/www.gaveanews.com\/#website\",\"url\":\"https:\/\/www.gaveanews.com\/\",\"name\":\"G\u00e1vea News\",\"description\":\"Veja todas as not\u00edcias sobre o Flamengo: Contrata\u00e7\u00f5es, categorias de base, resultados das partidas, tabela de classifica\u00e7\u00e3o, pr\u00f3ximos jogos!\",\"potentialAction\":[{\"@type\":\"SearchAction\",\"target\":{\"@type\":\"EntryPoint\",\"urlTemplate\":\"https:\/\/www.gaveanews.com\/?s={search_term_string}\"},\"query-input\":{\"@type\":\"PropertyValueSpecification\",\"valueRequired\":true,\"valueName\":\"search_term_string\"}}],\"inLanguage\":\"pt-BR\"},{\"@type\":\"Person\",\"@id\":\"https:\/\/www.gaveanews.com\/#\/schema\/person\/714c67050b836198af2450ba1c142a67\",\"name\":\"Let\u00edcia Gerheim\",\"image\":{\"@type\":\"ImageObject\",\"inLanguage\":\"pt-BR\",\"@id\":\"https:\/\/www.gaveanews.com\/#\/schema\/person\/image\/\",\"url\":\"https:\/\/secure.gravatar.com\/avatar\/60734739c50fcebfbac509e2a826ccd0ff405c019bc73aab9354f19ecad1dcb4?s=96&d=mm&r=g\",\"contentUrl\":\"https:\/\/secure.gravatar.com\/avatar\/60734739c50fcebfbac509e2a826ccd0ff405c019bc73aab9354f19ecad1dcb4?s=96&d=mm&r=g\",\"caption\":\"Let\u00edcia Gerheim\"}}]}<\/script>\n<!-- \/ Yoast SEO Premium plugin. -->","yoast_head_json":{"title":"Saiu! Veja a escala\u00e7\u00e3o do Flamengo para o jogo de volta das semifinais do Carioca","robots":{"index":"index","follow":"follow","max-snippet":"max-snippet:-1","max-image-preview":"max-image-preview:large","max-video-preview":"max-video-preview:-1"},"canonical":"https:\/\/www.gaveanews.com\/index.php\/2023\/03\/19\/saiu-veja-a-escalacao-do-flamengo-para-o-jogo-de-volta-das-semifinais-do-carioca\/","og_locale":"pt_BR","og_type":"article","og_title":"Saiu! Veja a escala\u00e7\u00e3o do Flamengo para o jogo de volta das semifinais do Carioca","og_description":"Nesta tarde, \u00e0s 18h (hor\u00e1rio de Bras\u00edlia), o Flamengo volta ao Maracan\u00e3 para enfrentar o Vasco na decis\u00e3o por vaga na final do Campeonato Carioca. O mando de campo ser\u00e1 do Cruzmaltino. Desta vez quem chega pressionado \u00e9 o Vasco, que foi eliminado na segunda fase da Copa do Brasil para o ABC na \u00faltima [&hellip;]","og_url":"https:\/\/www.gaveanews.com\/index.php\/2023\/03\/19\/saiu-veja-a-escalacao-do-flamengo-para-o-jogo-de-volta-das-semifinais-do-carioca\/","og_site_name":"G\u00e1vea News","article_publisher":"https:\/\/facebook.com\/gaveaNews\/","article_published_time":"2023-03-19T20:01:04+00:00","article_modified_time":"2024-01-28T14:35:41+00:00","og_image":[{"width":2048,"height":1363,"url":"https:\/\/www.gaveanews.com\/wp-content\/uploads\/Escalacao-oficial-do-Flamengo.webp","type":"image\/webp"}],"author":"Let\u00edcia Gerheim","twitter_card":"summary_large_image","twitter_misc":{"Escrito por":"Let\u00edcia Gerheim","Est. tempo de leitura":"2 minutos"},"schema":{"@context":"https:\/\/schema.org","@graph":[{"@type":"NewsArticle","@id":"https:\/\/www.gaveanews.com\/index.php\/2023\/03\/19\/saiu-veja-a-escalacao-do-flamengo-para-o-jogo-de-volta-das-semifinais-do-carioca\/#article","isPartOf":{"@id":"https:\/\/www.gaveanews.com\/index.php\/2023\/03\/19\/saiu-veja-a-escalacao-do-flamengo-para-o-jogo-de-volta-das-semifinais-do-carioca\/"},"author":{"name":"Let\u00edcia Gerheim","@id":"https:\/\/www.gaveanews.com\/#\/schema\/person\/714c67050b836198af2450ba1c142a67"},"headline":"Saiu! Veja a escala\u00e7\u00e3o do Flamengo para o jogo de volta das semifinais do Carioca","datePublished":"2023-03-19T20:01:04+00:00","dateModified":"2024-01-28T14:35:41+00:00","mainEntityOfPage":{"@id":"https:\/\/www.gaveanews.com\/index.php\/2023\/03\/19\/saiu-veja-a-escalacao-do-flamengo-para-o-jogo-de-volta-das-semifinais-do-carioca\/"},"wordCount":314,"commentCount":0,"image":{"@id":"https:\/\/www.gaveanews.com\/index.php\/2023\/03\/19\/saiu-veja-a-escalacao-do-flamengo-para-o-jogo-de-volta-das-semifinais-do-carioca\/#primaryimage"},"thumbnailUrl":"https:\/\/www.gaveanews.com\/wp-content\/uploads\/Escalacao-oficial-do-Flamengo.webp","articleSection":["Flamengo"],"inLanguage":"pt-BR","potentialAction":[{"@type":"CommentAction","name":"Comment","target":["https:\/\/www.gaveanews.com\/index.php\/2023\/03\/19\/saiu-veja-a-escalacao-do-flamengo-para-o-jogo-de-volta-das-semifinais-do-carioca\/#respond"]}],"copyrightYear":"2023","copyrightHolder":{"@id":"https:\/\/www.gaveanews.com\/#organization"}},{"@type":"WebPage","@id":"https:\/\/www.gaveanews.com\/index.php\/2023\/03\/19\/saiu-veja-a-escalacao-do-flamengo-para-o-jogo-de-volta-das-semifinais-do-carioca\/","url":"https:\/\/www.gaveanews.com\/index.php\/2023\/03\/19\/saiu-veja-a-escalacao-do-flamengo-para-o-jogo-de-volta-das-semifinais-do-carioca\/","name":"Saiu! Veja a escala\u00e7\u00e3o do Flamengo para o jogo de volta das semifinais do Carioca","isPartOf":{"@id":"https:\/\/www.gaveanews.com\/#website"},"primaryImageOfPage":{"@id":"https:\/\/www.gaveanews.com\/index.php\/2023\/03\/19\/saiu-veja-a-escalacao-do-flamengo-para-o-jogo-de-volta-das-semifinais-do-carioca\/#primaryimage"},"image":{"@id":"https:\/\/www.gaveanews.com\/index.php\/2023\/03\/19\/saiu-veja-a-escalacao-do-flamengo-para-o-jogo-de-volta-das-semifinais-do-carioca\/#primaryimage"},"thumbnailUrl":"https:\/\/www.gaveanews.com\/wp-content\/uploads\/Escalacao-oficial-do-Flamengo.webp","datePublished":"2023-03-19T20:01:04+00:00","dateModified":"2024-01-28T14:35:41+00:00","author":{"@id":"https:\/\/www.gaveanews.com\/#\/schema\/person\/714c67050b836198af2450ba1c142a67"},"breadcrumb":{"@id":"https:\/\/www.gaveanews.com\/index.php\/2023\/03\/19\/saiu-veja-a-escalacao-do-flamengo-para-o-jogo-de-volta-das-semifinais-do-carioca\/#breadcrumb"},"inLanguage":"pt-BR","potentialAction":[{"@type":"ReadAction","target":["https:\/\/www.gaveanews.com\/index.php\/2023\/03\/19\/saiu-veja-a-escalacao-do-flamengo-para-o-jogo-de-volta-das-semifinais-do-carioca\/"]}]},{"@type":"ImageObject","inLanguage":"pt-BR","@id":"https:\/\/www.gaveanews.com\/index.php\/2023\/03\/19\/saiu-veja-a-escalacao-do-flamengo-para-o-jogo-de-volta-das-semifinais-do-carioca\/#primaryimage","url":"https:\/\/www.gaveanews.com\/wp-content\/uploads\/Escalacao-oficial-do-Flamengo.webp","contentUrl":"https:\/\/www.gaveanews.com\/wp-content\/uploads\/Escalacao-oficial-do-Flamengo.webp","width":2048,"height":1363,"caption":"Escala\u00e7\u00e3o oficial do Flamengo (Ilustra\u00e7\u00e3o: Editoria de Arte\/GaveaNews.com)"},{"@type":"BreadcrumbList","@id":"https:\/\/www.gaveanews.com\/index.php\/2023\/03\/19\/saiu-veja-a-escalacao-do-flamengo-para-o-jogo-de-volta-das-semifinais-do-carioca\/#breadcrumb","itemListElement":[{"@type":"ListItem","position":1,"name":"Home","item":"https:\/\/www.gaveanews.com\/"},{"@type":"ListItem","position":2,"name":"Saiu! Veja a escala\u00e7\u00e3o do Flamengo para o jogo de volta das semifinais do Carioca"}]},{"@type":"WebSite","@id":"https:\/\/www.gaveanews.com\/#website","url":"https:\/\/www.gaveanews.com\/","name":"G\u00e1vea News","description":"Veja todas as not\u00edcias sobre o Flamengo: Contrata\u00e7\u00f5es, categorias de base, resultados das partidas, tabela de classifica\u00e7\u00e3o, pr\u00f3ximos jogos!","potentialAction":[{"@type":"SearchAction","target":{"@type":"EntryPoint","urlTemplate":"https:\/\/www.gaveanews.com\/?s={search_term_string}"},"query-input":{"@type":"PropertyValueSpecification","valueRequired":true,"valueName":"search_term_string"}}],"inLanguage":"pt-BR"},{"@type":"Person","@id":"https:\/\/www.gaveanews.com\/#\/schema\/person\/714c67050b836198af2450ba1c142a67","name":"Let\u00edcia Gerheim","image":{"@type":"ImageObject","inLanguage":"pt-BR","@id":"https:\/\/www.gaveanews.com\/#\/schema\/person\/image\/","url":"https:\/\/secure.gravatar.com\/avatar\/60734739c50fcebfbac509e2a826ccd0ff405c019bc73aab9354f19ecad1dcb4?s=96&d=mm&r=g","contentUrl":"https:\/\/secure.gravatar.com\/avatar\/60734739c50fcebfbac509e2a826ccd0ff405c019bc73aab9354f19ecad1dcb4?s=96&d=mm&r=g","caption":"Let\u00edcia Gerheim"}}]}},"_links":{"self":[{"href":"https:\/\/www.gaveanews.com\/index.php\/wp-json\/wp\/v2\/posts\/95540","targetHints":{"allow":["GET"]}}],"collection":[{"href":"https:\/\/www.gaveanews.com\/index.php\/wp-json\/wp\/v2\/posts"}],"about":[{"href":"https:\/\/www.gaveanews.com\/index.php\/wp-json\/wp\/v2\/types\/post"}],"author":[{"embeddable":true,"href":"https:\/\/www.gaveanews.com\/index.php\/wp-json\/wp\/v2\/users\/4"}],"replies":[{"embeddable":true,"href":"https:\/\/www.gaveanews.com\/index.php\/wp-json\/wp\/v2\/comments?post=95540"}],"version-history":[{"count":0,"href":"https:\/\/www.gaveanews.com\/index.php\/wp-json\/wp\/v2\/posts\/95540\/revisions"}],"wp:featuredmedia":[{"embeddable":true,"href":"https:\/\/www.gaveanews.com\/index.php\/wp-json\/wp\/v2\/media\/83199"}],"wp:attachment":[{"href":"https:\/\/www.gaveanews.com\/index.php\/wp-json\/wp\/v2\/media?parent=95540"}],"wp:term":[{"taxonomy":"category","embeddable":true,"href":"https:\/\/www.gaveanews.com\/index.php\/wp-json\/wp\/v2\/categories?post=95540"},{"taxonomy":"post_tag","embeddable":true,"href":"https:\/\/www.gaveanews.com\/index.php\/wp-json\/wp\/v2\/tags?post=95540"}],"curies":[{"name":"wp","href":"https:\/\/api.w.org\/{rel}","templated":true}]}}