{"id":95593,"date":"2023-03-18T23:57:14","date_gmt":"2023-03-19T02:57:14","guid":{"rendered":"https:\/\/www.gaveanews.com\/?p=95593"},"modified":"2023-03-18T23:57:17","modified_gmt":"2023-03-19T02:57:17","slug":"vasco-x-flamengo-vitor-pereira-muda-de-estrategia-para-o-classico","status":"publish","type":"post","link":"https:\/\/www.gaveanews.com\/index.php\/2023\/03\/18\/vasco-x-flamengo-vitor-pereira-muda-de-estrategia-para-o-classico\/","title":{"rendered":"Vasco x Flamengo: V\u00edtor Pereira muda de estrat\u00e9gia para o cl\u00e1ssico"},"content":{"rendered":"\n<p>Ap\u00f3s algumas turbul\u00eancias em fun\u00e7\u00f5es de derrocadas e pol\u00eamicas nos bastidores, o Flamengo tenta viver dias de paz, e parte disso passar\u00e1 pelo resultado do jogo deste domingo (19), \u00e0s 16h (de Bras\u00edlia), diante do Vasco, pela semifinal do Carioca. Em fun\u00e7\u00e3o de vazamentos recentes de escala\u00e7\u00e3o, o t\u00e9cnico V\u00edtor Pereira optou por mist\u00e9rio total, utilizando o suspense como \u201cgrande arma\u201d contra o rival.<\/p>\n\n\n\n<p>Para evitar vazamentos sobre o time que entrar\u00e1 em campo no Maracan\u00e3 no jogo de volta, VP n\u00e3o treinou com o time titular nas atividades realizadas na quinta e sexta, no Ninho do Urubu. Na quarta, quando os atletas se reapresentaram, ap\u00f3s o cl\u00e1ssico, boa parte do grupo que iniciou o jogo participou apenas de uma movimenta\u00e7\u00e3o regenerativa.<\/p>\n\n\n\n<p>Neste cen\u00e1rio, V\u00edtor Pereira faz mist\u00e9rio sobre quem vai a campo. A postura de mesclar jogadores nos treinamentos n\u00e3o \u00e9 novidade. Contudo, em semanas cheias para treinamentos, o portugu\u00eas tem o costume de trabalhar com o time que ser\u00e1 titular, algo que n\u00e3o aconteceu na prepara\u00e7\u00e3o para o confronto de amanh\u00e3.<\/p>\n\n\n\n<p>Na coletiva p\u00f3s-jogo da \u00faltima segunda, o treinador do Flamengo externou insatisfa\u00e7\u00e3o com o vazamento de informa\u00e7\u00f5es, e prometeu junto com a diretoria tomar atitudes para coibir a a\u00e7\u00e3o.<\/p>\n\n\n\n<p>\u201cVamos ter que solucionar de alguma forma porque quando a escala\u00e7\u00e3o sai de fato beneficia sempre o advers\u00e1rio. N\u00e3o sei como a informa\u00e7\u00e3o \u00e9 obtida, mas vamos ter que investigar e entender como ela \u00e9 obtida. Tenho que trabalhar taticamente e estrategicamente preparar o jogo independentemente de a escala\u00e7\u00e3o sair. Mas de fato incomoda um bocadinho porque d\u00e1 vantagem ao advers\u00e1rio\u201d, afirmou o comandante t\u00e9cnico do Flamengo.<\/p>\n\n\n\n<p>Para o embate contra o Vasco, a principal d\u00favida do Flamengo est\u00e1 na ala direita. Everton Cebolinha aparece como franco favorito a atuar no setor. Sem Matheuzinho e Varela, o treinador ter\u00e1 de improvisar. Matheus Fran\u00e7a tamb\u00e9m corre por fora na disputa.<\/p>\n\n\n\n<p>Retirado de: Torcedores <\/p>\n","protected":false},"excerpt":{"rendered":"<p>Ap\u00f3s algumas turbul\u00eancias em fun\u00e7\u00f5es de derrocadas e pol\u00eamicas nos bastidores, o Flamengo tenta viver dias de paz, e parte disso passar\u00e1 pelo resultado do jogo deste domingo (19), \u00e0s 16h (de Bras\u00edlia), diante do Vasco, pela semifinal do Carioca. Em fun\u00e7\u00e3o de vazamentos recentes de escala\u00e7\u00e3o, o t\u00e9cnico V\u00edtor Pereira optou por mist\u00e9rio total, [&hellip;]<\/p>\n","protected":false},"author":1,"featured_media":94832,"comment_status":"open","ping_status":"closed","sticky":false,"template":"","format":"standard","meta":{"footnotes":""},"categories":[47],"tags":[],"class_list":["post-95593","post","type-post","status-publish","format-standard","has-post-thumbnail","hentry","category-destaques"],"yoast_head":"<!-- This site is optimized with the Yoast SEO Premium plugin v24.2 (Yoast SEO v26.9) - https:\/\/yoast.com\/product\/yoast-seo-premium-wordpress\/ -->\n<title>Vasco x Flamengo: V\u00edtor Pereira muda de estrat\u00e9gia para o cl\u00e1ssico<\/title>\n<meta name=\"robots\" content=\"index, follow, max-snippet:-1, max-image-preview:large, max-video-preview:-1\" \/>\n<link rel=\"canonical\" href=\"https:\/\/www.gaveanews.com\/index.php\/2023\/03\/18\/vasco-x-flamengo-vitor-pereira-muda-de-estrategia-para-o-classico\/\" \/>\n<meta property=\"og:locale\" content=\"pt_BR\" \/>\n<meta property=\"og:type\" content=\"article\" \/>\n<meta property=\"og:title\" content=\"Vasco x Flamengo: V\u00edtor Pereira muda de estrat\u00e9gia para o cl\u00e1ssico\" \/>\n<meta property=\"og:description\" content=\"Ap\u00f3s algumas turbul\u00eancias em fun\u00e7\u00f5es de derrocadas e pol\u00eamicas nos bastidores, o Flamengo tenta viver dias de paz, e parte disso passar\u00e1 pelo resultado do jogo deste domingo (19), \u00e0s 16h (de Bras\u00edlia), diante do Vasco, pela semifinal do Carioca. Em fun\u00e7\u00e3o de vazamentos recentes de escala\u00e7\u00e3o, o t\u00e9cnico V\u00edtor Pereira optou por mist\u00e9rio total, [&hellip;]\" \/>\n<meta property=\"og:url\" content=\"https:\/\/www.gaveanews.com\/index.php\/2023\/03\/18\/vasco-x-flamengo-vitor-pereira-muda-de-estrategia-para-o-classico\/\" \/>\n<meta property=\"og:site_name\" content=\"G\u00e1vea News\" \/>\n<meta property=\"article:publisher\" content=\"https:\/\/facebook.com\/gaveaNews\/\" \/>\n<meta property=\"article:published_time\" content=\"2023-03-19T02:57:14+00:00\" \/>\n<meta property=\"article:modified_time\" content=\"2023-03-19T02:57:17+00:00\" \/>\n<meta property=\"og:image\" content=\"https:\/\/www.gaveanews.com\/wp-content\/uploads\/vitor-pereira-tacnico-flamengo.webp\" \/>\n\t<meta property=\"og:image:width\" content=\"700\" \/>\n\t<meta property=\"og:image:height\" content=\"470\" \/>\n\t<meta property=\"og:image:type\" content=\"image\/webp\" \/>\n<meta name=\"author\" content=\"Equipe G\u00e1vea News\" \/>\n<meta name=\"twitter:card\" content=\"summary_large_image\" \/>\n<meta name=\"twitter:label1\" content=\"Escrito por\" \/>\n\t<meta name=\"twitter:data1\" content=\"Equipe G\u00e1vea News\" \/>\n\t<meta name=\"twitter:label2\" content=\"Est. tempo de leitura\" \/>\n\t<meta name=\"twitter:data2\" content=\"2 minutos\" \/>\n<script type=\"application\/ld+json\" class=\"yoast-schema-graph\">{\"@context\":\"https:\/\/schema.org\",\"@graph\":[{\"@type\":\"NewsArticle\",\"@id\":\"https:\/\/www.gaveanews.com\/index.php\/2023\/03\/18\/vasco-x-flamengo-vitor-pereira-muda-de-estrategia-para-o-classico\/#article\",\"isPartOf\":{\"@id\":\"https:\/\/www.gaveanews.com\/index.php\/2023\/03\/18\/vasco-x-flamengo-vitor-pereira-muda-de-estrategia-para-o-classico\/\"},\"author\":{\"name\":\"Equipe G\u00e1vea News\",\"@id\":\"https:\/\/www.gaveanews.com\/#\/schema\/person\/2ec14f73fb96be2caf28f91afb14749d\"},\"headline\":\"Vasco x Flamengo: V\u00edtor Pereira muda de estrat\u00e9gia para o cl\u00e1ssico\",\"datePublished\":\"2023-03-19T02:57:14+00:00\",\"dateModified\":\"2023-03-19T02:57:17+00:00\",\"mainEntityOfPage\":{\"@id\":\"https:\/\/www.gaveanews.com\/index.php\/2023\/03\/18\/vasco-x-flamengo-vitor-pereira-muda-de-estrategia-para-o-classico\/\"},\"wordCount\":359,\"commentCount\":0,\"image\":{\"@id\":\"https:\/\/www.gaveanews.com\/index.php\/2023\/03\/18\/vasco-x-flamengo-vitor-pereira-muda-de-estrategia-para-o-classico\/#primaryimage\"},\"thumbnailUrl\":\"https:\/\/www.gaveanews.com\/wp-content\/uploads\/vitor-pereira-tacnico-flamengo.webp\",\"articleSection\":[\"Destaques\"],\"inLanguage\":\"pt-BR\",\"potentialAction\":[{\"@type\":\"CommentAction\",\"name\":\"Comment\",\"target\":[\"https:\/\/www.gaveanews.com\/index.php\/2023\/03\/18\/vasco-x-flamengo-vitor-pereira-muda-de-estrategia-para-o-classico\/#respond\"]}],\"copyrightYear\":\"2023\",\"copyrightHolder\":{\"@id\":\"https:\/\/www.gaveanews.com\/#organization\"}},{\"@type\":\"WebPage\",\"@id\":\"https:\/\/www.gaveanews.com\/index.php\/2023\/03\/18\/vasco-x-flamengo-vitor-pereira-muda-de-estrategia-para-o-classico\/\",\"url\":\"https:\/\/www.gaveanews.com\/index.php\/2023\/03\/18\/vasco-x-flamengo-vitor-pereira-muda-de-estrategia-para-o-classico\/\",\"name\":\"Vasco x Flamengo: V\u00edtor Pereira muda de estrat\u00e9gia para o cl\u00e1ssico\",\"isPartOf\":{\"@id\":\"https:\/\/www.gaveanews.com\/#website\"},\"primaryImageOfPage\":{\"@id\":\"https:\/\/www.gaveanews.com\/index.php\/2023\/03\/18\/vasco-x-flamengo-vitor-pereira-muda-de-estrategia-para-o-classico\/#primaryimage\"},\"image\":{\"@id\":\"https:\/\/www.gaveanews.com\/index.php\/2023\/03\/18\/vasco-x-flamengo-vitor-pereira-muda-de-estrategia-para-o-classico\/#primaryimage\"},\"thumbnailUrl\":\"https:\/\/www.gaveanews.com\/wp-content\/uploads\/vitor-pereira-tacnico-flamengo.webp\",\"datePublished\":\"2023-03-19T02:57:14+00:00\",\"dateModified\":\"2023-03-19T02:57:17+00:00\",\"author\":{\"@id\":\"https:\/\/www.gaveanews.com\/#\/schema\/person\/2ec14f73fb96be2caf28f91afb14749d\"},\"breadcrumb\":{\"@id\":\"https:\/\/www.gaveanews.com\/index.php\/2023\/03\/18\/vasco-x-flamengo-vitor-pereira-muda-de-estrategia-para-o-classico\/#breadcrumb\"},\"inLanguage\":\"pt-BR\",\"potentialAction\":[{\"@type\":\"ReadAction\",\"target\":[\"https:\/\/www.gaveanews.com\/index.php\/2023\/03\/18\/vasco-x-flamengo-vitor-pereira-muda-de-estrategia-para-o-classico\/\"]}]},{\"@type\":\"ImageObject\",\"inLanguage\":\"pt-BR\",\"@id\":\"https:\/\/www.gaveanews.com\/index.php\/2023\/03\/18\/vasco-x-flamengo-vitor-pereira-muda-de-estrategia-para-o-classico\/#primaryimage\",\"url\":\"https:\/\/www.gaveanews.com\/wp-content\/uploads\/vitor-pereira-tacnico-flamengo.webp\",\"contentUrl\":\"https:\/\/www.gaveanews.com\/wp-content\/uploads\/vitor-pereira-tacnico-flamengo.webp\",\"width\":700,\"height\":470,\"caption\":\"V\u00edtor Pereira em treino do Flamengo (Foto: Marcelo Cortes\/Flamengo)\"},{\"@type\":\"BreadcrumbList\",\"@id\":\"https:\/\/www.gaveanews.com\/index.php\/2023\/03\/18\/vasco-x-flamengo-vitor-pereira-muda-de-estrategia-para-o-classico\/#breadcrumb\",\"itemListElement\":[{\"@type\":\"ListItem\",\"position\":1,\"name\":\"Home\",\"item\":\"https:\/\/www.gaveanews.com\/\"},{\"@type\":\"ListItem\",\"position\":2,\"name\":\"Vasco x Flamengo: V\u00edtor Pereira muda de estrat\u00e9gia para o cl\u00e1ssico\"}]},{\"@type\":\"WebSite\",\"@id\":\"https:\/\/www.gaveanews.com\/#website\",\"url\":\"https:\/\/www.gaveanews.com\/\",\"name\":\"G\u00e1vea News\",\"description\":\"Veja todas as not\u00edcias sobre o Flamengo: Contrata\u00e7\u00f5es, categorias de base, resultados das partidas, tabela de classifica\u00e7\u00e3o, pr\u00f3ximos jogos!\",\"potentialAction\":[{\"@type\":\"SearchAction\",\"target\":{\"@type\":\"EntryPoint\",\"urlTemplate\":\"https:\/\/www.gaveanews.com\/?s={search_term_string}\"},\"query-input\":{\"@type\":\"PropertyValueSpecification\",\"valueRequired\":true,\"valueName\":\"search_term_string\"}}],\"inLanguage\":\"pt-BR\"},{\"@type\":\"Person\",\"@id\":\"https:\/\/www.gaveanews.com\/#\/schema\/person\/2ec14f73fb96be2caf28f91afb14749d\",\"name\":\"Equipe G\u00e1vea News\",\"image\":{\"@type\":\"ImageObject\",\"inLanguage\":\"pt-BR\",\"@id\":\"https:\/\/www.gaveanews.com\/#\/schema\/person\/image\/\",\"url\":\"https:\/\/secure.gravatar.com\/avatar\/1e1956f1facbffd3f8fa53a326721950116b3b9dc9bd44939c01180fd4a745a9?s=96&d=mm&r=g\",\"contentUrl\":\"https:\/\/secure.gravatar.com\/avatar\/1e1956f1facbffd3f8fa53a326721950116b3b9dc9bd44939c01180fd4a745a9?s=96&d=mm&r=g\",\"caption\":\"Equipe G\u00e1vea News\"}}]}<\/script>\n<!-- \/ Yoast SEO Premium plugin. -->","yoast_head_json":{"title":"Vasco x Flamengo: V\u00edtor Pereira muda de estrat\u00e9gia para o cl\u00e1ssico","robots":{"index":"index","follow":"follow","max-snippet":"max-snippet:-1","max-image-preview":"max-image-preview:large","max-video-preview":"max-video-preview:-1"},"canonical":"https:\/\/www.gaveanews.com\/index.php\/2023\/03\/18\/vasco-x-flamengo-vitor-pereira-muda-de-estrategia-para-o-classico\/","og_locale":"pt_BR","og_type":"article","og_title":"Vasco x Flamengo: V\u00edtor Pereira muda de estrat\u00e9gia para o cl\u00e1ssico","og_description":"Ap\u00f3s algumas turbul\u00eancias em fun\u00e7\u00f5es de derrocadas e pol\u00eamicas nos bastidores, o Flamengo tenta viver dias de paz, e parte disso passar\u00e1 pelo resultado do jogo deste domingo (19), \u00e0s 16h (de Bras\u00edlia), diante do Vasco, pela semifinal do Carioca. Em fun\u00e7\u00e3o de vazamentos recentes de escala\u00e7\u00e3o, o t\u00e9cnico V\u00edtor Pereira optou por mist\u00e9rio total, [&hellip;]","og_url":"https:\/\/www.gaveanews.com\/index.php\/2023\/03\/18\/vasco-x-flamengo-vitor-pereira-muda-de-estrategia-para-o-classico\/","og_site_name":"G\u00e1vea News","article_publisher":"https:\/\/facebook.com\/gaveaNews\/","article_published_time":"2023-03-19T02:57:14+00:00","article_modified_time":"2023-03-19T02:57:17+00:00","og_image":[{"width":700,"height":470,"url":"https:\/\/www.gaveanews.com\/wp-content\/uploads\/vitor-pereira-tacnico-flamengo.webp","type":"image\/webp"}],"author":"Equipe G\u00e1vea News","twitter_card":"summary_large_image","twitter_misc":{"Escrito por":"Equipe G\u00e1vea News","Est. tempo de leitura":"2 minutos"},"schema":{"@context":"https:\/\/schema.org","@graph":[{"@type":"NewsArticle","@id":"https:\/\/www.gaveanews.com\/index.php\/2023\/03\/18\/vasco-x-flamengo-vitor-pereira-muda-de-estrategia-para-o-classico\/#article","isPartOf":{"@id":"https:\/\/www.gaveanews.com\/index.php\/2023\/03\/18\/vasco-x-flamengo-vitor-pereira-muda-de-estrategia-para-o-classico\/"},"author":{"name":"Equipe G\u00e1vea News","@id":"https:\/\/www.gaveanews.com\/#\/schema\/person\/2ec14f73fb96be2caf28f91afb14749d"},"headline":"Vasco x Flamengo: V\u00edtor Pereira muda de estrat\u00e9gia para o cl\u00e1ssico","datePublished":"2023-03-19T02:57:14+00:00","dateModified":"2023-03-19T02:57:17+00:00","mainEntityOfPage":{"@id":"https:\/\/www.gaveanews.com\/index.php\/2023\/03\/18\/vasco-x-flamengo-vitor-pereira-muda-de-estrategia-para-o-classico\/"},"wordCount":359,"commentCount":0,"image":{"@id":"https:\/\/www.gaveanews.com\/index.php\/2023\/03\/18\/vasco-x-flamengo-vitor-pereira-muda-de-estrategia-para-o-classico\/#primaryimage"},"thumbnailUrl":"https:\/\/www.gaveanews.com\/wp-content\/uploads\/vitor-pereira-tacnico-flamengo.webp","articleSection":["Destaques"],"inLanguage":"pt-BR","potentialAction":[{"@type":"CommentAction","name":"Comment","target":["https:\/\/www.gaveanews.com\/index.php\/2023\/03\/18\/vasco-x-flamengo-vitor-pereira-muda-de-estrategia-para-o-classico\/#respond"]}],"copyrightYear":"2023","copyrightHolder":{"@id":"https:\/\/www.gaveanews.com\/#organization"}},{"@type":"WebPage","@id":"https:\/\/www.gaveanews.com\/index.php\/2023\/03\/18\/vasco-x-flamengo-vitor-pereira-muda-de-estrategia-para-o-classico\/","url":"https:\/\/www.gaveanews.com\/index.php\/2023\/03\/18\/vasco-x-flamengo-vitor-pereira-muda-de-estrategia-para-o-classico\/","name":"Vasco x Flamengo: V\u00edtor Pereira muda de estrat\u00e9gia para o cl\u00e1ssico","isPartOf":{"@id":"https:\/\/www.gaveanews.com\/#website"},"primaryImageOfPage":{"@id":"https:\/\/www.gaveanews.com\/index.php\/2023\/03\/18\/vasco-x-flamengo-vitor-pereira-muda-de-estrategia-para-o-classico\/#primaryimage"},"image":{"@id":"https:\/\/www.gaveanews.com\/index.php\/2023\/03\/18\/vasco-x-flamengo-vitor-pereira-muda-de-estrategia-para-o-classico\/#primaryimage"},"thumbnailUrl":"https:\/\/www.gaveanews.com\/wp-content\/uploads\/vitor-pereira-tacnico-flamengo.webp","datePublished":"2023-03-19T02:57:14+00:00","dateModified":"2023-03-19T02:57:17+00:00","author":{"@id":"https:\/\/www.gaveanews.com\/#\/schema\/person\/2ec14f73fb96be2caf28f91afb14749d"},"breadcrumb":{"@id":"https:\/\/www.gaveanews.com\/index.php\/2023\/03\/18\/vasco-x-flamengo-vitor-pereira-muda-de-estrategia-para-o-classico\/#breadcrumb"},"inLanguage":"pt-BR","potentialAction":[{"@type":"ReadAction","target":["https:\/\/www.gaveanews.com\/index.php\/2023\/03\/18\/vasco-x-flamengo-vitor-pereira-muda-de-estrategia-para-o-classico\/"]}]},{"@type":"ImageObject","inLanguage":"pt-BR","@id":"https:\/\/www.gaveanews.com\/index.php\/2023\/03\/18\/vasco-x-flamengo-vitor-pereira-muda-de-estrategia-para-o-classico\/#primaryimage","url":"https:\/\/www.gaveanews.com\/wp-content\/uploads\/vitor-pereira-tacnico-flamengo.webp","contentUrl":"https:\/\/www.gaveanews.com\/wp-content\/uploads\/vitor-pereira-tacnico-flamengo.webp","width":700,"height":470,"caption":"V\u00edtor Pereira em treino do Flamengo (Foto: Marcelo Cortes\/Flamengo)"},{"@type":"BreadcrumbList","@id":"https:\/\/www.gaveanews.com\/index.php\/2023\/03\/18\/vasco-x-flamengo-vitor-pereira-muda-de-estrategia-para-o-classico\/#breadcrumb","itemListElement":[{"@type":"ListItem","position":1,"name":"Home","item":"https:\/\/www.gaveanews.com\/"},{"@type":"ListItem","position":2,"name":"Vasco x Flamengo: V\u00edtor Pereira muda de estrat\u00e9gia para o cl\u00e1ssico"}]},{"@type":"WebSite","@id":"https:\/\/www.gaveanews.com\/#website","url":"https:\/\/www.gaveanews.com\/","name":"G\u00e1vea News","description":"Veja todas as not\u00edcias sobre o Flamengo: Contrata\u00e7\u00f5es, categorias de base, resultados das partidas, tabela de classifica\u00e7\u00e3o, pr\u00f3ximos jogos!","potentialAction":[{"@type":"SearchAction","target":{"@type":"EntryPoint","urlTemplate":"https:\/\/www.gaveanews.com\/?s={search_term_string}"},"query-input":{"@type":"PropertyValueSpecification","valueRequired":true,"valueName":"search_term_string"}}],"inLanguage":"pt-BR"},{"@type":"Person","@id":"https:\/\/www.gaveanews.com\/#\/schema\/person\/2ec14f73fb96be2caf28f91afb14749d","name":"Equipe G\u00e1vea News","image":{"@type":"ImageObject","inLanguage":"pt-BR","@id":"https:\/\/www.gaveanews.com\/#\/schema\/person\/image\/","url":"https:\/\/secure.gravatar.com\/avatar\/1e1956f1facbffd3f8fa53a326721950116b3b9dc9bd44939c01180fd4a745a9?s=96&d=mm&r=g","contentUrl":"https:\/\/secure.gravatar.com\/avatar\/1e1956f1facbffd3f8fa53a326721950116b3b9dc9bd44939c01180fd4a745a9?s=96&d=mm&r=g","caption":"Equipe G\u00e1vea News"}}]}},"_links":{"self":[{"href":"https:\/\/www.gaveanews.com\/index.php\/wp-json\/wp\/v2\/posts\/95593","targetHints":{"allow":["GET"]}}],"collection":[{"href":"https:\/\/www.gaveanews.com\/index.php\/wp-json\/wp\/v2\/posts"}],"about":[{"href":"https:\/\/www.gaveanews.com\/index.php\/wp-json\/wp\/v2\/types\/post"}],"author":[{"embeddable":true,"href":"https:\/\/www.gaveanews.com\/index.php\/wp-json\/wp\/v2\/users\/1"}],"replies":[{"embeddable":true,"href":"https:\/\/www.gaveanews.com\/index.php\/wp-json\/wp\/v2\/comments?post=95593"}],"version-history":[{"count":0,"href":"https:\/\/www.gaveanews.com\/index.php\/wp-json\/wp\/v2\/posts\/95593\/revisions"}],"wp:featuredmedia":[{"embeddable":true,"href":"https:\/\/www.gaveanews.com\/index.php\/wp-json\/wp\/v2\/media\/94832"}],"wp:attachment":[{"href":"https:\/\/www.gaveanews.com\/index.php\/wp-json\/wp\/v2\/media?parent=95593"}],"wp:term":[{"taxonomy":"category","embeddable":true,"href":"https:\/\/www.gaveanews.com\/index.php\/wp-json\/wp\/v2\/categories?post=95593"},{"taxonomy":"post_tag","embeddable":true,"href":"https:\/\/www.gaveanews.com\/index.php\/wp-json\/wp\/v2\/tags?post=95593"}],"curies":[{"name":"wp","href":"https:\/\/api.w.org\/{rel}","templated":true}]}}