{"id":95633,"date":"2023-03-19T18:46:20","date_gmt":"2023-03-19T21:46:20","guid":{"rendered":"https:\/\/www.gaveanews.com\/?p=95633"},"modified":"2023-03-19T18:46:23","modified_gmt":"2023-03-19T21:46:23","slug":"defensor-desejado-pelo-flamengo-quer-voltar-ao-brasil","status":"publish","type":"post","link":"https:\/\/www.gaveanews.com\/index.php\/2023\/03\/19\/defensor-desejado-pelo-flamengo-quer-voltar-ao-brasil\/","title":{"rendered":"Defensor desejado pelo Flamengo quer voltar ao Brasil"},"content":{"rendered":"\n<p>O zagueiro Lucas Ver\u00edssimo, ex-Santos, n\u00e3o quer ficar no Benfica e teria uma prefer\u00eancia em voltar ao futebol brasileiro, segundo publicou o jornalista Rafael Reis, em seu blog no UOL Esporte. Alvo recente do Flamengo, que buscou informa\u00e7\u00f5es sobre sua contrata\u00e7\u00e3o, Ver\u00edssimo teria o desejo de retornar assim que a temporada na Europa chegar ao fim.<\/p>\n\n\n\n<p>Isso se d\u00e1 porque ele n\u00e3o recuperou seu espa\u00e7o na equipe ap\u00f3s recuperar de uma grave les\u00e3o ligamentar no joelho, que o deixou por 11 meses fora dos gramados. Ele era titular do time de Lisboa, mas n\u00e3o conseguiu mais voltar atuar constantemente. A ideia de Lucas Ver\u00edssimo \u00e9 retomar a minutagem para ser convocado mais uma vez pela sele\u00e7\u00e3o brasileira.<\/p>\n\n\n\n<p>Antes da les\u00e3o, sofrida em novembro de 2021, o zagueiro vinha sendo convocado constantemente, o que lhe dava chances claras de ir para a Copa do Mundo.<\/p>\n\n\n\n<p>Lucas Ver\u00edssimo quer sair de Portugal j\u00e1 em julho e deseja fechar com um time importante do Brasileir\u00e3o para que possa jogar com frequ\u00eancia mais uma vez. No Benfica, sua les\u00e3o foi crucial para a chegada do jovem Ant\u00f3nio Silva ao time titular. O garoto de 19 anos \u00e9 considerado uma das grandes joias do futebol portugu\u00eas e se firmou de vez na equipe.<\/p>\n\n\n\n<h2 class=\"wp-block-heading\" id=\"h-lucas-verissimo-quer-voltar-ao-brasil\">Lucas Ver\u00edssimo quer voltar ao Brasil<\/h2>\n\n\n\n<p>O jogador, que come\u00e7ou a carreira no Linense, chegou ao Santos para time sub-20 e foi inserido ao time principal, ganhando espa\u00e7o em 2016. Logo se tornou titular da equipe, virou capit\u00e3o, mas passou a sofrer com les\u00f5es. Mesmo com as quest\u00f5es f\u00edsicas, chamou a aten\u00e7\u00e3o de times europeus e de Tite, ent\u00e3o treinador da sele\u00e7\u00e3o brasileira, que o convocou.<\/p>\n\n\n\n<p>Chegou ao Benfica em 2020, terminou o primeiro ano como titular e iniciou a segunda temporada tamb\u00e9m como dono da posi\u00e7\u00e3o. Entretanto, depois de 35 partidas disputadas e cinco gols anotados, Lucas sofreu grave les\u00e3o no joelho e ficou quase um ano fora dos gramados. Ap\u00f3s sua volta, disputou apenas seis partidas e perdeu espa\u00e7o no elenco.<\/p>\n\n\n\n<p>Retirado de: Torcedores<\/p>\n","protected":false},"excerpt":{"rendered":"<p>O zagueiro Lucas Ver\u00edssimo, ex-Santos, n\u00e3o quer ficar no Benfica e teria uma prefer\u00eancia em voltar ao futebol brasileiro, segundo publicou o jornalista Rafael Reis, em seu blog no UOL Esporte. Alvo recente do Flamengo, que buscou informa\u00e7\u00f5es sobre sua contrata\u00e7\u00e3o, Ver\u00edssimo teria o desejo de retornar assim que a temporada na Europa chegar ao [&hellip;]<\/p>\n","protected":false},"author":1,"featured_media":95634,"comment_status":"open","ping_status":"closed","sticky":false,"template":"","format":"standard","meta":{"footnotes":""},"categories":[48],"tags":[],"class_list":["post-95633","post","type-post","status-publish","format-standard","has-post-thumbnail","hentry","category-negociacoes"],"yoast_head":"<!-- This site is optimized with the Yoast SEO Premium plugin v24.2 (Yoast SEO v26.9) - https:\/\/yoast.com\/product\/yoast-seo-premium-wordpress\/ -->\n<title>Defensor desejado pelo Flamengo quer voltar ao Brasil<\/title>\n<meta name=\"description\" content=\"Diretoria do time do Flamengo segue trabalhando nos bastidores do mercado da bola para contratar novos refor\u00e7os.\" \/>\n<meta name=\"robots\" content=\"index, follow, max-snippet:-1, max-image-preview:large, max-video-preview:-1\" \/>\n<link rel=\"canonical\" href=\"https:\/\/www.gaveanews.com\/index.php\/2023\/03\/19\/defensor-desejado-pelo-flamengo-quer-voltar-ao-brasil\/\" \/>\n<meta property=\"og:locale\" content=\"pt_BR\" \/>\n<meta property=\"og:type\" content=\"article\" \/>\n<meta property=\"og:title\" content=\"Defensor desejado pelo Flamengo quer voltar ao Brasil\" \/>\n<meta property=\"og:description\" content=\"Diretoria do time do Flamengo segue trabalhando nos bastidores do mercado da bola para contratar novos refor\u00e7os.\" \/>\n<meta property=\"og:url\" content=\"https:\/\/www.gaveanews.com\/index.php\/2023\/03\/19\/defensor-desejado-pelo-flamengo-quer-voltar-ao-brasil\/\" \/>\n<meta property=\"og:site_name\" content=\"G\u00e1vea News\" \/>\n<meta property=\"article:publisher\" content=\"https:\/\/facebook.com\/gaveaNews\/\" \/>\n<meta property=\"article:published_time\" content=\"2023-03-19T21:46:20+00:00\" \/>\n<meta property=\"article:modified_time\" content=\"2023-03-19T21:46:23+00:00\" \/>\n<meta property=\"og:image\" content=\"https:\/\/www.gaveanews.com\/wp-content\/uploads\/Lucas-Verissimo-em-acao-pelo-Brasil.webp\" \/>\n\t<meta property=\"og:image:width\" content=\"2048\" \/>\n\t<meta property=\"og:image:height\" content=\"1365\" \/>\n\t<meta property=\"og:image:type\" content=\"image\/jpeg\" \/>\n<meta name=\"author\" content=\"Equipe G\u00e1vea News\" \/>\n<meta name=\"twitter:card\" content=\"summary_large_image\" \/>\n<meta name=\"twitter:label1\" content=\"Escrito por\" \/>\n\t<meta name=\"twitter:data1\" content=\"Equipe G\u00e1vea News\" \/>\n\t<meta name=\"twitter:label2\" content=\"Est. tempo de leitura\" \/>\n\t<meta name=\"twitter:data2\" content=\"2 minutos\" \/>\n<script type=\"application\/ld+json\" class=\"yoast-schema-graph\">{\"@context\":\"https:\/\/schema.org\",\"@graph\":[{\"@type\":\"NewsArticle\",\"@id\":\"https:\/\/www.gaveanews.com\/index.php\/2023\/03\/19\/defensor-desejado-pelo-flamengo-quer-voltar-ao-brasil\/#article\",\"isPartOf\":{\"@id\":\"https:\/\/www.gaveanews.com\/index.php\/2023\/03\/19\/defensor-desejado-pelo-flamengo-quer-voltar-ao-brasil\/\"},\"author\":{\"name\":\"Equipe G\u00e1vea News\",\"@id\":\"https:\/\/www.gaveanews.com\/#\/schema\/person\/2ec14f73fb96be2caf28f91afb14749d\"},\"headline\":\"Defensor desejado pelo Flamengo quer voltar ao Brasil\",\"datePublished\":\"2023-03-19T21:46:20+00:00\",\"dateModified\":\"2023-03-19T21:46:23+00:00\",\"mainEntityOfPage\":{\"@id\":\"https:\/\/www.gaveanews.com\/index.php\/2023\/03\/19\/defensor-desejado-pelo-flamengo-quer-voltar-ao-brasil\/\"},\"wordCount\":369,\"commentCount\":0,\"image\":{\"@id\":\"https:\/\/www.gaveanews.com\/index.php\/2023\/03\/19\/defensor-desejado-pelo-flamengo-quer-voltar-ao-brasil\/#primaryimage\"},\"thumbnailUrl\":\"https:\/\/www.gaveanews.com\/wp-content\/uploads\/Lucas-Verissimo-em-acao-pelo-Brasil.webp\",\"articleSection\":[\"Negocia\u00e7\u00f5es\"],\"inLanguage\":\"pt-BR\",\"potentialAction\":[{\"@type\":\"CommentAction\",\"name\":\"Comment\",\"target\":[\"https:\/\/www.gaveanews.com\/index.php\/2023\/03\/19\/defensor-desejado-pelo-flamengo-quer-voltar-ao-brasil\/#respond\"]}],\"copyrightYear\":\"2023\",\"copyrightHolder\":{\"@id\":\"https:\/\/www.gaveanews.com\/#organization\"}},{\"@type\":\"WebPage\",\"@id\":\"https:\/\/www.gaveanews.com\/index.php\/2023\/03\/19\/defensor-desejado-pelo-flamengo-quer-voltar-ao-brasil\/\",\"url\":\"https:\/\/www.gaveanews.com\/index.php\/2023\/03\/19\/defensor-desejado-pelo-flamengo-quer-voltar-ao-brasil\/\",\"name\":\"Defensor desejado pelo Flamengo quer voltar ao Brasil\",\"isPartOf\":{\"@id\":\"https:\/\/www.gaveanews.com\/#website\"},\"primaryImageOfPage\":{\"@id\":\"https:\/\/www.gaveanews.com\/index.php\/2023\/03\/19\/defensor-desejado-pelo-flamengo-quer-voltar-ao-brasil\/#primaryimage\"},\"image\":{\"@id\":\"https:\/\/www.gaveanews.com\/index.php\/2023\/03\/19\/defensor-desejado-pelo-flamengo-quer-voltar-ao-brasil\/#primaryimage\"},\"thumbnailUrl\":\"https:\/\/www.gaveanews.com\/wp-content\/uploads\/Lucas-Verissimo-em-acao-pelo-Brasil.webp\",\"datePublished\":\"2023-03-19T21:46:20+00:00\",\"dateModified\":\"2023-03-19T21:46:23+00:00\",\"author\":{\"@id\":\"https:\/\/www.gaveanews.com\/#\/schema\/person\/2ec14f73fb96be2caf28f91afb14749d\"},\"description\":\"Diretoria do time do Flamengo segue trabalhando nos bastidores do mercado da bola para contratar novos refor\u00e7os.\",\"breadcrumb\":{\"@id\":\"https:\/\/www.gaveanews.com\/index.php\/2023\/03\/19\/defensor-desejado-pelo-flamengo-quer-voltar-ao-brasil\/#breadcrumb\"},\"inLanguage\":\"pt-BR\",\"potentialAction\":[{\"@type\":\"ReadAction\",\"target\":[\"https:\/\/www.gaveanews.com\/index.php\/2023\/03\/19\/defensor-desejado-pelo-flamengo-quer-voltar-ao-brasil\/\"]}]},{\"@type\":\"ImageObject\",\"inLanguage\":\"pt-BR\",\"@id\":\"https:\/\/www.gaveanews.com\/index.php\/2023\/03\/19\/defensor-desejado-pelo-flamengo-quer-voltar-ao-brasil\/#primaryimage\",\"url\":\"https:\/\/www.gaveanews.com\/wp-content\/uploads\/Lucas-Verissimo-em-acao-pelo-Brasil.webp\",\"contentUrl\":\"https:\/\/www.gaveanews.com\/wp-content\/uploads\/Lucas-Verissimo-em-acao-pelo-Brasil.webp\",\"width\":2048,\"height\":1365,\"caption\":\"Lucas Ver\u00edssimo em a\u00e7\u00e3o pelo Brasil (Foto: Lucas Figueiredo\/CBF)\"},{\"@type\":\"BreadcrumbList\",\"@id\":\"https:\/\/www.gaveanews.com\/index.php\/2023\/03\/19\/defensor-desejado-pelo-flamengo-quer-voltar-ao-brasil\/#breadcrumb\",\"itemListElement\":[{\"@type\":\"ListItem\",\"position\":1,\"name\":\"Home\",\"item\":\"https:\/\/www.gaveanews.com\/\"},{\"@type\":\"ListItem\",\"position\":2,\"name\":\"Defensor desejado pelo Flamengo quer voltar ao Brasil\"}]},{\"@type\":\"WebSite\",\"@id\":\"https:\/\/www.gaveanews.com\/#website\",\"url\":\"https:\/\/www.gaveanews.com\/\",\"name\":\"G\u00e1vea News\",\"description\":\"Veja todas as not\u00edcias sobre o Flamengo: Contrata\u00e7\u00f5es, categorias de base, resultados das partidas, tabela de classifica\u00e7\u00e3o, pr\u00f3ximos jogos!\",\"potentialAction\":[{\"@type\":\"SearchAction\",\"target\":{\"@type\":\"EntryPoint\",\"urlTemplate\":\"https:\/\/www.gaveanews.com\/?s={search_term_string}\"},\"query-input\":{\"@type\":\"PropertyValueSpecification\",\"valueRequired\":true,\"valueName\":\"search_term_string\"}}],\"inLanguage\":\"pt-BR\"},{\"@type\":\"Person\",\"@id\":\"https:\/\/www.gaveanews.com\/#\/schema\/person\/2ec14f73fb96be2caf28f91afb14749d\",\"name\":\"Equipe G\u00e1vea News\",\"image\":{\"@type\":\"ImageObject\",\"inLanguage\":\"pt-BR\",\"@id\":\"https:\/\/www.gaveanews.com\/#\/schema\/person\/image\/\",\"url\":\"https:\/\/secure.gravatar.com\/avatar\/1e1956f1facbffd3f8fa53a326721950116b3b9dc9bd44939c01180fd4a745a9?s=96&d=mm&r=g\",\"contentUrl\":\"https:\/\/secure.gravatar.com\/avatar\/1e1956f1facbffd3f8fa53a326721950116b3b9dc9bd44939c01180fd4a745a9?s=96&d=mm&r=g\",\"caption\":\"Equipe G\u00e1vea News\"}}]}<\/script>\n<!-- \/ Yoast SEO Premium plugin. -->","yoast_head_json":{"title":"Defensor desejado pelo Flamengo quer voltar ao Brasil","description":"Diretoria do time do Flamengo segue trabalhando nos bastidores do mercado da bola para contratar novos refor\u00e7os.","robots":{"index":"index","follow":"follow","max-snippet":"max-snippet:-1","max-image-preview":"max-image-preview:large","max-video-preview":"max-video-preview:-1"},"canonical":"https:\/\/www.gaveanews.com\/index.php\/2023\/03\/19\/defensor-desejado-pelo-flamengo-quer-voltar-ao-brasil\/","og_locale":"pt_BR","og_type":"article","og_title":"Defensor desejado pelo Flamengo quer voltar ao Brasil","og_description":"Diretoria do time do Flamengo segue trabalhando nos bastidores do mercado da bola para contratar novos refor\u00e7os.","og_url":"https:\/\/www.gaveanews.com\/index.php\/2023\/03\/19\/defensor-desejado-pelo-flamengo-quer-voltar-ao-brasil\/","og_site_name":"G\u00e1vea News","article_publisher":"https:\/\/facebook.com\/gaveaNews\/","article_published_time":"2023-03-19T21:46:20+00:00","article_modified_time":"2023-03-19T21:46:23+00:00","og_image":[{"width":2048,"height":1365,"url":"https:\/\/www.gaveanews.com\/wp-content\/uploads\/Lucas-Verissimo-em-acao-pelo-Brasil.webp","type":"image\/jpeg"}],"author":"Equipe G\u00e1vea News","twitter_card":"summary_large_image","twitter_misc":{"Escrito por":"Equipe G\u00e1vea News","Est. tempo de leitura":"2 minutos"},"schema":{"@context":"https:\/\/schema.org","@graph":[{"@type":"NewsArticle","@id":"https:\/\/www.gaveanews.com\/index.php\/2023\/03\/19\/defensor-desejado-pelo-flamengo-quer-voltar-ao-brasil\/#article","isPartOf":{"@id":"https:\/\/www.gaveanews.com\/index.php\/2023\/03\/19\/defensor-desejado-pelo-flamengo-quer-voltar-ao-brasil\/"},"author":{"name":"Equipe G\u00e1vea News","@id":"https:\/\/www.gaveanews.com\/#\/schema\/person\/2ec14f73fb96be2caf28f91afb14749d"},"headline":"Defensor desejado pelo Flamengo quer voltar ao Brasil","datePublished":"2023-03-19T21:46:20+00:00","dateModified":"2023-03-19T21:46:23+00:00","mainEntityOfPage":{"@id":"https:\/\/www.gaveanews.com\/index.php\/2023\/03\/19\/defensor-desejado-pelo-flamengo-quer-voltar-ao-brasil\/"},"wordCount":369,"commentCount":0,"image":{"@id":"https:\/\/www.gaveanews.com\/index.php\/2023\/03\/19\/defensor-desejado-pelo-flamengo-quer-voltar-ao-brasil\/#primaryimage"},"thumbnailUrl":"https:\/\/www.gaveanews.com\/wp-content\/uploads\/Lucas-Verissimo-em-acao-pelo-Brasil.webp","articleSection":["Negocia\u00e7\u00f5es"],"inLanguage":"pt-BR","potentialAction":[{"@type":"CommentAction","name":"Comment","target":["https:\/\/www.gaveanews.com\/index.php\/2023\/03\/19\/defensor-desejado-pelo-flamengo-quer-voltar-ao-brasil\/#respond"]}],"copyrightYear":"2023","copyrightHolder":{"@id":"https:\/\/www.gaveanews.com\/#organization"}},{"@type":"WebPage","@id":"https:\/\/www.gaveanews.com\/index.php\/2023\/03\/19\/defensor-desejado-pelo-flamengo-quer-voltar-ao-brasil\/","url":"https:\/\/www.gaveanews.com\/index.php\/2023\/03\/19\/defensor-desejado-pelo-flamengo-quer-voltar-ao-brasil\/","name":"Defensor desejado pelo Flamengo quer voltar ao Brasil","isPartOf":{"@id":"https:\/\/www.gaveanews.com\/#website"},"primaryImageOfPage":{"@id":"https:\/\/www.gaveanews.com\/index.php\/2023\/03\/19\/defensor-desejado-pelo-flamengo-quer-voltar-ao-brasil\/#primaryimage"},"image":{"@id":"https:\/\/www.gaveanews.com\/index.php\/2023\/03\/19\/defensor-desejado-pelo-flamengo-quer-voltar-ao-brasil\/#primaryimage"},"thumbnailUrl":"https:\/\/www.gaveanews.com\/wp-content\/uploads\/Lucas-Verissimo-em-acao-pelo-Brasil.webp","datePublished":"2023-03-19T21:46:20+00:00","dateModified":"2023-03-19T21:46:23+00:00","author":{"@id":"https:\/\/www.gaveanews.com\/#\/schema\/person\/2ec14f73fb96be2caf28f91afb14749d"},"description":"Diretoria do time do Flamengo segue trabalhando nos bastidores do mercado da bola para contratar novos refor\u00e7os.","breadcrumb":{"@id":"https:\/\/www.gaveanews.com\/index.php\/2023\/03\/19\/defensor-desejado-pelo-flamengo-quer-voltar-ao-brasil\/#breadcrumb"},"inLanguage":"pt-BR","potentialAction":[{"@type":"ReadAction","target":["https:\/\/www.gaveanews.com\/index.php\/2023\/03\/19\/defensor-desejado-pelo-flamengo-quer-voltar-ao-brasil\/"]}]},{"@type":"ImageObject","inLanguage":"pt-BR","@id":"https:\/\/www.gaveanews.com\/index.php\/2023\/03\/19\/defensor-desejado-pelo-flamengo-quer-voltar-ao-brasil\/#primaryimage","url":"https:\/\/www.gaveanews.com\/wp-content\/uploads\/Lucas-Verissimo-em-acao-pelo-Brasil.webp","contentUrl":"https:\/\/www.gaveanews.com\/wp-content\/uploads\/Lucas-Verissimo-em-acao-pelo-Brasil.webp","width":2048,"height":1365,"caption":"Lucas Ver\u00edssimo em a\u00e7\u00e3o pelo Brasil (Foto: Lucas Figueiredo\/CBF)"},{"@type":"BreadcrumbList","@id":"https:\/\/www.gaveanews.com\/index.php\/2023\/03\/19\/defensor-desejado-pelo-flamengo-quer-voltar-ao-brasil\/#breadcrumb","itemListElement":[{"@type":"ListItem","position":1,"name":"Home","item":"https:\/\/www.gaveanews.com\/"},{"@type":"ListItem","position":2,"name":"Defensor desejado pelo Flamengo quer voltar ao Brasil"}]},{"@type":"WebSite","@id":"https:\/\/www.gaveanews.com\/#website","url":"https:\/\/www.gaveanews.com\/","name":"G\u00e1vea News","description":"Veja todas as not\u00edcias sobre o Flamengo: Contrata\u00e7\u00f5es, categorias de base, resultados das partidas, tabela de classifica\u00e7\u00e3o, pr\u00f3ximos jogos!","potentialAction":[{"@type":"SearchAction","target":{"@type":"EntryPoint","urlTemplate":"https:\/\/www.gaveanews.com\/?s={search_term_string}"},"query-input":{"@type":"PropertyValueSpecification","valueRequired":true,"valueName":"search_term_string"}}],"inLanguage":"pt-BR"},{"@type":"Person","@id":"https:\/\/www.gaveanews.com\/#\/schema\/person\/2ec14f73fb96be2caf28f91afb14749d","name":"Equipe G\u00e1vea News","image":{"@type":"ImageObject","inLanguage":"pt-BR","@id":"https:\/\/www.gaveanews.com\/#\/schema\/person\/image\/","url":"https:\/\/secure.gravatar.com\/avatar\/1e1956f1facbffd3f8fa53a326721950116b3b9dc9bd44939c01180fd4a745a9?s=96&d=mm&r=g","contentUrl":"https:\/\/secure.gravatar.com\/avatar\/1e1956f1facbffd3f8fa53a326721950116b3b9dc9bd44939c01180fd4a745a9?s=96&d=mm&r=g","caption":"Equipe G\u00e1vea News"}}]}},"_links":{"self":[{"href":"https:\/\/www.gaveanews.com\/index.php\/wp-json\/wp\/v2\/posts\/95633","targetHints":{"allow":["GET"]}}],"collection":[{"href":"https:\/\/www.gaveanews.com\/index.php\/wp-json\/wp\/v2\/posts"}],"about":[{"href":"https:\/\/www.gaveanews.com\/index.php\/wp-json\/wp\/v2\/types\/post"}],"author":[{"embeddable":true,"href":"https:\/\/www.gaveanews.com\/index.php\/wp-json\/wp\/v2\/users\/1"}],"replies":[{"embeddable":true,"href":"https:\/\/www.gaveanews.com\/index.php\/wp-json\/wp\/v2\/comments?post=95633"}],"version-history":[{"count":0,"href":"https:\/\/www.gaveanews.com\/index.php\/wp-json\/wp\/v2\/posts\/95633\/revisions"}],"wp:featuredmedia":[{"embeddable":true,"href":"https:\/\/www.gaveanews.com\/index.php\/wp-json\/wp\/v2\/media\/95634"}],"wp:attachment":[{"href":"https:\/\/www.gaveanews.com\/index.php\/wp-json\/wp\/v2\/media?parent=95633"}],"wp:term":[{"taxonomy":"category","embeddable":true,"href":"https:\/\/www.gaveanews.com\/index.php\/wp-json\/wp\/v2\/categories?post=95633"},{"taxonomy":"post_tag","embeddable":true,"href":"https:\/\/www.gaveanews.com\/index.php\/wp-json\/wp\/v2\/tags?post=95633"}],"curies":[{"name":"wp","href":"https:\/\/api.w.org\/{rel}","templated":true}]}}