{"id":95636,"date":"2023-03-19T19:08:31","date_gmt":"2023-03-19T22:08:31","guid":{"rendered":"https:\/\/www.gaveanews.com\/?p=95636"},"modified":"2023-03-19T19:11:21","modified_gmt":"2023-03-19T22:11:21","slug":"vitor-pereira-aprova-e-flamengo-cogita-a-contratacao-de-ex-meia-do-barcelona-e-do-psg","status":"publish","type":"post","link":"https:\/\/www.gaveanews.com\/index.php\/2023\/03\/19\/vitor-pereira-aprova-e-flamengo-cogita-a-contratacao-de-ex-meia-do-barcelona-e-do-psg\/","title":{"rendered":"V\u00edtor Pereira aprova e Flamengo cogita a contrata\u00e7\u00e3o de ex-meia do Barcelona e do PSG"},"content":{"rendered":"\n<p>Especulado em outros momentos para vestir a camisa do Flamengo, o meia-atacante Rafinha Alc\u00e2ntara para ser alvo novamente do atual campe\u00e3o da Copa Libertadores da Am\u00e9rica. O hispano-brasileiro atualmente \u00e9 jogador do Al-Arabi, do Catar.<\/p>\n\n\n\n<p>O site Torcedores apurou que Rafinha Alc\u00e2ntara tem a anu\u00eancia de V\u00edtor Pereira para vestir a camisa rubro-negra ainda nesta temporada.<\/p>\n\n\n\n<p>Embora tenha conversas avan\u00e7adas para contratar Mateus Uribe, do Porto, de Portugal, o Flamengo tamb\u00e9m busca no mercado um jogador para ser o reserva imediato de Giorgian De Arrascaeta.<\/p>\n\n\n\n<p>Apesar disso, o alto custo da valoriza\u00e7\u00e3o pode dificultas as tratativas com o Al-Arabi. Isso porque, o clube do Oriente M\u00e9dio n\u00e3o abre m\u00e3o de receber uma compensa\u00e7\u00e3o financeira para liberar o antigo astro de Barcelona e PSG.<\/p>\n\n\n\n<p>Ainda segundo apurou a reportagem, Rafinha Alc\u00e2ntara tem o desejo de atuar pelo Flamengo. Entretanto, n\u00e3o pretende rescindir seu v\u00ednculo com o Al-Arabi a todo custo. Afinal, o jogador e seu estafe tem bom relacionamento com os dirigentes do clube.<\/p>\n\n\n\n<p>Rafinha Alc\u00e2ntara ganha 4,6 milh\u00f5es de euros (R$ 26,3 milh\u00f5es, na cota\u00e7\u00e3o atual) por temporada no Al-Arabi. Ele, portanto, embolsa mensalmente 390 mil euros (R$ 2,2 milh\u00f5es) no futebol do Oriente M\u00e9dio.<\/p>\n\n\n\n<h2 class=\"wp-block-heading\" id=\"h-a-carreira-de-rafinha-alcantara\"><strong>A carreira de Rafinha Alc\u00e2ntara<\/strong><\/h2>\n\n\n\n<p>Rafinha Alc\u00e2ntara surgiu para o futebol no Barcelona em 2005. Sete anos depois, ele foi promovido ao elenco profissional Blaugran\u00e1 pelo t\u00e9cnico Pep Guardiola. Desde ent\u00e3o, foram sete temporadas atuando pelo clube catal\u00e3o onde soma 90 jogos e 12 gols marcados.<\/p>\n\n\n\n<p>Depois disso, o atleta foi emprestado em sequ\u00eancia ao Celta de Vigo e Inter de Mil\u00e3o. Em junho de 2020, Rafinha Alc\u00e2ntara se transferiu em definitivo para o Paris Saint-Germain como \u201cagente livre\u201d ap\u00f3s o fim de seu contrato com o Bar\u00e7a.<\/p>\n\n\n\n<p>Apesar do bom desempenho na primeira temporada na Fran\u00e7a, o meio-campista foi emprestado pelo\u00a0PSG\u00a0a Real Sociedad onde teve passagem destacada na LaLiga. Posteriormente, Rafinha Alc\u00e2ntara acertou sua ida para o Al-Arabi.<\/p>\n\n\n\n<p>Retirado de: Torcedores<\/p>\n","protected":false},"excerpt":{"rendered":"<p>Especulado em outros momentos para vestir a camisa do Flamengo, o meia-atacante Rafinha Alc\u00e2ntara para ser alvo novamente do atual campe\u00e3o da Copa Libertadores da Am\u00e9rica. O hispano-brasileiro atualmente \u00e9 jogador do Al-Arabi, do Catar. O site Torcedores apurou que Rafinha Alc\u00e2ntara tem a anu\u00eancia de V\u00edtor Pereira para vestir a camisa rubro-negra ainda nesta [&hellip;]<\/p>\n","protected":false},"author":1,"featured_media":34444,"comment_status":"open","ping_status":"closed","sticky":false,"template":"","format":"standard","meta":{"footnotes":""},"categories":[48],"tags":[],"class_list":["post-95636","post","type-post","status-publish","format-standard","has-post-thumbnail","hentry","category-negociacoes"],"yoast_head":"<!-- This site is optimized with the Yoast SEO Premium plugin v24.2 (Yoast SEO v26.9) - https:\/\/yoast.com\/product\/yoast-seo-premium-wordpress\/ -->\n<title>V\u00edtor Pereira aprova e Flamengo cogita a contrata\u00e7\u00e3o de ex-meia do Barcelona e do PSG<\/title>\n<meta name=\"robots\" content=\"index, follow, max-snippet:-1, max-image-preview:large, max-video-preview:-1\" \/>\n<link rel=\"canonical\" href=\"https:\/\/www.gaveanews.com\/index.php\/2023\/03\/19\/vitor-pereira-aprova-e-flamengo-cogita-a-contratacao-de-ex-meia-do-barcelona-e-do-psg\/\" \/>\n<meta property=\"og:locale\" content=\"pt_BR\" \/>\n<meta property=\"og:type\" content=\"article\" \/>\n<meta property=\"og:title\" content=\"V\u00edtor Pereira aprova e Flamengo cogita a contrata\u00e7\u00e3o de ex-meia do Barcelona e do PSG\" \/>\n<meta property=\"og:description\" content=\"Especulado em outros momentos para vestir a camisa do Flamengo, o meia-atacante Rafinha Alc\u00e2ntara para ser alvo novamente do atual campe\u00e3o da Copa Libertadores da Am\u00e9rica. O hispano-brasileiro atualmente \u00e9 jogador do Al-Arabi, do Catar. O site Torcedores apurou que Rafinha Alc\u00e2ntara tem a anu\u00eancia de V\u00edtor Pereira para vestir a camisa rubro-negra ainda nesta [&hellip;]\" \/>\n<meta property=\"og:url\" content=\"https:\/\/www.gaveanews.com\/index.php\/2023\/03\/19\/vitor-pereira-aprova-e-flamengo-cogita-a-contratacao-de-ex-meia-do-barcelona-e-do-psg\/\" \/>\n<meta property=\"og:site_name\" content=\"G\u00e1vea News\" \/>\n<meta property=\"article:publisher\" content=\"https:\/\/facebook.com\/gaveaNews\/\" \/>\n<meta property=\"article:published_time\" content=\"2023-03-19T22:08:31+00:00\" \/>\n<meta property=\"article:modified_time\" content=\"2023-03-19T22:11:21+00:00\" \/>\n<meta property=\"og:image\" content=\"https:\/\/www.gaveanews.com\/wp-content\/uploads\/rafinha-alcantara_1idq7u82abgl51ml3qbowoiuum-scaled.webp\" \/>\n\t<meta property=\"og:image:width\" content=\"2560\" \/>\n\t<meta property=\"og:image:height\" content=\"1707\" \/>\n\t<meta property=\"og:image:type\" content=\"image\/jpeg\" \/>\n<meta name=\"author\" content=\"Equipe G\u00e1vea News\" \/>\n<meta name=\"twitter:card\" content=\"summary_large_image\" \/>\n<meta name=\"twitter:label1\" content=\"Escrito por\" \/>\n\t<meta name=\"twitter:data1\" content=\"Equipe G\u00e1vea News\" \/>\n\t<meta name=\"twitter:label2\" content=\"Est. tempo de leitura\" \/>\n\t<meta name=\"twitter:data2\" content=\"2 minutos\" \/>\n<script type=\"application\/ld+json\" class=\"yoast-schema-graph\">{\"@context\":\"https:\/\/schema.org\",\"@graph\":[{\"@type\":\"NewsArticle\",\"@id\":\"https:\/\/www.gaveanews.com\/index.php\/2023\/03\/19\/vitor-pereira-aprova-e-flamengo-cogita-a-contratacao-de-ex-meia-do-barcelona-e-do-psg\/#article\",\"isPartOf\":{\"@id\":\"https:\/\/www.gaveanews.com\/index.php\/2023\/03\/19\/vitor-pereira-aprova-e-flamengo-cogita-a-contratacao-de-ex-meia-do-barcelona-e-do-psg\/\"},\"author\":{\"name\":\"Equipe G\u00e1vea News\",\"@id\":\"https:\/\/www.gaveanews.com\/#\/schema\/person\/2ec14f73fb96be2caf28f91afb14749d\"},\"headline\":\"V\u00edtor Pereira aprova e Flamengo cogita a contrata\u00e7\u00e3o de ex-meia do Barcelona e do PSG\",\"datePublished\":\"2023-03-19T22:08:31+00:00\",\"dateModified\":\"2023-03-19T22:11:21+00:00\",\"mainEntityOfPage\":{\"@id\":\"https:\/\/www.gaveanews.com\/index.php\/2023\/03\/19\/vitor-pereira-aprova-e-flamengo-cogita-a-contratacao-de-ex-meia-do-barcelona-e-do-psg\/\"},\"wordCount\":361,\"commentCount\":0,\"image\":{\"@id\":\"https:\/\/www.gaveanews.com\/index.php\/2023\/03\/19\/vitor-pereira-aprova-e-flamengo-cogita-a-contratacao-de-ex-meia-do-barcelona-e-do-psg\/#primaryimage\"},\"thumbnailUrl\":\"https:\/\/www.gaveanews.com\/wp-content\/uploads\/rafinha-alcantara_1idq7u82abgl51ml3qbowoiuum-scaled.webp\",\"articleSection\":[\"Negocia\u00e7\u00f5es\"],\"inLanguage\":\"pt-BR\",\"potentialAction\":[{\"@type\":\"CommentAction\",\"name\":\"Comment\",\"target\":[\"https:\/\/www.gaveanews.com\/index.php\/2023\/03\/19\/vitor-pereira-aprova-e-flamengo-cogita-a-contratacao-de-ex-meia-do-barcelona-e-do-psg\/#respond\"]}],\"copyrightYear\":\"2023\",\"copyrightHolder\":{\"@id\":\"https:\/\/www.gaveanews.com\/#organization\"}},{\"@type\":\"WebPage\",\"@id\":\"https:\/\/www.gaveanews.com\/index.php\/2023\/03\/19\/vitor-pereira-aprova-e-flamengo-cogita-a-contratacao-de-ex-meia-do-barcelona-e-do-psg\/\",\"url\":\"https:\/\/www.gaveanews.com\/index.php\/2023\/03\/19\/vitor-pereira-aprova-e-flamengo-cogita-a-contratacao-de-ex-meia-do-barcelona-e-do-psg\/\",\"name\":\"V\u00edtor Pereira aprova e Flamengo cogita a contrata\u00e7\u00e3o de ex-meia do Barcelona e do PSG\",\"isPartOf\":{\"@id\":\"https:\/\/www.gaveanews.com\/#website\"},\"primaryImageOfPage\":{\"@id\":\"https:\/\/www.gaveanews.com\/index.php\/2023\/03\/19\/vitor-pereira-aprova-e-flamengo-cogita-a-contratacao-de-ex-meia-do-barcelona-e-do-psg\/#primaryimage\"},\"image\":{\"@id\":\"https:\/\/www.gaveanews.com\/index.php\/2023\/03\/19\/vitor-pereira-aprova-e-flamengo-cogita-a-contratacao-de-ex-meia-do-barcelona-e-do-psg\/#primaryimage\"},\"thumbnailUrl\":\"https:\/\/www.gaveanews.com\/wp-content\/uploads\/rafinha-alcantara_1idq7u82abgl51ml3qbowoiuum-scaled.webp\",\"datePublished\":\"2023-03-19T22:08:31+00:00\",\"dateModified\":\"2023-03-19T22:11:21+00:00\",\"author\":{\"@id\":\"https:\/\/www.gaveanews.com\/#\/schema\/person\/2ec14f73fb96be2caf28f91afb14749d\"},\"breadcrumb\":{\"@id\":\"https:\/\/www.gaveanews.com\/index.php\/2023\/03\/19\/vitor-pereira-aprova-e-flamengo-cogita-a-contratacao-de-ex-meia-do-barcelona-e-do-psg\/#breadcrumb\"},\"inLanguage\":\"pt-BR\",\"potentialAction\":[{\"@type\":\"ReadAction\",\"target\":[\"https:\/\/www.gaveanews.com\/index.php\/2023\/03\/19\/vitor-pereira-aprova-e-flamengo-cogita-a-contratacao-de-ex-meia-do-barcelona-e-do-psg\/\"]}]},{\"@type\":\"ImageObject\",\"inLanguage\":\"pt-BR\",\"@id\":\"https:\/\/www.gaveanews.com\/index.php\/2023\/03\/19\/vitor-pereira-aprova-e-flamengo-cogita-a-contratacao-de-ex-meia-do-barcelona-e-do-psg\/#primaryimage\",\"url\":\"https:\/\/www.gaveanews.com\/wp-content\/uploads\/rafinha-alcantara_1idq7u82abgl51ml3qbowoiuum-scaled.webp\",\"contentUrl\":\"https:\/\/www.gaveanews.com\/wp-content\/uploads\/rafinha-alcantara_1idq7u82abgl51ml3qbowoiuum-scaled.webp\",\"width\":2560,\"height\":1707,\"caption\":\"BARCELONA, SPAIN - AUGUST 15: Rafinha Alcantara of FC Barcelona runs with the ball during the Joan Gamper Trophy match between FC Barcelona and Boca Juniors at Camp Nou on August 15, 2018 in Barcelona, Spain. (Photo by David Ramos\/Getty Images)\"},{\"@type\":\"BreadcrumbList\",\"@id\":\"https:\/\/www.gaveanews.com\/index.php\/2023\/03\/19\/vitor-pereira-aprova-e-flamengo-cogita-a-contratacao-de-ex-meia-do-barcelona-e-do-psg\/#breadcrumb\",\"itemListElement\":[{\"@type\":\"ListItem\",\"position\":1,\"name\":\"Home\",\"item\":\"https:\/\/www.gaveanews.com\/\"},{\"@type\":\"ListItem\",\"position\":2,\"name\":\"V\u00edtor Pereira aprova e Flamengo cogita a contrata\u00e7\u00e3o de ex-meia do Barcelona e do PSG\"}]},{\"@type\":\"WebSite\",\"@id\":\"https:\/\/www.gaveanews.com\/#website\",\"url\":\"https:\/\/www.gaveanews.com\/\",\"name\":\"G\u00e1vea News\",\"description\":\"Veja todas as not\u00edcias sobre o Flamengo: Contrata\u00e7\u00f5es, categorias de base, resultados das partidas, tabela de classifica\u00e7\u00e3o, pr\u00f3ximos jogos!\",\"potentialAction\":[{\"@type\":\"SearchAction\",\"target\":{\"@type\":\"EntryPoint\",\"urlTemplate\":\"https:\/\/www.gaveanews.com\/?s={search_term_string}\"},\"query-input\":{\"@type\":\"PropertyValueSpecification\",\"valueRequired\":true,\"valueName\":\"search_term_string\"}}],\"inLanguage\":\"pt-BR\"},{\"@type\":\"Person\",\"@id\":\"https:\/\/www.gaveanews.com\/#\/schema\/person\/2ec14f73fb96be2caf28f91afb14749d\",\"name\":\"Equipe G\u00e1vea News\",\"image\":{\"@type\":\"ImageObject\",\"inLanguage\":\"pt-BR\",\"@id\":\"https:\/\/www.gaveanews.com\/#\/schema\/person\/image\/\",\"url\":\"https:\/\/secure.gravatar.com\/avatar\/1e1956f1facbffd3f8fa53a326721950116b3b9dc9bd44939c01180fd4a745a9?s=96&d=mm&r=g\",\"contentUrl\":\"https:\/\/secure.gravatar.com\/avatar\/1e1956f1facbffd3f8fa53a326721950116b3b9dc9bd44939c01180fd4a745a9?s=96&d=mm&r=g\",\"caption\":\"Equipe G\u00e1vea News\"}}]}<\/script>\n<!-- \/ Yoast SEO Premium plugin. -->","yoast_head_json":{"title":"V\u00edtor Pereira aprova e Flamengo cogita a contrata\u00e7\u00e3o de ex-meia do Barcelona e do PSG","robots":{"index":"index","follow":"follow","max-snippet":"max-snippet:-1","max-image-preview":"max-image-preview:large","max-video-preview":"max-video-preview:-1"},"canonical":"https:\/\/www.gaveanews.com\/index.php\/2023\/03\/19\/vitor-pereira-aprova-e-flamengo-cogita-a-contratacao-de-ex-meia-do-barcelona-e-do-psg\/","og_locale":"pt_BR","og_type":"article","og_title":"V\u00edtor Pereira aprova e Flamengo cogita a contrata\u00e7\u00e3o de ex-meia do Barcelona e do PSG","og_description":"Especulado em outros momentos para vestir a camisa do Flamengo, o meia-atacante Rafinha Alc\u00e2ntara para ser alvo novamente do atual campe\u00e3o da Copa Libertadores da Am\u00e9rica. O hispano-brasileiro atualmente \u00e9 jogador do Al-Arabi, do Catar. O site Torcedores apurou que Rafinha Alc\u00e2ntara tem a anu\u00eancia de V\u00edtor Pereira para vestir a camisa rubro-negra ainda nesta [&hellip;]","og_url":"https:\/\/www.gaveanews.com\/index.php\/2023\/03\/19\/vitor-pereira-aprova-e-flamengo-cogita-a-contratacao-de-ex-meia-do-barcelona-e-do-psg\/","og_site_name":"G\u00e1vea News","article_publisher":"https:\/\/facebook.com\/gaveaNews\/","article_published_time":"2023-03-19T22:08:31+00:00","article_modified_time":"2023-03-19T22:11:21+00:00","og_image":[{"width":2560,"height":1707,"url":"https:\/\/www.gaveanews.com\/wp-content\/uploads\/rafinha-alcantara_1idq7u82abgl51ml3qbowoiuum-scaled.webp","type":"image\/jpeg"}],"author":"Equipe G\u00e1vea News","twitter_card":"summary_large_image","twitter_misc":{"Escrito por":"Equipe G\u00e1vea News","Est. tempo de leitura":"2 minutos"},"schema":{"@context":"https:\/\/schema.org","@graph":[{"@type":"NewsArticle","@id":"https:\/\/www.gaveanews.com\/index.php\/2023\/03\/19\/vitor-pereira-aprova-e-flamengo-cogita-a-contratacao-de-ex-meia-do-barcelona-e-do-psg\/#article","isPartOf":{"@id":"https:\/\/www.gaveanews.com\/index.php\/2023\/03\/19\/vitor-pereira-aprova-e-flamengo-cogita-a-contratacao-de-ex-meia-do-barcelona-e-do-psg\/"},"author":{"name":"Equipe G\u00e1vea News","@id":"https:\/\/www.gaveanews.com\/#\/schema\/person\/2ec14f73fb96be2caf28f91afb14749d"},"headline":"V\u00edtor Pereira aprova e Flamengo cogita a contrata\u00e7\u00e3o de ex-meia do Barcelona e do PSG","datePublished":"2023-03-19T22:08:31+00:00","dateModified":"2023-03-19T22:11:21+00:00","mainEntityOfPage":{"@id":"https:\/\/www.gaveanews.com\/index.php\/2023\/03\/19\/vitor-pereira-aprova-e-flamengo-cogita-a-contratacao-de-ex-meia-do-barcelona-e-do-psg\/"},"wordCount":361,"commentCount":0,"image":{"@id":"https:\/\/www.gaveanews.com\/index.php\/2023\/03\/19\/vitor-pereira-aprova-e-flamengo-cogita-a-contratacao-de-ex-meia-do-barcelona-e-do-psg\/#primaryimage"},"thumbnailUrl":"https:\/\/www.gaveanews.com\/wp-content\/uploads\/rafinha-alcantara_1idq7u82abgl51ml3qbowoiuum-scaled.webp","articleSection":["Negocia\u00e7\u00f5es"],"inLanguage":"pt-BR","potentialAction":[{"@type":"CommentAction","name":"Comment","target":["https:\/\/www.gaveanews.com\/index.php\/2023\/03\/19\/vitor-pereira-aprova-e-flamengo-cogita-a-contratacao-de-ex-meia-do-barcelona-e-do-psg\/#respond"]}],"copyrightYear":"2023","copyrightHolder":{"@id":"https:\/\/www.gaveanews.com\/#organization"}},{"@type":"WebPage","@id":"https:\/\/www.gaveanews.com\/index.php\/2023\/03\/19\/vitor-pereira-aprova-e-flamengo-cogita-a-contratacao-de-ex-meia-do-barcelona-e-do-psg\/","url":"https:\/\/www.gaveanews.com\/index.php\/2023\/03\/19\/vitor-pereira-aprova-e-flamengo-cogita-a-contratacao-de-ex-meia-do-barcelona-e-do-psg\/","name":"V\u00edtor Pereira aprova e Flamengo cogita a contrata\u00e7\u00e3o de ex-meia do Barcelona e do PSG","isPartOf":{"@id":"https:\/\/www.gaveanews.com\/#website"},"primaryImageOfPage":{"@id":"https:\/\/www.gaveanews.com\/index.php\/2023\/03\/19\/vitor-pereira-aprova-e-flamengo-cogita-a-contratacao-de-ex-meia-do-barcelona-e-do-psg\/#primaryimage"},"image":{"@id":"https:\/\/www.gaveanews.com\/index.php\/2023\/03\/19\/vitor-pereira-aprova-e-flamengo-cogita-a-contratacao-de-ex-meia-do-barcelona-e-do-psg\/#primaryimage"},"thumbnailUrl":"https:\/\/www.gaveanews.com\/wp-content\/uploads\/rafinha-alcantara_1idq7u82abgl51ml3qbowoiuum-scaled.webp","datePublished":"2023-03-19T22:08:31+00:00","dateModified":"2023-03-19T22:11:21+00:00","author":{"@id":"https:\/\/www.gaveanews.com\/#\/schema\/person\/2ec14f73fb96be2caf28f91afb14749d"},"breadcrumb":{"@id":"https:\/\/www.gaveanews.com\/index.php\/2023\/03\/19\/vitor-pereira-aprova-e-flamengo-cogita-a-contratacao-de-ex-meia-do-barcelona-e-do-psg\/#breadcrumb"},"inLanguage":"pt-BR","potentialAction":[{"@type":"ReadAction","target":["https:\/\/www.gaveanews.com\/index.php\/2023\/03\/19\/vitor-pereira-aprova-e-flamengo-cogita-a-contratacao-de-ex-meia-do-barcelona-e-do-psg\/"]}]},{"@type":"ImageObject","inLanguage":"pt-BR","@id":"https:\/\/www.gaveanews.com\/index.php\/2023\/03\/19\/vitor-pereira-aprova-e-flamengo-cogita-a-contratacao-de-ex-meia-do-barcelona-e-do-psg\/#primaryimage","url":"https:\/\/www.gaveanews.com\/wp-content\/uploads\/rafinha-alcantara_1idq7u82abgl51ml3qbowoiuum-scaled.webp","contentUrl":"https:\/\/www.gaveanews.com\/wp-content\/uploads\/rafinha-alcantara_1idq7u82abgl51ml3qbowoiuum-scaled.webp","width":2560,"height":1707,"caption":"BARCELONA, SPAIN - AUGUST 15: Rafinha Alcantara of FC Barcelona runs with the ball during the Joan Gamper Trophy match between FC Barcelona and Boca Juniors at Camp Nou on August 15, 2018 in Barcelona, Spain. (Photo by David Ramos\/Getty Images)"},{"@type":"BreadcrumbList","@id":"https:\/\/www.gaveanews.com\/index.php\/2023\/03\/19\/vitor-pereira-aprova-e-flamengo-cogita-a-contratacao-de-ex-meia-do-barcelona-e-do-psg\/#breadcrumb","itemListElement":[{"@type":"ListItem","position":1,"name":"Home","item":"https:\/\/www.gaveanews.com\/"},{"@type":"ListItem","position":2,"name":"V\u00edtor Pereira aprova e Flamengo cogita a contrata\u00e7\u00e3o de ex-meia do Barcelona e do PSG"}]},{"@type":"WebSite","@id":"https:\/\/www.gaveanews.com\/#website","url":"https:\/\/www.gaveanews.com\/","name":"G\u00e1vea News","description":"Veja todas as not\u00edcias sobre o Flamengo: Contrata\u00e7\u00f5es, categorias de base, resultados das partidas, tabela de classifica\u00e7\u00e3o, pr\u00f3ximos jogos!","potentialAction":[{"@type":"SearchAction","target":{"@type":"EntryPoint","urlTemplate":"https:\/\/www.gaveanews.com\/?s={search_term_string}"},"query-input":{"@type":"PropertyValueSpecification","valueRequired":true,"valueName":"search_term_string"}}],"inLanguage":"pt-BR"},{"@type":"Person","@id":"https:\/\/www.gaveanews.com\/#\/schema\/person\/2ec14f73fb96be2caf28f91afb14749d","name":"Equipe G\u00e1vea News","image":{"@type":"ImageObject","inLanguage":"pt-BR","@id":"https:\/\/www.gaveanews.com\/#\/schema\/person\/image\/","url":"https:\/\/secure.gravatar.com\/avatar\/1e1956f1facbffd3f8fa53a326721950116b3b9dc9bd44939c01180fd4a745a9?s=96&d=mm&r=g","contentUrl":"https:\/\/secure.gravatar.com\/avatar\/1e1956f1facbffd3f8fa53a326721950116b3b9dc9bd44939c01180fd4a745a9?s=96&d=mm&r=g","caption":"Equipe G\u00e1vea News"}}]}},"_links":{"self":[{"href":"https:\/\/www.gaveanews.com\/index.php\/wp-json\/wp\/v2\/posts\/95636","targetHints":{"allow":["GET"]}}],"collection":[{"href":"https:\/\/www.gaveanews.com\/index.php\/wp-json\/wp\/v2\/posts"}],"about":[{"href":"https:\/\/www.gaveanews.com\/index.php\/wp-json\/wp\/v2\/types\/post"}],"author":[{"embeddable":true,"href":"https:\/\/www.gaveanews.com\/index.php\/wp-json\/wp\/v2\/users\/1"}],"replies":[{"embeddable":true,"href":"https:\/\/www.gaveanews.com\/index.php\/wp-json\/wp\/v2\/comments?post=95636"}],"version-history":[{"count":0,"href":"https:\/\/www.gaveanews.com\/index.php\/wp-json\/wp\/v2\/posts\/95636\/revisions"}],"wp:featuredmedia":[{"embeddable":true,"href":"https:\/\/www.gaveanews.com\/index.php\/wp-json\/wp\/v2\/media\/34444"}],"wp:attachment":[{"href":"https:\/\/www.gaveanews.com\/index.php\/wp-json\/wp\/v2\/media?parent=95636"}],"wp:term":[{"taxonomy":"category","embeddable":true,"href":"https:\/\/www.gaveanews.com\/index.php\/wp-json\/wp\/v2\/categories?post=95636"},{"taxonomy":"post_tag","embeddable":true,"href":"https:\/\/www.gaveanews.com\/index.php\/wp-json\/wp\/v2\/tags?post=95636"}],"curies":[{"name":"wp","href":"https:\/\/api.w.org\/{rel}","templated":true}]}}