{"id":95695,"date":"2023-03-20T13:56:49","date_gmt":"2023-03-20T16:56:49","guid":{"rendered":"https:\/\/www.gaveanews.com\/?p=95695"},"modified":"2023-03-20T13:56:54","modified_gmt":"2023-03-20T16:56:54","slug":"flamengo-quer-contratar-mais-cinco-jogadores-veja-nomes","status":"publish","type":"post","link":"https:\/\/www.gaveanews.com\/index.php\/2023\/03\/20\/flamengo-quer-contratar-mais-cinco-jogadores-veja-nomes\/","title":{"rendered":"Flamengo quer contratar mais cinco jogadores; veja nomes"},"content":{"rendered":"\n<p>Com Gerson contratado no come\u00e7o da temporada e com Agust\u00edn Rossi tendo pr\u00e9-contrato para desembarcar no clube em julho, o Flamengo segue em busca de refor\u00e7os para a sequ\u00eancia da temporada de 2023.<\/p>\n\n\n\n<p>O\u00a0site Torcedores apurou que o vice-presidente de futebol Marcos Braz e o diretor executivo Bruno Spindel est\u00e3o tentando acelerar as negocia\u00e7\u00f5es com dois jogadores aprovados pelo t\u00e9cnico V\u00edtor Pereira.<\/p>\n\n\n\n<p>O nome mais perto de ser anunciado pelo Flamengo \u00e9 o do colombiano Mateus Uribe, de 31 anos, do Porto. A diretoria rubro-negra deseja concluir a opera\u00e7\u00e3o nos pr\u00f3ximos dias. A ideia \u00e9 contar com ele imediatamente. Mas, a corrida contra o tempo \u00e9 maior advers\u00e1rio do clube.<\/p>\n\n\n\n<p>Isso porque, a janela de transfer\u00eancias expira no dia 4 de abril. O Flamengo tem, portanto, apenas 15 dias para chegar a um denominador comum com o clube portugu\u00eas. Caso contr\u00e1rio, Mateus Uribe s\u00f3 desembarcar\u00e1 no futebol brasileiro somente no meio do ano.<\/p>\n\n\n\n<p>Al\u00e9m de Mateus Uribe, o Flamengo tamb\u00e9m conversa com \u00c1ngelo Preciado. O lateral-direito do Genk, da B\u00e9lgica, \u00e9 sonho antigo do clube. Marcos Braz e Bruno Spindel conversam com o empres\u00e1rio do jogador, Giuliano Bertolucci, a fim de viabilizar a contrata\u00e7\u00e3o em julho.<\/p>\n\n\n\n<p>Ainda segundo apurou a reportagem, \u00c1ngelo Preciado \u00e9 um nome que agrada a V\u00edtor Pereira. O Flamengo tem condi\u00e7\u00f5es financeiras de antecipar sua chegada nesta janela de transfer\u00eancia. Mas, o clube tenta contrat\u00e1-lo como \u201cagente livre\u201d.<\/p>\n\n\n\n<p>Apesar do curto espa\u00e7o de tempo, os dirigentes tentam evoluir nesse momento para refor\u00e7ar a lateral-direita. Matheuzinho e Wesley est\u00e3o entregues ao departamento m\u00e9dico. J\u00e1 Guillermo Varela ainda n\u00e3o deslanchou com a camisa rubro-negra.<\/p>\n\n\n\n<h2 class=\"wp-block-heading\" id=\"h-flamengo-procura-reserva-para-arrascaeta-e-um-extrema-direita\"><strong>Flamengo procura reserva para Arrascaeta e um extrema-direita<\/strong><\/h2>\n\n\n\n<p>Rafinha Alc\u00e2ntara \u00e9 um atleta que agrada a V\u00edtor Pereira. O ex-jogador de Barcelona e Paris-Saint Germain traz ao elenco pontos que o t\u00e9cnico portugu\u00eas entende ser importante nesse momento. O meio-campista est\u00e1 no Al-Arabi, do Catar. E seu contrato termina em 2024.<\/p>\n\n\n\n<p>Para a extrema-direita o sonho de consumo do Flamengo \u00e9 Michael, do Al Hilal, da Ar\u00e1bia Saudita. O clube do Oriente M\u00e9dio n\u00e3o tem interesse em liber\u00e1-lo agora por causa de restri\u00e7\u00f5es financeiras impostas pela Fifa.<\/p>\n\n\n\n<p>Diante disso, o Flamengo n\u00e3o consegue avan\u00e7ar nas conversas para repatriar Michael. Para esta janela \u00e9 praticamente imposs\u00edvel que a diretoria rubro-negra consiga evoluir nas conversas com os \u00e1rabes.<\/p>\n\n\n\n<p>Um nome que saiu do radar do clube \u00e9 Sebasti\u00e1n Villa, do Boca Juniors. Marcos Braz tentou contrat\u00e1-lo no come\u00e7o desta temporada. Mas, o dirigente esbarrou em barreiras econ\u00f4micas impostas pelo jogador para se transferir para o futebol brasileiro.<\/p>\n\n\n\n<p>Retirado de: Torcedores<\/p>\n","protected":false},"excerpt":{"rendered":"<p>Com Gerson contratado no come\u00e7o da temporada e com Agust\u00edn Rossi tendo pr\u00e9-contrato para desembarcar no clube em julho, o Flamengo segue em busca de refor\u00e7os para a sequ\u00eancia da temporada de 2023. O\u00a0site Torcedores apurou que o vice-presidente de futebol Marcos Braz e o diretor executivo Bruno Spindel est\u00e3o tentando acelerar as negocia\u00e7\u00f5es com [&hellip;]<\/p>\n","protected":false},"author":1,"featured_media":78521,"comment_status":"open","ping_status":"closed","sticky":false,"template":"","format":"standard","meta":{"footnotes":""},"categories":[48],"tags":[],"class_list":["post-95695","post","type-post","status-publish","format-standard","has-post-thumbnail","hentry","category-negociacoes"],"yoast_head":"<!-- This site is optimized with the Yoast SEO Premium plugin v24.2 (Yoast SEO v26.9) - https:\/\/yoast.com\/product\/yoast-seo-premium-wordpress\/ -->\n<title>Flamengo quer contratar mais cinco jogadores; veja nomes<\/title>\n<meta name=\"robots\" content=\"index, follow, max-snippet:-1, max-image-preview:large, max-video-preview:-1\" \/>\n<link rel=\"canonical\" href=\"https:\/\/www.gaveanews.com\/index.php\/2023\/03\/20\/flamengo-quer-contratar-mais-cinco-jogadores-veja-nomes\/\" \/>\n<meta property=\"og:locale\" content=\"pt_BR\" \/>\n<meta property=\"og:type\" content=\"article\" \/>\n<meta property=\"og:title\" content=\"Flamengo quer contratar mais cinco jogadores; veja nomes\" \/>\n<meta property=\"og:description\" content=\"Com Gerson contratado no come\u00e7o da temporada e com Agust\u00edn Rossi tendo pr\u00e9-contrato para desembarcar no clube em julho, o Flamengo segue em busca de refor\u00e7os para a sequ\u00eancia da temporada de 2023. O\u00a0site Torcedores apurou que o vice-presidente de futebol Marcos Braz e o diretor executivo Bruno Spindel est\u00e3o tentando acelerar as negocia\u00e7\u00f5es com [&hellip;]\" \/>\n<meta property=\"og:url\" content=\"https:\/\/www.gaveanews.com\/index.php\/2023\/03\/20\/flamengo-quer-contratar-mais-cinco-jogadores-veja-nomes\/\" \/>\n<meta property=\"og:site_name\" content=\"G\u00e1vea News\" \/>\n<meta property=\"article:publisher\" content=\"https:\/\/facebook.com\/gaveaNews\/\" \/>\n<meta property=\"article:published_time\" content=\"2023-03-20T16:56:49+00:00\" \/>\n<meta property=\"article:modified_time\" content=\"2023-03-20T16:56:54+00:00\" \/>\n<meta property=\"og:image\" content=\"https:\/\/www.gaveanews.com\/wp-content\/uploads\/Marcos-Braz-em-entrevista-coletiva-do-Flamengo-no-Ninho-do-Urubu.webp\" \/>\n\t<meta property=\"og:image:width\" content=\"799\" \/>\n\t<meta property=\"og:image:height\" content=\"533\" \/>\n\t<meta property=\"og:image:type\" content=\"image\/jpeg\" \/>\n<meta name=\"author\" content=\"Equipe G\u00e1vea News\" \/>\n<meta name=\"twitter:card\" content=\"summary_large_image\" \/>\n<meta name=\"twitter:label1\" content=\"Escrito por\" \/>\n\t<meta name=\"twitter:data1\" content=\"Equipe G\u00e1vea News\" \/>\n\t<meta name=\"twitter:label2\" content=\"Est. tempo de leitura\" \/>\n\t<meta name=\"twitter:data2\" content=\"3 minutos\" \/>\n<script type=\"application\/ld+json\" class=\"yoast-schema-graph\">{\"@context\":\"https:\/\/schema.org\",\"@graph\":[{\"@type\":\"NewsArticle\",\"@id\":\"https:\/\/www.gaveanews.com\/index.php\/2023\/03\/20\/flamengo-quer-contratar-mais-cinco-jogadores-veja-nomes\/#article\",\"isPartOf\":{\"@id\":\"https:\/\/www.gaveanews.com\/index.php\/2023\/03\/20\/flamengo-quer-contratar-mais-cinco-jogadores-veja-nomes\/\"},\"author\":{\"name\":\"Equipe G\u00e1vea News\",\"@id\":\"https:\/\/www.gaveanews.com\/#\/schema\/person\/2ec14f73fb96be2caf28f91afb14749d\"},\"headline\":\"Flamengo quer contratar mais cinco jogadores; veja nomes\",\"datePublished\":\"2023-03-20T16:56:49+00:00\",\"dateModified\":\"2023-03-20T16:56:54+00:00\",\"mainEntityOfPage\":{\"@id\":\"https:\/\/www.gaveanews.com\/index.php\/2023\/03\/20\/flamengo-quer-contratar-mais-cinco-jogadores-veja-nomes\/\"},\"wordCount\":464,\"commentCount\":0,\"image\":{\"@id\":\"https:\/\/www.gaveanews.com\/index.php\/2023\/03\/20\/flamengo-quer-contratar-mais-cinco-jogadores-veja-nomes\/#primaryimage\"},\"thumbnailUrl\":\"https:\/\/www.gaveanews.com\/wp-content\/uploads\/Marcos-Braz-em-entrevista-coletiva-do-Flamengo-no-Ninho-do-Urubu.webp\",\"articleSection\":[\"Negocia\u00e7\u00f5es\"],\"inLanguage\":\"pt-BR\",\"potentialAction\":[{\"@type\":\"CommentAction\",\"name\":\"Comment\",\"target\":[\"https:\/\/www.gaveanews.com\/index.php\/2023\/03\/20\/flamengo-quer-contratar-mais-cinco-jogadores-veja-nomes\/#respond\"]}],\"copyrightYear\":\"2023\",\"copyrightHolder\":{\"@id\":\"https:\/\/www.gaveanews.com\/#organization\"}},{\"@type\":\"WebPage\",\"@id\":\"https:\/\/www.gaveanews.com\/index.php\/2023\/03\/20\/flamengo-quer-contratar-mais-cinco-jogadores-veja-nomes\/\",\"url\":\"https:\/\/www.gaveanews.com\/index.php\/2023\/03\/20\/flamengo-quer-contratar-mais-cinco-jogadores-veja-nomes\/\",\"name\":\"Flamengo quer contratar mais cinco jogadores; veja nomes\",\"isPartOf\":{\"@id\":\"https:\/\/www.gaveanews.com\/#website\"},\"primaryImageOfPage\":{\"@id\":\"https:\/\/www.gaveanews.com\/index.php\/2023\/03\/20\/flamengo-quer-contratar-mais-cinco-jogadores-veja-nomes\/#primaryimage\"},\"image\":{\"@id\":\"https:\/\/www.gaveanews.com\/index.php\/2023\/03\/20\/flamengo-quer-contratar-mais-cinco-jogadores-veja-nomes\/#primaryimage\"},\"thumbnailUrl\":\"https:\/\/www.gaveanews.com\/wp-content\/uploads\/Marcos-Braz-em-entrevista-coletiva-do-Flamengo-no-Ninho-do-Urubu.webp\",\"datePublished\":\"2023-03-20T16:56:49+00:00\",\"dateModified\":\"2023-03-20T16:56:54+00:00\",\"author\":{\"@id\":\"https:\/\/www.gaveanews.com\/#\/schema\/person\/2ec14f73fb96be2caf28f91afb14749d\"},\"breadcrumb\":{\"@id\":\"https:\/\/www.gaveanews.com\/index.php\/2023\/03\/20\/flamengo-quer-contratar-mais-cinco-jogadores-veja-nomes\/#breadcrumb\"},\"inLanguage\":\"pt-BR\",\"potentialAction\":[{\"@type\":\"ReadAction\",\"target\":[\"https:\/\/www.gaveanews.com\/index.php\/2023\/03\/20\/flamengo-quer-contratar-mais-cinco-jogadores-veja-nomes\/\"]}]},{\"@type\":\"ImageObject\",\"inLanguage\":\"pt-BR\",\"@id\":\"https:\/\/www.gaveanews.com\/index.php\/2023\/03\/20\/flamengo-quer-contratar-mais-cinco-jogadores-veja-nomes\/#primaryimage\",\"url\":\"https:\/\/www.gaveanews.com\/wp-content\/uploads\/Marcos-Braz-em-entrevista-coletiva-do-Flamengo-no-Ninho-do-Urubu.webp\",\"contentUrl\":\"https:\/\/www.gaveanews.com\/wp-content\/uploads\/Marcos-Braz-em-entrevista-coletiva-do-Flamengo-no-Ninho-do-Urubu.webp\",\"width\":799,\"height\":533,\"caption\":\"Marcos Braz em entrevista coletiva do Flamengo no Ninho do Urubu (Foto: Gilvan de Souza\/Flamengo)\"},{\"@type\":\"BreadcrumbList\",\"@id\":\"https:\/\/www.gaveanews.com\/index.php\/2023\/03\/20\/flamengo-quer-contratar-mais-cinco-jogadores-veja-nomes\/#breadcrumb\",\"itemListElement\":[{\"@type\":\"ListItem\",\"position\":1,\"name\":\"Home\",\"item\":\"https:\/\/www.gaveanews.com\/\"},{\"@type\":\"ListItem\",\"position\":2,\"name\":\"Flamengo quer contratar mais cinco jogadores; veja nomes\"}]},{\"@type\":\"WebSite\",\"@id\":\"https:\/\/www.gaveanews.com\/#website\",\"url\":\"https:\/\/www.gaveanews.com\/\",\"name\":\"G\u00e1vea News\",\"description\":\"Veja todas as not\u00edcias sobre o Flamengo: Contrata\u00e7\u00f5es, categorias de base, resultados das partidas, tabela de classifica\u00e7\u00e3o, pr\u00f3ximos jogos!\",\"potentialAction\":[{\"@type\":\"SearchAction\",\"target\":{\"@type\":\"EntryPoint\",\"urlTemplate\":\"https:\/\/www.gaveanews.com\/?s={search_term_string}\"},\"query-input\":{\"@type\":\"PropertyValueSpecification\",\"valueRequired\":true,\"valueName\":\"search_term_string\"}}],\"inLanguage\":\"pt-BR\"},{\"@type\":\"Person\",\"@id\":\"https:\/\/www.gaveanews.com\/#\/schema\/person\/2ec14f73fb96be2caf28f91afb14749d\",\"name\":\"Equipe G\u00e1vea News\",\"image\":{\"@type\":\"ImageObject\",\"inLanguage\":\"pt-BR\",\"@id\":\"https:\/\/www.gaveanews.com\/#\/schema\/person\/image\/\",\"url\":\"https:\/\/secure.gravatar.com\/avatar\/1e1956f1facbffd3f8fa53a326721950116b3b9dc9bd44939c01180fd4a745a9?s=96&d=mm&r=g\",\"contentUrl\":\"https:\/\/secure.gravatar.com\/avatar\/1e1956f1facbffd3f8fa53a326721950116b3b9dc9bd44939c01180fd4a745a9?s=96&d=mm&r=g\",\"caption\":\"Equipe G\u00e1vea News\"}}]}<\/script>\n<!-- \/ Yoast SEO Premium plugin. -->","yoast_head_json":{"title":"Flamengo quer contratar mais cinco jogadores; veja nomes","robots":{"index":"index","follow":"follow","max-snippet":"max-snippet:-1","max-image-preview":"max-image-preview:large","max-video-preview":"max-video-preview:-1"},"canonical":"https:\/\/www.gaveanews.com\/index.php\/2023\/03\/20\/flamengo-quer-contratar-mais-cinco-jogadores-veja-nomes\/","og_locale":"pt_BR","og_type":"article","og_title":"Flamengo quer contratar mais cinco jogadores; veja nomes","og_description":"Com Gerson contratado no come\u00e7o da temporada e com Agust\u00edn Rossi tendo pr\u00e9-contrato para desembarcar no clube em julho, o Flamengo segue em busca de refor\u00e7os para a sequ\u00eancia da temporada de 2023. O\u00a0site Torcedores apurou que o vice-presidente de futebol Marcos Braz e o diretor executivo Bruno Spindel est\u00e3o tentando acelerar as negocia\u00e7\u00f5es com [&hellip;]","og_url":"https:\/\/www.gaveanews.com\/index.php\/2023\/03\/20\/flamengo-quer-contratar-mais-cinco-jogadores-veja-nomes\/","og_site_name":"G\u00e1vea News","article_publisher":"https:\/\/facebook.com\/gaveaNews\/","article_published_time":"2023-03-20T16:56:49+00:00","article_modified_time":"2023-03-20T16:56:54+00:00","og_image":[{"width":799,"height":533,"url":"https:\/\/www.gaveanews.com\/wp-content\/uploads\/Marcos-Braz-em-entrevista-coletiva-do-Flamengo-no-Ninho-do-Urubu.webp","type":"image\/jpeg"}],"author":"Equipe G\u00e1vea News","twitter_card":"summary_large_image","twitter_misc":{"Escrito por":"Equipe G\u00e1vea News","Est. tempo de leitura":"3 minutos"},"schema":{"@context":"https:\/\/schema.org","@graph":[{"@type":"NewsArticle","@id":"https:\/\/www.gaveanews.com\/index.php\/2023\/03\/20\/flamengo-quer-contratar-mais-cinco-jogadores-veja-nomes\/#article","isPartOf":{"@id":"https:\/\/www.gaveanews.com\/index.php\/2023\/03\/20\/flamengo-quer-contratar-mais-cinco-jogadores-veja-nomes\/"},"author":{"name":"Equipe G\u00e1vea News","@id":"https:\/\/www.gaveanews.com\/#\/schema\/person\/2ec14f73fb96be2caf28f91afb14749d"},"headline":"Flamengo quer contratar mais cinco jogadores; veja nomes","datePublished":"2023-03-20T16:56:49+00:00","dateModified":"2023-03-20T16:56:54+00:00","mainEntityOfPage":{"@id":"https:\/\/www.gaveanews.com\/index.php\/2023\/03\/20\/flamengo-quer-contratar-mais-cinco-jogadores-veja-nomes\/"},"wordCount":464,"commentCount":0,"image":{"@id":"https:\/\/www.gaveanews.com\/index.php\/2023\/03\/20\/flamengo-quer-contratar-mais-cinco-jogadores-veja-nomes\/#primaryimage"},"thumbnailUrl":"https:\/\/www.gaveanews.com\/wp-content\/uploads\/Marcos-Braz-em-entrevista-coletiva-do-Flamengo-no-Ninho-do-Urubu.webp","articleSection":["Negocia\u00e7\u00f5es"],"inLanguage":"pt-BR","potentialAction":[{"@type":"CommentAction","name":"Comment","target":["https:\/\/www.gaveanews.com\/index.php\/2023\/03\/20\/flamengo-quer-contratar-mais-cinco-jogadores-veja-nomes\/#respond"]}],"copyrightYear":"2023","copyrightHolder":{"@id":"https:\/\/www.gaveanews.com\/#organization"}},{"@type":"WebPage","@id":"https:\/\/www.gaveanews.com\/index.php\/2023\/03\/20\/flamengo-quer-contratar-mais-cinco-jogadores-veja-nomes\/","url":"https:\/\/www.gaveanews.com\/index.php\/2023\/03\/20\/flamengo-quer-contratar-mais-cinco-jogadores-veja-nomes\/","name":"Flamengo quer contratar mais cinco jogadores; veja nomes","isPartOf":{"@id":"https:\/\/www.gaveanews.com\/#website"},"primaryImageOfPage":{"@id":"https:\/\/www.gaveanews.com\/index.php\/2023\/03\/20\/flamengo-quer-contratar-mais-cinco-jogadores-veja-nomes\/#primaryimage"},"image":{"@id":"https:\/\/www.gaveanews.com\/index.php\/2023\/03\/20\/flamengo-quer-contratar-mais-cinco-jogadores-veja-nomes\/#primaryimage"},"thumbnailUrl":"https:\/\/www.gaveanews.com\/wp-content\/uploads\/Marcos-Braz-em-entrevista-coletiva-do-Flamengo-no-Ninho-do-Urubu.webp","datePublished":"2023-03-20T16:56:49+00:00","dateModified":"2023-03-20T16:56:54+00:00","author":{"@id":"https:\/\/www.gaveanews.com\/#\/schema\/person\/2ec14f73fb96be2caf28f91afb14749d"},"breadcrumb":{"@id":"https:\/\/www.gaveanews.com\/index.php\/2023\/03\/20\/flamengo-quer-contratar-mais-cinco-jogadores-veja-nomes\/#breadcrumb"},"inLanguage":"pt-BR","potentialAction":[{"@type":"ReadAction","target":["https:\/\/www.gaveanews.com\/index.php\/2023\/03\/20\/flamengo-quer-contratar-mais-cinco-jogadores-veja-nomes\/"]}]},{"@type":"ImageObject","inLanguage":"pt-BR","@id":"https:\/\/www.gaveanews.com\/index.php\/2023\/03\/20\/flamengo-quer-contratar-mais-cinco-jogadores-veja-nomes\/#primaryimage","url":"https:\/\/www.gaveanews.com\/wp-content\/uploads\/Marcos-Braz-em-entrevista-coletiva-do-Flamengo-no-Ninho-do-Urubu.webp","contentUrl":"https:\/\/www.gaveanews.com\/wp-content\/uploads\/Marcos-Braz-em-entrevista-coletiva-do-Flamengo-no-Ninho-do-Urubu.webp","width":799,"height":533,"caption":"Marcos Braz em entrevista coletiva do Flamengo no Ninho do Urubu (Foto: Gilvan de Souza\/Flamengo)"},{"@type":"BreadcrumbList","@id":"https:\/\/www.gaveanews.com\/index.php\/2023\/03\/20\/flamengo-quer-contratar-mais-cinco-jogadores-veja-nomes\/#breadcrumb","itemListElement":[{"@type":"ListItem","position":1,"name":"Home","item":"https:\/\/www.gaveanews.com\/"},{"@type":"ListItem","position":2,"name":"Flamengo quer contratar mais cinco jogadores; veja nomes"}]},{"@type":"WebSite","@id":"https:\/\/www.gaveanews.com\/#website","url":"https:\/\/www.gaveanews.com\/","name":"G\u00e1vea News","description":"Veja todas as not\u00edcias sobre o Flamengo: Contrata\u00e7\u00f5es, categorias de base, resultados das partidas, tabela de classifica\u00e7\u00e3o, pr\u00f3ximos jogos!","potentialAction":[{"@type":"SearchAction","target":{"@type":"EntryPoint","urlTemplate":"https:\/\/www.gaveanews.com\/?s={search_term_string}"},"query-input":{"@type":"PropertyValueSpecification","valueRequired":true,"valueName":"search_term_string"}}],"inLanguage":"pt-BR"},{"@type":"Person","@id":"https:\/\/www.gaveanews.com\/#\/schema\/person\/2ec14f73fb96be2caf28f91afb14749d","name":"Equipe G\u00e1vea News","image":{"@type":"ImageObject","inLanguage":"pt-BR","@id":"https:\/\/www.gaveanews.com\/#\/schema\/person\/image\/","url":"https:\/\/secure.gravatar.com\/avatar\/1e1956f1facbffd3f8fa53a326721950116b3b9dc9bd44939c01180fd4a745a9?s=96&d=mm&r=g","contentUrl":"https:\/\/secure.gravatar.com\/avatar\/1e1956f1facbffd3f8fa53a326721950116b3b9dc9bd44939c01180fd4a745a9?s=96&d=mm&r=g","caption":"Equipe G\u00e1vea News"}}]}},"_links":{"self":[{"href":"https:\/\/www.gaveanews.com\/index.php\/wp-json\/wp\/v2\/posts\/95695","targetHints":{"allow":["GET"]}}],"collection":[{"href":"https:\/\/www.gaveanews.com\/index.php\/wp-json\/wp\/v2\/posts"}],"about":[{"href":"https:\/\/www.gaveanews.com\/index.php\/wp-json\/wp\/v2\/types\/post"}],"author":[{"embeddable":true,"href":"https:\/\/www.gaveanews.com\/index.php\/wp-json\/wp\/v2\/users\/1"}],"replies":[{"embeddable":true,"href":"https:\/\/www.gaveanews.com\/index.php\/wp-json\/wp\/v2\/comments?post=95695"}],"version-history":[{"count":0,"href":"https:\/\/www.gaveanews.com\/index.php\/wp-json\/wp\/v2\/posts\/95695\/revisions"}],"wp:featuredmedia":[{"embeddable":true,"href":"https:\/\/www.gaveanews.com\/index.php\/wp-json\/wp\/v2\/media\/78521"}],"wp:attachment":[{"href":"https:\/\/www.gaveanews.com\/index.php\/wp-json\/wp\/v2\/media?parent=95695"}],"wp:term":[{"taxonomy":"category","embeddable":true,"href":"https:\/\/www.gaveanews.com\/index.php\/wp-json\/wp\/v2\/categories?post=95695"},{"taxonomy":"post_tag","embeddable":true,"href":"https:\/\/www.gaveanews.com\/index.php\/wp-json\/wp\/v2\/tags?post=95695"}],"curies":[{"name":"wp","href":"https:\/\/api.w.org\/{rel}","templated":true}]}}