{"id":95709,"date":"2023-03-20T16:52:38","date_gmt":"2023-03-20T19:52:38","guid":{"rendered":"https:\/\/www.gaveanews.com\/?p=95709"},"modified":"2023-03-20T16:52:40","modified_gmt":"2023-03-20T19:52:40","slug":"video-vinicius-junior-e-ameacado-durante-o-jogo-entre-barcelona-e-real-madrid","status":"publish","type":"post","link":"https:\/\/www.gaveanews.com\/index.php\/2023\/03\/20\/video-vinicius-junior-e-ameacado-durante-o-jogo-entre-barcelona-e-real-madrid\/","title":{"rendered":"V\u00eddeo: Vin\u00edcius J\u00fanior \u00e9 amea\u00e7ado durante o jogo entre Barcelona e Real Madrid"},"content":{"rendered":"\n<p>Mais cenas lament\u00e1veis no futebol espanhol. Vin\u00edcius J\u00fanior, perseguido por falas racistas ao longo da temporada europeia, agora foi alvo de manifesta\u00e7\u00e3o de \u00f3dio de torcedores do Barcelona.<\/p>\n\n\n\n<p>Parte da torcida presente no Camp Nou, casa do Barcelona, desejou a morte do cria da G\u00e1vea no cl\u00e1ssico do \u00faltimo domingo (19). O v\u00eddeo que registrou as falas de \u00f3dio viralizou nas redes sociais e foi assistido por milh\u00f5es de internautas.<\/p>\n\n\n\n<h2 class=\"wp-block-heading\" id=\"h-assista\">Assista:<\/h2>\n\n\n\n<figure class=\"wp-block-embed is-type-rich is-provider-twitter wp-block-embed-twitter\"><div class=\"wp-block-embed__wrapper\">\n<blockquote class=\"twitter-tweet\" data-width=\"550\" data-dnt=\"true\"><p lang=\"pt\" dir=\"ltr\">LAMENT\u00c1VEL! \ud83e\udd2c<br><br>Torcedores do Barcelona desejam a MORTE de Vin\u00edcius J\u00fanior durante o cl\u00e1ssico entre Barcelona e Real Madrid: &#39;Vin\u00edcius, Mu\u00e9rete!&#39; (Vin\u00edcius, morra!)<br><br>\ud83c\udfa5: The Athletic <a href=\"https:\/\/t.co\/9Vr5Nh2GXQ\">pic.twitter.com\/9Vr5Nh2GXQ<\/a><\/p>&mdash; Jovem Pan Esportes (@JovemPanEsporte) <a href=\"https:\/\/twitter.com\/JovemPanEsporte\/status\/1637565475226886144?ref_src=twsrc%5Etfw\">March 19, 2023<\/a><\/blockquote><script async src=\"https:\/\/platform.twitter.com\/widgets.js\" charset=\"utf-8\"><\/script>\n<\/div><\/figure>\n\n\n\n<p>O cl\u00e1ssico n\u00e3o terminou bem para o Real Madrid. J\u00e1 distante em pontua\u00e7\u00e3o do Barcelona na tabela da La Liga, o clube entrou em campo visando diminuir a diferen\u00e7a entre as equipes, mas acabou perdendo por 2 a 1.<\/p>\n\n\n\n<p>Atualmente, o Barcelona lidera a tabela do campeonato nacional com 68 pontos. O Real Madrid, por sua vez, \u00e9 o segundo colocado com 56 de saldo.<\/p>\n","protected":false},"excerpt":{"rendered":"<p>Mais cenas lament\u00e1veis no futebol espanhol. Vin\u00edcius J\u00fanior, perseguido por falas racistas ao longo da temporada europeia, agora foi alvo de manifesta\u00e7\u00e3o de \u00f3dio de torcedores do Barcelona. Parte da torcida presente no Camp Nou, casa do Barcelona, desejou a morte do cria da G\u00e1vea no cl\u00e1ssico do \u00faltimo domingo (19). O v\u00eddeo que registrou [&hellip;]<\/p>\n","protected":false},"author":4,"featured_media":93584,"comment_status":"open","ping_status":"closed","sticky":false,"template":"","format":"standard","meta":{"footnotes":""},"categories":[40],"tags":[],"class_list":["post-95709","post","type-post","status-publish","format-standard","has-post-thumbnail","hentry","category-video"],"yoast_head":"<!-- This site is optimized with the Yoast SEO Premium plugin v24.2 (Yoast SEO v26.9) - https:\/\/yoast.com\/product\/yoast-seo-premium-wordpress\/ -->\n<title>V\u00eddeo: Vin\u00edcius J\u00fanior \u00e9 amea\u00e7ado durante o jogo entre Barcelona e Real Madrid<\/title>\n<meta name=\"robots\" content=\"index, follow, max-snippet:-1, max-image-preview:large, max-video-preview:-1\" \/>\n<link rel=\"canonical\" href=\"https:\/\/www.gaveanews.com\/index.php\/2023\/03\/20\/video-vinicius-junior-e-ameacado-durante-o-jogo-entre-barcelona-e-real-madrid\/\" \/>\n<meta property=\"og:locale\" content=\"pt_BR\" \/>\n<meta property=\"og:type\" content=\"article\" \/>\n<meta property=\"og:title\" content=\"V\u00eddeo: Vin\u00edcius J\u00fanior \u00e9 amea\u00e7ado durante o jogo entre Barcelona e Real Madrid\" \/>\n<meta property=\"og:description\" content=\"Mais cenas lament\u00e1veis no futebol espanhol. Vin\u00edcius J\u00fanior, perseguido por falas racistas ao longo da temporada europeia, agora foi alvo de manifesta\u00e7\u00e3o de \u00f3dio de torcedores do Barcelona. Parte da torcida presente no Camp Nou, casa do Barcelona, desejou a morte do cria da G\u00e1vea no cl\u00e1ssico do \u00faltimo domingo (19). O v\u00eddeo que registrou [&hellip;]\" \/>\n<meta property=\"og:url\" content=\"https:\/\/www.gaveanews.com\/index.php\/2023\/03\/20\/video-vinicius-junior-e-ameacado-durante-o-jogo-entre-barcelona-e-real-madrid\/\" \/>\n<meta property=\"og:site_name\" content=\"G\u00e1vea News\" \/>\n<meta property=\"article:publisher\" content=\"https:\/\/facebook.com\/gaveaNews\/\" \/>\n<meta property=\"article:published_time\" content=\"2023-03-20T19:52:38+00:00\" \/>\n<meta property=\"article:modified_time\" content=\"2023-03-20T19:52:40+00:00\" \/>\n<meta property=\"og:image\" content=\"https:\/\/www.gaveanews.com\/wp-content\/uploads\/real-madrid-vinicius-junior.webp\" \/>\n\t<meta property=\"og:image:width\" content=\"846\" \/>\n\t<meta property=\"og:image:height\" content=\"564\" \/>\n\t<meta property=\"og:image:type\" content=\"image\/webp\" \/>\n<meta name=\"author\" content=\"Let\u00edcia Gerheim\" \/>\n<meta name=\"twitter:card\" content=\"summary_large_image\" \/>\n<meta name=\"twitter:label1\" content=\"Escrito por\" \/>\n\t<meta name=\"twitter:data1\" content=\"Let\u00edcia Gerheim\" \/>\n\t<meta name=\"twitter:label2\" content=\"Est. tempo de leitura\" \/>\n\t<meta name=\"twitter:data2\" content=\"1 minuto\" \/>\n<script type=\"application\/ld+json\" class=\"yoast-schema-graph\">{\"@context\":\"https:\/\/schema.org\",\"@graph\":[{\"@type\":\"NewsArticle\",\"@id\":\"https:\/\/www.gaveanews.com\/index.php\/2023\/03\/20\/video-vinicius-junior-e-ameacado-durante-o-jogo-entre-barcelona-e-real-madrid\/#article\",\"isPartOf\":{\"@id\":\"https:\/\/www.gaveanews.com\/index.php\/2023\/03\/20\/video-vinicius-junior-e-ameacado-durante-o-jogo-entre-barcelona-e-real-madrid\/\"},\"author\":{\"name\":\"Let\u00edcia Gerheim\",\"@id\":\"https:\/\/www.gaveanews.com\/#\/schema\/person\/714c67050b836198af2450ba1c142a67\"},\"headline\":\"V\u00eddeo: Vin\u00edcius J\u00fanior \u00e9 amea\u00e7ado durante o jogo entre Barcelona e Real Madrid\",\"datePublished\":\"2023-03-20T19:52:38+00:00\",\"dateModified\":\"2023-03-20T19:52:40+00:00\",\"mainEntityOfPage\":{\"@id\":\"https:\/\/www.gaveanews.com\/index.php\/2023\/03\/20\/video-vinicius-junior-e-ameacado-durante-o-jogo-entre-barcelona-e-real-madrid\/\"},\"wordCount\":164,\"commentCount\":0,\"image\":{\"@id\":\"https:\/\/www.gaveanews.com\/index.php\/2023\/03\/20\/video-vinicius-junior-e-ameacado-durante-o-jogo-entre-barcelona-e-real-madrid\/#primaryimage\"},\"thumbnailUrl\":\"https:\/\/www.gaveanews.com\/wp-content\/uploads\/real-madrid-vinicius-junior.webp\",\"articleSection\":[\"V\u00eddeos\"],\"inLanguage\":\"pt-BR\",\"potentialAction\":[{\"@type\":\"CommentAction\",\"name\":\"Comment\",\"target\":[\"https:\/\/www.gaveanews.com\/index.php\/2023\/03\/20\/video-vinicius-junior-e-ameacado-durante-o-jogo-entre-barcelona-e-real-madrid\/#respond\"]}],\"copyrightYear\":\"2023\",\"copyrightHolder\":{\"@id\":\"https:\/\/www.gaveanews.com\/#organization\"}},{\"@type\":\"WebPage\",\"@id\":\"https:\/\/www.gaveanews.com\/index.php\/2023\/03\/20\/video-vinicius-junior-e-ameacado-durante-o-jogo-entre-barcelona-e-real-madrid\/\",\"url\":\"https:\/\/www.gaveanews.com\/index.php\/2023\/03\/20\/video-vinicius-junior-e-ameacado-durante-o-jogo-entre-barcelona-e-real-madrid\/\",\"name\":\"V\u00eddeo: Vin\u00edcius J\u00fanior \u00e9 amea\u00e7ado durante o jogo entre Barcelona e Real Madrid\",\"isPartOf\":{\"@id\":\"https:\/\/www.gaveanews.com\/#website\"},\"primaryImageOfPage\":{\"@id\":\"https:\/\/www.gaveanews.com\/index.php\/2023\/03\/20\/video-vinicius-junior-e-ameacado-durante-o-jogo-entre-barcelona-e-real-madrid\/#primaryimage\"},\"image\":{\"@id\":\"https:\/\/www.gaveanews.com\/index.php\/2023\/03\/20\/video-vinicius-junior-e-ameacado-durante-o-jogo-entre-barcelona-e-real-madrid\/#primaryimage\"},\"thumbnailUrl\":\"https:\/\/www.gaveanews.com\/wp-content\/uploads\/real-madrid-vinicius-junior.webp\",\"datePublished\":\"2023-03-20T19:52:38+00:00\",\"dateModified\":\"2023-03-20T19:52:40+00:00\",\"author\":{\"@id\":\"https:\/\/www.gaveanews.com\/#\/schema\/person\/714c67050b836198af2450ba1c142a67\"},\"breadcrumb\":{\"@id\":\"https:\/\/www.gaveanews.com\/index.php\/2023\/03\/20\/video-vinicius-junior-e-ameacado-durante-o-jogo-entre-barcelona-e-real-madrid\/#breadcrumb\"},\"inLanguage\":\"pt-BR\",\"potentialAction\":[{\"@type\":\"ReadAction\",\"target\":[\"https:\/\/www.gaveanews.com\/index.php\/2023\/03\/20\/video-vinicius-junior-e-ameacado-durante-o-jogo-entre-barcelona-e-real-madrid\/\"]}]},{\"@type\":\"ImageObject\",\"inLanguage\":\"pt-BR\",\"@id\":\"https:\/\/www.gaveanews.com\/index.php\/2023\/03\/20\/video-vinicius-junior-e-ameacado-durante-o-jogo-entre-barcelona-e-real-madrid\/#primaryimage\",\"url\":\"https:\/\/www.gaveanews.com\/wp-content\/uploads\/real-madrid-vinicius-junior.webp\",\"contentUrl\":\"https:\/\/www.gaveanews.com\/wp-content\/uploads\/real-madrid-vinicius-junior.webp\",\"width\":846,\"height\":564,\"caption\":\"Vin\u00edcius J\u00fanior em a\u00e7\u00e3o pelo Real Madrid contra o Atl\u00e9tico de Madrid (Foto: JAVIER SORIANO\/AFP)\"},{\"@type\":\"BreadcrumbList\",\"@id\":\"https:\/\/www.gaveanews.com\/index.php\/2023\/03\/20\/video-vinicius-junior-e-ameacado-durante-o-jogo-entre-barcelona-e-real-madrid\/#breadcrumb\",\"itemListElement\":[{\"@type\":\"ListItem\",\"position\":1,\"name\":\"Home\",\"item\":\"https:\/\/www.gaveanews.com\/\"},{\"@type\":\"ListItem\",\"position\":2,\"name\":\"V\u00eddeo: Vin\u00edcius J\u00fanior \u00e9 amea\u00e7ado durante o jogo entre Barcelona e Real Madrid\"}]},{\"@type\":\"WebSite\",\"@id\":\"https:\/\/www.gaveanews.com\/#website\",\"url\":\"https:\/\/www.gaveanews.com\/\",\"name\":\"G\u00e1vea News\",\"description\":\"Veja todas as not\u00edcias sobre o Flamengo: Contrata\u00e7\u00f5es, categorias de base, resultados das partidas, tabela de classifica\u00e7\u00e3o, pr\u00f3ximos jogos!\",\"potentialAction\":[{\"@type\":\"SearchAction\",\"target\":{\"@type\":\"EntryPoint\",\"urlTemplate\":\"https:\/\/www.gaveanews.com\/?s={search_term_string}\"},\"query-input\":{\"@type\":\"PropertyValueSpecification\",\"valueRequired\":true,\"valueName\":\"search_term_string\"}}],\"inLanguage\":\"pt-BR\"},{\"@type\":\"Person\",\"@id\":\"https:\/\/www.gaveanews.com\/#\/schema\/person\/714c67050b836198af2450ba1c142a67\",\"name\":\"Let\u00edcia Gerheim\",\"image\":{\"@type\":\"ImageObject\",\"inLanguage\":\"pt-BR\",\"@id\":\"https:\/\/www.gaveanews.com\/#\/schema\/person\/image\/\",\"url\":\"https:\/\/secure.gravatar.com\/avatar\/60734739c50fcebfbac509e2a826ccd0ff405c019bc73aab9354f19ecad1dcb4?s=96&d=mm&r=g\",\"contentUrl\":\"https:\/\/secure.gravatar.com\/avatar\/60734739c50fcebfbac509e2a826ccd0ff405c019bc73aab9354f19ecad1dcb4?s=96&d=mm&r=g\",\"caption\":\"Let\u00edcia Gerheim\"}}]}<\/script>\n<!-- \/ Yoast SEO Premium plugin. -->","yoast_head_json":{"title":"V\u00eddeo: Vin\u00edcius J\u00fanior \u00e9 amea\u00e7ado durante o jogo entre Barcelona e Real Madrid","robots":{"index":"index","follow":"follow","max-snippet":"max-snippet:-1","max-image-preview":"max-image-preview:large","max-video-preview":"max-video-preview:-1"},"canonical":"https:\/\/www.gaveanews.com\/index.php\/2023\/03\/20\/video-vinicius-junior-e-ameacado-durante-o-jogo-entre-barcelona-e-real-madrid\/","og_locale":"pt_BR","og_type":"article","og_title":"V\u00eddeo: Vin\u00edcius J\u00fanior \u00e9 amea\u00e7ado durante o jogo entre Barcelona e Real Madrid","og_description":"Mais cenas lament\u00e1veis no futebol espanhol. Vin\u00edcius J\u00fanior, perseguido por falas racistas ao longo da temporada europeia, agora foi alvo de manifesta\u00e7\u00e3o de \u00f3dio de torcedores do Barcelona. Parte da torcida presente no Camp Nou, casa do Barcelona, desejou a morte do cria da G\u00e1vea no cl\u00e1ssico do \u00faltimo domingo (19). O v\u00eddeo que registrou [&hellip;]","og_url":"https:\/\/www.gaveanews.com\/index.php\/2023\/03\/20\/video-vinicius-junior-e-ameacado-durante-o-jogo-entre-barcelona-e-real-madrid\/","og_site_name":"G\u00e1vea News","article_publisher":"https:\/\/facebook.com\/gaveaNews\/","article_published_time":"2023-03-20T19:52:38+00:00","article_modified_time":"2023-03-20T19:52:40+00:00","og_image":[{"width":846,"height":564,"url":"https:\/\/www.gaveanews.com\/wp-content\/uploads\/real-madrid-vinicius-junior.webp","type":"image\/webp"}],"author":"Let\u00edcia Gerheim","twitter_card":"summary_large_image","twitter_misc":{"Escrito por":"Let\u00edcia Gerheim","Est. tempo de leitura":"1 minuto"},"schema":{"@context":"https:\/\/schema.org","@graph":[{"@type":"NewsArticle","@id":"https:\/\/www.gaveanews.com\/index.php\/2023\/03\/20\/video-vinicius-junior-e-ameacado-durante-o-jogo-entre-barcelona-e-real-madrid\/#article","isPartOf":{"@id":"https:\/\/www.gaveanews.com\/index.php\/2023\/03\/20\/video-vinicius-junior-e-ameacado-durante-o-jogo-entre-barcelona-e-real-madrid\/"},"author":{"name":"Let\u00edcia Gerheim","@id":"https:\/\/www.gaveanews.com\/#\/schema\/person\/714c67050b836198af2450ba1c142a67"},"headline":"V\u00eddeo: Vin\u00edcius J\u00fanior \u00e9 amea\u00e7ado durante o jogo entre Barcelona e Real Madrid","datePublished":"2023-03-20T19:52:38+00:00","dateModified":"2023-03-20T19:52:40+00:00","mainEntityOfPage":{"@id":"https:\/\/www.gaveanews.com\/index.php\/2023\/03\/20\/video-vinicius-junior-e-ameacado-durante-o-jogo-entre-barcelona-e-real-madrid\/"},"wordCount":164,"commentCount":0,"image":{"@id":"https:\/\/www.gaveanews.com\/index.php\/2023\/03\/20\/video-vinicius-junior-e-ameacado-durante-o-jogo-entre-barcelona-e-real-madrid\/#primaryimage"},"thumbnailUrl":"https:\/\/www.gaveanews.com\/wp-content\/uploads\/real-madrid-vinicius-junior.webp","articleSection":["V\u00eddeos"],"inLanguage":"pt-BR","potentialAction":[{"@type":"CommentAction","name":"Comment","target":["https:\/\/www.gaveanews.com\/index.php\/2023\/03\/20\/video-vinicius-junior-e-ameacado-durante-o-jogo-entre-barcelona-e-real-madrid\/#respond"]}],"copyrightYear":"2023","copyrightHolder":{"@id":"https:\/\/www.gaveanews.com\/#organization"}},{"@type":"WebPage","@id":"https:\/\/www.gaveanews.com\/index.php\/2023\/03\/20\/video-vinicius-junior-e-ameacado-durante-o-jogo-entre-barcelona-e-real-madrid\/","url":"https:\/\/www.gaveanews.com\/index.php\/2023\/03\/20\/video-vinicius-junior-e-ameacado-durante-o-jogo-entre-barcelona-e-real-madrid\/","name":"V\u00eddeo: Vin\u00edcius J\u00fanior \u00e9 amea\u00e7ado durante o jogo entre Barcelona e Real Madrid","isPartOf":{"@id":"https:\/\/www.gaveanews.com\/#website"},"primaryImageOfPage":{"@id":"https:\/\/www.gaveanews.com\/index.php\/2023\/03\/20\/video-vinicius-junior-e-ameacado-durante-o-jogo-entre-barcelona-e-real-madrid\/#primaryimage"},"image":{"@id":"https:\/\/www.gaveanews.com\/index.php\/2023\/03\/20\/video-vinicius-junior-e-ameacado-durante-o-jogo-entre-barcelona-e-real-madrid\/#primaryimage"},"thumbnailUrl":"https:\/\/www.gaveanews.com\/wp-content\/uploads\/real-madrid-vinicius-junior.webp","datePublished":"2023-03-20T19:52:38+00:00","dateModified":"2023-03-20T19:52:40+00:00","author":{"@id":"https:\/\/www.gaveanews.com\/#\/schema\/person\/714c67050b836198af2450ba1c142a67"},"breadcrumb":{"@id":"https:\/\/www.gaveanews.com\/index.php\/2023\/03\/20\/video-vinicius-junior-e-ameacado-durante-o-jogo-entre-barcelona-e-real-madrid\/#breadcrumb"},"inLanguage":"pt-BR","potentialAction":[{"@type":"ReadAction","target":["https:\/\/www.gaveanews.com\/index.php\/2023\/03\/20\/video-vinicius-junior-e-ameacado-durante-o-jogo-entre-barcelona-e-real-madrid\/"]}]},{"@type":"ImageObject","inLanguage":"pt-BR","@id":"https:\/\/www.gaveanews.com\/index.php\/2023\/03\/20\/video-vinicius-junior-e-ameacado-durante-o-jogo-entre-barcelona-e-real-madrid\/#primaryimage","url":"https:\/\/www.gaveanews.com\/wp-content\/uploads\/real-madrid-vinicius-junior.webp","contentUrl":"https:\/\/www.gaveanews.com\/wp-content\/uploads\/real-madrid-vinicius-junior.webp","width":846,"height":564,"caption":"Vin\u00edcius J\u00fanior em a\u00e7\u00e3o pelo Real Madrid contra o Atl\u00e9tico de Madrid (Foto: JAVIER SORIANO\/AFP)"},{"@type":"BreadcrumbList","@id":"https:\/\/www.gaveanews.com\/index.php\/2023\/03\/20\/video-vinicius-junior-e-ameacado-durante-o-jogo-entre-barcelona-e-real-madrid\/#breadcrumb","itemListElement":[{"@type":"ListItem","position":1,"name":"Home","item":"https:\/\/www.gaveanews.com\/"},{"@type":"ListItem","position":2,"name":"V\u00eddeo: Vin\u00edcius J\u00fanior \u00e9 amea\u00e7ado durante o jogo entre Barcelona e Real Madrid"}]},{"@type":"WebSite","@id":"https:\/\/www.gaveanews.com\/#website","url":"https:\/\/www.gaveanews.com\/","name":"G\u00e1vea News","description":"Veja todas as not\u00edcias sobre o Flamengo: Contrata\u00e7\u00f5es, categorias de base, resultados das partidas, tabela de classifica\u00e7\u00e3o, pr\u00f3ximos jogos!","potentialAction":[{"@type":"SearchAction","target":{"@type":"EntryPoint","urlTemplate":"https:\/\/www.gaveanews.com\/?s={search_term_string}"},"query-input":{"@type":"PropertyValueSpecification","valueRequired":true,"valueName":"search_term_string"}}],"inLanguage":"pt-BR"},{"@type":"Person","@id":"https:\/\/www.gaveanews.com\/#\/schema\/person\/714c67050b836198af2450ba1c142a67","name":"Let\u00edcia Gerheim","image":{"@type":"ImageObject","inLanguage":"pt-BR","@id":"https:\/\/www.gaveanews.com\/#\/schema\/person\/image\/","url":"https:\/\/secure.gravatar.com\/avatar\/60734739c50fcebfbac509e2a826ccd0ff405c019bc73aab9354f19ecad1dcb4?s=96&d=mm&r=g","contentUrl":"https:\/\/secure.gravatar.com\/avatar\/60734739c50fcebfbac509e2a826ccd0ff405c019bc73aab9354f19ecad1dcb4?s=96&d=mm&r=g","caption":"Let\u00edcia Gerheim"}}]}},"_links":{"self":[{"href":"https:\/\/www.gaveanews.com\/index.php\/wp-json\/wp\/v2\/posts\/95709","targetHints":{"allow":["GET"]}}],"collection":[{"href":"https:\/\/www.gaveanews.com\/index.php\/wp-json\/wp\/v2\/posts"}],"about":[{"href":"https:\/\/www.gaveanews.com\/index.php\/wp-json\/wp\/v2\/types\/post"}],"author":[{"embeddable":true,"href":"https:\/\/www.gaveanews.com\/index.php\/wp-json\/wp\/v2\/users\/4"}],"replies":[{"embeddable":true,"href":"https:\/\/www.gaveanews.com\/index.php\/wp-json\/wp\/v2\/comments?post=95709"}],"version-history":[{"count":0,"href":"https:\/\/www.gaveanews.com\/index.php\/wp-json\/wp\/v2\/posts\/95709\/revisions"}],"wp:featuredmedia":[{"embeddable":true,"href":"https:\/\/www.gaveanews.com\/index.php\/wp-json\/wp\/v2\/media\/93584"}],"wp:attachment":[{"href":"https:\/\/www.gaveanews.com\/index.php\/wp-json\/wp\/v2\/media?parent=95709"}],"wp:term":[{"taxonomy":"category","embeddable":true,"href":"https:\/\/www.gaveanews.com\/index.php\/wp-json\/wp\/v2\/categories?post=95709"},{"taxonomy":"post_tag","embeddable":true,"href":"https:\/\/www.gaveanews.com\/index.php\/wp-json\/wp\/v2\/tags?post=95709"}],"curies":[{"name":"wp","href":"https:\/\/api.w.org\/{rel}","templated":true}]}}