{"id":95733,"date":"2023-03-21T06:52:58","date_gmt":"2023-03-21T09:52:58","guid":{"rendered":"https:\/\/www.gaveanews.com\/?p=95733"},"modified":"2023-03-21T06:54:51","modified_gmt":"2023-03-21T09:54:51","slug":"vitor-pereira-indica-e-flamengo-tentara-contratar-jogador-portugues","status":"publish","type":"post","link":"https:\/\/www.gaveanews.com\/index.php\/2023\/03\/21\/vitor-pereira-indica-e-flamengo-tentara-contratar-jogador-portugues\/","title":{"rendered":"V\u00edtor Pereira indica e Flamengo tentar\u00e1 contratar jogador portugu\u00eas"},"content":{"rendered":"\n<p>O Flamengo tem tr\u00eas jogadores para a lateral-direita no elenco, mas segue no mercado em busca de um nome que chegue com status de incontest\u00e1vel para resolver o problema cr\u00f4nico do setor que vem assombrando a comiss\u00e3o t\u00e9cnica.<\/p>\n\n\n\n<p>O\u00a0site Torcedores apurou que a diretoria rubro-negra buscou informa\u00e7\u00f5es sobre o lateral-direito Wilson Manaf\u00e1, do Porto, e avalia uma investida no jogador de 28 anos. Ele teve o nome indicado pelo t\u00e9cnico V\u00edtor Pereira.<\/p>\n\n\n\n<p>Por ora n\u00e3o proposta. O Flamengo abriu conversas com representantes de Wilson Manaf\u00e1, mas n\u00e3o apresentou oferta oficial. O portugu\u00eas tem contrato at\u00e9 o dia 30 de julho e ficar\u00e1 livre para defender outro clube no meio do ano.<\/p>\n\n\n\n<figure class=\"wp-block-image size-large\"><img decoding=\"async\" src=\"https:\/\/static-wp-tor15-prd.torcedores.com\/wp-content\/uploads\/2023\/03\/flamengo-porto-portugal-lateral-direito-wilson-manafa-contrato-tecnico-vitor-pereira.webp\" alt=\"\"\/><figcaption class=\"wp-element-caption\">Wilson Manaf\u00e1<\/figcaption><\/figure>\n\n\n\n<p>O presidente do Porto, Jorge Nuno Pinto da Costa, n\u00e3o descarta a sa\u00edda de Wilson Manaf\u00e1 no fim da temporada. Isso porque, as negocia\u00e7\u00f5es com o jogador est\u00e3o emperradas por quest\u00f5es econ\u00f4micas. Diante disso, ele perdeu a condi\u00e7\u00e3o de titular para Rodrigo Concei\u00e7\u00e3o.<\/p>\n\n\n\n<p>Ainda segundo apurou a reportagem, o Flamengo busca refor\u00e7os para v\u00e1rias posi\u00e7\u00f5es, e a lateral-direita \u00e9 considerada a mais carente do elenco, que perdeu Matheuzinho e Wesley por les\u00e3o. Al\u00e9m disso, Guillermo Varella ainda n\u00e3o emplacou com a camisa rubro-negra.<\/p>\n\n\n\n<p>No Porto desde 2018, Wilson Manaf\u00e1 foi titular indiscut\u00edvel do clube por quatro temporadas, quando chegou a ser eleito o melhor lateral-direito em atividade no futebol portugu\u00eas. Neste ano, por exemplo, n\u00e3o vive bom momento com a camisa dos Drag\u00f5es.<\/p>\n\n\n\n<p>Isso porque, o portugu\u00eas foi \u201crebaixado\u201d para o time B do Porto. A informa\u00e7\u00e3o passada pela imprensa \u00e9 de que o jogador n\u00e3o atravessa um bom momento. Mas, a hist\u00f3ria que corre nos bastidores \u00e9 de que o atleta foi afastado por n\u00e3o querer renovar seu contrato com o clube;<\/p>\n\n\n\n<h2 class=\"wp-block-heading\" id=\"h-vitor-pereira-vive-drama-no-flamengo\">V\u00edtor Pereira vive drama no Flamengo<\/h2>\n\n\n\n<p>O t\u00e9cnico V\u00edtor Pereira vive um drama pela falta de regularidade dos jogadores que tem \u00e0 disposi\u00e7\u00e3o no elenco para a fun\u00e7\u00e3o. O clube n\u00e3o buscou uma pe\u00e7a para repor a lacuna deixada por Rodinei que se transferiu para o Olympiacos, da Gr\u00e9cia.<\/p>\n\n\n\n<p>O Flamengo tem interesse no equatoriano \u00c1ngelo Preciado, do Genk, da B\u00e9lgica. O defensor tamb\u00e9m tem contrato v\u00e1lido at\u00e9 30 de julho. Ele deseja retornar ao futebol sul-americano para vestir a camisa rubro-negra. Mas, as partes ainda n\u00e3o chegaram a um acordo.<\/p>\n\n\n\n<p>Retirado de: Torcedores<\/p>\n","protected":false},"excerpt":{"rendered":"<p>O Flamengo tem tr\u00eas jogadores para a lateral-direita no elenco, mas segue no mercado em busca de um nome que chegue com status de incontest\u00e1vel para resolver o problema cr\u00f4nico do setor que vem assombrando a comiss\u00e3o t\u00e9cnica. O\u00a0site Torcedores apurou que a diretoria rubro-negra buscou informa\u00e7\u00f5es sobre o lateral-direito Wilson Manaf\u00e1, do Porto, e [&hellip;]<\/p>\n","protected":false},"author":1,"featured_media":94483,"comment_status":"open","ping_status":"closed","sticky":false,"template":"","format":"standard","meta":{"footnotes":""},"categories":[48],"tags":[],"class_list":["post-95733","post","type-post","status-publish","format-standard","has-post-thumbnail","hentry","category-negociacoes"],"yoast_head":"<!-- This site is optimized with the Yoast SEO Premium plugin v24.2 (Yoast SEO v26.9) - https:\/\/yoast.com\/product\/yoast-seo-premium-wordpress\/ -->\n<title>V\u00edtor Pereira indica e Flamengo tentar\u00e1 contratar jogador portugu\u00eas<\/title>\n<meta name=\"robots\" content=\"index, follow, max-snippet:-1, max-image-preview:large, max-video-preview:-1\" \/>\n<link rel=\"canonical\" href=\"https:\/\/www.gaveanews.com\/index.php\/2023\/03\/21\/vitor-pereira-indica-e-flamengo-tentara-contratar-jogador-portugues\/\" \/>\n<meta property=\"og:locale\" content=\"pt_BR\" \/>\n<meta property=\"og:type\" content=\"article\" \/>\n<meta property=\"og:title\" content=\"V\u00edtor Pereira indica e Flamengo tentar\u00e1 contratar jogador portugu\u00eas\" \/>\n<meta property=\"og:description\" content=\"O Flamengo tem tr\u00eas jogadores para a lateral-direita no elenco, mas segue no mercado em busca de um nome que chegue com status de incontest\u00e1vel para resolver o problema cr\u00f4nico do setor que vem assombrando a comiss\u00e3o t\u00e9cnica. O\u00a0site Torcedores apurou que a diretoria rubro-negra buscou informa\u00e7\u00f5es sobre o lateral-direito Wilson Manaf\u00e1, do Porto, e [&hellip;]\" \/>\n<meta property=\"og:url\" content=\"https:\/\/www.gaveanews.com\/index.php\/2023\/03\/21\/vitor-pereira-indica-e-flamengo-tentara-contratar-jogador-portugues\/\" \/>\n<meta property=\"og:site_name\" content=\"G\u00e1vea News\" \/>\n<meta property=\"article:publisher\" content=\"https:\/\/facebook.com\/gaveaNews\/\" \/>\n<meta property=\"article:published_time\" content=\"2023-03-21T09:52:58+00:00\" \/>\n<meta property=\"article:modified_time\" content=\"2023-03-21T09:54:51+00:00\" \/>\n<meta property=\"og:image\" content=\"https:\/\/www.gaveanews.com\/wp-content\/uploads\/vitor-pereira-flamengo.webp\" \/>\n\t<meta property=\"og:image:width\" content=\"696\" \/>\n\t<meta property=\"og:image:height\" content=\"463\" \/>\n\t<meta property=\"og:image:type\" content=\"image\/webp\" \/>\n<meta name=\"author\" content=\"Equipe G\u00e1vea News\" \/>\n<meta name=\"twitter:card\" content=\"summary_large_image\" \/>\n<meta name=\"twitter:label1\" content=\"Escrito por\" \/>\n\t<meta name=\"twitter:data1\" content=\"Equipe G\u00e1vea News\" \/>\n\t<meta name=\"twitter:label2\" content=\"Est. tempo de leitura\" \/>\n\t<meta name=\"twitter:data2\" content=\"3 minutos\" \/>\n<script type=\"application\/ld+json\" class=\"yoast-schema-graph\">{\"@context\":\"https:\/\/schema.org\",\"@graph\":[{\"@type\":\"NewsArticle\",\"@id\":\"https:\/\/www.gaveanews.com\/index.php\/2023\/03\/21\/vitor-pereira-indica-e-flamengo-tentara-contratar-jogador-portugues\/#article\",\"isPartOf\":{\"@id\":\"https:\/\/www.gaveanews.com\/index.php\/2023\/03\/21\/vitor-pereira-indica-e-flamengo-tentara-contratar-jogador-portugues\/\"},\"author\":{\"name\":\"Equipe G\u00e1vea News\",\"@id\":\"https:\/\/www.gaveanews.com\/#\/schema\/person\/2ec14f73fb96be2caf28f91afb14749d\"},\"headline\":\"V\u00edtor Pereira indica e Flamengo tentar\u00e1 contratar jogador portugu\u00eas\",\"datePublished\":\"2023-03-21T09:52:58+00:00\",\"dateModified\":\"2023-03-21T09:54:51+00:00\",\"mainEntityOfPage\":{\"@id\":\"https:\/\/www.gaveanews.com\/index.php\/2023\/03\/21\/vitor-pereira-indica-e-flamengo-tentara-contratar-jogador-portugues\/\"},\"wordCount\":430,\"commentCount\":0,\"image\":{\"@id\":\"https:\/\/www.gaveanews.com\/index.php\/2023\/03\/21\/vitor-pereira-indica-e-flamengo-tentara-contratar-jogador-portugues\/#primaryimage\"},\"thumbnailUrl\":\"https:\/\/www.gaveanews.com\/wp-content\/uploads\/vitor-pereira-flamengo.webp\",\"articleSection\":[\"Negocia\u00e7\u00f5es\"],\"inLanguage\":\"pt-BR\",\"potentialAction\":[{\"@type\":\"CommentAction\",\"name\":\"Comment\",\"target\":[\"https:\/\/www.gaveanews.com\/index.php\/2023\/03\/21\/vitor-pereira-indica-e-flamengo-tentara-contratar-jogador-portugues\/#respond\"]}],\"copyrightYear\":\"2023\",\"copyrightHolder\":{\"@id\":\"https:\/\/www.gaveanews.com\/#organization\"}},{\"@type\":\"WebPage\",\"@id\":\"https:\/\/www.gaveanews.com\/index.php\/2023\/03\/21\/vitor-pereira-indica-e-flamengo-tentara-contratar-jogador-portugues\/\",\"url\":\"https:\/\/www.gaveanews.com\/index.php\/2023\/03\/21\/vitor-pereira-indica-e-flamengo-tentara-contratar-jogador-portugues\/\",\"name\":\"V\u00edtor Pereira indica e Flamengo tentar\u00e1 contratar jogador portugu\u00eas\",\"isPartOf\":{\"@id\":\"https:\/\/www.gaveanews.com\/#website\"},\"primaryImageOfPage\":{\"@id\":\"https:\/\/www.gaveanews.com\/index.php\/2023\/03\/21\/vitor-pereira-indica-e-flamengo-tentara-contratar-jogador-portugues\/#primaryimage\"},\"image\":{\"@id\":\"https:\/\/www.gaveanews.com\/index.php\/2023\/03\/21\/vitor-pereira-indica-e-flamengo-tentara-contratar-jogador-portugues\/#primaryimage\"},\"thumbnailUrl\":\"https:\/\/www.gaveanews.com\/wp-content\/uploads\/vitor-pereira-flamengo.webp\",\"datePublished\":\"2023-03-21T09:52:58+00:00\",\"dateModified\":\"2023-03-21T09:54:51+00:00\",\"author\":{\"@id\":\"https:\/\/www.gaveanews.com\/#\/schema\/person\/2ec14f73fb96be2caf28f91afb14749d\"},\"breadcrumb\":{\"@id\":\"https:\/\/www.gaveanews.com\/index.php\/2023\/03\/21\/vitor-pereira-indica-e-flamengo-tentara-contratar-jogador-portugues\/#breadcrumb\"},\"inLanguage\":\"pt-BR\",\"potentialAction\":[{\"@type\":\"ReadAction\",\"target\":[\"https:\/\/www.gaveanews.com\/index.php\/2023\/03\/21\/vitor-pereira-indica-e-flamengo-tentara-contratar-jogador-portugues\/\"]}]},{\"@type\":\"ImageObject\",\"inLanguage\":\"pt-BR\",\"@id\":\"https:\/\/www.gaveanews.com\/index.php\/2023\/03\/21\/vitor-pereira-indica-e-flamengo-tentara-contratar-jogador-portugues\/#primaryimage\",\"url\":\"https:\/\/www.gaveanews.com\/wp-content\/uploads\/vitor-pereira-flamengo.webp\",\"contentUrl\":\"https:\/\/www.gaveanews.com\/wp-content\/uploads\/vitor-pereira-flamengo.webp\",\"width\":696,\"height\":463,\"caption\":\"V\u00edtor Pereira comanda o Flamengo em treinamento (Foto: Marcelo Cortes\/Flamengo)\"},{\"@type\":\"BreadcrumbList\",\"@id\":\"https:\/\/www.gaveanews.com\/index.php\/2023\/03\/21\/vitor-pereira-indica-e-flamengo-tentara-contratar-jogador-portugues\/#breadcrumb\",\"itemListElement\":[{\"@type\":\"ListItem\",\"position\":1,\"name\":\"Home\",\"item\":\"https:\/\/www.gaveanews.com\/\"},{\"@type\":\"ListItem\",\"position\":2,\"name\":\"V\u00edtor Pereira indica e Flamengo tentar\u00e1 contratar jogador portugu\u00eas\"}]},{\"@type\":\"WebSite\",\"@id\":\"https:\/\/www.gaveanews.com\/#website\",\"url\":\"https:\/\/www.gaveanews.com\/\",\"name\":\"G\u00e1vea News\",\"description\":\"Veja todas as not\u00edcias sobre o Flamengo: Contrata\u00e7\u00f5es, categorias de base, resultados das partidas, tabela de classifica\u00e7\u00e3o, pr\u00f3ximos jogos!\",\"potentialAction\":[{\"@type\":\"SearchAction\",\"target\":{\"@type\":\"EntryPoint\",\"urlTemplate\":\"https:\/\/www.gaveanews.com\/?s={search_term_string}\"},\"query-input\":{\"@type\":\"PropertyValueSpecification\",\"valueRequired\":true,\"valueName\":\"search_term_string\"}}],\"inLanguage\":\"pt-BR\"},{\"@type\":\"Person\",\"@id\":\"https:\/\/www.gaveanews.com\/#\/schema\/person\/2ec14f73fb96be2caf28f91afb14749d\",\"name\":\"Equipe G\u00e1vea News\",\"image\":{\"@type\":\"ImageObject\",\"inLanguage\":\"pt-BR\",\"@id\":\"https:\/\/www.gaveanews.com\/#\/schema\/person\/image\/\",\"url\":\"https:\/\/secure.gravatar.com\/avatar\/1e1956f1facbffd3f8fa53a326721950116b3b9dc9bd44939c01180fd4a745a9?s=96&d=mm&r=g\",\"contentUrl\":\"https:\/\/secure.gravatar.com\/avatar\/1e1956f1facbffd3f8fa53a326721950116b3b9dc9bd44939c01180fd4a745a9?s=96&d=mm&r=g\",\"caption\":\"Equipe G\u00e1vea News\"}}]}<\/script>\n<!-- \/ Yoast SEO Premium plugin. -->","yoast_head_json":{"title":"V\u00edtor Pereira indica e Flamengo tentar\u00e1 contratar jogador portugu\u00eas","robots":{"index":"index","follow":"follow","max-snippet":"max-snippet:-1","max-image-preview":"max-image-preview:large","max-video-preview":"max-video-preview:-1"},"canonical":"https:\/\/www.gaveanews.com\/index.php\/2023\/03\/21\/vitor-pereira-indica-e-flamengo-tentara-contratar-jogador-portugues\/","og_locale":"pt_BR","og_type":"article","og_title":"V\u00edtor Pereira indica e Flamengo tentar\u00e1 contratar jogador portugu\u00eas","og_description":"O Flamengo tem tr\u00eas jogadores para a lateral-direita no elenco, mas segue no mercado em busca de um nome que chegue com status de incontest\u00e1vel para resolver o problema cr\u00f4nico do setor que vem assombrando a comiss\u00e3o t\u00e9cnica. O\u00a0site Torcedores apurou que a diretoria rubro-negra buscou informa\u00e7\u00f5es sobre o lateral-direito Wilson Manaf\u00e1, do Porto, e [&hellip;]","og_url":"https:\/\/www.gaveanews.com\/index.php\/2023\/03\/21\/vitor-pereira-indica-e-flamengo-tentara-contratar-jogador-portugues\/","og_site_name":"G\u00e1vea News","article_publisher":"https:\/\/facebook.com\/gaveaNews\/","article_published_time":"2023-03-21T09:52:58+00:00","article_modified_time":"2023-03-21T09:54:51+00:00","og_image":[{"width":696,"height":463,"url":"https:\/\/www.gaveanews.com\/wp-content\/uploads\/vitor-pereira-flamengo.webp","type":"image\/webp"}],"author":"Equipe G\u00e1vea News","twitter_card":"summary_large_image","twitter_misc":{"Escrito por":"Equipe G\u00e1vea News","Est. tempo de leitura":"3 minutos"},"schema":{"@context":"https:\/\/schema.org","@graph":[{"@type":"NewsArticle","@id":"https:\/\/www.gaveanews.com\/index.php\/2023\/03\/21\/vitor-pereira-indica-e-flamengo-tentara-contratar-jogador-portugues\/#article","isPartOf":{"@id":"https:\/\/www.gaveanews.com\/index.php\/2023\/03\/21\/vitor-pereira-indica-e-flamengo-tentara-contratar-jogador-portugues\/"},"author":{"name":"Equipe G\u00e1vea News","@id":"https:\/\/www.gaveanews.com\/#\/schema\/person\/2ec14f73fb96be2caf28f91afb14749d"},"headline":"V\u00edtor Pereira indica e Flamengo tentar\u00e1 contratar jogador portugu\u00eas","datePublished":"2023-03-21T09:52:58+00:00","dateModified":"2023-03-21T09:54:51+00:00","mainEntityOfPage":{"@id":"https:\/\/www.gaveanews.com\/index.php\/2023\/03\/21\/vitor-pereira-indica-e-flamengo-tentara-contratar-jogador-portugues\/"},"wordCount":430,"commentCount":0,"image":{"@id":"https:\/\/www.gaveanews.com\/index.php\/2023\/03\/21\/vitor-pereira-indica-e-flamengo-tentara-contratar-jogador-portugues\/#primaryimage"},"thumbnailUrl":"https:\/\/www.gaveanews.com\/wp-content\/uploads\/vitor-pereira-flamengo.webp","articleSection":["Negocia\u00e7\u00f5es"],"inLanguage":"pt-BR","potentialAction":[{"@type":"CommentAction","name":"Comment","target":["https:\/\/www.gaveanews.com\/index.php\/2023\/03\/21\/vitor-pereira-indica-e-flamengo-tentara-contratar-jogador-portugues\/#respond"]}],"copyrightYear":"2023","copyrightHolder":{"@id":"https:\/\/www.gaveanews.com\/#organization"}},{"@type":"WebPage","@id":"https:\/\/www.gaveanews.com\/index.php\/2023\/03\/21\/vitor-pereira-indica-e-flamengo-tentara-contratar-jogador-portugues\/","url":"https:\/\/www.gaveanews.com\/index.php\/2023\/03\/21\/vitor-pereira-indica-e-flamengo-tentara-contratar-jogador-portugues\/","name":"V\u00edtor Pereira indica e Flamengo tentar\u00e1 contratar jogador portugu\u00eas","isPartOf":{"@id":"https:\/\/www.gaveanews.com\/#website"},"primaryImageOfPage":{"@id":"https:\/\/www.gaveanews.com\/index.php\/2023\/03\/21\/vitor-pereira-indica-e-flamengo-tentara-contratar-jogador-portugues\/#primaryimage"},"image":{"@id":"https:\/\/www.gaveanews.com\/index.php\/2023\/03\/21\/vitor-pereira-indica-e-flamengo-tentara-contratar-jogador-portugues\/#primaryimage"},"thumbnailUrl":"https:\/\/www.gaveanews.com\/wp-content\/uploads\/vitor-pereira-flamengo.webp","datePublished":"2023-03-21T09:52:58+00:00","dateModified":"2023-03-21T09:54:51+00:00","author":{"@id":"https:\/\/www.gaveanews.com\/#\/schema\/person\/2ec14f73fb96be2caf28f91afb14749d"},"breadcrumb":{"@id":"https:\/\/www.gaveanews.com\/index.php\/2023\/03\/21\/vitor-pereira-indica-e-flamengo-tentara-contratar-jogador-portugues\/#breadcrumb"},"inLanguage":"pt-BR","potentialAction":[{"@type":"ReadAction","target":["https:\/\/www.gaveanews.com\/index.php\/2023\/03\/21\/vitor-pereira-indica-e-flamengo-tentara-contratar-jogador-portugues\/"]}]},{"@type":"ImageObject","inLanguage":"pt-BR","@id":"https:\/\/www.gaveanews.com\/index.php\/2023\/03\/21\/vitor-pereira-indica-e-flamengo-tentara-contratar-jogador-portugues\/#primaryimage","url":"https:\/\/www.gaveanews.com\/wp-content\/uploads\/vitor-pereira-flamengo.webp","contentUrl":"https:\/\/www.gaveanews.com\/wp-content\/uploads\/vitor-pereira-flamengo.webp","width":696,"height":463,"caption":"V\u00edtor Pereira comanda o Flamengo em treinamento (Foto: Marcelo Cortes\/Flamengo)"},{"@type":"BreadcrumbList","@id":"https:\/\/www.gaveanews.com\/index.php\/2023\/03\/21\/vitor-pereira-indica-e-flamengo-tentara-contratar-jogador-portugues\/#breadcrumb","itemListElement":[{"@type":"ListItem","position":1,"name":"Home","item":"https:\/\/www.gaveanews.com\/"},{"@type":"ListItem","position":2,"name":"V\u00edtor Pereira indica e Flamengo tentar\u00e1 contratar jogador portugu\u00eas"}]},{"@type":"WebSite","@id":"https:\/\/www.gaveanews.com\/#website","url":"https:\/\/www.gaveanews.com\/","name":"G\u00e1vea News","description":"Veja todas as not\u00edcias sobre o Flamengo: Contrata\u00e7\u00f5es, categorias de base, resultados das partidas, tabela de classifica\u00e7\u00e3o, pr\u00f3ximos jogos!","potentialAction":[{"@type":"SearchAction","target":{"@type":"EntryPoint","urlTemplate":"https:\/\/www.gaveanews.com\/?s={search_term_string}"},"query-input":{"@type":"PropertyValueSpecification","valueRequired":true,"valueName":"search_term_string"}}],"inLanguage":"pt-BR"},{"@type":"Person","@id":"https:\/\/www.gaveanews.com\/#\/schema\/person\/2ec14f73fb96be2caf28f91afb14749d","name":"Equipe G\u00e1vea News","image":{"@type":"ImageObject","inLanguage":"pt-BR","@id":"https:\/\/www.gaveanews.com\/#\/schema\/person\/image\/","url":"https:\/\/secure.gravatar.com\/avatar\/1e1956f1facbffd3f8fa53a326721950116b3b9dc9bd44939c01180fd4a745a9?s=96&d=mm&r=g","contentUrl":"https:\/\/secure.gravatar.com\/avatar\/1e1956f1facbffd3f8fa53a326721950116b3b9dc9bd44939c01180fd4a745a9?s=96&d=mm&r=g","caption":"Equipe G\u00e1vea News"}}]}},"_links":{"self":[{"href":"https:\/\/www.gaveanews.com\/index.php\/wp-json\/wp\/v2\/posts\/95733","targetHints":{"allow":["GET"]}}],"collection":[{"href":"https:\/\/www.gaveanews.com\/index.php\/wp-json\/wp\/v2\/posts"}],"about":[{"href":"https:\/\/www.gaveanews.com\/index.php\/wp-json\/wp\/v2\/types\/post"}],"author":[{"embeddable":true,"href":"https:\/\/www.gaveanews.com\/index.php\/wp-json\/wp\/v2\/users\/1"}],"replies":[{"embeddable":true,"href":"https:\/\/www.gaveanews.com\/index.php\/wp-json\/wp\/v2\/comments?post=95733"}],"version-history":[{"count":0,"href":"https:\/\/www.gaveanews.com\/index.php\/wp-json\/wp\/v2\/posts\/95733\/revisions"}],"wp:featuredmedia":[{"embeddable":true,"href":"https:\/\/www.gaveanews.com\/index.php\/wp-json\/wp\/v2\/media\/94483"}],"wp:attachment":[{"href":"https:\/\/www.gaveanews.com\/index.php\/wp-json\/wp\/v2\/media?parent=95733"}],"wp:term":[{"taxonomy":"category","embeddable":true,"href":"https:\/\/www.gaveanews.com\/index.php\/wp-json\/wp\/v2\/categories?post=95733"},{"taxonomy":"post_tag","embeddable":true,"href":"https:\/\/www.gaveanews.com\/index.php\/wp-json\/wp\/v2\/tags?post=95733"}],"curies":[{"name":"wp","href":"https:\/\/api.w.org\/{rel}","templated":true}]}}