{"id":95736,"date":"2023-03-21T07:01:04","date_gmt":"2023-03-21T10:01:04","guid":{"rendered":"https:\/\/www.gaveanews.com\/?p=95736"},"modified":"2023-03-21T07:53:48","modified_gmt":"2023-03-21T10:53:48","slug":"ele-arruinou-o-sonho-do-flamengo-mas-se-recuperou-na-europa-e-agora-pode-ser-vendido-por-milhoes","status":"publish","type":"post","link":"https:\/\/www.gaveanews.com\/index.php\/2023\/03\/21\/ele-arruinou-o-sonho-do-flamengo-mas-se-recuperou-na-europa-e-agora-pode-ser-vendido-por-milhoes\/","title":{"rendered":"Ele arruinou o sonho do Flamengo, mas se recuperou na Europa e agora pode ser vendido por milh\u00f5es"},"content":{"rendered":"\n<p>Em junho do ano passado, Andreas Pereira deixava o Flamengo com uma d\u00edvida eterna. Fez 53 partidas e marcou oito gols com o manto rubro-negro, por\u00e9m o erro na final da Copa Libertadores da Am\u00e9rica de 2021 diante do Palmeiras, que ocasionou o gol de Deyverson, ficou marcado para a maioria dos torcedores. O lance gerou uma s\u00e9rie de cr\u00edticas que minaram qualquer chance de compra junto ao Manchester United, que detinha os seus direitos econ\u00f4micos naquela \u00e9poca.<\/p>\n\n\n\n<p>No fim, o meio-campista acabou negociado com o Fulham, tamb\u00e9m da Premier League, onde est\u00e1 se destacando. Segundo informa\u00e7\u00f5es, o jogador ex-Flamengo est\u00e1 na mira de tr\u00eas gigantes da Europa: Chelsea, Paris Saint-Germain e Atl\u00e9tico de Madrid. O \u00faltimo deles a indicar poss\u00edvel investida foi o clube de Londres, especialmente para substituir Mason Mount. A not\u00edcia obviamente fez a torcida rubro-negra ficar antenada nas redes sociais nesta segunda-feira (20). As cifras da negocia\u00e7\u00e3o por Andreas ir\u00e3o se aproximar do valor de 100 milh\u00f5es de reais.<\/p>\n\n\n\n<p>Liverpool, Manchester United e Manchester City est\u00e3o de olho em Mount, enquanto o Chelsea est\u00e1 considerando Andreas Pereira para o lugar ap\u00f3s o meia desempenhar uma temporada impressionante no Fulham. &#8220;As atua\u00e7\u00f5es do brasileiro logo em sua primeira temporada ap\u00f3s deixar de vez os &#8220;Diabos Vermelhos&#8221; atra\u00edram a aten\u00e7\u00e3o de Paris Saint-Germain e Atl\u00e9tico de Madrid, ficaram boquiabertos&#8221; &#8211; disse o jornalista Rob Dawson, da ESPN brit\u00e2nica.<\/p>\n\n\n\n<h2 class=\"wp-block-heading\" id=\"h-pitico-em-paris\">Pitico em Paris?<\/h2>\n\n\n\n<p>Andreas \u00e9 visto pelo PSG de Neymar, Messi e Mbapp\u00e9 como uma contrata\u00e7\u00e3o mais econ\u00f4mica enquanto o clube lida com quest\u00f5es importantes sobre fair play financeiro. &#8220;Andreas est\u00e1 feliz no Fulham, mas acharia dif\u00edcil recusar a oportunidade de se juntar a um dos principais clubes da Europa&#8221; &#8211; finalizou Dawson. Mesmo saindo antes do fim da Copa do Brasil e da Libertadores do ano passado, Andreas Pereira tamb\u00e9m \u00e9 considerado campe\u00e3o, sendo que marcou o gol da vit\u00f3ria sobre o Tolima por 1 a 0, na Col\u00f4mbia.<\/p>\n\n\n\n<p>Retirado de: O Futebolero<\/p>\n","protected":false},"excerpt":{"rendered":"<p>Em junho do ano passado, Andreas Pereira deixava o Flamengo com uma d\u00edvida eterna. Fez 53 partidas e marcou oito gols com o manto rubro-negro, por\u00e9m o erro na final da Copa Libertadores da Am\u00e9rica de 2021 diante do Palmeiras, que ocasionou o gol de Deyverson, ficou marcado para a maioria dos torcedores. O lance [&hellip;]<\/p>\n","protected":false},"author":1,"featured_media":66297,"comment_status":"open","ping_status":"closed","sticky":false,"template":"","format":"standard","meta":{"footnotes":""},"categories":[48],"tags":[],"class_list":["post-95736","post","type-post","status-publish","format-standard","has-post-thumbnail","hentry","category-negociacoes"],"yoast_head":"<!-- This site is optimized with the Yoast SEO Premium plugin v24.2 (Yoast SEO v26.9) - https:\/\/yoast.com\/product\/yoast-seo-premium-wordpress\/ -->\n<title>Ele arruinou o sonho do Flamengo, mas se recuperou na Europa e agora pode ser vendido por milh\u00f5es<\/title>\n<meta name=\"description\" content=\"O jogador \u00e9 visto pelo PSG como uma contrata\u00e7\u00e3o mais econ\u00f4mica enquanto o clube lida com quest\u00f5es importantes sobre fair play financeiro.\" \/>\n<meta name=\"robots\" content=\"index, follow, max-snippet:-1, max-image-preview:large, max-video-preview:-1\" \/>\n<link rel=\"canonical\" href=\"https:\/\/www.gaveanews.com\/index.php\/2023\/03\/21\/ele-arruinou-o-sonho-do-flamengo-mas-se-recuperou-na-europa-e-agora-pode-ser-vendido-por-milhoes\/\" \/>\n<meta property=\"og:locale\" content=\"pt_BR\" \/>\n<meta property=\"og:type\" content=\"article\" \/>\n<meta property=\"og:title\" content=\"Ele arruinou o sonho do Flamengo, mas se recuperou na Europa e agora pode ser vendido por milh\u00f5es\" \/>\n<meta property=\"og:description\" content=\"O jogador \u00e9 visto pelo PSG como uma contrata\u00e7\u00e3o mais econ\u00f4mica enquanto o clube lida com quest\u00f5es importantes sobre fair play financeiro.\" \/>\n<meta property=\"og:url\" content=\"https:\/\/www.gaveanews.com\/index.php\/2023\/03\/21\/ele-arruinou-o-sonho-do-flamengo-mas-se-recuperou-na-europa-e-agora-pode-ser-vendido-por-milhoes\/\" \/>\n<meta property=\"og:site_name\" content=\"G\u00e1vea News\" \/>\n<meta property=\"article:publisher\" content=\"https:\/\/facebook.com\/gaveaNews\/\" \/>\n<meta property=\"article:published_time\" content=\"2023-03-21T10:01:04+00:00\" \/>\n<meta property=\"article:modified_time\" content=\"2023-03-21T10:53:48+00:00\" \/>\n<meta property=\"og:image\" content=\"https:\/\/www.gaveanews.com\/wp-content\/uploads\/Andreas-Perereia-em-acao-pelo-Brasil.webp\" \/>\n\t<meta property=\"og:image:width\" content=\"2400\" \/>\n\t<meta property=\"og:image:height\" content=\"1600\" \/>\n\t<meta property=\"og:image:type\" content=\"image\/webp\" \/>\n<meta name=\"author\" content=\"Equipe G\u00e1vea News\" \/>\n<meta name=\"twitter:card\" content=\"summary_large_image\" \/>\n<meta name=\"twitter:label1\" content=\"Escrito por\" \/>\n\t<meta name=\"twitter:data1\" content=\"Equipe G\u00e1vea News\" \/>\n\t<meta name=\"twitter:label2\" content=\"Est. tempo de leitura\" \/>\n\t<meta name=\"twitter:data2\" content=\"2 minutos\" \/>\n<script type=\"application\/ld+json\" class=\"yoast-schema-graph\">{\"@context\":\"https:\/\/schema.org\",\"@graph\":[{\"@type\":\"NewsArticle\",\"@id\":\"https:\/\/www.gaveanews.com\/index.php\/2023\/03\/21\/ele-arruinou-o-sonho-do-flamengo-mas-se-recuperou-na-europa-e-agora-pode-ser-vendido-por-milhoes\/#article\",\"isPartOf\":{\"@id\":\"https:\/\/www.gaveanews.com\/index.php\/2023\/03\/21\/ele-arruinou-o-sonho-do-flamengo-mas-se-recuperou-na-europa-e-agora-pode-ser-vendido-por-milhoes\/\"},\"author\":{\"name\":\"Equipe G\u00e1vea News\",\"@id\":\"https:\/\/www.gaveanews.com\/#\/schema\/person\/2ec14f73fb96be2caf28f91afb14749d\"},\"headline\":\"Ele arruinou o sonho do Flamengo, mas se recuperou na Europa e agora pode ser vendido por milh\u00f5es\",\"datePublished\":\"2023-03-21T10:01:04+00:00\",\"dateModified\":\"2023-03-21T10:53:48+00:00\",\"mainEntityOfPage\":{\"@id\":\"https:\/\/www.gaveanews.com\/index.php\/2023\/03\/21\/ele-arruinou-o-sonho-do-flamengo-mas-se-recuperou-na-europa-e-agora-pode-ser-vendido-por-milhoes\/\"},\"wordCount\":366,\"commentCount\":0,\"image\":{\"@id\":\"https:\/\/www.gaveanews.com\/index.php\/2023\/03\/21\/ele-arruinou-o-sonho-do-flamengo-mas-se-recuperou-na-europa-e-agora-pode-ser-vendido-por-milhoes\/#primaryimage\"},\"thumbnailUrl\":\"https:\/\/www.gaveanews.com\/wp-content\/uploads\/Andreas-Perereia-em-acao-pelo-Brasil.webp\",\"articleSection\":[\"Negocia\u00e7\u00f5es\"],\"inLanguage\":\"pt-BR\",\"potentialAction\":[{\"@type\":\"CommentAction\",\"name\":\"Comment\",\"target\":[\"https:\/\/www.gaveanews.com\/index.php\/2023\/03\/21\/ele-arruinou-o-sonho-do-flamengo-mas-se-recuperou-na-europa-e-agora-pode-ser-vendido-por-milhoes\/#respond\"]}],\"copyrightYear\":\"2023\",\"copyrightHolder\":{\"@id\":\"https:\/\/www.gaveanews.com\/#organization\"}},{\"@type\":\"WebPage\",\"@id\":\"https:\/\/www.gaveanews.com\/index.php\/2023\/03\/21\/ele-arruinou-o-sonho-do-flamengo-mas-se-recuperou-na-europa-e-agora-pode-ser-vendido-por-milhoes\/\",\"url\":\"https:\/\/www.gaveanews.com\/index.php\/2023\/03\/21\/ele-arruinou-o-sonho-do-flamengo-mas-se-recuperou-na-europa-e-agora-pode-ser-vendido-por-milhoes\/\",\"name\":\"Ele arruinou o sonho do Flamengo, mas se recuperou na Europa e agora pode ser vendido por milh\u00f5es\",\"isPartOf\":{\"@id\":\"https:\/\/www.gaveanews.com\/#website\"},\"primaryImageOfPage\":{\"@id\":\"https:\/\/www.gaveanews.com\/index.php\/2023\/03\/21\/ele-arruinou-o-sonho-do-flamengo-mas-se-recuperou-na-europa-e-agora-pode-ser-vendido-por-milhoes\/#primaryimage\"},\"image\":{\"@id\":\"https:\/\/www.gaveanews.com\/index.php\/2023\/03\/21\/ele-arruinou-o-sonho-do-flamengo-mas-se-recuperou-na-europa-e-agora-pode-ser-vendido-por-milhoes\/#primaryimage\"},\"thumbnailUrl\":\"https:\/\/www.gaveanews.com\/wp-content\/uploads\/Andreas-Perereia-em-acao-pelo-Brasil.webp\",\"datePublished\":\"2023-03-21T10:01:04+00:00\",\"dateModified\":\"2023-03-21T10:53:48+00:00\",\"author\":{\"@id\":\"https:\/\/www.gaveanews.com\/#\/schema\/person\/2ec14f73fb96be2caf28f91afb14749d\"},\"description\":\"O jogador \u00e9 visto pelo PSG como uma contrata\u00e7\u00e3o mais econ\u00f4mica enquanto o clube lida com quest\u00f5es importantes sobre fair play financeiro.\",\"breadcrumb\":{\"@id\":\"https:\/\/www.gaveanews.com\/index.php\/2023\/03\/21\/ele-arruinou-o-sonho-do-flamengo-mas-se-recuperou-na-europa-e-agora-pode-ser-vendido-por-milhoes\/#breadcrumb\"},\"inLanguage\":\"pt-BR\",\"potentialAction\":[{\"@type\":\"ReadAction\",\"target\":[\"https:\/\/www.gaveanews.com\/index.php\/2023\/03\/21\/ele-arruinou-o-sonho-do-flamengo-mas-se-recuperou-na-europa-e-agora-pode-ser-vendido-por-milhoes\/\"]}]},{\"@type\":\"ImageObject\",\"inLanguage\":\"pt-BR\",\"@id\":\"https:\/\/www.gaveanews.com\/index.php\/2023\/03\/21\/ele-arruinou-o-sonho-do-flamengo-mas-se-recuperou-na-europa-e-agora-pode-ser-vendido-por-milhoes\/#primaryimage\",\"url\":\"https:\/\/www.gaveanews.com\/wp-content\/uploads\/Andreas-Perereia-em-acao-pelo-Brasil.webp\",\"contentUrl\":\"https:\/\/www.gaveanews.com\/wp-content\/uploads\/Andreas-Perereia-em-acao-pelo-Brasil.webp\",\"width\":2400,\"height\":1600,\"caption\":\"Andreas Pereira em a\u00e7\u00e3o pelo Brasil\"},{\"@type\":\"BreadcrumbList\",\"@id\":\"https:\/\/www.gaveanews.com\/index.php\/2023\/03\/21\/ele-arruinou-o-sonho-do-flamengo-mas-se-recuperou-na-europa-e-agora-pode-ser-vendido-por-milhoes\/#breadcrumb\",\"itemListElement\":[{\"@type\":\"ListItem\",\"position\":1,\"name\":\"Home\",\"item\":\"https:\/\/www.gaveanews.com\/\"},{\"@type\":\"ListItem\",\"position\":2,\"name\":\"Ele arruinou o sonho do Flamengo, mas se recuperou na Europa e agora pode ser vendido por milh\u00f5es\"}]},{\"@type\":\"WebSite\",\"@id\":\"https:\/\/www.gaveanews.com\/#website\",\"url\":\"https:\/\/www.gaveanews.com\/\",\"name\":\"G\u00e1vea News\",\"description\":\"Veja todas as not\u00edcias sobre o Flamengo: Contrata\u00e7\u00f5es, categorias de base, resultados das partidas, tabela de classifica\u00e7\u00e3o, pr\u00f3ximos jogos!\",\"potentialAction\":[{\"@type\":\"SearchAction\",\"target\":{\"@type\":\"EntryPoint\",\"urlTemplate\":\"https:\/\/www.gaveanews.com\/?s={search_term_string}\"},\"query-input\":{\"@type\":\"PropertyValueSpecification\",\"valueRequired\":true,\"valueName\":\"search_term_string\"}}],\"inLanguage\":\"pt-BR\"},{\"@type\":\"Person\",\"@id\":\"https:\/\/www.gaveanews.com\/#\/schema\/person\/2ec14f73fb96be2caf28f91afb14749d\",\"name\":\"Equipe G\u00e1vea News\",\"image\":{\"@type\":\"ImageObject\",\"inLanguage\":\"pt-BR\",\"@id\":\"https:\/\/www.gaveanews.com\/#\/schema\/person\/image\/\",\"url\":\"https:\/\/secure.gravatar.com\/avatar\/1e1956f1facbffd3f8fa53a326721950116b3b9dc9bd44939c01180fd4a745a9?s=96&d=mm&r=g\",\"contentUrl\":\"https:\/\/secure.gravatar.com\/avatar\/1e1956f1facbffd3f8fa53a326721950116b3b9dc9bd44939c01180fd4a745a9?s=96&d=mm&r=g\",\"caption\":\"Equipe G\u00e1vea News\"}}]}<\/script>\n<!-- \/ Yoast SEO Premium plugin. -->","yoast_head_json":{"title":"Ele arruinou o sonho do Flamengo, mas se recuperou na Europa e agora pode ser vendido por milh\u00f5es","description":"O jogador \u00e9 visto pelo PSG como uma contrata\u00e7\u00e3o mais econ\u00f4mica enquanto o clube lida com quest\u00f5es importantes sobre fair play financeiro.","robots":{"index":"index","follow":"follow","max-snippet":"max-snippet:-1","max-image-preview":"max-image-preview:large","max-video-preview":"max-video-preview:-1"},"canonical":"https:\/\/www.gaveanews.com\/index.php\/2023\/03\/21\/ele-arruinou-o-sonho-do-flamengo-mas-se-recuperou-na-europa-e-agora-pode-ser-vendido-por-milhoes\/","og_locale":"pt_BR","og_type":"article","og_title":"Ele arruinou o sonho do Flamengo, mas se recuperou na Europa e agora pode ser vendido por milh\u00f5es","og_description":"O jogador \u00e9 visto pelo PSG como uma contrata\u00e7\u00e3o mais econ\u00f4mica enquanto o clube lida com quest\u00f5es importantes sobre fair play financeiro.","og_url":"https:\/\/www.gaveanews.com\/index.php\/2023\/03\/21\/ele-arruinou-o-sonho-do-flamengo-mas-se-recuperou-na-europa-e-agora-pode-ser-vendido-por-milhoes\/","og_site_name":"G\u00e1vea News","article_publisher":"https:\/\/facebook.com\/gaveaNews\/","article_published_time":"2023-03-21T10:01:04+00:00","article_modified_time":"2023-03-21T10:53:48+00:00","og_image":[{"width":2400,"height":1600,"url":"https:\/\/www.gaveanews.com\/wp-content\/uploads\/Andreas-Perereia-em-acao-pelo-Brasil.webp","type":"image\/webp"}],"author":"Equipe G\u00e1vea News","twitter_card":"summary_large_image","twitter_misc":{"Escrito por":"Equipe G\u00e1vea News","Est. tempo de leitura":"2 minutos"},"schema":{"@context":"https:\/\/schema.org","@graph":[{"@type":"NewsArticle","@id":"https:\/\/www.gaveanews.com\/index.php\/2023\/03\/21\/ele-arruinou-o-sonho-do-flamengo-mas-se-recuperou-na-europa-e-agora-pode-ser-vendido-por-milhoes\/#article","isPartOf":{"@id":"https:\/\/www.gaveanews.com\/index.php\/2023\/03\/21\/ele-arruinou-o-sonho-do-flamengo-mas-se-recuperou-na-europa-e-agora-pode-ser-vendido-por-milhoes\/"},"author":{"name":"Equipe G\u00e1vea News","@id":"https:\/\/www.gaveanews.com\/#\/schema\/person\/2ec14f73fb96be2caf28f91afb14749d"},"headline":"Ele arruinou o sonho do Flamengo, mas se recuperou na Europa e agora pode ser vendido por milh\u00f5es","datePublished":"2023-03-21T10:01:04+00:00","dateModified":"2023-03-21T10:53:48+00:00","mainEntityOfPage":{"@id":"https:\/\/www.gaveanews.com\/index.php\/2023\/03\/21\/ele-arruinou-o-sonho-do-flamengo-mas-se-recuperou-na-europa-e-agora-pode-ser-vendido-por-milhoes\/"},"wordCount":366,"commentCount":0,"image":{"@id":"https:\/\/www.gaveanews.com\/index.php\/2023\/03\/21\/ele-arruinou-o-sonho-do-flamengo-mas-se-recuperou-na-europa-e-agora-pode-ser-vendido-por-milhoes\/#primaryimage"},"thumbnailUrl":"https:\/\/www.gaveanews.com\/wp-content\/uploads\/Andreas-Perereia-em-acao-pelo-Brasil.webp","articleSection":["Negocia\u00e7\u00f5es"],"inLanguage":"pt-BR","potentialAction":[{"@type":"CommentAction","name":"Comment","target":["https:\/\/www.gaveanews.com\/index.php\/2023\/03\/21\/ele-arruinou-o-sonho-do-flamengo-mas-se-recuperou-na-europa-e-agora-pode-ser-vendido-por-milhoes\/#respond"]}],"copyrightYear":"2023","copyrightHolder":{"@id":"https:\/\/www.gaveanews.com\/#organization"}},{"@type":"WebPage","@id":"https:\/\/www.gaveanews.com\/index.php\/2023\/03\/21\/ele-arruinou-o-sonho-do-flamengo-mas-se-recuperou-na-europa-e-agora-pode-ser-vendido-por-milhoes\/","url":"https:\/\/www.gaveanews.com\/index.php\/2023\/03\/21\/ele-arruinou-o-sonho-do-flamengo-mas-se-recuperou-na-europa-e-agora-pode-ser-vendido-por-milhoes\/","name":"Ele arruinou o sonho do Flamengo, mas se recuperou na Europa e agora pode ser vendido por milh\u00f5es","isPartOf":{"@id":"https:\/\/www.gaveanews.com\/#website"},"primaryImageOfPage":{"@id":"https:\/\/www.gaveanews.com\/index.php\/2023\/03\/21\/ele-arruinou-o-sonho-do-flamengo-mas-se-recuperou-na-europa-e-agora-pode-ser-vendido-por-milhoes\/#primaryimage"},"image":{"@id":"https:\/\/www.gaveanews.com\/index.php\/2023\/03\/21\/ele-arruinou-o-sonho-do-flamengo-mas-se-recuperou-na-europa-e-agora-pode-ser-vendido-por-milhoes\/#primaryimage"},"thumbnailUrl":"https:\/\/www.gaveanews.com\/wp-content\/uploads\/Andreas-Perereia-em-acao-pelo-Brasil.webp","datePublished":"2023-03-21T10:01:04+00:00","dateModified":"2023-03-21T10:53:48+00:00","author":{"@id":"https:\/\/www.gaveanews.com\/#\/schema\/person\/2ec14f73fb96be2caf28f91afb14749d"},"description":"O jogador \u00e9 visto pelo PSG como uma contrata\u00e7\u00e3o mais econ\u00f4mica enquanto o clube lida com quest\u00f5es importantes sobre fair play financeiro.","breadcrumb":{"@id":"https:\/\/www.gaveanews.com\/index.php\/2023\/03\/21\/ele-arruinou-o-sonho-do-flamengo-mas-se-recuperou-na-europa-e-agora-pode-ser-vendido-por-milhoes\/#breadcrumb"},"inLanguage":"pt-BR","potentialAction":[{"@type":"ReadAction","target":["https:\/\/www.gaveanews.com\/index.php\/2023\/03\/21\/ele-arruinou-o-sonho-do-flamengo-mas-se-recuperou-na-europa-e-agora-pode-ser-vendido-por-milhoes\/"]}]},{"@type":"ImageObject","inLanguage":"pt-BR","@id":"https:\/\/www.gaveanews.com\/index.php\/2023\/03\/21\/ele-arruinou-o-sonho-do-flamengo-mas-se-recuperou-na-europa-e-agora-pode-ser-vendido-por-milhoes\/#primaryimage","url":"https:\/\/www.gaveanews.com\/wp-content\/uploads\/Andreas-Perereia-em-acao-pelo-Brasil.webp","contentUrl":"https:\/\/www.gaveanews.com\/wp-content\/uploads\/Andreas-Perereia-em-acao-pelo-Brasil.webp","width":2400,"height":1600,"caption":"Andreas Pereira em a\u00e7\u00e3o pelo Brasil"},{"@type":"BreadcrumbList","@id":"https:\/\/www.gaveanews.com\/index.php\/2023\/03\/21\/ele-arruinou-o-sonho-do-flamengo-mas-se-recuperou-na-europa-e-agora-pode-ser-vendido-por-milhoes\/#breadcrumb","itemListElement":[{"@type":"ListItem","position":1,"name":"Home","item":"https:\/\/www.gaveanews.com\/"},{"@type":"ListItem","position":2,"name":"Ele arruinou o sonho do Flamengo, mas se recuperou na Europa e agora pode ser vendido por milh\u00f5es"}]},{"@type":"WebSite","@id":"https:\/\/www.gaveanews.com\/#website","url":"https:\/\/www.gaveanews.com\/","name":"G\u00e1vea News","description":"Veja todas as not\u00edcias sobre o Flamengo: Contrata\u00e7\u00f5es, categorias de base, resultados das partidas, tabela de classifica\u00e7\u00e3o, pr\u00f3ximos jogos!","potentialAction":[{"@type":"SearchAction","target":{"@type":"EntryPoint","urlTemplate":"https:\/\/www.gaveanews.com\/?s={search_term_string}"},"query-input":{"@type":"PropertyValueSpecification","valueRequired":true,"valueName":"search_term_string"}}],"inLanguage":"pt-BR"},{"@type":"Person","@id":"https:\/\/www.gaveanews.com\/#\/schema\/person\/2ec14f73fb96be2caf28f91afb14749d","name":"Equipe G\u00e1vea News","image":{"@type":"ImageObject","inLanguage":"pt-BR","@id":"https:\/\/www.gaveanews.com\/#\/schema\/person\/image\/","url":"https:\/\/secure.gravatar.com\/avatar\/1e1956f1facbffd3f8fa53a326721950116b3b9dc9bd44939c01180fd4a745a9?s=96&d=mm&r=g","contentUrl":"https:\/\/secure.gravatar.com\/avatar\/1e1956f1facbffd3f8fa53a326721950116b3b9dc9bd44939c01180fd4a745a9?s=96&d=mm&r=g","caption":"Equipe G\u00e1vea News"}}]}},"_links":{"self":[{"href":"https:\/\/www.gaveanews.com\/index.php\/wp-json\/wp\/v2\/posts\/95736","targetHints":{"allow":["GET"]}}],"collection":[{"href":"https:\/\/www.gaveanews.com\/index.php\/wp-json\/wp\/v2\/posts"}],"about":[{"href":"https:\/\/www.gaveanews.com\/index.php\/wp-json\/wp\/v2\/types\/post"}],"author":[{"embeddable":true,"href":"https:\/\/www.gaveanews.com\/index.php\/wp-json\/wp\/v2\/users\/1"}],"replies":[{"embeddable":true,"href":"https:\/\/www.gaveanews.com\/index.php\/wp-json\/wp\/v2\/comments?post=95736"}],"version-history":[{"count":0,"href":"https:\/\/www.gaveanews.com\/index.php\/wp-json\/wp\/v2\/posts\/95736\/revisions"}],"wp:featuredmedia":[{"embeddable":true,"href":"https:\/\/www.gaveanews.com\/index.php\/wp-json\/wp\/v2\/media\/66297"}],"wp:attachment":[{"href":"https:\/\/www.gaveanews.com\/index.php\/wp-json\/wp\/v2\/media?parent=95736"}],"wp:term":[{"taxonomy":"category","embeddable":true,"href":"https:\/\/www.gaveanews.com\/index.php\/wp-json\/wp\/v2\/categories?post=95736"},{"taxonomy":"post_tag","embeddable":true,"href":"https:\/\/www.gaveanews.com\/index.php\/wp-json\/wp\/v2\/tags?post=95736"}],"curies":[{"name":"wp","href":"https:\/\/api.w.org\/{rel}","templated":true}]}}