{"id":95739,"date":"2023-03-21T07:12:28","date_gmt":"2023-03-21T10:12:28","guid":{"rendered":"https:\/\/www.gaveanews.com\/?p=95739"},"modified":"2023-03-21T07:12:31","modified_gmt":"2023-03-21T10:12:31","slug":"demissao-diretoria-do-flamengo-estabelece-prazo-para-vitor-pereira-engrenar","status":"publish","type":"post","link":"https:\/\/www.gaveanews.com\/index.php\/2023\/03\/21\/demissao-diretoria-do-flamengo-estabelece-prazo-para-vitor-pereira-engrenar\/","title":{"rendered":"Demiss\u00e3o? Diretoria do Flamengo estabelece prazo para V\u00edtor Pereira engrenar"},"content":{"rendered":"\n<p>O per\u00edodo sem jogos do Flamengo at\u00e9 a final do Estadual contra o Fluminense, no dia 2 de abril, coincidir\u00e1 com o tempo at\u00e9 o fim da janela para a chegada de refor\u00e7os no primeiro semestre, e a diretoria adota frieza, apesar das cobran\u00e7as da torcida e at\u00e9 da declara\u00e7\u00e3o p\u00fablica do t\u00e9cnico V\u00edtor Pereira, que se disse no aguardo por mais jogadores.<\/p>\n\n\n\n<p>O departamento de futebol est\u00e1 no mercado para trazer pe\u00e7as que cheguem para jogar ou para disputar uma vaga entre os titulares. Com a consci\u00eancia de que o elenco tem car\u00eancias, o Flamengo procura ser certeiro nos alvos no mercado e fazer movimentos com convic\u00e7\u00e3o.<\/p>\n\n\n\n<p>Por exemplo, sabe-se da necessidade urgente da chegada de um volante para repor a sa\u00edda de Jo\u00e3o Gomes. Uribe, do Porto, \u00e9 o alvo priorit\u00e1rio, mas se n\u00e3o vier agora, pode vir no meio do ano. A estrat\u00e9gia do Flamengo \u00e9 n\u00e3o agir por press\u00e3o da torcida ou do jogador envolvido nas negocia\u00e7\u00f5es.<\/p>\n\n\n\n<p>Outra posi\u00e7\u00e3o considerada necess\u00e1ria de refor\u00e7ar \u00e9 a ponta direita. Ap\u00f3s a recusa de \u00c2ngelo, do Santos, o clube carioca segue atr\u00e1s de alternativas para atuar no setor. Outras posi\u00e7\u00f5es em an\u00e1lise s\u00e3o a de um lateral-direito e a de um meia, mas nada para compor elenco.<\/p>\n\n\n\n<p>Nesse sentido, at\u00e9 o dia 3 de abril, quando se fecha o prazo para inscri\u00e7\u00e3o para as pr\u00f3ximas competi\u00e7\u00f5es, \u00e9 poss\u00edvel que o elenco rubro-negro n\u00e3o seja modificado. As movimenta\u00e7\u00f5es mais impactantes ficariam, por mais um ano, para o segundo semestre.<\/p>\n\n\n\n<p>At\u00e9 l\u00e1 o pr\u00f3prio trabalho de V\u00edtor Pereira ter\u00e1 engrenado ou ser\u00e1 interrompido. As partidas contra o Fluminense na final do Carioca ser\u00e3o determinantes para avaliar o futuro. Hoje, o trabalho segue bem visto pela diretoria do Flamengo e pelos jogadores, embora todos admitam necessidade de melhora.<\/p>\n\n\n\n<p>Por conta disso, o encaixe de pe\u00e7as j\u00e1 \u00e0 disposi\u00e7\u00e3o e o retorno de outras tamb\u00e9m \u00e9 levado em conta na hora de ir ao mercado. Por sua vez, V\u00edtor Pereira j\u00e1 externou que precisa de mais solu\u00e7\u00f5es diante dos recorrentes problemas f\u00edsicos, e tem tentado dar uma nova cara ao time com o que tem na m\u00e3o.<\/p>\n\n\n\n<p><em>\u2014 Sobre refor\u00e7os, \u00e9 um assunto que est\u00e1 entregue \u00e0 diretoria. Eu estou esperando, assim como voc\u00eas<\/em>, disparou o treinador, em coletiva de imprensa concedida logo ap\u00f3s a classifica\u00e7\u00e3o \u00e0 final do Estadual.<\/p>\n\n\n\n<p>Retirado de: Extra<\/p>\n","protected":false},"excerpt":{"rendered":"<p>O per\u00edodo sem jogos do Flamengo at\u00e9 a final do Estadual contra o Fluminense, no dia 2 de abril, coincidir\u00e1 com o tempo at\u00e9 o fim da janela para a chegada de refor\u00e7os no primeiro semestre, e a diretoria adota frieza, apesar das cobran\u00e7as da torcida e at\u00e9 da declara\u00e7\u00e3o p\u00fablica do t\u00e9cnico V\u00edtor Pereira, [&hellip;]<\/p>\n","protected":false},"author":1,"featured_media":95339,"comment_status":"open","ping_status":"closed","sticky":false,"template":"","format":"standard","meta":{"footnotes":""},"categories":[1],"tags":[],"class_list":["post-95739","post","type-post","status-publish","format-standard","has-post-thumbnail","hentry","category-flamengo"],"yoast_head":"<!-- This site is optimized with the Yoast SEO Premium plugin v24.2 (Yoast SEO v26.9) - https:\/\/yoast.com\/product\/yoast-seo-premium-wordpress\/ -->\n<title>Demiss\u00e3o? Diretoria do Flamengo estabelece prazo para V\u00edtor Pereira engrenar<\/title>\n<meta name=\"robots\" content=\"index, follow, max-snippet:-1, max-image-preview:large, max-video-preview:-1\" \/>\n<link rel=\"canonical\" href=\"https:\/\/www.gaveanews.com\/index.php\/2023\/03\/21\/demissao-diretoria-do-flamengo-estabelece-prazo-para-vitor-pereira-engrenar\/\" \/>\n<meta property=\"og:locale\" content=\"pt_BR\" \/>\n<meta property=\"og:type\" content=\"article\" \/>\n<meta property=\"og:title\" content=\"Demiss\u00e3o? Diretoria do Flamengo estabelece prazo para V\u00edtor Pereira engrenar\" \/>\n<meta property=\"og:description\" content=\"O per\u00edodo sem jogos do Flamengo at\u00e9 a final do Estadual contra o Fluminense, no dia 2 de abril, coincidir\u00e1 com o tempo at\u00e9 o fim da janela para a chegada de refor\u00e7os no primeiro semestre, e a diretoria adota frieza, apesar das cobran\u00e7as da torcida e at\u00e9 da declara\u00e7\u00e3o p\u00fablica do t\u00e9cnico V\u00edtor Pereira, [&hellip;]\" \/>\n<meta property=\"og:url\" content=\"https:\/\/www.gaveanews.com\/index.php\/2023\/03\/21\/demissao-diretoria-do-flamengo-estabelece-prazo-para-vitor-pereira-engrenar\/\" \/>\n<meta property=\"og:site_name\" content=\"G\u00e1vea News\" \/>\n<meta property=\"article:publisher\" content=\"https:\/\/facebook.com\/gaveaNews\/\" \/>\n<meta property=\"article:published_time\" content=\"2023-03-21T10:12:28+00:00\" \/>\n<meta property=\"article:modified_time\" content=\"2023-03-21T10:12:31+00:00\" \/>\n<meta property=\"og:image\" content=\"https:\/\/www.gaveanews.com\/wp-content\/uploads\/vitor-pereira-flamengo-1.webp\" \/>\n\t<meta property=\"og:image:width\" content=\"984\" \/>\n\t<meta property=\"og:image:height\" content=\"715\" \/>\n\t<meta property=\"og:image:type\" content=\"image\/webp\" \/>\n<meta name=\"author\" content=\"Equipe G\u00e1vea News\" \/>\n<meta name=\"twitter:card\" content=\"summary_large_image\" \/>\n<meta name=\"twitter:label1\" content=\"Escrito por\" \/>\n\t<meta name=\"twitter:data1\" content=\"Equipe G\u00e1vea News\" \/>\n\t<meta name=\"twitter:label2\" content=\"Est. tempo de leitura\" \/>\n\t<meta name=\"twitter:data2\" content=\"3 minutos\" \/>\n<script type=\"application\/ld+json\" class=\"yoast-schema-graph\">{\"@context\":\"https:\/\/schema.org\",\"@graph\":[{\"@type\":\"NewsArticle\",\"@id\":\"https:\/\/www.gaveanews.com\/index.php\/2023\/03\/21\/demissao-diretoria-do-flamengo-estabelece-prazo-para-vitor-pereira-engrenar\/#article\",\"isPartOf\":{\"@id\":\"https:\/\/www.gaveanews.com\/index.php\/2023\/03\/21\/demissao-diretoria-do-flamengo-estabelece-prazo-para-vitor-pereira-engrenar\/\"},\"author\":{\"name\":\"Equipe G\u00e1vea News\",\"@id\":\"https:\/\/www.gaveanews.com\/#\/schema\/person\/2ec14f73fb96be2caf28f91afb14749d\"},\"headline\":\"Demiss\u00e3o? Diretoria do Flamengo estabelece prazo para V\u00edtor Pereira engrenar\",\"datePublished\":\"2023-03-21T10:12:28+00:00\",\"dateModified\":\"2023-03-21T10:12:31+00:00\",\"mainEntityOfPage\":{\"@id\":\"https:\/\/www.gaveanews.com\/index.php\/2023\/03\/21\/demissao-diretoria-do-flamengo-estabelece-prazo-para-vitor-pereira-engrenar\/\"},\"wordCount\":437,\"commentCount\":0,\"image\":{\"@id\":\"https:\/\/www.gaveanews.com\/index.php\/2023\/03\/21\/demissao-diretoria-do-flamengo-estabelece-prazo-para-vitor-pereira-engrenar\/#primaryimage\"},\"thumbnailUrl\":\"https:\/\/www.gaveanews.com\/wp-content\/uploads\/vitor-pereira-flamengo-1.webp\",\"articleSection\":[\"Flamengo\"],\"inLanguage\":\"pt-BR\",\"potentialAction\":[{\"@type\":\"CommentAction\",\"name\":\"Comment\",\"target\":[\"https:\/\/www.gaveanews.com\/index.php\/2023\/03\/21\/demissao-diretoria-do-flamengo-estabelece-prazo-para-vitor-pereira-engrenar\/#respond\"]}],\"copyrightYear\":\"2023\",\"copyrightHolder\":{\"@id\":\"https:\/\/www.gaveanews.com\/#organization\"}},{\"@type\":\"WebPage\",\"@id\":\"https:\/\/www.gaveanews.com\/index.php\/2023\/03\/21\/demissao-diretoria-do-flamengo-estabelece-prazo-para-vitor-pereira-engrenar\/\",\"url\":\"https:\/\/www.gaveanews.com\/index.php\/2023\/03\/21\/demissao-diretoria-do-flamengo-estabelece-prazo-para-vitor-pereira-engrenar\/\",\"name\":\"Demiss\u00e3o? Diretoria do Flamengo estabelece prazo para V\u00edtor Pereira engrenar\",\"isPartOf\":{\"@id\":\"https:\/\/www.gaveanews.com\/#website\"},\"primaryImageOfPage\":{\"@id\":\"https:\/\/www.gaveanews.com\/index.php\/2023\/03\/21\/demissao-diretoria-do-flamengo-estabelece-prazo-para-vitor-pereira-engrenar\/#primaryimage\"},\"image\":{\"@id\":\"https:\/\/www.gaveanews.com\/index.php\/2023\/03\/21\/demissao-diretoria-do-flamengo-estabelece-prazo-para-vitor-pereira-engrenar\/#primaryimage\"},\"thumbnailUrl\":\"https:\/\/www.gaveanews.com\/wp-content\/uploads\/vitor-pereira-flamengo-1.webp\",\"datePublished\":\"2023-03-21T10:12:28+00:00\",\"dateModified\":\"2023-03-21T10:12:31+00:00\",\"author\":{\"@id\":\"https:\/\/www.gaveanews.com\/#\/schema\/person\/2ec14f73fb96be2caf28f91afb14749d\"},\"breadcrumb\":{\"@id\":\"https:\/\/www.gaveanews.com\/index.php\/2023\/03\/21\/demissao-diretoria-do-flamengo-estabelece-prazo-para-vitor-pereira-engrenar\/#breadcrumb\"},\"inLanguage\":\"pt-BR\",\"potentialAction\":[{\"@type\":\"ReadAction\",\"target\":[\"https:\/\/www.gaveanews.com\/index.php\/2023\/03\/21\/demissao-diretoria-do-flamengo-estabelece-prazo-para-vitor-pereira-engrenar\/\"]}]},{\"@type\":\"ImageObject\",\"inLanguage\":\"pt-BR\",\"@id\":\"https:\/\/www.gaveanews.com\/index.php\/2023\/03\/21\/demissao-diretoria-do-flamengo-estabelece-prazo-para-vitor-pereira-engrenar\/#primaryimage\",\"url\":\"https:\/\/www.gaveanews.com\/wp-content\/uploads\/vitor-pereira-flamengo-1.webp\",\"contentUrl\":\"https:\/\/www.gaveanews.com\/wp-content\/uploads\/vitor-pereira-flamengo-1.webp\",\"width\":984,\"height\":715,\"caption\":\"V\u00edtor Pereira comanda o Flamengo no Maracan\u00e3 (Foto: Andr\u00e9 Dur\u00e3o)\"},{\"@type\":\"BreadcrumbList\",\"@id\":\"https:\/\/www.gaveanews.com\/index.php\/2023\/03\/21\/demissao-diretoria-do-flamengo-estabelece-prazo-para-vitor-pereira-engrenar\/#breadcrumb\",\"itemListElement\":[{\"@type\":\"ListItem\",\"position\":1,\"name\":\"Home\",\"item\":\"https:\/\/www.gaveanews.com\/\"},{\"@type\":\"ListItem\",\"position\":2,\"name\":\"Demiss\u00e3o? Diretoria do Flamengo estabelece prazo para V\u00edtor Pereira engrenar\"}]},{\"@type\":\"WebSite\",\"@id\":\"https:\/\/www.gaveanews.com\/#website\",\"url\":\"https:\/\/www.gaveanews.com\/\",\"name\":\"G\u00e1vea News\",\"description\":\"Veja todas as not\u00edcias sobre o Flamengo: Contrata\u00e7\u00f5es, categorias de base, resultados das partidas, tabela de classifica\u00e7\u00e3o, pr\u00f3ximos jogos!\",\"potentialAction\":[{\"@type\":\"SearchAction\",\"target\":{\"@type\":\"EntryPoint\",\"urlTemplate\":\"https:\/\/www.gaveanews.com\/?s={search_term_string}\"},\"query-input\":{\"@type\":\"PropertyValueSpecification\",\"valueRequired\":true,\"valueName\":\"search_term_string\"}}],\"inLanguage\":\"pt-BR\"},{\"@type\":\"Person\",\"@id\":\"https:\/\/www.gaveanews.com\/#\/schema\/person\/2ec14f73fb96be2caf28f91afb14749d\",\"name\":\"Equipe G\u00e1vea News\",\"image\":{\"@type\":\"ImageObject\",\"inLanguage\":\"pt-BR\",\"@id\":\"https:\/\/www.gaveanews.com\/#\/schema\/person\/image\/\",\"url\":\"https:\/\/secure.gravatar.com\/avatar\/1e1956f1facbffd3f8fa53a326721950116b3b9dc9bd44939c01180fd4a745a9?s=96&d=mm&r=g\",\"contentUrl\":\"https:\/\/secure.gravatar.com\/avatar\/1e1956f1facbffd3f8fa53a326721950116b3b9dc9bd44939c01180fd4a745a9?s=96&d=mm&r=g\",\"caption\":\"Equipe G\u00e1vea News\"}}]}<\/script>\n<!-- \/ Yoast SEO Premium plugin. -->","yoast_head_json":{"title":"Demiss\u00e3o? Diretoria do Flamengo estabelece prazo para V\u00edtor Pereira engrenar","robots":{"index":"index","follow":"follow","max-snippet":"max-snippet:-1","max-image-preview":"max-image-preview:large","max-video-preview":"max-video-preview:-1"},"canonical":"https:\/\/www.gaveanews.com\/index.php\/2023\/03\/21\/demissao-diretoria-do-flamengo-estabelece-prazo-para-vitor-pereira-engrenar\/","og_locale":"pt_BR","og_type":"article","og_title":"Demiss\u00e3o? Diretoria do Flamengo estabelece prazo para V\u00edtor Pereira engrenar","og_description":"O per\u00edodo sem jogos do Flamengo at\u00e9 a final do Estadual contra o Fluminense, no dia 2 de abril, coincidir\u00e1 com o tempo at\u00e9 o fim da janela para a chegada de refor\u00e7os no primeiro semestre, e a diretoria adota frieza, apesar das cobran\u00e7as da torcida e at\u00e9 da declara\u00e7\u00e3o p\u00fablica do t\u00e9cnico V\u00edtor Pereira, [&hellip;]","og_url":"https:\/\/www.gaveanews.com\/index.php\/2023\/03\/21\/demissao-diretoria-do-flamengo-estabelece-prazo-para-vitor-pereira-engrenar\/","og_site_name":"G\u00e1vea News","article_publisher":"https:\/\/facebook.com\/gaveaNews\/","article_published_time":"2023-03-21T10:12:28+00:00","article_modified_time":"2023-03-21T10:12:31+00:00","og_image":[{"width":984,"height":715,"url":"https:\/\/www.gaveanews.com\/wp-content\/uploads\/vitor-pereira-flamengo-1.webp","type":"image\/webp"}],"author":"Equipe G\u00e1vea News","twitter_card":"summary_large_image","twitter_misc":{"Escrito por":"Equipe G\u00e1vea News","Est. tempo de leitura":"3 minutos"},"schema":{"@context":"https:\/\/schema.org","@graph":[{"@type":"NewsArticle","@id":"https:\/\/www.gaveanews.com\/index.php\/2023\/03\/21\/demissao-diretoria-do-flamengo-estabelece-prazo-para-vitor-pereira-engrenar\/#article","isPartOf":{"@id":"https:\/\/www.gaveanews.com\/index.php\/2023\/03\/21\/demissao-diretoria-do-flamengo-estabelece-prazo-para-vitor-pereira-engrenar\/"},"author":{"name":"Equipe G\u00e1vea News","@id":"https:\/\/www.gaveanews.com\/#\/schema\/person\/2ec14f73fb96be2caf28f91afb14749d"},"headline":"Demiss\u00e3o? Diretoria do Flamengo estabelece prazo para V\u00edtor Pereira engrenar","datePublished":"2023-03-21T10:12:28+00:00","dateModified":"2023-03-21T10:12:31+00:00","mainEntityOfPage":{"@id":"https:\/\/www.gaveanews.com\/index.php\/2023\/03\/21\/demissao-diretoria-do-flamengo-estabelece-prazo-para-vitor-pereira-engrenar\/"},"wordCount":437,"commentCount":0,"image":{"@id":"https:\/\/www.gaveanews.com\/index.php\/2023\/03\/21\/demissao-diretoria-do-flamengo-estabelece-prazo-para-vitor-pereira-engrenar\/#primaryimage"},"thumbnailUrl":"https:\/\/www.gaveanews.com\/wp-content\/uploads\/vitor-pereira-flamengo-1.webp","articleSection":["Flamengo"],"inLanguage":"pt-BR","potentialAction":[{"@type":"CommentAction","name":"Comment","target":["https:\/\/www.gaveanews.com\/index.php\/2023\/03\/21\/demissao-diretoria-do-flamengo-estabelece-prazo-para-vitor-pereira-engrenar\/#respond"]}],"copyrightYear":"2023","copyrightHolder":{"@id":"https:\/\/www.gaveanews.com\/#organization"}},{"@type":"WebPage","@id":"https:\/\/www.gaveanews.com\/index.php\/2023\/03\/21\/demissao-diretoria-do-flamengo-estabelece-prazo-para-vitor-pereira-engrenar\/","url":"https:\/\/www.gaveanews.com\/index.php\/2023\/03\/21\/demissao-diretoria-do-flamengo-estabelece-prazo-para-vitor-pereira-engrenar\/","name":"Demiss\u00e3o? Diretoria do Flamengo estabelece prazo para V\u00edtor Pereira engrenar","isPartOf":{"@id":"https:\/\/www.gaveanews.com\/#website"},"primaryImageOfPage":{"@id":"https:\/\/www.gaveanews.com\/index.php\/2023\/03\/21\/demissao-diretoria-do-flamengo-estabelece-prazo-para-vitor-pereira-engrenar\/#primaryimage"},"image":{"@id":"https:\/\/www.gaveanews.com\/index.php\/2023\/03\/21\/demissao-diretoria-do-flamengo-estabelece-prazo-para-vitor-pereira-engrenar\/#primaryimage"},"thumbnailUrl":"https:\/\/www.gaveanews.com\/wp-content\/uploads\/vitor-pereira-flamengo-1.webp","datePublished":"2023-03-21T10:12:28+00:00","dateModified":"2023-03-21T10:12:31+00:00","author":{"@id":"https:\/\/www.gaveanews.com\/#\/schema\/person\/2ec14f73fb96be2caf28f91afb14749d"},"breadcrumb":{"@id":"https:\/\/www.gaveanews.com\/index.php\/2023\/03\/21\/demissao-diretoria-do-flamengo-estabelece-prazo-para-vitor-pereira-engrenar\/#breadcrumb"},"inLanguage":"pt-BR","potentialAction":[{"@type":"ReadAction","target":["https:\/\/www.gaveanews.com\/index.php\/2023\/03\/21\/demissao-diretoria-do-flamengo-estabelece-prazo-para-vitor-pereira-engrenar\/"]}]},{"@type":"ImageObject","inLanguage":"pt-BR","@id":"https:\/\/www.gaveanews.com\/index.php\/2023\/03\/21\/demissao-diretoria-do-flamengo-estabelece-prazo-para-vitor-pereira-engrenar\/#primaryimage","url":"https:\/\/www.gaveanews.com\/wp-content\/uploads\/vitor-pereira-flamengo-1.webp","contentUrl":"https:\/\/www.gaveanews.com\/wp-content\/uploads\/vitor-pereira-flamengo-1.webp","width":984,"height":715,"caption":"V\u00edtor Pereira comanda o Flamengo no Maracan\u00e3 (Foto: Andr\u00e9 Dur\u00e3o)"},{"@type":"BreadcrumbList","@id":"https:\/\/www.gaveanews.com\/index.php\/2023\/03\/21\/demissao-diretoria-do-flamengo-estabelece-prazo-para-vitor-pereira-engrenar\/#breadcrumb","itemListElement":[{"@type":"ListItem","position":1,"name":"Home","item":"https:\/\/www.gaveanews.com\/"},{"@type":"ListItem","position":2,"name":"Demiss\u00e3o? Diretoria do Flamengo estabelece prazo para V\u00edtor Pereira engrenar"}]},{"@type":"WebSite","@id":"https:\/\/www.gaveanews.com\/#website","url":"https:\/\/www.gaveanews.com\/","name":"G\u00e1vea News","description":"Veja todas as not\u00edcias sobre o Flamengo: Contrata\u00e7\u00f5es, categorias de base, resultados das partidas, tabela de classifica\u00e7\u00e3o, pr\u00f3ximos jogos!","potentialAction":[{"@type":"SearchAction","target":{"@type":"EntryPoint","urlTemplate":"https:\/\/www.gaveanews.com\/?s={search_term_string}"},"query-input":{"@type":"PropertyValueSpecification","valueRequired":true,"valueName":"search_term_string"}}],"inLanguage":"pt-BR"},{"@type":"Person","@id":"https:\/\/www.gaveanews.com\/#\/schema\/person\/2ec14f73fb96be2caf28f91afb14749d","name":"Equipe G\u00e1vea News","image":{"@type":"ImageObject","inLanguage":"pt-BR","@id":"https:\/\/www.gaveanews.com\/#\/schema\/person\/image\/","url":"https:\/\/secure.gravatar.com\/avatar\/1e1956f1facbffd3f8fa53a326721950116b3b9dc9bd44939c01180fd4a745a9?s=96&d=mm&r=g","contentUrl":"https:\/\/secure.gravatar.com\/avatar\/1e1956f1facbffd3f8fa53a326721950116b3b9dc9bd44939c01180fd4a745a9?s=96&d=mm&r=g","caption":"Equipe G\u00e1vea News"}}]}},"_links":{"self":[{"href":"https:\/\/www.gaveanews.com\/index.php\/wp-json\/wp\/v2\/posts\/95739","targetHints":{"allow":["GET"]}}],"collection":[{"href":"https:\/\/www.gaveanews.com\/index.php\/wp-json\/wp\/v2\/posts"}],"about":[{"href":"https:\/\/www.gaveanews.com\/index.php\/wp-json\/wp\/v2\/types\/post"}],"author":[{"embeddable":true,"href":"https:\/\/www.gaveanews.com\/index.php\/wp-json\/wp\/v2\/users\/1"}],"replies":[{"embeddable":true,"href":"https:\/\/www.gaveanews.com\/index.php\/wp-json\/wp\/v2\/comments?post=95739"}],"version-history":[{"count":0,"href":"https:\/\/www.gaveanews.com\/index.php\/wp-json\/wp\/v2\/posts\/95739\/revisions"}],"wp:featuredmedia":[{"embeddable":true,"href":"https:\/\/www.gaveanews.com\/index.php\/wp-json\/wp\/v2\/media\/95339"}],"wp:attachment":[{"href":"https:\/\/www.gaveanews.com\/index.php\/wp-json\/wp\/v2\/media?parent=95739"}],"wp:term":[{"taxonomy":"category","embeddable":true,"href":"https:\/\/www.gaveanews.com\/index.php\/wp-json\/wp\/v2\/categories?post=95739"},{"taxonomy":"post_tag","embeddable":true,"href":"https:\/\/www.gaveanews.com\/index.php\/wp-json\/wp\/v2\/tags?post=95739"}],"curies":[{"name":"wp","href":"https:\/\/api.w.org\/{rel}","templated":true}]}}