{"id":95781,"date":"2023-03-21T14:45:29","date_gmt":"2023-03-21T17:45:29","guid":{"rendered":"https:\/\/www.gaveanews.com\/?p=95781"},"modified":"2023-03-21T14:51:54","modified_gmt":"2023-03-21T17:51:54","slug":"atitude-da-adidas-deixa-torcida-do-flamengo-revoltada-veja-reacoes","status":"publish","type":"post","link":"https:\/\/www.gaveanews.com\/index.php\/2023\/03\/21\/atitude-da-adidas-deixa-torcida-do-flamengo-revoltada-veja-reacoes\/","title":{"rendered":"Atitude da Adidas deixa torcida do Flamengo revoltada; veja rea\u00e7\u00f5es"},"content":{"rendered":"\n<p>No come\u00e7o do ano, o Flamengo lan\u00e7ou sua nova camisa para a temporada de 2023, onde a mesma estava custando em torno de R$ 349,99. Por\u00e9m, a Adidas, anunciou que ter\u00e1 um reajuste nos valores no segundo semestre, chegando a R$ 400,00 nas camisas oficiais do time, segundo a R\u00e1dio Itatiaia.<\/p>\n\n\n\n<p>O reajuste n\u00e3o ser\u00e1 sentido somente pela na\u00e7\u00e3o rubro-negra, como tamb\u00e9m para os torcedores de Atl\u00e9tico-MG, Cruzeiro, Internacional, e S\u00e3o Paulo.<\/p>\n\n\n\n<p>Al\u00e9m da Adidas, outras marcas como Puma e Nike, tamb\u00e9m far\u00e3o seus reajustes e consequentemente ir\u00e3o aumentar os valores das camisas oficiais. Ainda sem se manifestar oficialmente, a Adidas n\u00e3o explicou o motivo real dos reajustes.<\/p>\n\n\n\n<p>A diretoria do time carioca vem sendo alvo de cr\u00edticas sobre o pre\u00e7o das camisas, pois os mesmos n\u00e3o se encontram acess\u00edveis aos torcedores, muitas vezes tendo que ir atr\u00e1s de produtos piratas, com isso muitos se manifestaram nas suas redes sociais para se posicionar negativamente sobre o assunto. <strong>Confira abaixo algumas publica\u00e7\u00f5es:<\/strong><\/p>\n\n\n\n<blockquote class=\"twitter-tweet\" data-conversation=\"none\"><p lang=\"pt\" dir=\"ltr\">Ruim e pagar esse valor e em menos de 6 meses a camisa j\u00e1 soltou os personalizado tudo e fica aquela coisa mais feia do mundo, ent\u00e3o \u00e9 comprar e por no quadro n\u00e9 <a href=\"https:\/\/twitter.com\/adidasbrasil?ref_src=twsrc%5Etfw\">@adidasbrasil<\/a> horr\u00edvel esses detalhes de vcs, tenho uma de jogador que o s\u00edmbolo l\u00e1 de n\u00e3o sei oque o nome j\u00e1 descolou<\/p>&mdash; Ricardo.CRF (@Ricardera88) <a href=\"https:\/\/twitter.com\/Ricardera88\/status\/1637903246193831937?ref_src=twsrc%5Etfw\">March 20, 2023<\/a><\/blockquote> <script async src=\"https:\/\/platform.twitter.com\/widgets.js\" charset=\"utf-8\"><\/script><blockquote class=\"twitter-tweet\" data-conversation=\"none\"><p lang=\"pt\" dir=\"ltr\">Corta a Adidas usando a favela pra promover a camisa do Flamengo e cobrando 1\/3 do sal\u00e1rio m\u00ednimo na camisa<\/p>&mdash; Fernandes \u1da0\u1da0\u1d9c (@ffcxjean) <a href=\"https:\/\/twitter.com\/ffcxjean\/status\/1637900755666448385?ref_src=twsrc%5Etfw\">March 20, 2023<\/a><\/blockquote> <script async src=\"https:\/\/platform.twitter.com\/widgets.js\" charset=\"utf-8\"><\/script><blockquote class=\"twitter-tweet\" data-conversation=\"none\"><p lang=\"pt\" dir=\"ltr\">Eu j\u00e1 n\u00e3o estava mais comprando as de R$ 300 reais, dai aumentou para R$ 350, foi a\u00ed que decidi realmente a n\u00e3o comprar mais. Piorou agora nesse novo pre\u00e7o.<\/p>&mdash; Pepeu (@Pepeu404) <a href=\"https:\/\/twitter.com\/Pepeu404\/status\/1637937671887634432?ref_src=twsrc%5Etfw\">March 20, 2023<\/a><\/blockquote> <script async src=\"https:\/\/platform.twitter.com\/widgets.js\" charset=\"utf-8\"><\/script><blockquote class=\"twitter-tweet\" data-conversation=\"none\"><p lang=\"qme\" dir=\"ltr\"> <a href=\"https:\/\/t.co\/IVPc9kRcCx\">pic.twitter.com\/IVPc9kRcCx<\/a><\/p>&mdash; Sereia\u1d9c\u1d49\u1d9c \uea00 (@tamysolivecec) <a href=\"https:\/\/twitter.com\/tamysolivecec\/status\/1637900876194152449?ref_src=twsrc%5Etfw\">March 20, 2023<\/a><\/blockquote> <script async src=\"https:\/\/platform.twitter.com\/widgets.js\" charset=\"utf-8\"><\/script><blockquote class=\"twitter-tweet\" data-conversation=\"none\"><p lang=\"pt\" dir=\"ltr\">Eu j\u00e1 n\u00e3o estava mais comprando as de R$ 300 reais, dai aumentou para R$ 350, foi a\u00ed que decidi realmente a n\u00e3o comprar mais. Piorou agora nesse novo pre\u00e7o.<\/p>&mdash; Pepeu (@Pepeu404) <a href=\"https:\/\/twitter.com\/Pepeu404\/status\/1637937671887634432?ref_src=twsrc%5Etfw\">March 20, 2023<\/a><\/blockquote> <script async src=\"https:\/\/platform.twitter.com\/widgets.js\" charset=\"utf-8\"><\/script><blockquote class=\"twitter-tweet\" data-conversation=\"none\"><p lang=\"pt\" dir=\"ltr\">Eles n\u00e3o querem combater a pirataria\u2026 impressionante!<\/p>&mdash; Arthur Costa \u2124\u211d\u2115 (@ArthurCostaBH) <a href=\"https:\/\/twitter.com\/ArthurCostaBH\/status\/1637936049799278593?ref_src=twsrc%5Etfw\">March 20, 2023<\/a><\/blockquote> <script async src=\"https:\/\/platform.twitter.com\/widgets.js\" charset=\"utf-8\"><\/script><blockquote class=\"twitter-tweet\" data-conversation=\"none\"><p lang=\"pt\" dir=\"ltr\">por isso eu sou \u00e1 favor da pirataria <a href=\"https:\/\/t.co\/JohkN0uz2p\">pic.twitter.com\/JohkN0uz2p<\/a><\/p>&mdash; Mengudo \u00b9\u2079\u2078\u00b9 (@mengudo1981) <a href=\"https:\/\/twitter.com\/mengudo1981\/status\/1637907798905241602?ref_src=twsrc%5Etfw\">March 20, 2023<\/a><\/blockquote> <script async src=\"https:\/\/platform.twitter.com\/widgets.js\" charset=\"utf-8\"><\/script><blockquote class=\"twitter-tweet\" data-conversation=\"none\"><p lang=\"pt\" dir=\"ltr\">Cada vez mais dif\u00edcil julgar torcedor que opta pela pirataria. O cara teria que escolher se paga o aluguel ou se compra uma camisa oficial do time\u2026 isso \u00e9 surreal p\u00f4<\/p>&mdash; Gabriel S\u00e1 (@OGabrielSa) <a href=\"https:\/\/twitter.com\/OGabrielSa\/status\/1637909733272068097?ref_src=twsrc%5Etfw\">March 20, 2023<\/a><\/blockquote> <script async src=\"https:\/\/platform.twitter.com\/widgets.js\" charset=\"utf-8\"><\/script><blockquote class=\"twitter-tweet\" data-conversation=\"none\"><p lang=\"pt\" dir=\"ltr\">Pagar 400 reais na camisa vai ser ossada , v\u00e1rias peguei 300 reais e tudo descolou as linhas da adidas tudo soltou a tinta uma vergonha isso <a href=\"https:\/\/twitter.com\/adidas?ref_src=twsrc%5Etfw\">@adidas<\/a> <a href=\"https:\/\/twitter.com\/adidasbrasil?ref_src=twsrc%5Etfw\">@adidasbrasil<\/a><\/p>&mdash; Pinheir\uf8ff (@balotelli_fla) <a href=\"https:\/\/twitter.com\/balotelli_fla\/status\/1637913830943608832?ref_src=twsrc%5Etfw\">March 20, 2023<\/a><\/blockquote> <script async src=\"https:\/\/platform.twitter.com\/widgets.js\" charset=\"utf-8\"><\/script>\n","protected":false},"excerpt":{"rendered":"<p>No come\u00e7o do ano, o Flamengo lan\u00e7ou sua nova camisa para a temporada de 2023, onde a mesma estava custando em torno de R$ 349,99. Por\u00e9m, a Adidas, anunciou que ter\u00e1 um reajuste nos valores no segundo semestre, chegando a R$ 400,00 nas camisas oficiais do time, segundo a R\u00e1dio Itatiaia. O reajuste n\u00e3o ser\u00e1 [&hellip;]<\/p>\n","protected":false},"author":1,"featured_media":16214,"comment_status":"open","ping_status":"closed","sticky":false,"template":"","format":"standard","meta":{"footnotes":""},"categories":[1],"tags":[],"class_list":["post-95781","post","type-post","status-publish","format-standard","has-post-thumbnail","hentry","category-flamengo"],"yoast_head":"<!-- This site is optimized with the Yoast SEO Premium plugin v24.2 (Yoast SEO v26.9) - https:\/\/yoast.com\/product\/yoast-seo-premium-wordpress\/ -->\n<title>Atitude da Adidas deixa torcida do Flamengo revoltada; veja rea\u00e7\u00f5es<\/title>\n<meta name=\"robots\" content=\"index, follow, max-snippet:-1, max-image-preview:large, max-video-preview:-1\" \/>\n<link rel=\"canonical\" href=\"https:\/\/www.gaveanews.com\/index.php\/2023\/03\/21\/atitude-da-adidas-deixa-torcida-do-flamengo-revoltada-veja-reacoes\/\" \/>\n<meta property=\"og:locale\" content=\"pt_BR\" \/>\n<meta property=\"og:type\" content=\"article\" \/>\n<meta property=\"og:title\" content=\"Atitude da Adidas deixa torcida do Flamengo revoltada; veja rea\u00e7\u00f5es\" \/>\n<meta property=\"og:description\" content=\"No come\u00e7o do ano, o Flamengo lan\u00e7ou sua nova camisa para a temporada de 2023, onde a mesma estava custando em torno de R$ 349,99. Por\u00e9m, a Adidas, anunciou que ter\u00e1 um reajuste nos valores no segundo semestre, chegando a R$ 400,00 nas camisas oficiais do time, segundo a R\u00e1dio Itatiaia. O reajuste n\u00e3o ser\u00e1 [&hellip;]\" \/>\n<meta property=\"og:url\" content=\"https:\/\/www.gaveanews.com\/index.php\/2023\/03\/21\/atitude-da-adidas-deixa-torcida-do-flamengo-revoltada-veja-reacoes\/\" \/>\n<meta property=\"og:site_name\" content=\"G\u00e1vea News\" \/>\n<meta property=\"article:publisher\" content=\"https:\/\/facebook.com\/gaveaNews\/\" \/>\n<meta property=\"article:published_time\" content=\"2023-03-21T17:45:29+00:00\" \/>\n<meta property=\"article:modified_time\" content=\"2023-03-21T17:51:54+00:00\" \/>\n<meta property=\"og:image\" content=\"https:\/\/www.gaveanews.com\/wp-content\/uploads\/2019\/03\/Logomarca-da-Adidas.webp\" \/>\n\t<meta property=\"og:image:width\" content=\"1200\" \/>\n\t<meta property=\"og:image:height\" content=\"600\" \/>\n\t<meta property=\"og:image:type\" content=\"image\/png\" \/>\n<meta name=\"author\" content=\"Equipe G\u00e1vea News\" \/>\n<meta name=\"twitter:card\" content=\"summary_large_image\" \/>\n<meta name=\"twitter:label1\" content=\"Escrito por\" \/>\n\t<meta name=\"twitter:data1\" content=\"Equipe G\u00e1vea News\" \/>\n\t<meta name=\"twitter:label2\" content=\"Est. tempo de leitura\" \/>\n\t<meta name=\"twitter:data2\" content=\"3 minutos\" \/>\n<script type=\"application\/ld+json\" class=\"yoast-schema-graph\">{\"@context\":\"https:\/\/schema.org\",\"@graph\":[{\"@type\":\"NewsArticle\",\"@id\":\"https:\/\/www.gaveanews.com\/index.php\/2023\/03\/21\/atitude-da-adidas-deixa-torcida-do-flamengo-revoltada-veja-reacoes\/#article\",\"isPartOf\":{\"@id\":\"https:\/\/www.gaveanews.com\/index.php\/2023\/03\/21\/atitude-da-adidas-deixa-torcida-do-flamengo-revoltada-veja-reacoes\/\"},\"author\":{\"name\":\"Equipe G\u00e1vea News\",\"@id\":\"https:\/\/www.gaveanews.com\/#\/schema\/person\/2ec14f73fb96be2caf28f91afb14749d\"},\"headline\":\"Atitude da Adidas deixa torcida do Flamengo revoltada; veja rea\u00e7\u00f5es\",\"datePublished\":\"2023-03-21T17:45:29+00:00\",\"dateModified\":\"2023-03-21T17:51:54+00:00\",\"mainEntityOfPage\":{\"@id\":\"https:\/\/www.gaveanews.com\/index.php\/2023\/03\/21\/atitude-da-adidas-deixa-torcida-do-flamengo-revoltada-veja-reacoes\/\"},\"wordCount\":454,\"commentCount\":0,\"image\":{\"@id\":\"https:\/\/www.gaveanews.com\/index.php\/2023\/03\/21\/atitude-da-adidas-deixa-torcida-do-flamengo-revoltada-veja-reacoes\/#primaryimage\"},\"thumbnailUrl\":\"https:\/\/www.gaveanews.com\/wp-content\/uploads\/2019\/03\/Logomarca-da-Adidas.webp\",\"articleSection\":[\"Flamengo\"],\"inLanguage\":\"pt-BR\",\"potentialAction\":[{\"@type\":\"CommentAction\",\"name\":\"Comment\",\"target\":[\"https:\/\/www.gaveanews.com\/index.php\/2023\/03\/21\/atitude-da-adidas-deixa-torcida-do-flamengo-revoltada-veja-reacoes\/#respond\"]}],\"copyrightYear\":\"2023\",\"copyrightHolder\":{\"@id\":\"https:\/\/www.gaveanews.com\/#organization\"}},{\"@type\":\"WebPage\",\"@id\":\"https:\/\/www.gaveanews.com\/index.php\/2023\/03\/21\/atitude-da-adidas-deixa-torcida-do-flamengo-revoltada-veja-reacoes\/\",\"url\":\"https:\/\/www.gaveanews.com\/index.php\/2023\/03\/21\/atitude-da-adidas-deixa-torcida-do-flamengo-revoltada-veja-reacoes\/\",\"name\":\"Atitude da Adidas deixa torcida do Flamengo revoltada; veja rea\u00e7\u00f5es\",\"isPartOf\":{\"@id\":\"https:\/\/www.gaveanews.com\/#website\"},\"primaryImageOfPage\":{\"@id\":\"https:\/\/www.gaveanews.com\/index.php\/2023\/03\/21\/atitude-da-adidas-deixa-torcida-do-flamengo-revoltada-veja-reacoes\/#primaryimage\"},\"image\":{\"@id\":\"https:\/\/www.gaveanews.com\/index.php\/2023\/03\/21\/atitude-da-adidas-deixa-torcida-do-flamengo-revoltada-veja-reacoes\/#primaryimage\"},\"thumbnailUrl\":\"https:\/\/www.gaveanews.com\/wp-content\/uploads\/2019\/03\/Logomarca-da-Adidas.webp\",\"datePublished\":\"2023-03-21T17:45:29+00:00\",\"dateModified\":\"2023-03-21T17:51:54+00:00\",\"author\":{\"@id\":\"https:\/\/www.gaveanews.com\/#\/schema\/person\/2ec14f73fb96be2caf28f91afb14749d\"},\"breadcrumb\":{\"@id\":\"https:\/\/www.gaveanews.com\/index.php\/2023\/03\/21\/atitude-da-adidas-deixa-torcida-do-flamengo-revoltada-veja-reacoes\/#breadcrumb\"},\"inLanguage\":\"pt-BR\",\"potentialAction\":[{\"@type\":\"ReadAction\",\"target\":[\"https:\/\/www.gaveanews.com\/index.php\/2023\/03\/21\/atitude-da-adidas-deixa-torcida-do-flamengo-revoltada-veja-reacoes\/\"]}]},{\"@type\":\"ImageObject\",\"inLanguage\":\"pt-BR\",\"@id\":\"https:\/\/www.gaveanews.com\/index.php\/2023\/03\/21\/atitude-da-adidas-deixa-torcida-do-flamengo-revoltada-veja-reacoes\/#primaryimage\",\"url\":\"https:\/\/www.gaveanews.com\/wp-content\/uploads\/2019\/03\/Logomarca-da-Adidas.webp\",\"contentUrl\":\"https:\/\/www.gaveanews.com\/wp-content\/uploads\/2019\/03\/Logomarca-da-Adidas.webp\",\"width\":1200,\"height\":600,\"caption\":\"Logomarca da Adidas (Foto: Reprodu\u00e7\u00e3o)\"},{\"@type\":\"BreadcrumbList\",\"@id\":\"https:\/\/www.gaveanews.com\/index.php\/2023\/03\/21\/atitude-da-adidas-deixa-torcida-do-flamengo-revoltada-veja-reacoes\/#breadcrumb\",\"itemListElement\":[{\"@type\":\"ListItem\",\"position\":1,\"name\":\"Home\",\"item\":\"https:\/\/www.gaveanews.com\/\"},{\"@type\":\"ListItem\",\"position\":2,\"name\":\"Atitude da Adidas deixa torcida do Flamengo revoltada; veja rea\u00e7\u00f5es\"}]},{\"@type\":\"WebSite\",\"@id\":\"https:\/\/www.gaveanews.com\/#website\",\"url\":\"https:\/\/www.gaveanews.com\/\",\"name\":\"G\u00e1vea News\",\"description\":\"Veja todas as not\u00edcias sobre o Flamengo: Contrata\u00e7\u00f5es, categorias de base, resultados das partidas, tabela de classifica\u00e7\u00e3o, pr\u00f3ximos jogos!\",\"potentialAction\":[{\"@type\":\"SearchAction\",\"target\":{\"@type\":\"EntryPoint\",\"urlTemplate\":\"https:\/\/www.gaveanews.com\/?s={search_term_string}\"},\"query-input\":{\"@type\":\"PropertyValueSpecification\",\"valueRequired\":true,\"valueName\":\"search_term_string\"}}],\"inLanguage\":\"pt-BR\"},{\"@type\":\"Person\",\"@id\":\"https:\/\/www.gaveanews.com\/#\/schema\/person\/2ec14f73fb96be2caf28f91afb14749d\",\"name\":\"Equipe G\u00e1vea News\",\"image\":{\"@type\":\"ImageObject\",\"inLanguage\":\"pt-BR\",\"@id\":\"https:\/\/www.gaveanews.com\/#\/schema\/person\/image\/\",\"url\":\"https:\/\/secure.gravatar.com\/avatar\/1e1956f1facbffd3f8fa53a326721950116b3b9dc9bd44939c01180fd4a745a9?s=96&d=mm&r=g\",\"contentUrl\":\"https:\/\/secure.gravatar.com\/avatar\/1e1956f1facbffd3f8fa53a326721950116b3b9dc9bd44939c01180fd4a745a9?s=96&d=mm&r=g\",\"caption\":\"Equipe G\u00e1vea News\"}}]}<\/script>\n<!-- \/ Yoast SEO Premium plugin. -->","yoast_head_json":{"title":"Atitude da Adidas deixa torcida do Flamengo revoltada; veja rea\u00e7\u00f5es","robots":{"index":"index","follow":"follow","max-snippet":"max-snippet:-1","max-image-preview":"max-image-preview:large","max-video-preview":"max-video-preview:-1"},"canonical":"https:\/\/www.gaveanews.com\/index.php\/2023\/03\/21\/atitude-da-adidas-deixa-torcida-do-flamengo-revoltada-veja-reacoes\/","og_locale":"pt_BR","og_type":"article","og_title":"Atitude da Adidas deixa torcida do Flamengo revoltada; veja rea\u00e7\u00f5es","og_description":"No come\u00e7o do ano, o Flamengo lan\u00e7ou sua nova camisa para a temporada de 2023, onde a mesma estava custando em torno de R$ 349,99. Por\u00e9m, a Adidas, anunciou que ter\u00e1 um reajuste nos valores no segundo semestre, chegando a R$ 400,00 nas camisas oficiais do time, segundo a R\u00e1dio Itatiaia. O reajuste n\u00e3o ser\u00e1 [&hellip;]","og_url":"https:\/\/www.gaveanews.com\/index.php\/2023\/03\/21\/atitude-da-adidas-deixa-torcida-do-flamengo-revoltada-veja-reacoes\/","og_site_name":"G\u00e1vea News","article_publisher":"https:\/\/facebook.com\/gaveaNews\/","article_published_time":"2023-03-21T17:45:29+00:00","article_modified_time":"2023-03-21T17:51:54+00:00","og_image":[{"width":1200,"height":600,"url":"https:\/\/www.gaveanews.com\/wp-content\/uploads\/2019\/03\/Logomarca-da-Adidas.webp","type":"image\/png"}],"author":"Equipe G\u00e1vea News","twitter_card":"summary_large_image","twitter_misc":{"Escrito por":"Equipe G\u00e1vea News","Est. tempo de leitura":"3 minutos"},"schema":{"@context":"https:\/\/schema.org","@graph":[{"@type":"NewsArticle","@id":"https:\/\/www.gaveanews.com\/index.php\/2023\/03\/21\/atitude-da-adidas-deixa-torcida-do-flamengo-revoltada-veja-reacoes\/#article","isPartOf":{"@id":"https:\/\/www.gaveanews.com\/index.php\/2023\/03\/21\/atitude-da-adidas-deixa-torcida-do-flamengo-revoltada-veja-reacoes\/"},"author":{"name":"Equipe G\u00e1vea News","@id":"https:\/\/www.gaveanews.com\/#\/schema\/person\/2ec14f73fb96be2caf28f91afb14749d"},"headline":"Atitude da Adidas deixa torcida do Flamengo revoltada; veja rea\u00e7\u00f5es","datePublished":"2023-03-21T17:45:29+00:00","dateModified":"2023-03-21T17:51:54+00:00","mainEntityOfPage":{"@id":"https:\/\/www.gaveanews.com\/index.php\/2023\/03\/21\/atitude-da-adidas-deixa-torcida-do-flamengo-revoltada-veja-reacoes\/"},"wordCount":454,"commentCount":0,"image":{"@id":"https:\/\/www.gaveanews.com\/index.php\/2023\/03\/21\/atitude-da-adidas-deixa-torcida-do-flamengo-revoltada-veja-reacoes\/#primaryimage"},"thumbnailUrl":"https:\/\/www.gaveanews.com\/wp-content\/uploads\/2019\/03\/Logomarca-da-Adidas.webp","articleSection":["Flamengo"],"inLanguage":"pt-BR","potentialAction":[{"@type":"CommentAction","name":"Comment","target":["https:\/\/www.gaveanews.com\/index.php\/2023\/03\/21\/atitude-da-adidas-deixa-torcida-do-flamengo-revoltada-veja-reacoes\/#respond"]}],"copyrightYear":"2023","copyrightHolder":{"@id":"https:\/\/www.gaveanews.com\/#organization"}},{"@type":"WebPage","@id":"https:\/\/www.gaveanews.com\/index.php\/2023\/03\/21\/atitude-da-adidas-deixa-torcida-do-flamengo-revoltada-veja-reacoes\/","url":"https:\/\/www.gaveanews.com\/index.php\/2023\/03\/21\/atitude-da-adidas-deixa-torcida-do-flamengo-revoltada-veja-reacoes\/","name":"Atitude da Adidas deixa torcida do Flamengo revoltada; veja rea\u00e7\u00f5es","isPartOf":{"@id":"https:\/\/www.gaveanews.com\/#website"},"primaryImageOfPage":{"@id":"https:\/\/www.gaveanews.com\/index.php\/2023\/03\/21\/atitude-da-adidas-deixa-torcida-do-flamengo-revoltada-veja-reacoes\/#primaryimage"},"image":{"@id":"https:\/\/www.gaveanews.com\/index.php\/2023\/03\/21\/atitude-da-adidas-deixa-torcida-do-flamengo-revoltada-veja-reacoes\/#primaryimage"},"thumbnailUrl":"https:\/\/www.gaveanews.com\/wp-content\/uploads\/2019\/03\/Logomarca-da-Adidas.webp","datePublished":"2023-03-21T17:45:29+00:00","dateModified":"2023-03-21T17:51:54+00:00","author":{"@id":"https:\/\/www.gaveanews.com\/#\/schema\/person\/2ec14f73fb96be2caf28f91afb14749d"},"breadcrumb":{"@id":"https:\/\/www.gaveanews.com\/index.php\/2023\/03\/21\/atitude-da-adidas-deixa-torcida-do-flamengo-revoltada-veja-reacoes\/#breadcrumb"},"inLanguage":"pt-BR","potentialAction":[{"@type":"ReadAction","target":["https:\/\/www.gaveanews.com\/index.php\/2023\/03\/21\/atitude-da-adidas-deixa-torcida-do-flamengo-revoltada-veja-reacoes\/"]}]},{"@type":"ImageObject","inLanguage":"pt-BR","@id":"https:\/\/www.gaveanews.com\/index.php\/2023\/03\/21\/atitude-da-adidas-deixa-torcida-do-flamengo-revoltada-veja-reacoes\/#primaryimage","url":"https:\/\/www.gaveanews.com\/wp-content\/uploads\/2019\/03\/Logomarca-da-Adidas.webp","contentUrl":"https:\/\/www.gaveanews.com\/wp-content\/uploads\/2019\/03\/Logomarca-da-Adidas.webp","width":1200,"height":600,"caption":"Logomarca da Adidas (Foto: Reprodu\u00e7\u00e3o)"},{"@type":"BreadcrumbList","@id":"https:\/\/www.gaveanews.com\/index.php\/2023\/03\/21\/atitude-da-adidas-deixa-torcida-do-flamengo-revoltada-veja-reacoes\/#breadcrumb","itemListElement":[{"@type":"ListItem","position":1,"name":"Home","item":"https:\/\/www.gaveanews.com\/"},{"@type":"ListItem","position":2,"name":"Atitude da Adidas deixa torcida do Flamengo revoltada; veja rea\u00e7\u00f5es"}]},{"@type":"WebSite","@id":"https:\/\/www.gaveanews.com\/#website","url":"https:\/\/www.gaveanews.com\/","name":"G\u00e1vea News","description":"Veja todas as not\u00edcias sobre o Flamengo: Contrata\u00e7\u00f5es, categorias de base, resultados das partidas, tabela de classifica\u00e7\u00e3o, pr\u00f3ximos jogos!","potentialAction":[{"@type":"SearchAction","target":{"@type":"EntryPoint","urlTemplate":"https:\/\/www.gaveanews.com\/?s={search_term_string}"},"query-input":{"@type":"PropertyValueSpecification","valueRequired":true,"valueName":"search_term_string"}}],"inLanguage":"pt-BR"},{"@type":"Person","@id":"https:\/\/www.gaveanews.com\/#\/schema\/person\/2ec14f73fb96be2caf28f91afb14749d","name":"Equipe G\u00e1vea News","image":{"@type":"ImageObject","inLanguage":"pt-BR","@id":"https:\/\/www.gaveanews.com\/#\/schema\/person\/image\/","url":"https:\/\/secure.gravatar.com\/avatar\/1e1956f1facbffd3f8fa53a326721950116b3b9dc9bd44939c01180fd4a745a9?s=96&d=mm&r=g","contentUrl":"https:\/\/secure.gravatar.com\/avatar\/1e1956f1facbffd3f8fa53a326721950116b3b9dc9bd44939c01180fd4a745a9?s=96&d=mm&r=g","caption":"Equipe G\u00e1vea News"}}]}},"_links":{"self":[{"href":"https:\/\/www.gaveanews.com\/index.php\/wp-json\/wp\/v2\/posts\/95781","targetHints":{"allow":["GET"]}}],"collection":[{"href":"https:\/\/www.gaveanews.com\/index.php\/wp-json\/wp\/v2\/posts"}],"about":[{"href":"https:\/\/www.gaveanews.com\/index.php\/wp-json\/wp\/v2\/types\/post"}],"author":[{"embeddable":true,"href":"https:\/\/www.gaveanews.com\/index.php\/wp-json\/wp\/v2\/users\/1"}],"replies":[{"embeddable":true,"href":"https:\/\/www.gaveanews.com\/index.php\/wp-json\/wp\/v2\/comments?post=95781"}],"version-history":[{"count":0,"href":"https:\/\/www.gaveanews.com\/index.php\/wp-json\/wp\/v2\/posts\/95781\/revisions"}],"wp:featuredmedia":[{"embeddable":true,"href":"https:\/\/www.gaveanews.com\/index.php\/wp-json\/wp\/v2\/media\/16214"}],"wp:attachment":[{"href":"https:\/\/www.gaveanews.com\/index.php\/wp-json\/wp\/v2\/media?parent=95781"}],"wp:term":[{"taxonomy":"category","embeddable":true,"href":"https:\/\/www.gaveanews.com\/index.php\/wp-json\/wp\/v2\/categories?post=95781"},{"taxonomy":"post_tag","embeddable":true,"href":"https:\/\/www.gaveanews.com\/index.php\/wp-json\/wp\/v2\/tags?post=95781"}],"curies":[{"name":"wp","href":"https:\/\/api.w.org\/{rel}","templated":true}]}}