{"id":95788,"date":"2023-03-21T16:02:50","date_gmt":"2023-03-21T19:02:50","guid":{"rendered":"https:\/\/www.gaveanews.com\/?p=95788"},"modified":"2023-03-21T16:03:19","modified_gmt":"2023-03-21T19:03:19","slug":"flamengo-bate-recorde-de-participacoes-consecutivas-na-copa-libertadores","status":"publish","type":"post","link":"https:\/\/www.gaveanews.com\/index.php\/2023\/03\/21\/flamengo-bate-recorde-de-participacoes-consecutivas-na-copa-libertadores\/","title":{"rendered":"Flamengo bate recorde de participa\u00e7\u00f5es consecutivas na Copa Libertadores"},"content":{"rendered":"\n<p>O atual campe\u00e3o da Libertadores, o Flamengo, entra na competi\u00e7\u00e3o continental, visando o seu<br>tetracampeonato. Nunca antes alcan\u00e7ado tal feito, o Rubro-Negro ter\u00e1 sua s\u00e9tima<br>participa\u00e7\u00e3o seguida no torneio mais disputado da Am\u00e9rica.<\/p>\n\n\n\n<p>O Flamengo \u00e9 presen\u00e7a garantida desde o ano de 2017 na Libertadores da Am\u00e9rica,<br>levando pra casa dois t\u00edtulos e um vice-campeonato.<\/p>\n\n\n\n<p>Dessa forma, vale enfatizar que o Rubro Negro chega ao marco de segundo time do Brasil<br>com o maior n\u00famero de participa\u00e7\u00f5es da competi\u00e7\u00e3o, ficando atr\u00e1s somente do Palmeiras, que conta com 8 .<\/p>\n\n\n\n<p>Visto como um dos grandes favoritos para esse ano de 2023, o time da G\u00e1vea precisa acertar alguns detalhes delicados que podem vir a pesar no seu desempenho, como V\u00edtor Pereira, que<br>mesmo com apoio da diretoria est\u00e1 na \u00b4corda bamba\u00b4 na equipe carioca.<\/p>\n\n\n\n<p>Atualmente, o Flamengo, que divide o posto com S\u00e3o Paulo, Santos, Gr\u00eamio e Palmeiras, todos com 3 t\u00edtulos cada. <\/p>\n\n\n\n<p>Somente o Alviverde e o Rubro Negro disputam esse ano, podendo ser uma motiva\u00e7ao a mais para o time se destacar e sair na frente dos advers\u00e1rios. Levando em conta que o Maracan\u00e3 j\u00e1 \u00e9 um ponto positivo para o time sair em vantagem, pois o est\u00e1dio foi o escolhido pela Conmebol para ser o palco da grande final da Libertadores, no dia 11 de novembro.<\/p>\n","protected":false},"excerpt":{"rendered":"<p>O atual campe\u00e3o da Libertadores, o Flamengo, entra na competi\u00e7\u00e3o continental, visando o seutetracampeonato. Nunca antes alcan\u00e7ado tal feito, o Rubro-Negro ter\u00e1 sua s\u00e9timaparticipa\u00e7\u00e3o seguida no torneio mais disputado da Am\u00e9rica. O Flamengo \u00e9 presen\u00e7a garantida desde o ano de 2017 na Libertadores da Am\u00e9rica,levando pra casa dois t\u00edtulos e um vice-campeonato. Dessa forma, vale [&hellip;]<\/p>\n","protected":false},"author":1,"featured_media":90054,"comment_status":"open","ping_status":"closed","sticky":false,"template":"","format":"standard","meta":{"footnotes":""},"categories":[1],"tags":[],"class_list":["post-95788","post","type-post","status-publish","format-standard","has-post-thumbnail","hentry","category-flamengo"],"yoast_head":"<!-- This site is optimized with the Yoast SEO Premium plugin v24.2 (Yoast SEO v26.9) - https:\/\/yoast.com\/product\/yoast-seo-premium-wordpress\/ -->\n<title>Flamengo bate recorde de participa\u00e7\u00f5es consecutivas na Copa Libertadores<\/title>\n<meta name=\"robots\" content=\"index, follow, max-snippet:-1, max-image-preview:large, max-video-preview:-1\" \/>\n<link rel=\"canonical\" href=\"https:\/\/www.gaveanews.com\/index.php\/2023\/03\/21\/flamengo-bate-recorde-de-participacoes-consecutivas-na-copa-libertadores\/\" \/>\n<meta property=\"og:locale\" content=\"pt_BR\" \/>\n<meta property=\"og:type\" content=\"article\" \/>\n<meta property=\"og:title\" content=\"Flamengo bate recorde de participa\u00e7\u00f5es consecutivas na Copa Libertadores\" \/>\n<meta property=\"og:description\" content=\"O atual campe\u00e3o da Libertadores, o Flamengo, entra na competi\u00e7\u00e3o continental, visando o seutetracampeonato. Nunca antes alcan\u00e7ado tal feito, o Rubro-Negro ter\u00e1 sua s\u00e9timaparticipa\u00e7\u00e3o seguida no torneio mais disputado da Am\u00e9rica. O Flamengo \u00e9 presen\u00e7a garantida desde o ano de 2017 na Libertadores da Am\u00e9rica,levando pra casa dois t\u00edtulos e um vice-campeonato. Dessa forma, vale [&hellip;]\" \/>\n<meta property=\"og:url\" content=\"https:\/\/www.gaveanews.com\/index.php\/2023\/03\/21\/flamengo-bate-recorde-de-participacoes-consecutivas-na-copa-libertadores\/\" \/>\n<meta property=\"og:site_name\" content=\"G\u00e1vea News\" \/>\n<meta property=\"article:publisher\" content=\"https:\/\/facebook.com\/gaveaNews\/\" \/>\n<meta property=\"article:published_time\" content=\"2023-03-21T19:02:50+00:00\" \/>\n<meta property=\"article:modified_time\" content=\"2023-03-21T19:03:19+00:00\" \/>\n<meta property=\"og:image\" content=\"https:\/\/www.gaveanews.com\/wp-content\/uploads\/Taca-Libertadores-da-America.webp\" \/>\n\t<meta property=\"og:image:width\" content=\"799\" \/>\n\t<meta property=\"og:image:height\" content=\"533\" \/>\n\t<meta property=\"og:image:type\" content=\"image\/jpeg\" \/>\n<meta name=\"author\" content=\"Equipe G\u00e1vea News\" \/>\n<meta name=\"twitter:card\" content=\"summary_large_image\" \/>\n<meta name=\"twitter:label1\" content=\"Escrito por\" \/>\n\t<meta name=\"twitter:data1\" content=\"Equipe G\u00e1vea News\" \/>\n\t<meta name=\"twitter:label2\" content=\"Est. tempo de leitura\" \/>\n\t<meta name=\"twitter:data2\" content=\"2 minutos\" \/>\n<script type=\"application\/ld+json\" class=\"yoast-schema-graph\">{\"@context\":\"https:\/\/schema.org\",\"@graph\":[{\"@type\":\"NewsArticle\",\"@id\":\"https:\/\/www.gaveanews.com\/index.php\/2023\/03\/21\/flamengo-bate-recorde-de-participacoes-consecutivas-na-copa-libertadores\/#article\",\"isPartOf\":{\"@id\":\"https:\/\/www.gaveanews.com\/index.php\/2023\/03\/21\/flamengo-bate-recorde-de-participacoes-consecutivas-na-copa-libertadores\/\"},\"author\":{\"name\":\"Equipe G\u00e1vea News\",\"@id\":\"https:\/\/www.gaveanews.com\/#\/schema\/person\/2ec14f73fb96be2caf28f91afb14749d\"},\"headline\":\"Flamengo bate recorde de participa\u00e7\u00f5es consecutivas na Copa Libertadores\",\"datePublished\":\"2023-03-21T19:02:50+00:00\",\"dateModified\":\"2023-03-21T19:03:19+00:00\",\"mainEntityOfPage\":{\"@id\":\"https:\/\/www.gaveanews.com\/index.php\/2023\/03\/21\/flamengo-bate-recorde-de-participacoes-consecutivas-na-copa-libertadores\/\"},\"wordCount\":237,\"commentCount\":0,\"image\":{\"@id\":\"https:\/\/www.gaveanews.com\/index.php\/2023\/03\/21\/flamengo-bate-recorde-de-participacoes-consecutivas-na-copa-libertadores\/#primaryimage\"},\"thumbnailUrl\":\"https:\/\/www.gaveanews.com\/wp-content\/uploads\/Taca-Libertadores-da-America.webp\",\"articleSection\":[\"Flamengo\"],\"inLanguage\":\"pt-BR\",\"potentialAction\":[{\"@type\":\"CommentAction\",\"name\":\"Comment\",\"target\":[\"https:\/\/www.gaveanews.com\/index.php\/2023\/03\/21\/flamengo-bate-recorde-de-participacoes-consecutivas-na-copa-libertadores\/#respond\"]}],\"copyrightYear\":\"2023\",\"copyrightHolder\":{\"@id\":\"https:\/\/www.gaveanews.com\/#organization\"}},{\"@type\":\"WebPage\",\"@id\":\"https:\/\/www.gaveanews.com\/index.php\/2023\/03\/21\/flamengo-bate-recorde-de-participacoes-consecutivas-na-copa-libertadores\/\",\"url\":\"https:\/\/www.gaveanews.com\/index.php\/2023\/03\/21\/flamengo-bate-recorde-de-participacoes-consecutivas-na-copa-libertadores\/\",\"name\":\"Flamengo bate recorde de participa\u00e7\u00f5es consecutivas na Copa Libertadores\",\"isPartOf\":{\"@id\":\"https:\/\/www.gaveanews.com\/#website\"},\"primaryImageOfPage\":{\"@id\":\"https:\/\/www.gaveanews.com\/index.php\/2023\/03\/21\/flamengo-bate-recorde-de-participacoes-consecutivas-na-copa-libertadores\/#primaryimage\"},\"image\":{\"@id\":\"https:\/\/www.gaveanews.com\/index.php\/2023\/03\/21\/flamengo-bate-recorde-de-participacoes-consecutivas-na-copa-libertadores\/#primaryimage\"},\"thumbnailUrl\":\"https:\/\/www.gaveanews.com\/wp-content\/uploads\/Taca-Libertadores-da-America.webp\",\"datePublished\":\"2023-03-21T19:02:50+00:00\",\"dateModified\":\"2023-03-21T19:03:19+00:00\",\"author\":{\"@id\":\"https:\/\/www.gaveanews.com\/#\/schema\/person\/2ec14f73fb96be2caf28f91afb14749d\"},\"breadcrumb\":{\"@id\":\"https:\/\/www.gaveanews.com\/index.php\/2023\/03\/21\/flamengo-bate-recorde-de-participacoes-consecutivas-na-copa-libertadores\/#breadcrumb\"},\"inLanguage\":\"pt-BR\",\"potentialAction\":[{\"@type\":\"ReadAction\",\"target\":[\"https:\/\/www.gaveanews.com\/index.php\/2023\/03\/21\/flamengo-bate-recorde-de-participacoes-consecutivas-na-copa-libertadores\/\"]}]},{\"@type\":\"ImageObject\",\"inLanguage\":\"pt-BR\",\"@id\":\"https:\/\/www.gaveanews.com\/index.php\/2023\/03\/21\/flamengo-bate-recorde-de-participacoes-consecutivas-na-copa-libertadores\/#primaryimage\",\"url\":\"https:\/\/www.gaveanews.com\/wp-content\/uploads\/Taca-Libertadores-da-America.webp\",\"contentUrl\":\"https:\/\/www.gaveanews.com\/wp-content\/uploads\/Taca-Libertadores-da-America.webp\",\"width\":799,\"height\":533,\"caption\":\"Ta\u00e7a da Copa Libertadores da Am\u00e9rica (Foto: Gilvan de Souza\/Flamengo)\"},{\"@type\":\"BreadcrumbList\",\"@id\":\"https:\/\/www.gaveanews.com\/index.php\/2023\/03\/21\/flamengo-bate-recorde-de-participacoes-consecutivas-na-copa-libertadores\/#breadcrumb\",\"itemListElement\":[{\"@type\":\"ListItem\",\"position\":1,\"name\":\"Home\",\"item\":\"https:\/\/www.gaveanews.com\/\"},{\"@type\":\"ListItem\",\"position\":2,\"name\":\"Flamengo bate recorde de participa\u00e7\u00f5es consecutivas na Copa Libertadores\"}]},{\"@type\":\"WebSite\",\"@id\":\"https:\/\/www.gaveanews.com\/#website\",\"url\":\"https:\/\/www.gaveanews.com\/\",\"name\":\"G\u00e1vea News\",\"description\":\"Veja todas as not\u00edcias sobre o Flamengo: Contrata\u00e7\u00f5es, categorias de base, resultados das partidas, tabela de classifica\u00e7\u00e3o, pr\u00f3ximos jogos!\",\"potentialAction\":[{\"@type\":\"SearchAction\",\"target\":{\"@type\":\"EntryPoint\",\"urlTemplate\":\"https:\/\/www.gaveanews.com\/?s={search_term_string}\"},\"query-input\":{\"@type\":\"PropertyValueSpecification\",\"valueRequired\":true,\"valueName\":\"search_term_string\"}}],\"inLanguage\":\"pt-BR\"},{\"@type\":\"Person\",\"@id\":\"https:\/\/www.gaveanews.com\/#\/schema\/person\/2ec14f73fb96be2caf28f91afb14749d\",\"name\":\"Equipe G\u00e1vea News\",\"image\":{\"@type\":\"ImageObject\",\"inLanguage\":\"pt-BR\",\"@id\":\"https:\/\/www.gaveanews.com\/#\/schema\/person\/image\/\",\"url\":\"https:\/\/secure.gravatar.com\/avatar\/1e1956f1facbffd3f8fa53a326721950116b3b9dc9bd44939c01180fd4a745a9?s=96&d=mm&r=g\",\"contentUrl\":\"https:\/\/secure.gravatar.com\/avatar\/1e1956f1facbffd3f8fa53a326721950116b3b9dc9bd44939c01180fd4a745a9?s=96&d=mm&r=g\",\"caption\":\"Equipe G\u00e1vea News\"}}]}<\/script>\n<!-- \/ Yoast SEO Premium plugin. -->","yoast_head_json":{"title":"Flamengo bate recorde de participa\u00e7\u00f5es consecutivas na Copa Libertadores","robots":{"index":"index","follow":"follow","max-snippet":"max-snippet:-1","max-image-preview":"max-image-preview:large","max-video-preview":"max-video-preview:-1"},"canonical":"https:\/\/www.gaveanews.com\/index.php\/2023\/03\/21\/flamengo-bate-recorde-de-participacoes-consecutivas-na-copa-libertadores\/","og_locale":"pt_BR","og_type":"article","og_title":"Flamengo bate recorde de participa\u00e7\u00f5es consecutivas na Copa Libertadores","og_description":"O atual campe\u00e3o da Libertadores, o Flamengo, entra na competi\u00e7\u00e3o continental, visando o seutetracampeonato. Nunca antes alcan\u00e7ado tal feito, o Rubro-Negro ter\u00e1 sua s\u00e9timaparticipa\u00e7\u00e3o seguida no torneio mais disputado da Am\u00e9rica. O Flamengo \u00e9 presen\u00e7a garantida desde o ano de 2017 na Libertadores da Am\u00e9rica,levando pra casa dois t\u00edtulos e um vice-campeonato. Dessa forma, vale [&hellip;]","og_url":"https:\/\/www.gaveanews.com\/index.php\/2023\/03\/21\/flamengo-bate-recorde-de-participacoes-consecutivas-na-copa-libertadores\/","og_site_name":"G\u00e1vea News","article_publisher":"https:\/\/facebook.com\/gaveaNews\/","article_published_time":"2023-03-21T19:02:50+00:00","article_modified_time":"2023-03-21T19:03:19+00:00","og_image":[{"width":799,"height":533,"url":"https:\/\/www.gaveanews.com\/wp-content\/uploads\/Taca-Libertadores-da-America.webp","type":"image\/jpeg"}],"author":"Equipe G\u00e1vea News","twitter_card":"summary_large_image","twitter_misc":{"Escrito por":"Equipe G\u00e1vea News","Est. tempo de leitura":"2 minutos"},"schema":{"@context":"https:\/\/schema.org","@graph":[{"@type":"NewsArticle","@id":"https:\/\/www.gaveanews.com\/index.php\/2023\/03\/21\/flamengo-bate-recorde-de-participacoes-consecutivas-na-copa-libertadores\/#article","isPartOf":{"@id":"https:\/\/www.gaveanews.com\/index.php\/2023\/03\/21\/flamengo-bate-recorde-de-participacoes-consecutivas-na-copa-libertadores\/"},"author":{"name":"Equipe G\u00e1vea News","@id":"https:\/\/www.gaveanews.com\/#\/schema\/person\/2ec14f73fb96be2caf28f91afb14749d"},"headline":"Flamengo bate recorde de participa\u00e7\u00f5es consecutivas na Copa Libertadores","datePublished":"2023-03-21T19:02:50+00:00","dateModified":"2023-03-21T19:03:19+00:00","mainEntityOfPage":{"@id":"https:\/\/www.gaveanews.com\/index.php\/2023\/03\/21\/flamengo-bate-recorde-de-participacoes-consecutivas-na-copa-libertadores\/"},"wordCount":237,"commentCount":0,"image":{"@id":"https:\/\/www.gaveanews.com\/index.php\/2023\/03\/21\/flamengo-bate-recorde-de-participacoes-consecutivas-na-copa-libertadores\/#primaryimage"},"thumbnailUrl":"https:\/\/www.gaveanews.com\/wp-content\/uploads\/Taca-Libertadores-da-America.webp","articleSection":["Flamengo"],"inLanguage":"pt-BR","potentialAction":[{"@type":"CommentAction","name":"Comment","target":["https:\/\/www.gaveanews.com\/index.php\/2023\/03\/21\/flamengo-bate-recorde-de-participacoes-consecutivas-na-copa-libertadores\/#respond"]}],"copyrightYear":"2023","copyrightHolder":{"@id":"https:\/\/www.gaveanews.com\/#organization"}},{"@type":"WebPage","@id":"https:\/\/www.gaveanews.com\/index.php\/2023\/03\/21\/flamengo-bate-recorde-de-participacoes-consecutivas-na-copa-libertadores\/","url":"https:\/\/www.gaveanews.com\/index.php\/2023\/03\/21\/flamengo-bate-recorde-de-participacoes-consecutivas-na-copa-libertadores\/","name":"Flamengo bate recorde de participa\u00e7\u00f5es consecutivas na Copa Libertadores","isPartOf":{"@id":"https:\/\/www.gaveanews.com\/#website"},"primaryImageOfPage":{"@id":"https:\/\/www.gaveanews.com\/index.php\/2023\/03\/21\/flamengo-bate-recorde-de-participacoes-consecutivas-na-copa-libertadores\/#primaryimage"},"image":{"@id":"https:\/\/www.gaveanews.com\/index.php\/2023\/03\/21\/flamengo-bate-recorde-de-participacoes-consecutivas-na-copa-libertadores\/#primaryimage"},"thumbnailUrl":"https:\/\/www.gaveanews.com\/wp-content\/uploads\/Taca-Libertadores-da-America.webp","datePublished":"2023-03-21T19:02:50+00:00","dateModified":"2023-03-21T19:03:19+00:00","author":{"@id":"https:\/\/www.gaveanews.com\/#\/schema\/person\/2ec14f73fb96be2caf28f91afb14749d"},"breadcrumb":{"@id":"https:\/\/www.gaveanews.com\/index.php\/2023\/03\/21\/flamengo-bate-recorde-de-participacoes-consecutivas-na-copa-libertadores\/#breadcrumb"},"inLanguage":"pt-BR","potentialAction":[{"@type":"ReadAction","target":["https:\/\/www.gaveanews.com\/index.php\/2023\/03\/21\/flamengo-bate-recorde-de-participacoes-consecutivas-na-copa-libertadores\/"]}]},{"@type":"ImageObject","inLanguage":"pt-BR","@id":"https:\/\/www.gaveanews.com\/index.php\/2023\/03\/21\/flamengo-bate-recorde-de-participacoes-consecutivas-na-copa-libertadores\/#primaryimage","url":"https:\/\/www.gaveanews.com\/wp-content\/uploads\/Taca-Libertadores-da-America.webp","contentUrl":"https:\/\/www.gaveanews.com\/wp-content\/uploads\/Taca-Libertadores-da-America.webp","width":799,"height":533,"caption":"Ta\u00e7a da Copa Libertadores da Am\u00e9rica (Foto: Gilvan de Souza\/Flamengo)"},{"@type":"BreadcrumbList","@id":"https:\/\/www.gaveanews.com\/index.php\/2023\/03\/21\/flamengo-bate-recorde-de-participacoes-consecutivas-na-copa-libertadores\/#breadcrumb","itemListElement":[{"@type":"ListItem","position":1,"name":"Home","item":"https:\/\/www.gaveanews.com\/"},{"@type":"ListItem","position":2,"name":"Flamengo bate recorde de participa\u00e7\u00f5es consecutivas na Copa Libertadores"}]},{"@type":"WebSite","@id":"https:\/\/www.gaveanews.com\/#website","url":"https:\/\/www.gaveanews.com\/","name":"G\u00e1vea News","description":"Veja todas as not\u00edcias sobre o Flamengo: Contrata\u00e7\u00f5es, categorias de base, resultados das partidas, tabela de classifica\u00e7\u00e3o, pr\u00f3ximos jogos!","potentialAction":[{"@type":"SearchAction","target":{"@type":"EntryPoint","urlTemplate":"https:\/\/www.gaveanews.com\/?s={search_term_string}"},"query-input":{"@type":"PropertyValueSpecification","valueRequired":true,"valueName":"search_term_string"}}],"inLanguage":"pt-BR"},{"@type":"Person","@id":"https:\/\/www.gaveanews.com\/#\/schema\/person\/2ec14f73fb96be2caf28f91afb14749d","name":"Equipe G\u00e1vea News","image":{"@type":"ImageObject","inLanguage":"pt-BR","@id":"https:\/\/www.gaveanews.com\/#\/schema\/person\/image\/","url":"https:\/\/secure.gravatar.com\/avatar\/1e1956f1facbffd3f8fa53a326721950116b3b9dc9bd44939c01180fd4a745a9?s=96&d=mm&r=g","contentUrl":"https:\/\/secure.gravatar.com\/avatar\/1e1956f1facbffd3f8fa53a326721950116b3b9dc9bd44939c01180fd4a745a9?s=96&d=mm&r=g","caption":"Equipe G\u00e1vea News"}}]}},"_links":{"self":[{"href":"https:\/\/www.gaveanews.com\/index.php\/wp-json\/wp\/v2\/posts\/95788","targetHints":{"allow":["GET"]}}],"collection":[{"href":"https:\/\/www.gaveanews.com\/index.php\/wp-json\/wp\/v2\/posts"}],"about":[{"href":"https:\/\/www.gaveanews.com\/index.php\/wp-json\/wp\/v2\/types\/post"}],"author":[{"embeddable":true,"href":"https:\/\/www.gaveanews.com\/index.php\/wp-json\/wp\/v2\/users\/1"}],"replies":[{"embeddable":true,"href":"https:\/\/www.gaveanews.com\/index.php\/wp-json\/wp\/v2\/comments?post=95788"}],"version-history":[{"count":0,"href":"https:\/\/www.gaveanews.com\/index.php\/wp-json\/wp\/v2\/posts\/95788\/revisions"}],"wp:featuredmedia":[{"embeddable":true,"href":"https:\/\/www.gaveanews.com\/index.php\/wp-json\/wp\/v2\/media\/90054"}],"wp:attachment":[{"href":"https:\/\/www.gaveanews.com\/index.php\/wp-json\/wp\/v2\/media?parent=95788"}],"wp:term":[{"taxonomy":"category","embeddable":true,"href":"https:\/\/www.gaveanews.com\/index.php\/wp-json\/wp\/v2\/categories?post=95788"},{"taxonomy":"post_tag","embeddable":true,"href":"https:\/\/www.gaveanews.com\/index.php\/wp-json\/wp\/v2\/tags?post=95788"}],"curies":[{"name":"wp","href":"https:\/\/api.w.org\/{rel}","templated":true}]}}