{"id":95795,"date":"2023-03-21T18:07:20","date_gmt":"2023-03-21T21:07:20","guid":{"rendered":"https:\/\/www.gaveanews.com\/?p=95795"},"modified":"2024-04-06T23:56:39","modified_gmt":"2024-04-07T02:56:39","slug":"conselheiros-do-flamengo-articulam-mudanca-no-estatuto-para-favorecer-landim","status":"publish","type":"post","link":"https:\/\/www.gaveanews.com\/index.php\/2023\/03\/21\/conselheiros-do-flamengo-articulam-mudanca-no-estatuto-para-favorecer-landim\/","title":{"rendered":"Conselheiros do Flamengo articulam mudan\u00e7a no estatuto para favorecer Landim"},"content":{"rendered":"\n<p>Uma mudan\u00e7a importante pode ser implementada no estatuto do Flamengo. Nos bastidores do clube, conselheiros desejam tentar aumentar o per\u00edodo de mandato dos presidentes de tr\u00eas para quatro anos, de acordo com o jornal O Globo.<\/p>\n\n\n\n<p>A mudan\u00e7a poderia beneficiar, em efeito imediato, Rodolfo Landim, cujo segundo mandato se iniciou em janeiro de 2022 e se encerra, atualmente, em dezembro de 2024.<\/p>\n\n\n\n<p>Em entrevista ao Lance, Landim se posicionou sobre a possibilidade de mudan\u00e7a, sem afirmar se \u00e9 favor\u00e1vel ou n\u00e3o.<\/p>\n\n\n\n<p>\u201cDe fato, alguns conselheiros j\u00e1 conversaram superficialmente comigo sobre essa ideia, mas desconhe\u00e7o se tomaram alguma iniciativa no sentido de propor a mudan\u00e7a \u00e0 comiss\u00e3o de estatuto do Conselho Deliberativo. Isto teria que ser conversado e amadurecido com os grupos de apoio\u201d, afirmou.<\/p>\n\n\n\n<p>A possibilidade de mudan\u00e7a n\u00e3o \u00e9 uma discuss\u00e3o nova dentro do clube. A grande pol\u00eamica neste momento \u00e9 sobre a possibilidade de mudan\u00e7a j\u00e1 valer para o mandato atual de Rodolfo Landim ou se passaria somente para o pr\u00f3ximo presidente.<\/p>\n\n\n\n<p>Vale lembrar que, por estar em seu segundo mandato, Landim n\u00e3o poder\u00e1 concorrer a uma nova reelei\u00e7\u00e3o, segundo o estatuto do clube.<\/p>\n\n\n\n<p>Rodolfo Landim foi eleito no fim de 2018 em uma uni\u00e3o de grupos no clube ap\u00f3s dois mandatos de Eduardo Bandeira de Mello, grande rival do atual mandat\u00e1rio. No entanto, parte do grupo pol\u00edtico que fortaleceu a campanha de Landim se dividiu com o passar dos anos.<\/p>\n\n\n\n<p>Atual presidente do Conselho de Administra\u00e7\u00e3o, Luiz Eduardo Baptista, o BAP, que era um dos nomes mais importantes da atual gest\u00e3o, vai se candidatar fora do atual grupo, que tem a promessa feita j\u00e1 em 2018 de que Rodrigo Dunshee, atual vice-geral, seria o candidato apoiado por Landim.<\/p>\n\n\n\n<p>Retirado de: ESPN<\/p>\n","protected":false},"excerpt":{"rendered":"<p>Uma mudan\u00e7a importante pode ser implementada no estatuto do Flamengo. Nos bastidores do clube, conselheiros desejam tentar aumentar o per\u00edodo de mandato dos presidentes de tr\u00eas para quatro anos, de acordo com o jornal O Globo. A mudan\u00e7a poderia beneficiar, em efeito imediato, Rodolfo Landim, cujo segundo mandato se iniciou em janeiro de 2022 e [&hellip;]<\/p>\n","protected":false},"author":1,"featured_media":64406,"comment_status":"open","ping_status":"closed","sticky":false,"template":"","format":"standard","meta":{"footnotes":""},"categories":[1],"tags":[172],"class_list":["post-95795","post","type-post","status-publish","format-standard","has-post-thumbnail","hentry","category-flamengo","tag-luiz-rodolfo-landim-machado"],"yoast_head":"<!-- This site is optimized with the Yoast SEO Premium plugin v24.2 (Yoast SEO v26.9) - https:\/\/yoast.com\/product\/yoast-seo-premium-wordpress\/ -->\n<title>Conselheiros do Flamengo articulam mudan\u00e7a no estatuto para favorecer Landim<\/title>\n<meta name=\"robots\" content=\"index, follow, max-snippet:-1, max-image-preview:large, max-video-preview:-1\" \/>\n<link rel=\"canonical\" href=\"https:\/\/www.gaveanews.com\/index.php\/2023\/03\/21\/conselheiros-do-flamengo-articulam-mudanca-no-estatuto-para-favorecer-landim\/\" \/>\n<meta property=\"og:locale\" content=\"pt_BR\" \/>\n<meta property=\"og:type\" content=\"article\" \/>\n<meta property=\"og:title\" content=\"Conselheiros do Flamengo articulam mudan\u00e7a no estatuto para favorecer Landim\" \/>\n<meta property=\"og:description\" content=\"Uma mudan\u00e7a importante pode ser implementada no estatuto do Flamengo. Nos bastidores do clube, conselheiros desejam tentar aumentar o per\u00edodo de mandato dos presidentes de tr\u00eas para quatro anos, de acordo com o jornal O Globo. A mudan\u00e7a poderia beneficiar, em efeito imediato, Rodolfo Landim, cujo segundo mandato se iniciou em janeiro de 2022 e [&hellip;]\" \/>\n<meta property=\"og:url\" content=\"https:\/\/www.gaveanews.com\/index.php\/2023\/03\/21\/conselheiros-do-flamengo-articulam-mudanca-no-estatuto-para-favorecer-landim\/\" \/>\n<meta property=\"og:site_name\" content=\"G\u00e1vea News\" \/>\n<meta property=\"article:publisher\" content=\"https:\/\/facebook.com\/gaveaNews\/\" \/>\n<meta property=\"article:published_time\" content=\"2023-03-21T21:07:20+00:00\" \/>\n<meta property=\"article:modified_time\" content=\"2024-04-07T02:56:39+00:00\" \/>\n<meta property=\"og:image\" content=\"https:\/\/www.gaveanews.com\/wp-content\/uploads\/Rodolfo-Landim-em-entrevista-coletiva-no-Ninho-do-Urubu.webp\" \/>\n\t<meta property=\"og:image:width\" content=\"799\" \/>\n\t<meta property=\"og:image:height\" content=\"532\" \/>\n\t<meta property=\"og:image:type\" content=\"image\/jpeg\" \/>\n<meta name=\"author\" content=\"Equipe G\u00e1vea News\" \/>\n<meta name=\"twitter:card\" content=\"summary_large_image\" \/>\n<meta name=\"twitter:label1\" content=\"Escrito por\" \/>\n\t<meta name=\"twitter:data1\" content=\"Equipe G\u00e1vea News\" \/>\n\t<meta name=\"twitter:label2\" content=\"Est. tempo de leitura\" \/>\n\t<meta name=\"twitter:data2\" content=\"2 minutos\" \/>\n<script type=\"application\/ld+json\" class=\"yoast-schema-graph\">{\"@context\":\"https:\/\/schema.org\",\"@graph\":[{\"@type\":\"NewsArticle\",\"@id\":\"https:\/\/www.gaveanews.com\/index.php\/2023\/03\/21\/conselheiros-do-flamengo-articulam-mudanca-no-estatuto-para-favorecer-landim\/#article\",\"isPartOf\":{\"@id\":\"https:\/\/www.gaveanews.com\/index.php\/2023\/03\/21\/conselheiros-do-flamengo-articulam-mudanca-no-estatuto-para-favorecer-landim\/\"},\"author\":{\"name\":\"Equipe G\u00e1vea News\",\"@id\":\"https:\/\/www.gaveanews.com\/#\/schema\/person\/2ec14f73fb96be2caf28f91afb14749d\"},\"headline\":\"Conselheiros do Flamengo articulam mudan\u00e7a no estatuto para favorecer Landim\",\"datePublished\":\"2023-03-21T21:07:20+00:00\",\"dateModified\":\"2024-04-07T02:56:39+00:00\",\"mainEntityOfPage\":{\"@id\":\"https:\/\/www.gaveanews.com\/index.php\/2023\/03\/21\/conselheiros-do-flamengo-articulam-mudanca-no-estatuto-para-favorecer-landim\/\"},\"wordCount\":311,\"commentCount\":0,\"image\":{\"@id\":\"https:\/\/www.gaveanews.com\/index.php\/2023\/03\/21\/conselheiros-do-flamengo-articulam-mudanca-no-estatuto-para-favorecer-landim\/#primaryimage\"},\"thumbnailUrl\":\"https:\/\/www.gaveanews.com\/wp-content\/uploads\/Rodolfo-Landim-em-entrevista-coletiva-no-Ninho-do-Urubu.webp\",\"keywords\":[\"Luiz Rodolfo Landim Machado\"],\"articleSection\":[\"Flamengo\"],\"inLanguage\":\"pt-BR\",\"potentialAction\":[{\"@type\":\"CommentAction\",\"name\":\"Comment\",\"target\":[\"https:\/\/www.gaveanews.com\/index.php\/2023\/03\/21\/conselheiros-do-flamengo-articulam-mudanca-no-estatuto-para-favorecer-landim\/#respond\"]}],\"copyrightYear\":\"2023\",\"copyrightHolder\":{\"@id\":\"https:\/\/www.gaveanews.com\/#organization\"}},{\"@type\":\"WebPage\",\"@id\":\"https:\/\/www.gaveanews.com\/index.php\/2023\/03\/21\/conselheiros-do-flamengo-articulam-mudanca-no-estatuto-para-favorecer-landim\/\",\"url\":\"https:\/\/www.gaveanews.com\/index.php\/2023\/03\/21\/conselheiros-do-flamengo-articulam-mudanca-no-estatuto-para-favorecer-landim\/\",\"name\":\"Conselheiros do Flamengo articulam mudan\u00e7a no estatuto para favorecer Landim\",\"isPartOf\":{\"@id\":\"https:\/\/www.gaveanews.com\/#website\"},\"primaryImageOfPage\":{\"@id\":\"https:\/\/www.gaveanews.com\/index.php\/2023\/03\/21\/conselheiros-do-flamengo-articulam-mudanca-no-estatuto-para-favorecer-landim\/#primaryimage\"},\"image\":{\"@id\":\"https:\/\/www.gaveanews.com\/index.php\/2023\/03\/21\/conselheiros-do-flamengo-articulam-mudanca-no-estatuto-para-favorecer-landim\/#primaryimage\"},\"thumbnailUrl\":\"https:\/\/www.gaveanews.com\/wp-content\/uploads\/Rodolfo-Landim-em-entrevista-coletiva-no-Ninho-do-Urubu.webp\",\"datePublished\":\"2023-03-21T21:07:20+00:00\",\"dateModified\":\"2024-04-07T02:56:39+00:00\",\"author\":{\"@id\":\"https:\/\/www.gaveanews.com\/#\/schema\/person\/2ec14f73fb96be2caf28f91afb14749d\"},\"breadcrumb\":{\"@id\":\"https:\/\/www.gaveanews.com\/index.php\/2023\/03\/21\/conselheiros-do-flamengo-articulam-mudanca-no-estatuto-para-favorecer-landim\/#breadcrumb\"},\"inLanguage\":\"pt-BR\",\"potentialAction\":[{\"@type\":\"ReadAction\",\"target\":[\"https:\/\/www.gaveanews.com\/index.php\/2023\/03\/21\/conselheiros-do-flamengo-articulam-mudanca-no-estatuto-para-favorecer-landim\/\"]}]},{\"@type\":\"ImageObject\",\"inLanguage\":\"pt-BR\",\"@id\":\"https:\/\/www.gaveanews.com\/index.php\/2023\/03\/21\/conselheiros-do-flamengo-articulam-mudanca-no-estatuto-para-favorecer-landim\/#primaryimage\",\"url\":\"https:\/\/www.gaveanews.com\/wp-content\/uploads\/Rodolfo-Landim-em-entrevista-coletiva-no-Ninho-do-Urubu.webp\",\"contentUrl\":\"https:\/\/www.gaveanews.com\/wp-content\/uploads\/Rodolfo-Landim-em-entrevista-coletiva-no-Ninho-do-Urubu.webp\",\"width\":799,\"height\":532,\"caption\":\"Rodolfo Landim em entrevista coletiva no Ninho do Urubu (Foto: Alexandre Vidal\/Flamengo)\"},{\"@type\":\"BreadcrumbList\",\"@id\":\"https:\/\/www.gaveanews.com\/index.php\/2023\/03\/21\/conselheiros-do-flamengo-articulam-mudanca-no-estatuto-para-favorecer-landim\/#breadcrumb\",\"itemListElement\":[{\"@type\":\"ListItem\",\"position\":1,\"name\":\"Home\",\"item\":\"https:\/\/www.gaveanews.com\/\"},{\"@type\":\"ListItem\",\"position\":2,\"name\":\"Conselheiros do Flamengo articulam mudan\u00e7a no estatuto para favorecer Landim\"}]},{\"@type\":\"WebSite\",\"@id\":\"https:\/\/www.gaveanews.com\/#website\",\"url\":\"https:\/\/www.gaveanews.com\/\",\"name\":\"G\u00e1vea News\",\"description\":\"Veja todas as not\u00edcias sobre o Flamengo: Contrata\u00e7\u00f5es, categorias de base, resultados das partidas, tabela de classifica\u00e7\u00e3o, pr\u00f3ximos jogos!\",\"potentialAction\":[{\"@type\":\"SearchAction\",\"target\":{\"@type\":\"EntryPoint\",\"urlTemplate\":\"https:\/\/www.gaveanews.com\/?s={search_term_string}\"},\"query-input\":{\"@type\":\"PropertyValueSpecification\",\"valueRequired\":true,\"valueName\":\"search_term_string\"}}],\"inLanguage\":\"pt-BR\"},{\"@type\":\"Person\",\"@id\":\"https:\/\/www.gaveanews.com\/#\/schema\/person\/2ec14f73fb96be2caf28f91afb14749d\",\"name\":\"Equipe G\u00e1vea News\",\"image\":{\"@type\":\"ImageObject\",\"inLanguage\":\"pt-BR\",\"@id\":\"https:\/\/www.gaveanews.com\/#\/schema\/person\/image\/\",\"url\":\"https:\/\/secure.gravatar.com\/avatar\/1e1956f1facbffd3f8fa53a326721950116b3b9dc9bd44939c01180fd4a745a9?s=96&d=mm&r=g\",\"contentUrl\":\"https:\/\/secure.gravatar.com\/avatar\/1e1956f1facbffd3f8fa53a326721950116b3b9dc9bd44939c01180fd4a745a9?s=96&d=mm&r=g\",\"caption\":\"Equipe G\u00e1vea News\"}}]}<\/script>\n<!-- \/ Yoast SEO Premium plugin. -->","yoast_head_json":{"title":"Conselheiros do Flamengo articulam mudan\u00e7a no estatuto para favorecer Landim","robots":{"index":"index","follow":"follow","max-snippet":"max-snippet:-1","max-image-preview":"max-image-preview:large","max-video-preview":"max-video-preview:-1"},"canonical":"https:\/\/www.gaveanews.com\/index.php\/2023\/03\/21\/conselheiros-do-flamengo-articulam-mudanca-no-estatuto-para-favorecer-landim\/","og_locale":"pt_BR","og_type":"article","og_title":"Conselheiros do Flamengo articulam mudan\u00e7a no estatuto para favorecer Landim","og_description":"Uma mudan\u00e7a importante pode ser implementada no estatuto do Flamengo. Nos bastidores do clube, conselheiros desejam tentar aumentar o per\u00edodo de mandato dos presidentes de tr\u00eas para quatro anos, de acordo com o jornal O Globo. A mudan\u00e7a poderia beneficiar, em efeito imediato, Rodolfo Landim, cujo segundo mandato se iniciou em janeiro de 2022 e [&hellip;]","og_url":"https:\/\/www.gaveanews.com\/index.php\/2023\/03\/21\/conselheiros-do-flamengo-articulam-mudanca-no-estatuto-para-favorecer-landim\/","og_site_name":"G\u00e1vea News","article_publisher":"https:\/\/facebook.com\/gaveaNews\/","article_published_time":"2023-03-21T21:07:20+00:00","article_modified_time":"2024-04-07T02:56:39+00:00","og_image":[{"width":799,"height":532,"url":"https:\/\/www.gaveanews.com\/wp-content\/uploads\/Rodolfo-Landim-em-entrevista-coletiva-no-Ninho-do-Urubu.webp","type":"image\/jpeg"}],"author":"Equipe G\u00e1vea News","twitter_card":"summary_large_image","twitter_misc":{"Escrito por":"Equipe G\u00e1vea News","Est. tempo de leitura":"2 minutos"},"schema":{"@context":"https:\/\/schema.org","@graph":[{"@type":"NewsArticle","@id":"https:\/\/www.gaveanews.com\/index.php\/2023\/03\/21\/conselheiros-do-flamengo-articulam-mudanca-no-estatuto-para-favorecer-landim\/#article","isPartOf":{"@id":"https:\/\/www.gaveanews.com\/index.php\/2023\/03\/21\/conselheiros-do-flamengo-articulam-mudanca-no-estatuto-para-favorecer-landim\/"},"author":{"name":"Equipe G\u00e1vea News","@id":"https:\/\/www.gaveanews.com\/#\/schema\/person\/2ec14f73fb96be2caf28f91afb14749d"},"headline":"Conselheiros do Flamengo articulam mudan\u00e7a no estatuto para favorecer Landim","datePublished":"2023-03-21T21:07:20+00:00","dateModified":"2024-04-07T02:56:39+00:00","mainEntityOfPage":{"@id":"https:\/\/www.gaveanews.com\/index.php\/2023\/03\/21\/conselheiros-do-flamengo-articulam-mudanca-no-estatuto-para-favorecer-landim\/"},"wordCount":311,"commentCount":0,"image":{"@id":"https:\/\/www.gaveanews.com\/index.php\/2023\/03\/21\/conselheiros-do-flamengo-articulam-mudanca-no-estatuto-para-favorecer-landim\/#primaryimage"},"thumbnailUrl":"https:\/\/www.gaveanews.com\/wp-content\/uploads\/Rodolfo-Landim-em-entrevista-coletiva-no-Ninho-do-Urubu.webp","keywords":["Luiz Rodolfo Landim Machado"],"articleSection":["Flamengo"],"inLanguage":"pt-BR","potentialAction":[{"@type":"CommentAction","name":"Comment","target":["https:\/\/www.gaveanews.com\/index.php\/2023\/03\/21\/conselheiros-do-flamengo-articulam-mudanca-no-estatuto-para-favorecer-landim\/#respond"]}],"copyrightYear":"2023","copyrightHolder":{"@id":"https:\/\/www.gaveanews.com\/#organization"}},{"@type":"WebPage","@id":"https:\/\/www.gaveanews.com\/index.php\/2023\/03\/21\/conselheiros-do-flamengo-articulam-mudanca-no-estatuto-para-favorecer-landim\/","url":"https:\/\/www.gaveanews.com\/index.php\/2023\/03\/21\/conselheiros-do-flamengo-articulam-mudanca-no-estatuto-para-favorecer-landim\/","name":"Conselheiros do Flamengo articulam mudan\u00e7a no estatuto para favorecer Landim","isPartOf":{"@id":"https:\/\/www.gaveanews.com\/#website"},"primaryImageOfPage":{"@id":"https:\/\/www.gaveanews.com\/index.php\/2023\/03\/21\/conselheiros-do-flamengo-articulam-mudanca-no-estatuto-para-favorecer-landim\/#primaryimage"},"image":{"@id":"https:\/\/www.gaveanews.com\/index.php\/2023\/03\/21\/conselheiros-do-flamengo-articulam-mudanca-no-estatuto-para-favorecer-landim\/#primaryimage"},"thumbnailUrl":"https:\/\/www.gaveanews.com\/wp-content\/uploads\/Rodolfo-Landim-em-entrevista-coletiva-no-Ninho-do-Urubu.webp","datePublished":"2023-03-21T21:07:20+00:00","dateModified":"2024-04-07T02:56:39+00:00","author":{"@id":"https:\/\/www.gaveanews.com\/#\/schema\/person\/2ec14f73fb96be2caf28f91afb14749d"},"breadcrumb":{"@id":"https:\/\/www.gaveanews.com\/index.php\/2023\/03\/21\/conselheiros-do-flamengo-articulam-mudanca-no-estatuto-para-favorecer-landim\/#breadcrumb"},"inLanguage":"pt-BR","potentialAction":[{"@type":"ReadAction","target":["https:\/\/www.gaveanews.com\/index.php\/2023\/03\/21\/conselheiros-do-flamengo-articulam-mudanca-no-estatuto-para-favorecer-landim\/"]}]},{"@type":"ImageObject","inLanguage":"pt-BR","@id":"https:\/\/www.gaveanews.com\/index.php\/2023\/03\/21\/conselheiros-do-flamengo-articulam-mudanca-no-estatuto-para-favorecer-landim\/#primaryimage","url":"https:\/\/www.gaveanews.com\/wp-content\/uploads\/Rodolfo-Landim-em-entrevista-coletiva-no-Ninho-do-Urubu.webp","contentUrl":"https:\/\/www.gaveanews.com\/wp-content\/uploads\/Rodolfo-Landim-em-entrevista-coletiva-no-Ninho-do-Urubu.webp","width":799,"height":532,"caption":"Rodolfo Landim em entrevista coletiva no Ninho do Urubu (Foto: Alexandre Vidal\/Flamengo)"},{"@type":"BreadcrumbList","@id":"https:\/\/www.gaveanews.com\/index.php\/2023\/03\/21\/conselheiros-do-flamengo-articulam-mudanca-no-estatuto-para-favorecer-landim\/#breadcrumb","itemListElement":[{"@type":"ListItem","position":1,"name":"Home","item":"https:\/\/www.gaveanews.com\/"},{"@type":"ListItem","position":2,"name":"Conselheiros do Flamengo articulam mudan\u00e7a no estatuto para favorecer Landim"}]},{"@type":"WebSite","@id":"https:\/\/www.gaveanews.com\/#website","url":"https:\/\/www.gaveanews.com\/","name":"G\u00e1vea News","description":"Veja todas as not\u00edcias sobre o Flamengo: Contrata\u00e7\u00f5es, categorias de base, resultados das partidas, tabela de classifica\u00e7\u00e3o, pr\u00f3ximos jogos!","potentialAction":[{"@type":"SearchAction","target":{"@type":"EntryPoint","urlTemplate":"https:\/\/www.gaveanews.com\/?s={search_term_string}"},"query-input":{"@type":"PropertyValueSpecification","valueRequired":true,"valueName":"search_term_string"}}],"inLanguage":"pt-BR"},{"@type":"Person","@id":"https:\/\/www.gaveanews.com\/#\/schema\/person\/2ec14f73fb96be2caf28f91afb14749d","name":"Equipe G\u00e1vea News","image":{"@type":"ImageObject","inLanguage":"pt-BR","@id":"https:\/\/www.gaveanews.com\/#\/schema\/person\/image\/","url":"https:\/\/secure.gravatar.com\/avatar\/1e1956f1facbffd3f8fa53a326721950116b3b9dc9bd44939c01180fd4a745a9?s=96&d=mm&r=g","contentUrl":"https:\/\/secure.gravatar.com\/avatar\/1e1956f1facbffd3f8fa53a326721950116b3b9dc9bd44939c01180fd4a745a9?s=96&d=mm&r=g","caption":"Equipe G\u00e1vea News"}}]}},"_links":{"self":[{"href":"https:\/\/www.gaveanews.com\/index.php\/wp-json\/wp\/v2\/posts\/95795","targetHints":{"allow":["GET"]}}],"collection":[{"href":"https:\/\/www.gaveanews.com\/index.php\/wp-json\/wp\/v2\/posts"}],"about":[{"href":"https:\/\/www.gaveanews.com\/index.php\/wp-json\/wp\/v2\/types\/post"}],"author":[{"embeddable":true,"href":"https:\/\/www.gaveanews.com\/index.php\/wp-json\/wp\/v2\/users\/1"}],"replies":[{"embeddable":true,"href":"https:\/\/www.gaveanews.com\/index.php\/wp-json\/wp\/v2\/comments?post=95795"}],"version-history":[{"count":1,"href":"https:\/\/www.gaveanews.com\/index.php\/wp-json\/wp\/v2\/posts\/95795\/revisions"}],"predecessor-version":[{"id":135419,"href":"https:\/\/www.gaveanews.com\/index.php\/wp-json\/wp\/v2\/posts\/95795\/revisions\/135419"}],"wp:featuredmedia":[{"embeddable":true,"href":"https:\/\/www.gaveanews.com\/index.php\/wp-json\/wp\/v2\/media\/64406"}],"wp:attachment":[{"href":"https:\/\/www.gaveanews.com\/index.php\/wp-json\/wp\/v2\/media?parent=95795"}],"wp:term":[{"taxonomy":"category","embeddable":true,"href":"https:\/\/www.gaveanews.com\/index.php\/wp-json\/wp\/v2\/categories?post=95795"},{"taxonomy":"post_tag","embeddable":true,"href":"https:\/\/www.gaveanews.com\/index.php\/wp-json\/wp\/v2\/tags?post=95795"}],"curies":[{"name":"wp","href":"https:\/\/api.w.org\/{rel}","templated":true}]}}