{"id":95803,"date":"2023-03-21T20:20:18","date_gmt":"2023-03-21T23:20:18","guid":{"rendered":"https:\/\/www.gaveanews.com\/?p=95803"},"modified":"2023-03-21T20:20:21","modified_gmt":"2023-03-21T23:20:21","slug":"flamengo-vai-utilizar-pausa-da-data-fifa-para-buscar-reforcos-dois-nomes-estao-em-pauta","status":"publish","type":"post","link":"https:\/\/www.gaveanews.com\/index.php\/2023\/03\/21\/flamengo-vai-utilizar-pausa-da-data-fifa-para-buscar-reforcos-dois-nomes-estao-em-pauta\/","title":{"rendered":"Flamengo vai utilizar pausa da data FIFA para buscar refor\u00e7os; dois nomes est\u00e3o em pauta"},"content":{"rendered":"\n<p>A pausa no calend\u00e1rio do futebol brasileiro para a Data FIFA levar\u00e1 o Flamengo ao mercado para buscar refor\u00e7os, o que \u00e9 um pedido de V\u00edtor Pereira. Restam 14 dias para o fechamento da janela de transfer\u00eancias e o Rubro-Negro tem nomes na mira para negociar visando o Brasileir\u00e3o.<\/p>\n\n\n\n<p>Segundo o rep\u00f3rter Vitor Beloti, em sua conta do Twitter, a diretoria do Flamengo faz boa avalia\u00e7\u00e3o da pausa antes da final do Campeonato Carioca e mant\u00e9m dois nomes na mira para tentar buscar nos pr\u00f3ximos dias. S\u00e3o eles o volante Matheus Uribe, titular do Porto, e o atacante \u00c2ngelo, do Santos, que j\u00e1 recusou uma proposta inicial da equipe carioca.<\/p>\n\n\n\n<h2 class=\"wp-block-heading\" id=\"h-matheus-uribe-e-angelo-na-mira-do-flamengo-para-a-temporada\">Matheus Uribe e \u00c2ngelo na mira do Flamengo para a temporada<\/h2>\n\n\n\n<p>O volante colombiano de 32 anos foi revelado pelo Deportivo Espa\u00f1ol, da Argentina, mas logo saiu para jogar no futebol de seu pa\u00eds. Em 2012 assinou com Envigado, onde se destacou e se tornou titular. Foram tr\u00eas anos no clube, at\u00e9 sair para o Tolima em 2015. Seguiu no clube, mais uma vez como dono da posi\u00e7\u00e3o, saindo em 2016 ao Atl\u00e9tico Nacional, logo ap\u00f3s o t\u00edtulo da\u00a0Libertadores. Em 2017 foi negociado com o Am\u00e9rica do M\u00e9xico, onde mais uma vez chegou para ser titular, tendo disputado 80 partida.<\/p>\n\n\n\n<p>Em 2019 o Porto fechou com Uribe e fez dele um dos mais importantes do elenco. S\u00e3o quatro temporadas na equipe de Portugal, com mais de 120 jogos disputados. Os principais t\u00edtulos da carreira do atleta s\u00e3o dois t\u00edtulos do Campeonato Portugu\u00eas, dois t\u00edtulos da Ta\u00e7a de Portugal, al\u00e9m de um Campeonato Colombiano e um Campeonato Mexicano. Pela sele\u00e7\u00e3o da Col\u00f4mbia, Uribe disputou a Copa do Mundo 2018 e as Copas Am\u00e9rica de 2019 e 2021.<\/p>\n\n\n\n<p>O atacante de 18 anos \u00e9 considerado uma das maiores joias da base do Santos nos \u00faltimos anos. Ele foi al\u00e7ado ao time principal em 2020 e passou a receber espa\u00e7o. Em 2021 passou a ser titular do Peixe, se firmando na temporada seguinte. Em 2023, n\u00e3o marcou gols e entrou em crise com a torcida. S\u00e3o mais de 100 jogos pelo Santos, com tr\u00eas gols anotados. O Flamengo fez proposta de R$ 66 milh\u00f5es ao Santos pelo atacante, que foi aceita, mas barrou na negativa do pr\u00f3prio \u00c2ngelo.<\/p>\n\n\n\n<p>Retirado de: Torcedores<\/p>\n","protected":false},"excerpt":{"rendered":"<p>A pausa no calend\u00e1rio do futebol brasileiro para a Data FIFA levar\u00e1 o Flamengo ao mercado para buscar refor\u00e7os, o que \u00e9 um pedido de V\u00edtor Pereira. Restam 14 dias para o fechamento da janela de transfer\u00eancias e o Rubro-Negro tem nomes na mira para negociar visando o Brasileir\u00e3o. Segundo o rep\u00f3rter Vitor Beloti, em [&hellip;]<\/p>\n","protected":false},"author":1,"featured_media":46957,"comment_status":"open","ping_status":"closed","sticky":false,"template":"","format":"standard","meta":{"footnotes":""},"categories":[48],"tags":[],"class_list":["post-95803","post","type-post","status-publish","format-standard","has-post-thumbnail","hentry","category-negociacoes"],"yoast_head":"<!-- This site is optimized with the Yoast SEO Premium plugin v24.2 (Yoast SEO v26.9) - https:\/\/yoast.com\/product\/yoast-seo-premium-wordpress\/ -->\n<title>Flamengo vai utilizar pausa da data FIFA para buscar refor\u00e7os; dois nomes est\u00e3o em pauta<\/title>\n<meta name=\"robots\" content=\"index, follow, max-snippet:-1, max-image-preview:large, max-video-preview:-1\" \/>\n<link rel=\"canonical\" href=\"https:\/\/www.gaveanews.com\/index.php\/2023\/03\/21\/flamengo-vai-utilizar-pausa-da-data-fifa-para-buscar-reforcos-dois-nomes-estao-em-pauta\/\" \/>\n<meta property=\"og:locale\" content=\"pt_BR\" \/>\n<meta property=\"og:type\" content=\"article\" \/>\n<meta property=\"og:title\" content=\"Flamengo vai utilizar pausa da data FIFA para buscar refor\u00e7os; dois nomes est\u00e3o em pauta\" \/>\n<meta property=\"og:description\" content=\"A pausa no calend\u00e1rio do futebol brasileiro para a Data FIFA levar\u00e1 o Flamengo ao mercado para buscar refor\u00e7os, o que \u00e9 um pedido de V\u00edtor Pereira. Restam 14 dias para o fechamento da janela de transfer\u00eancias e o Rubro-Negro tem nomes na mira para negociar visando o Brasileir\u00e3o. Segundo o rep\u00f3rter Vitor Beloti, em [&hellip;]\" \/>\n<meta property=\"og:url\" content=\"https:\/\/www.gaveanews.com\/index.php\/2023\/03\/21\/flamengo-vai-utilizar-pausa-da-data-fifa-para-buscar-reforcos-dois-nomes-estao-em-pauta\/\" \/>\n<meta property=\"og:site_name\" content=\"G\u00e1vea News\" \/>\n<meta property=\"article:publisher\" content=\"https:\/\/facebook.com\/gaveaNews\/\" \/>\n<meta property=\"article:published_time\" content=\"2023-03-21T23:20:18+00:00\" \/>\n<meta property=\"article:modified_time\" content=\"2023-03-21T23:20:21+00:00\" \/>\n<meta property=\"og:image\" content=\"https:\/\/www.gaveanews.com\/wp-content\/uploads\/Marcos-Braz-no-gramado-do-Maracana.webp\" \/>\n\t<meta property=\"og:image:width\" content=\"799\" \/>\n\t<meta property=\"og:image:height\" content=\"532\" \/>\n\t<meta property=\"og:image:type\" content=\"image\/jpeg\" \/>\n<meta name=\"author\" content=\"Equipe G\u00e1vea News\" \/>\n<meta name=\"twitter:card\" content=\"summary_large_image\" \/>\n<meta name=\"twitter:label1\" content=\"Escrito por\" \/>\n\t<meta name=\"twitter:data1\" content=\"Equipe G\u00e1vea News\" \/>\n\t<meta name=\"twitter:label2\" content=\"Est. tempo de leitura\" \/>\n\t<meta name=\"twitter:data2\" content=\"3 minutos\" \/>\n<script type=\"application\/ld+json\" class=\"yoast-schema-graph\">{\"@context\":\"https:\/\/schema.org\",\"@graph\":[{\"@type\":\"NewsArticle\",\"@id\":\"https:\/\/www.gaveanews.com\/index.php\/2023\/03\/21\/flamengo-vai-utilizar-pausa-da-data-fifa-para-buscar-reforcos-dois-nomes-estao-em-pauta\/#article\",\"isPartOf\":{\"@id\":\"https:\/\/www.gaveanews.com\/index.php\/2023\/03\/21\/flamengo-vai-utilizar-pausa-da-data-fifa-para-buscar-reforcos-dois-nomes-estao-em-pauta\/\"},\"author\":{\"name\":\"Equipe G\u00e1vea News\",\"@id\":\"https:\/\/www.gaveanews.com\/#\/schema\/person\/2ec14f73fb96be2caf28f91afb14749d\"},\"headline\":\"Flamengo vai utilizar pausa da data FIFA para buscar refor\u00e7os; dois nomes est\u00e3o em pauta\",\"datePublished\":\"2023-03-21T23:20:18+00:00\",\"dateModified\":\"2023-03-21T23:20:21+00:00\",\"mainEntityOfPage\":{\"@id\":\"https:\/\/www.gaveanews.com\/index.php\/2023\/03\/21\/flamengo-vai-utilizar-pausa-da-data-fifa-para-buscar-reforcos-dois-nomes-estao-em-pauta\/\"},\"wordCount\":413,\"commentCount\":0,\"image\":{\"@id\":\"https:\/\/www.gaveanews.com\/index.php\/2023\/03\/21\/flamengo-vai-utilizar-pausa-da-data-fifa-para-buscar-reforcos-dois-nomes-estao-em-pauta\/#primaryimage\"},\"thumbnailUrl\":\"https:\/\/www.gaveanews.com\/wp-content\/uploads\/Marcos-Braz-no-gramado-do-Maracana.webp\",\"articleSection\":[\"Negocia\u00e7\u00f5es\"],\"inLanguage\":\"pt-BR\",\"potentialAction\":[{\"@type\":\"CommentAction\",\"name\":\"Comment\",\"target\":[\"https:\/\/www.gaveanews.com\/index.php\/2023\/03\/21\/flamengo-vai-utilizar-pausa-da-data-fifa-para-buscar-reforcos-dois-nomes-estao-em-pauta\/#respond\"]}],\"copyrightYear\":\"2023\",\"copyrightHolder\":{\"@id\":\"https:\/\/www.gaveanews.com\/#organization\"}},{\"@type\":\"WebPage\",\"@id\":\"https:\/\/www.gaveanews.com\/index.php\/2023\/03\/21\/flamengo-vai-utilizar-pausa-da-data-fifa-para-buscar-reforcos-dois-nomes-estao-em-pauta\/\",\"url\":\"https:\/\/www.gaveanews.com\/index.php\/2023\/03\/21\/flamengo-vai-utilizar-pausa-da-data-fifa-para-buscar-reforcos-dois-nomes-estao-em-pauta\/\",\"name\":\"Flamengo vai utilizar pausa da data FIFA para buscar refor\u00e7os; dois nomes est\u00e3o em pauta\",\"isPartOf\":{\"@id\":\"https:\/\/www.gaveanews.com\/#website\"},\"primaryImageOfPage\":{\"@id\":\"https:\/\/www.gaveanews.com\/index.php\/2023\/03\/21\/flamengo-vai-utilizar-pausa-da-data-fifa-para-buscar-reforcos-dois-nomes-estao-em-pauta\/#primaryimage\"},\"image\":{\"@id\":\"https:\/\/www.gaveanews.com\/index.php\/2023\/03\/21\/flamengo-vai-utilizar-pausa-da-data-fifa-para-buscar-reforcos-dois-nomes-estao-em-pauta\/#primaryimage\"},\"thumbnailUrl\":\"https:\/\/www.gaveanews.com\/wp-content\/uploads\/Marcos-Braz-no-gramado-do-Maracana.webp\",\"datePublished\":\"2023-03-21T23:20:18+00:00\",\"dateModified\":\"2023-03-21T23:20:21+00:00\",\"author\":{\"@id\":\"https:\/\/www.gaveanews.com\/#\/schema\/person\/2ec14f73fb96be2caf28f91afb14749d\"},\"breadcrumb\":{\"@id\":\"https:\/\/www.gaveanews.com\/index.php\/2023\/03\/21\/flamengo-vai-utilizar-pausa-da-data-fifa-para-buscar-reforcos-dois-nomes-estao-em-pauta\/#breadcrumb\"},\"inLanguage\":\"pt-BR\",\"potentialAction\":[{\"@type\":\"ReadAction\",\"target\":[\"https:\/\/www.gaveanews.com\/index.php\/2023\/03\/21\/flamengo-vai-utilizar-pausa-da-data-fifa-para-buscar-reforcos-dois-nomes-estao-em-pauta\/\"]}]},{\"@type\":\"ImageObject\",\"inLanguage\":\"pt-BR\",\"@id\":\"https:\/\/www.gaveanews.com\/index.php\/2023\/03\/21\/flamengo-vai-utilizar-pausa-da-data-fifa-para-buscar-reforcos-dois-nomes-estao-em-pauta\/#primaryimage\",\"url\":\"https:\/\/www.gaveanews.com\/wp-content\/uploads\/Marcos-Braz-no-gramado-do-Maracana.webp\",\"contentUrl\":\"https:\/\/www.gaveanews.com\/wp-content\/uploads\/Marcos-Braz-no-gramado-do-Maracana.webp\",\"width\":799,\"height\":532,\"caption\":\"Marcos Braz no gramado do Maracan\u00e3 (Foto: Alexandre Vidal\/Flamengo)\"},{\"@type\":\"BreadcrumbList\",\"@id\":\"https:\/\/www.gaveanews.com\/index.php\/2023\/03\/21\/flamengo-vai-utilizar-pausa-da-data-fifa-para-buscar-reforcos-dois-nomes-estao-em-pauta\/#breadcrumb\",\"itemListElement\":[{\"@type\":\"ListItem\",\"position\":1,\"name\":\"Home\",\"item\":\"https:\/\/www.gaveanews.com\/\"},{\"@type\":\"ListItem\",\"position\":2,\"name\":\"Flamengo vai utilizar pausa da data FIFA para buscar refor\u00e7os; dois nomes est\u00e3o em pauta\"}]},{\"@type\":\"WebSite\",\"@id\":\"https:\/\/www.gaveanews.com\/#website\",\"url\":\"https:\/\/www.gaveanews.com\/\",\"name\":\"G\u00e1vea News\",\"description\":\"Veja todas as not\u00edcias sobre o Flamengo: Contrata\u00e7\u00f5es, categorias de base, resultados das partidas, tabela de classifica\u00e7\u00e3o, pr\u00f3ximos jogos!\",\"potentialAction\":[{\"@type\":\"SearchAction\",\"target\":{\"@type\":\"EntryPoint\",\"urlTemplate\":\"https:\/\/www.gaveanews.com\/?s={search_term_string}\"},\"query-input\":{\"@type\":\"PropertyValueSpecification\",\"valueRequired\":true,\"valueName\":\"search_term_string\"}}],\"inLanguage\":\"pt-BR\"},{\"@type\":\"Person\",\"@id\":\"https:\/\/www.gaveanews.com\/#\/schema\/person\/2ec14f73fb96be2caf28f91afb14749d\",\"name\":\"Equipe G\u00e1vea News\",\"image\":{\"@type\":\"ImageObject\",\"inLanguage\":\"pt-BR\",\"@id\":\"https:\/\/www.gaveanews.com\/#\/schema\/person\/image\/\",\"url\":\"https:\/\/secure.gravatar.com\/avatar\/1e1956f1facbffd3f8fa53a326721950116b3b9dc9bd44939c01180fd4a745a9?s=96&d=mm&r=g\",\"contentUrl\":\"https:\/\/secure.gravatar.com\/avatar\/1e1956f1facbffd3f8fa53a326721950116b3b9dc9bd44939c01180fd4a745a9?s=96&d=mm&r=g\",\"caption\":\"Equipe G\u00e1vea News\"}}]}<\/script>\n<!-- \/ Yoast SEO Premium plugin. -->","yoast_head_json":{"title":"Flamengo vai utilizar pausa da data FIFA para buscar refor\u00e7os; dois nomes est\u00e3o em pauta","robots":{"index":"index","follow":"follow","max-snippet":"max-snippet:-1","max-image-preview":"max-image-preview:large","max-video-preview":"max-video-preview:-1"},"canonical":"https:\/\/www.gaveanews.com\/index.php\/2023\/03\/21\/flamengo-vai-utilizar-pausa-da-data-fifa-para-buscar-reforcos-dois-nomes-estao-em-pauta\/","og_locale":"pt_BR","og_type":"article","og_title":"Flamengo vai utilizar pausa da data FIFA para buscar refor\u00e7os; dois nomes est\u00e3o em pauta","og_description":"A pausa no calend\u00e1rio do futebol brasileiro para a Data FIFA levar\u00e1 o Flamengo ao mercado para buscar refor\u00e7os, o que \u00e9 um pedido de V\u00edtor Pereira. Restam 14 dias para o fechamento da janela de transfer\u00eancias e o Rubro-Negro tem nomes na mira para negociar visando o Brasileir\u00e3o. Segundo o rep\u00f3rter Vitor Beloti, em [&hellip;]","og_url":"https:\/\/www.gaveanews.com\/index.php\/2023\/03\/21\/flamengo-vai-utilizar-pausa-da-data-fifa-para-buscar-reforcos-dois-nomes-estao-em-pauta\/","og_site_name":"G\u00e1vea News","article_publisher":"https:\/\/facebook.com\/gaveaNews\/","article_published_time":"2023-03-21T23:20:18+00:00","article_modified_time":"2023-03-21T23:20:21+00:00","og_image":[{"width":799,"height":532,"url":"https:\/\/www.gaveanews.com\/wp-content\/uploads\/Marcos-Braz-no-gramado-do-Maracana.webp","type":"image\/jpeg"}],"author":"Equipe G\u00e1vea News","twitter_card":"summary_large_image","twitter_misc":{"Escrito por":"Equipe G\u00e1vea News","Est. tempo de leitura":"3 minutos"},"schema":{"@context":"https:\/\/schema.org","@graph":[{"@type":"NewsArticle","@id":"https:\/\/www.gaveanews.com\/index.php\/2023\/03\/21\/flamengo-vai-utilizar-pausa-da-data-fifa-para-buscar-reforcos-dois-nomes-estao-em-pauta\/#article","isPartOf":{"@id":"https:\/\/www.gaveanews.com\/index.php\/2023\/03\/21\/flamengo-vai-utilizar-pausa-da-data-fifa-para-buscar-reforcos-dois-nomes-estao-em-pauta\/"},"author":{"name":"Equipe G\u00e1vea News","@id":"https:\/\/www.gaveanews.com\/#\/schema\/person\/2ec14f73fb96be2caf28f91afb14749d"},"headline":"Flamengo vai utilizar pausa da data FIFA para buscar refor\u00e7os; dois nomes est\u00e3o em pauta","datePublished":"2023-03-21T23:20:18+00:00","dateModified":"2023-03-21T23:20:21+00:00","mainEntityOfPage":{"@id":"https:\/\/www.gaveanews.com\/index.php\/2023\/03\/21\/flamengo-vai-utilizar-pausa-da-data-fifa-para-buscar-reforcos-dois-nomes-estao-em-pauta\/"},"wordCount":413,"commentCount":0,"image":{"@id":"https:\/\/www.gaveanews.com\/index.php\/2023\/03\/21\/flamengo-vai-utilizar-pausa-da-data-fifa-para-buscar-reforcos-dois-nomes-estao-em-pauta\/#primaryimage"},"thumbnailUrl":"https:\/\/www.gaveanews.com\/wp-content\/uploads\/Marcos-Braz-no-gramado-do-Maracana.webp","articleSection":["Negocia\u00e7\u00f5es"],"inLanguage":"pt-BR","potentialAction":[{"@type":"CommentAction","name":"Comment","target":["https:\/\/www.gaveanews.com\/index.php\/2023\/03\/21\/flamengo-vai-utilizar-pausa-da-data-fifa-para-buscar-reforcos-dois-nomes-estao-em-pauta\/#respond"]}],"copyrightYear":"2023","copyrightHolder":{"@id":"https:\/\/www.gaveanews.com\/#organization"}},{"@type":"WebPage","@id":"https:\/\/www.gaveanews.com\/index.php\/2023\/03\/21\/flamengo-vai-utilizar-pausa-da-data-fifa-para-buscar-reforcos-dois-nomes-estao-em-pauta\/","url":"https:\/\/www.gaveanews.com\/index.php\/2023\/03\/21\/flamengo-vai-utilizar-pausa-da-data-fifa-para-buscar-reforcos-dois-nomes-estao-em-pauta\/","name":"Flamengo vai utilizar pausa da data FIFA para buscar refor\u00e7os; dois nomes est\u00e3o em pauta","isPartOf":{"@id":"https:\/\/www.gaveanews.com\/#website"},"primaryImageOfPage":{"@id":"https:\/\/www.gaveanews.com\/index.php\/2023\/03\/21\/flamengo-vai-utilizar-pausa-da-data-fifa-para-buscar-reforcos-dois-nomes-estao-em-pauta\/#primaryimage"},"image":{"@id":"https:\/\/www.gaveanews.com\/index.php\/2023\/03\/21\/flamengo-vai-utilizar-pausa-da-data-fifa-para-buscar-reforcos-dois-nomes-estao-em-pauta\/#primaryimage"},"thumbnailUrl":"https:\/\/www.gaveanews.com\/wp-content\/uploads\/Marcos-Braz-no-gramado-do-Maracana.webp","datePublished":"2023-03-21T23:20:18+00:00","dateModified":"2023-03-21T23:20:21+00:00","author":{"@id":"https:\/\/www.gaveanews.com\/#\/schema\/person\/2ec14f73fb96be2caf28f91afb14749d"},"breadcrumb":{"@id":"https:\/\/www.gaveanews.com\/index.php\/2023\/03\/21\/flamengo-vai-utilizar-pausa-da-data-fifa-para-buscar-reforcos-dois-nomes-estao-em-pauta\/#breadcrumb"},"inLanguage":"pt-BR","potentialAction":[{"@type":"ReadAction","target":["https:\/\/www.gaveanews.com\/index.php\/2023\/03\/21\/flamengo-vai-utilizar-pausa-da-data-fifa-para-buscar-reforcos-dois-nomes-estao-em-pauta\/"]}]},{"@type":"ImageObject","inLanguage":"pt-BR","@id":"https:\/\/www.gaveanews.com\/index.php\/2023\/03\/21\/flamengo-vai-utilizar-pausa-da-data-fifa-para-buscar-reforcos-dois-nomes-estao-em-pauta\/#primaryimage","url":"https:\/\/www.gaveanews.com\/wp-content\/uploads\/Marcos-Braz-no-gramado-do-Maracana.webp","contentUrl":"https:\/\/www.gaveanews.com\/wp-content\/uploads\/Marcos-Braz-no-gramado-do-Maracana.webp","width":799,"height":532,"caption":"Marcos Braz no gramado do Maracan\u00e3 (Foto: Alexandre Vidal\/Flamengo)"},{"@type":"BreadcrumbList","@id":"https:\/\/www.gaveanews.com\/index.php\/2023\/03\/21\/flamengo-vai-utilizar-pausa-da-data-fifa-para-buscar-reforcos-dois-nomes-estao-em-pauta\/#breadcrumb","itemListElement":[{"@type":"ListItem","position":1,"name":"Home","item":"https:\/\/www.gaveanews.com\/"},{"@type":"ListItem","position":2,"name":"Flamengo vai utilizar pausa da data FIFA para buscar refor\u00e7os; dois nomes est\u00e3o em pauta"}]},{"@type":"WebSite","@id":"https:\/\/www.gaveanews.com\/#website","url":"https:\/\/www.gaveanews.com\/","name":"G\u00e1vea News","description":"Veja todas as not\u00edcias sobre o Flamengo: Contrata\u00e7\u00f5es, categorias de base, resultados das partidas, tabela de classifica\u00e7\u00e3o, pr\u00f3ximos jogos!","potentialAction":[{"@type":"SearchAction","target":{"@type":"EntryPoint","urlTemplate":"https:\/\/www.gaveanews.com\/?s={search_term_string}"},"query-input":{"@type":"PropertyValueSpecification","valueRequired":true,"valueName":"search_term_string"}}],"inLanguage":"pt-BR"},{"@type":"Person","@id":"https:\/\/www.gaveanews.com\/#\/schema\/person\/2ec14f73fb96be2caf28f91afb14749d","name":"Equipe G\u00e1vea News","image":{"@type":"ImageObject","inLanguage":"pt-BR","@id":"https:\/\/www.gaveanews.com\/#\/schema\/person\/image\/","url":"https:\/\/secure.gravatar.com\/avatar\/1e1956f1facbffd3f8fa53a326721950116b3b9dc9bd44939c01180fd4a745a9?s=96&d=mm&r=g","contentUrl":"https:\/\/secure.gravatar.com\/avatar\/1e1956f1facbffd3f8fa53a326721950116b3b9dc9bd44939c01180fd4a745a9?s=96&d=mm&r=g","caption":"Equipe G\u00e1vea News"}}]}},"_links":{"self":[{"href":"https:\/\/www.gaveanews.com\/index.php\/wp-json\/wp\/v2\/posts\/95803","targetHints":{"allow":["GET"]}}],"collection":[{"href":"https:\/\/www.gaveanews.com\/index.php\/wp-json\/wp\/v2\/posts"}],"about":[{"href":"https:\/\/www.gaveanews.com\/index.php\/wp-json\/wp\/v2\/types\/post"}],"author":[{"embeddable":true,"href":"https:\/\/www.gaveanews.com\/index.php\/wp-json\/wp\/v2\/users\/1"}],"replies":[{"embeddable":true,"href":"https:\/\/www.gaveanews.com\/index.php\/wp-json\/wp\/v2\/comments?post=95803"}],"version-history":[{"count":0,"href":"https:\/\/www.gaveanews.com\/index.php\/wp-json\/wp\/v2\/posts\/95803\/revisions"}],"wp:featuredmedia":[{"embeddable":true,"href":"https:\/\/www.gaveanews.com\/index.php\/wp-json\/wp\/v2\/media\/46957"}],"wp:attachment":[{"href":"https:\/\/www.gaveanews.com\/index.php\/wp-json\/wp\/v2\/media?parent=95803"}],"wp:term":[{"taxonomy":"category","embeddable":true,"href":"https:\/\/www.gaveanews.com\/index.php\/wp-json\/wp\/v2\/categories?post=95803"},{"taxonomy":"post_tag","embeddable":true,"href":"https:\/\/www.gaveanews.com\/index.php\/wp-json\/wp\/v2\/tags?post=95803"}],"curies":[{"name":"wp","href":"https:\/\/api.w.org\/{rel}","templated":true}]}}