{"id":95805,"date":"2023-03-21T21:12:42","date_gmt":"2023-03-22T00:12:42","guid":{"rendered":"https:\/\/www.gaveanews.com\/?p=95805"},"modified":"2023-03-21T21:12:46","modified_gmt":"2023-03-22T00:12:46","slug":"video-rede-globo-divulga-chamada-da-copa-libertadores-2023","status":"publish","type":"post","link":"https:\/\/www.gaveanews.com\/index.php\/2023\/03\/21\/video-rede-globo-divulga-chamada-da-copa-libertadores-2023\/","title":{"rendered":"V\u00eddeo: Rede Globo divulga chamada da Copa Libertadores 2023"},"content":{"rendered":"\n<p>A TV Globo divulgou a chamada oficial para o in\u00edcio da fase de grupos da Copa Libertadores 2023. A emissora carioca ir\u00e1 voltar a transmitir a competi\u00e7\u00e3o ap\u00f3s tr\u00eas de aus\u00eancia, per\u00edodo em que o SBT teve os direitos de transmiss\u00e3o do torneio.<\/p>\n\n\n\n<p>No material de divulga\u00e7\u00e3o, com texto narrado pelo ator Andr\u00e9 Ramiro, a Globo destacou o dom\u00ednio recente do futebol brasileiro na competi\u00e7\u00e3o nas \u00faltimas temporadas. A emissora afirma, por exemplo, que \u201ca Libertadores \u00e9 mais do Brasil do que nunca\u201d.<\/p>\n\n\n\n<p><em>\u2014 Ganhar uma vez \u00e9 conquistar. Ganhar sempre \u00e9 reinar. Nos \u00faltimos anos, n\u00f3s predominamos. Tomamos para n\u00f3s o que era deles. Nas \u00faltimas tr\u00eas finais, s\u00f3 clubes brasileiros. Nos \u00faltimos quatro t\u00edtulos, s\u00f3 times brasileiros. Mas com todo respeito \u00e0 Am\u00e9rica, a Libertadores \u00e9 mais do Brasil do que nunca<\/em>, diz o in\u00edcio da chamada.<\/p>\n\n\n\n<p><em>\u2014 Sete times, entre conquistadores, biconquistadores, triconquistadores. \u00c9 tudo nosso. E depois de n\u00f3s, \u00e9 n\u00f3s de novo. Vem a\u00ed a Libertadores 2023. Em busca da gl\u00f3ria eterna<\/em>, completa o texto.<\/p>\n\n\n\n<figure class=\"wp-block-embed is-type-rich is-provider-twitter wp-block-embed-twitter\"><div class=\"wp-block-embed__wrapper\">\n<blockquote class=\"twitter-tweet\" data-width=\"550\" data-dnt=\"true\"><p lang=\"pt\" dir=\"ltr\">Ganhar uma vez \u00e9 conquistar, ganhar sempre \u00e9 reinar! Vem a\u00ed a &#39;Libertadores 2023&#39; \ud83d\udc9b <a href=\"https:\/\/twitter.com\/hashtag\/FutebolNaGlobo?src=hash&amp;ref_src=twsrc%5Etfw\">#FutebolNaGlobo<\/a> <a href=\"https:\/\/t.co\/AFffqT2oE2\">pic.twitter.com\/AFffqT2oE2<\/a><\/p>&mdash; TV Globo \ud83d\udcfa (@tvglobo) <a href=\"https:\/\/twitter.com\/tvglobo\/status\/1637977916213542915?ref_src=twsrc%5Etfw\">March 21, 2023<\/a><\/blockquote><script async src=\"https:\/\/platform.twitter.com\/widgets.js\" charset=\"utf-8\"><\/script>\n<\/div><\/figure>\n\n\n\n<h2 class=\"wp-block-heading\" id=\"h-tudo-sobre-a-libertadores\">Tudo sobre a\u00a0Libertadores:<\/h2>\n\n\n\n<p>A\u00a0Libertadores\u00a02023 ter\u00e1 sete times brasileiros sonhando com o t\u00edtulo da competi\u00e7\u00e3o, incluindo o atual campe\u00e3o Flamengo. Tamb\u00e9m disputam o torneio: Atl\u00e9tico-MG, Athletico-PR, Corinthians, Fluminense e Internacional. Palmeiras e Flamengo podem se isolar no ranking dos clubes brasileiros com mais t\u00edtulos \u2013 ambos somam tr\u00eas conquistas cada.<\/p>\n\n\n\n<p>A fase de grupos ser\u00e1 entre dias 4 e 29 de junho, com o mata-mata previsto para ter in\u00edcio no come\u00e7o de agosto. A princ\u00edpio, a decis\u00e3o da\u00a0Libertadores\u00a02023 est\u00e1 marcada para o dia 11 de novembro, com final \u00fanica no Maracan\u00e3.<\/p>\n\n\n\n<p>Enquanto a Globo tem os direitos de transmiss\u00e3o da\u00a0Libertadores\u00a0na TV aberta, a ESPN ser\u00e1 respons\u00e1vel pela exibi\u00e7\u00e3o da competi\u00e7\u00e3o na TV fechada. Ademais, por fim, o torneio tamb\u00e9m ser\u00e1 transmitido no Star+ e no Paramount+, no streaming, al\u00e9m do OneFootball, no aplicativo.<\/p>\n\n\n\n<p>Retirado de: Torcedores<\/p>\n","protected":false},"excerpt":{"rendered":"<p>A TV Globo divulgou a chamada oficial para o in\u00edcio da fase de grupos da Copa Libertadores 2023. A emissora carioca ir\u00e1 voltar a transmitir a competi\u00e7\u00e3o ap\u00f3s tr\u00eas de aus\u00eancia, per\u00edodo em que o SBT teve os direitos de transmiss\u00e3o do torneio. No material de divulga\u00e7\u00e3o, com texto narrado pelo ator Andr\u00e9 Ramiro, a [&hellip;]<\/p>\n","protected":false},"author":1,"featured_media":17043,"comment_status":"open","ping_status":"closed","sticky":false,"template":"","format":"standard","meta":{"footnotes":""},"categories":[40],"tags":[],"class_list":["post-95805","post","type-post","status-publish","format-standard","has-post-thumbnail","hentry","category-video"],"yoast_head":"<!-- This site is optimized with the Yoast SEO Premium plugin v24.2 (Yoast SEO v26.9) - https:\/\/yoast.com\/product\/yoast-seo-premium-wordpress\/ -->\n<title>V\u00eddeo: Rede Globo divulga chamada da Copa Libertadores 2023<\/title>\n<meta name=\"robots\" content=\"index, follow, max-snippet:-1, max-image-preview:large, max-video-preview:-1\" \/>\n<link rel=\"canonical\" href=\"https:\/\/www.gaveanews.com\/index.php\/2023\/03\/21\/video-rede-globo-divulga-chamada-da-copa-libertadores-2023\/\" \/>\n<meta property=\"og:locale\" content=\"pt_BR\" \/>\n<meta property=\"og:type\" content=\"article\" \/>\n<meta property=\"og:title\" content=\"V\u00eddeo: Rede Globo divulga chamada da Copa Libertadores 2023\" \/>\n<meta property=\"og:description\" content=\"A TV Globo divulgou a chamada oficial para o in\u00edcio da fase de grupos da Copa Libertadores 2023. A emissora carioca ir\u00e1 voltar a transmitir a competi\u00e7\u00e3o ap\u00f3s tr\u00eas de aus\u00eancia, per\u00edodo em que o SBT teve os direitos de transmiss\u00e3o do torneio. No material de divulga\u00e7\u00e3o, com texto narrado pelo ator Andr\u00e9 Ramiro, a [&hellip;]\" \/>\n<meta property=\"og:url\" content=\"https:\/\/www.gaveanews.com\/index.php\/2023\/03\/21\/video-rede-globo-divulga-chamada-da-copa-libertadores-2023\/\" \/>\n<meta property=\"og:site_name\" content=\"G\u00e1vea News\" \/>\n<meta property=\"article:publisher\" content=\"https:\/\/facebook.com\/gaveaNews\/\" \/>\n<meta property=\"article:published_time\" content=\"2023-03-22T00:12:42+00:00\" \/>\n<meta property=\"article:modified_time\" content=\"2023-03-22T00:12:46+00:00\" \/>\n<meta property=\"og:image\" content=\"https:\/\/www.gaveanews.com\/wp-content\/uploads\/2019\/04\/Logomarca-da-Rede-Globo.webp\" \/>\n\t<meta property=\"og:image:width\" content=\"1920\" \/>\n\t<meta property=\"og:image:height\" content=\"1076\" \/>\n\t<meta property=\"og:image:type\" content=\"image\/png\" \/>\n<meta name=\"author\" content=\"Equipe G\u00e1vea News\" \/>\n<meta name=\"twitter:card\" content=\"summary_large_image\" \/>\n<meta name=\"twitter:label1\" content=\"Escrito por\" \/>\n\t<meta name=\"twitter:data1\" content=\"Equipe G\u00e1vea News\" \/>\n\t<meta name=\"twitter:label2\" content=\"Est. tempo de leitura\" \/>\n\t<meta name=\"twitter:data2\" content=\"2 minutos\" \/>\n<script type=\"application\/ld+json\" class=\"yoast-schema-graph\">{\"@context\":\"https:\/\/schema.org\",\"@graph\":[{\"@type\":\"NewsArticle\",\"@id\":\"https:\/\/www.gaveanews.com\/index.php\/2023\/03\/21\/video-rede-globo-divulga-chamada-da-copa-libertadores-2023\/#article\",\"isPartOf\":{\"@id\":\"https:\/\/www.gaveanews.com\/index.php\/2023\/03\/21\/video-rede-globo-divulga-chamada-da-copa-libertadores-2023\/\"},\"author\":{\"name\":\"Equipe G\u00e1vea News\",\"@id\":\"https:\/\/www.gaveanews.com\/#\/schema\/person\/2ec14f73fb96be2caf28f91afb14749d\"},\"headline\":\"V\u00eddeo: Rede Globo divulga chamada da Copa Libertadores 2023\",\"datePublished\":\"2023-03-22T00:12:42+00:00\",\"dateModified\":\"2023-03-22T00:12:46+00:00\",\"mainEntityOfPage\":{\"@id\":\"https:\/\/www.gaveanews.com\/index.php\/2023\/03\/21\/video-rede-globo-divulga-chamada-da-copa-libertadores-2023\/\"},\"wordCount\":345,\"commentCount\":0,\"image\":{\"@id\":\"https:\/\/www.gaveanews.com\/index.php\/2023\/03\/21\/video-rede-globo-divulga-chamada-da-copa-libertadores-2023\/#primaryimage\"},\"thumbnailUrl\":\"https:\/\/www.gaveanews.com\/wp-content\/uploads\/2019\/04\/Logomarca-da-Rede-Globo.webp\",\"articleSection\":[\"V\u00eddeos\"],\"inLanguage\":\"pt-BR\",\"potentialAction\":[{\"@type\":\"CommentAction\",\"name\":\"Comment\",\"target\":[\"https:\/\/www.gaveanews.com\/index.php\/2023\/03\/21\/video-rede-globo-divulga-chamada-da-copa-libertadores-2023\/#respond\"]}],\"copyrightYear\":\"2023\",\"copyrightHolder\":{\"@id\":\"https:\/\/www.gaveanews.com\/#organization\"}},{\"@type\":\"WebPage\",\"@id\":\"https:\/\/www.gaveanews.com\/index.php\/2023\/03\/21\/video-rede-globo-divulga-chamada-da-copa-libertadores-2023\/\",\"url\":\"https:\/\/www.gaveanews.com\/index.php\/2023\/03\/21\/video-rede-globo-divulga-chamada-da-copa-libertadores-2023\/\",\"name\":\"V\u00eddeo: Rede Globo divulga chamada da Copa Libertadores 2023\",\"isPartOf\":{\"@id\":\"https:\/\/www.gaveanews.com\/#website\"},\"primaryImageOfPage\":{\"@id\":\"https:\/\/www.gaveanews.com\/index.php\/2023\/03\/21\/video-rede-globo-divulga-chamada-da-copa-libertadores-2023\/#primaryimage\"},\"image\":{\"@id\":\"https:\/\/www.gaveanews.com\/index.php\/2023\/03\/21\/video-rede-globo-divulga-chamada-da-copa-libertadores-2023\/#primaryimage\"},\"thumbnailUrl\":\"https:\/\/www.gaveanews.com\/wp-content\/uploads\/2019\/04\/Logomarca-da-Rede-Globo.webp\",\"datePublished\":\"2023-03-22T00:12:42+00:00\",\"dateModified\":\"2023-03-22T00:12:46+00:00\",\"author\":{\"@id\":\"https:\/\/www.gaveanews.com\/#\/schema\/person\/2ec14f73fb96be2caf28f91afb14749d\"},\"breadcrumb\":{\"@id\":\"https:\/\/www.gaveanews.com\/index.php\/2023\/03\/21\/video-rede-globo-divulga-chamada-da-copa-libertadores-2023\/#breadcrumb\"},\"inLanguage\":\"pt-BR\",\"potentialAction\":[{\"@type\":\"ReadAction\",\"target\":[\"https:\/\/www.gaveanews.com\/index.php\/2023\/03\/21\/video-rede-globo-divulga-chamada-da-copa-libertadores-2023\/\"]}]},{\"@type\":\"ImageObject\",\"inLanguage\":\"pt-BR\",\"@id\":\"https:\/\/www.gaveanews.com\/index.php\/2023\/03\/21\/video-rede-globo-divulga-chamada-da-copa-libertadores-2023\/#primaryimage\",\"url\":\"https:\/\/www.gaveanews.com\/wp-content\/uploads\/2019\/04\/Logomarca-da-Rede-Globo.webp\",\"contentUrl\":\"https:\/\/www.gaveanews.com\/wp-content\/uploads\/2019\/04\/Logomarca-da-Rede-Globo.webp\",\"width\":1920,\"height\":1076,\"caption\":\"Logomarca da Rede Globo (Foto: Reprodu\u00e7\u00e3o)\"},{\"@type\":\"BreadcrumbList\",\"@id\":\"https:\/\/www.gaveanews.com\/index.php\/2023\/03\/21\/video-rede-globo-divulga-chamada-da-copa-libertadores-2023\/#breadcrumb\",\"itemListElement\":[{\"@type\":\"ListItem\",\"position\":1,\"name\":\"Home\",\"item\":\"https:\/\/www.gaveanews.com\/\"},{\"@type\":\"ListItem\",\"position\":2,\"name\":\"V\u00eddeo: Rede Globo divulga chamada da Copa Libertadores 2023\"}]},{\"@type\":\"WebSite\",\"@id\":\"https:\/\/www.gaveanews.com\/#website\",\"url\":\"https:\/\/www.gaveanews.com\/\",\"name\":\"G\u00e1vea News\",\"description\":\"Veja todas as not\u00edcias sobre o Flamengo: Contrata\u00e7\u00f5es, categorias de base, resultados das partidas, tabela de classifica\u00e7\u00e3o, pr\u00f3ximos jogos!\",\"potentialAction\":[{\"@type\":\"SearchAction\",\"target\":{\"@type\":\"EntryPoint\",\"urlTemplate\":\"https:\/\/www.gaveanews.com\/?s={search_term_string}\"},\"query-input\":{\"@type\":\"PropertyValueSpecification\",\"valueRequired\":true,\"valueName\":\"search_term_string\"}}],\"inLanguage\":\"pt-BR\"},{\"@type\":\"Person\",\"@id\":\"https:\/\/www.gaveanews.com\/#\/schema\/person\/2ec14f73fb96be2caf28f91afb14749d\",\"name\":\"Equipe G\u00e1vea News\",\"image\":{\"@type\":\"ImageObject\",\"inLanguage\":\"pt-BR\",\"@id\":\"https:\/\/www.gaveanews.com\/#\/schema\/person\/image\/\",\"url\":\"https:\/\/secure.gravatar.com\/avatar\/1e1956f1facbffd3f8fa53a326721950116b3b9dc9bd44939c01180fd4a745a9?s=96&d=mm&r=g\",\"contentUrl\":\"https:\/\/secure.gravatar.com\/avatar\/1e1956f1facbffd3f8fa53a326721950116b3b9dc9bd44939c01180fd4a745a9?s=96&d=mm&r=g\",\"caption\":\"Equipe G\u00e1vea News\"}}]}<\/script>\n<!-- \/ Yoast SEO Premium plugin. -->","yoast_head_json":{"title":"V\u00eddeo: Rede Globo divulga chamada da Copa Libertadores 2023","robots":{"index":"index","follow":"follow","max-snippet":"max-snippet:-1","max-image-preview":"max-image-preview:large","max-video-preview":"max-video-preview:-1"},"canonical":"https:\/\/www.gaveanews.com\/index.php\/2023\/03\/21\/video-rede-globo-divulga-chamada-da-copa-libertadores-2023\/","og_locale":"pt_BR","og_type":"article","og_title":"V\u00eddeo: Rede Globo divulga chamada da Copa Libertadores 2023","og_description":"A TV Globo divulgou a chamada oficial para o in\u00edcio da fase de grupos da Copa Libertadores 2023. A emissora carioca ir\u00e1 voltar a transmitir a competi\u00e7\u00e3o ap\u00f3s tr\u00eas de aus\u00eancia, per\u00edodo em que o SBT teve os direitos de transmiss\u00e3o do torneio. No material de divulga\u00e7\u00e3o, com texto narrado pelo ator Andr\u00e9 Ramiro, a [&hellip;]","og_url":"https:\/\/www.gaveanews.com\/index.php\/2023\/03\/21\/video-rede-globo-divulga-chamada-da-copa-libertadores-2023\/","og_site_name":"G\u00e1vea News","article_publisher":"https:\/\/facebook.com\/gaveaNews\/","article_published_time":"2023-03-22T00:12:42+00:00","article_modified_time":"2023-03-22T00:12:46+00:00","og_image":[{"width":1920,"height":1076,"url":"https:\/\/www.gaveanews.com\/wp-content\/uploads\/2019\/04\/Logomarca-da-Rede-Globo.webp","type":"image\/png"}],"author":"Equipe G\u00e1vea News","twitter_card":"summary_large_image","twitter_misc":{"Escrito por":"Equipe G\u00e1vea News","Est. tempo de leitura":"2 minutos"},"schema":{"@context":"https:\/\/schema.org","@graph":[{"@type":"NewsArticle","@id":"https:\/\/www.gaveanews.com\/index.php\/2023\/03\/21\/video-rede-globo-divulga-chamada-da-copa-libertadores-2023\/#article","isPartOf":{"@id":"https:\/\/www.gaveanews.com\/index.php\/2023\/03\/21\/video-rede-globo-divulga-chamada-da-copa-libertadores-2023\/"},"author":{"name":"Equipe G\u00e1vea News","@id":"https:\/\/www.gaveanews.com\/#\/schema\/person\/2ec14f73fb96be2caf28f91afb14749d"},"headline":"V\u00eddeo: Rede Globo divulga chamada da Copa Libertadores 2023","datePublished":"2023-03-22T00:12:42+00:00","dateModified":"2023-03-22T00:12:46+00:00","mainEntityOfPage":{"@id":"https:\/\/www.gaveanews.com\/index.php\/2023\/03\/21\/video-rede-globo-divulga-chamada-da-copa-libertadores-2023\/"},"wordCount":345,"commentCount":0,"image":{"@id":"https:\/\/www.gaveanews.com\/index.php\/2023\/03\/21\/video-rede-globo-divulga-chamada-da-copa-libertadores-2023\/#primaryimage"},"thumbnailUrl":"https:\/\/www.gaveanews.com\/wp-content\/uploads\/2019\/04\/Logomarca-da-Rede-Globo.webp","articleSection":["V\u00eddeos"],"inLanguage":"pt-BR","potentialAction":[{"@type":"CommentAction","name":"Comment","target":["https:\/\/www.gaveanews.com\/index.php\/2023\/03\/21\/video-rede-globo-divulga-chamada-da-copa-libertadores-2023\/#respond"]}],"copyrightYear":"2023","copyrightHolder":{"@id":"https:\/\/www.gaveanews.com\/#organization"}},{"@type":"WebPage","@id":"https:\/\/www.gaveanews.com\/index.php\/2023\/03\/21\/video-rede-globo-divulga-chamada-da-copa-libertadores-2023\/","url":"https:\/\/www.gaveanews.com\/index.php\/2023\/03\/21\/video-rede-globo-divulga-chamada-da-copa-libertadores-2023\/","name":"V\u00eddeo: Rede Globo divulga chamada da Copa Libertadores 2023","isPartOf":{"@id":"https:\/\/www.gaveanews.com\/#website"},"primaryImageOfPage":{"@id":"https:\/\/www.gaveanews.com\/index.php\/2023\/03\/21\/video-rede-globo-divulga-chamada-da-copa-libertadores-2023\/#primaryimage"},"image":{"@id":"https:\/\/www.gaveanews.com\/index.php\/2023\/03\/21\/video-rede-globo-divulga-chamada-da-copa-libertadores-2023\/#primaryimage"},"thumbnailUrl":"https:\/\/www.gaveanews.com\/wp-content\/uploads\/2019\/04\/Logomarca-da-Rede-Globo.webp","datePublished":"2023-03-22T00:12:42+00:00","dateModified":"2023-03-22T00:12:46+00:00","author":{"@id":"https:\/\/www.gaveanews.com\/#\/schema\/person\/2ec14f73fb96be2caf28f91afb14749d"},"breadcrumb":{"@id":"https:\/\/www.gaveanews.com\/index.php\/2023\/03\/21\/video-rede-globo-divulga-chamada-da-copa-libertadores-2023\/#breadcrumb"},"inLanguage":"pt-BR","potentialAction":[{"@type":"ReadAction","target":["https:\/\/www.gaveanews.com\/index.php\/2023\/03\/21\/video-rede-globo-divulga-chamada-da-copa-libertadores-2023\/"]}]},{"@type":"ImageObject","inLanguage":"pt-BR","@id":"https:\/\/www.gaveanews.com\/index.php\/2023\/03\/21\/video-rede-globo-divulga-chamada-da-copa-libertadores-2023\/#primaryimage","url":"https:\/\/www.gaveanews.com\/wp-content\/uploads\/2019\/04\/Logomarca-da-Rede-Globo.webp","contentUrl":"https:\/\/www.gaveanews.com\/wp-content\/uploads\/2019\/04\/Logomarca-da-Rede-Globo.webp","width":1920,"height":1076,"caption":"Logomarca da Rede Globo (Foto: Reprodu\u00e7\u00e3o)"},{"@type":"BreadcrumbList","@id":"https:\/\/www.gaveanews.com\/index.php\/2023\/03\/21\/video-rede-globo-divulga-chamada-da-copa-libertadores-2023\/#breadcrumb","itemListElement":[{"@type":"ListItem","position":1,"name":"Home","item":"https:\/\/www.gaveanews.com\/"},{"@type":"ListItem","position":2,"name":"V\u00eddeo: Rede Globo divulga chamada da Copa Libertadores 2023"}]},{"@type":"WebSite","@id":"https:\/\/www.gaveanews.com\/#website","url":"https:\/\/www.gaveanews.com\/","name":"G\u00e1vea News","description":"Veja todas as not\u00edcias sobre o Flamengo: Contrata\u00e7\u00f5es, categorias de base, resultados das partidas, tabela de classifica\u00e7\u00e3o, pr\u00f3ximos jogos!","potentialAction":[{"@type":"SearchAction","target":{"@type":"EntryPoint","urlTemplate":"https:\/\/www.gaveanews.com\/?s={search_term_string}"},"query-input":{"@type":"PropertyValueSpecification","valueRequired":true,"valueName":"search_term_string"}}],"inLanguage":"pt-BR"},{"@type":"Person","@id":"https:\/\/www.gaveanews.com\/#\/schema\/person\/2ec14f73fb96be2caf28f91afb14749d","name":"Equipe G\u00e1vea News","image":{"@type":"ImageObject","inLanguage":"pt-BR","@id":"https:\/\/www.gaveanews.com\/#\/schema\/person\/image\/","url":"https:\/\/secure.gravatar.com\/avatar\/1e1956f1facbffd3f8fa53a326721950116b3b9dc9bd44939c01180fd4a745a9?s=96&d=mm&r=g","contentUrl":"https:\/\/secure.gravatar.com\/avatar\/1e1956f1facbffd3f8fa53a326721950116b3b9dc9bd44939c01180fd4a745a9?s=96&d=mm&r=g","caption":"Equipe G\u00e1vea News"}}]}},"_links":{"self":[{"href":"https:\/\/www.gaveanews.com\/index.php\/wp-json\/wp\/v2\/posts\/95805","targetHints":{"allow":["GET"]}}],"collection":[{"href":"https:\/\/www.gaveanews.com\/index.php\/wp-json\/wp\/v2\/posts"}],"about":[{"href":"https:\/\/www.gaveanews.com\/index.php\/wp-json\/wp\/v2\/types\/post"}],"author":[{"embeddable":true,"href":"https:\/\/www.gaveanews.com\/index.php\/wp-json\/wp\/v2\/users\/1"}],"replies":[{"embeddable":true,"href":"https:\/\/www.gaveanews.com\/index.php\/wp-json\/wp\/v2\/comments?post=95805"}],"version-history":[{"count":0,"href":"https:\/\/www.gaveanews.com\/index.php\/wp-json\/wp\/v2\/posts\/95805\/revisions"}],"wp:featuredmedia":[{"embeddable":true,"href":"https:\/\/www.gaveanews.com\/index.php\/wp-json\/wp\/v2\/media\/17043"}],"wp:attachment":[{"href":"https:\/\/www.gaveanews.com\/index.php\/wp-json\/wp\/v2\/media?parent=95805"}],"wp:term":[{"taxonomy":"category","embeddable":true,"href":"https:\/\/www.gaveanews.com\/index.php\/wp-json\/wp\/v2\/categories?post=95805"},{"taxonomy":"post_tag","embeddable":true,"href":"https:\/\/www.gaveanews.com\/index.php\/wp-json\/wp\/v2\/tags?post=95805"}],"curies":[{"name":"wp","href":"https:\/\/api.w.org\/{rel}","templated":true}]}}