{"id":95807,"date":"2023-03-21T21:42:05","date_gmt":"2023-03-22T00:42:05","guid":{"rendered":"https:\/\/www.gaveanews.com\/?p=95807"},"modified":"2023-03-21T21:42:08","modified_gmt":"2023-03-22T00:42:08","slug":"ex-presidente-do-flamengo-abre-o-jogo-sobre-polemicas-nos-bastidores-politicos-do-clube","status":"publish","type":"post","link":"https:\/\/www.gaveanews.com\/index.php\/2023\/03\/21\/ex-presidente-do-flamengo-abre-o-jogo-sobre-polemicas-nos-bastidores-politicos-do-clube\/","title":{"rendered":"Ex-presidente do Flamengo abre o jogo sobre pol\u00eamicas nos bastidores pol\u00edticos do clube"},"content":{"rendered":"\n<p>Em meio a mais uma tentativa de puni\u00e7\u00e3o por conta de pol\u00eamicas do passado, Kleber Leite se posicionou sobre o momento pol\u00edtico do Flamengo. O ex-presidente do clube publicou uma nota em seu site oficial com alguns pontos direcionados a figuras importantes do Rubro-Negro, incluindo outros mandat\u00e1rios, como Rodolfo Landim e Eduardo Bandeira de Mello.<\/p>\n\n\n\n<p>De acordo com Leite, o aumento no tempo de mandato fere o estatuto do clube e n\u00e3o deve ser aprovado, para n\u00e3o perpetuar apenas um grupo de apoio no poder. Al\u00e9m disso, o ex-presidente tamb\u00e9m falou sobre a atual comiss\u00e3o t\u00e9cnica e pediu troca de comando no Flamengo.<\/p>\n\n\n\n<p id=\"p734670-m501-2-502\"><strong>VEJA A NOTA NA \u00cdNTEGRA<\/strong><br><br><em>&#8220;H\u00e1 cinco temas que est\u00e3o fervilhando na G\u00e1vea.<br><br>1 \u2013 O primeiro, o mais preocupante, pois fere de morte a nossa B\u00edblia, ou seja, o nosso estatuto, que define o tempo de quem assume a presid\u00eancia do clube em tr\u00eas anos, com direito a reelei\u00e7\u00e3o pelo mesmo per\u00edodo, findo o qual, nova elei\u00e7\u00e3o com quem esteve no poder durante seis anos n\u00e3o tendo o direito de concorrer. S\u00e1bio o estatuto que, desta forma, se adequa \u00e0 democracia, impedindo perpetua\u00e7\u00f5es no poder, \u201cescanteando\u201d o abandono ao processo democr\u00e1tico, evitando poss\u00edveis ditadores.<br>Nada contra o presidente Rodolfo Landim. Apenas, como quem tem compromisso at\u00e9 o fim da vida com a democracia, considero um absurdo a tentativa de modifica\u00e7\u00e3o estatut\u00e1ria, dando mais um ano ao presidente. At\u00e9 a\u00ed, d\u00e1 para discutir, embora pessoalmente ache que tr\u00eas anos, com direito a reelei\u00e7\u00e3o, j\u00e1 esteja de bom tamanho. O problema \u00e9 que querem transformar um pleito em golpe, prorrogando por mais um ano o mandato do atual presidente.<\/em><\/p>\n\n\n\n<p id=\"p734670-m501-2-502\"><em>Estou inteiramente \u00e0 vontade para expor o que penso, pois rechacei, quando presidente, ideia semelhante. H\u00e1 v\u00e1rias testemunhas que est\u00e3o vivas.<br>Com certeza, isto que est\u00e1 ocorrendo n\u00e3o \u00e9 ideia do presidente Rodolfo Landim. Provavelmente, de quem queira estender benef\u00edcios e \u201cboquinhas\u201d por mais um ano.<br>A simples proposta \u00e9 um profundo desrespeito ao Flamengo, \u00e0 sua hist\u00f3ria, aos seus s\u00f3cios e \u00e0 sua torcida.<\/em><\/p>\n\n\n\n<p id=\"p734670-m501-2-502\"><em>2 \u2013 Com o vis\u00edvel intuito de atingir o ex-presidente Eduardo Bandeira de Mello, circula a not\u00edcia de que haver\u00e1 proposta a ser encaminhada ao Conselho Deliberativo, no sentido de impedir que quem tenha cargo p\u00fablico seja impedido de se candidatar.<br>Pergunto: E quem esteja em cargo p\u00fablico pode ser nomeado para ocupar uma vice-presid\u00eancia ou diretoria?<br>Afinal, o cargo p\u00fablico s\u00f3 \u00e9 pernicioso ao presidente do clube?<\/em><\/p>\n\n\n\n<p id=\"p734670-m501-2-502\"><em>3 \u2013 Impressionante o momento de f\u00faria vingativa e odiosa que vive o nosso clube. Ap\u00f3s as persegui\u00e7\u00f5es ao ex-presidente Eduardo Bandeira de Mello, a mim, ao benem\u00e9rito Marco Aur\u00e9lio Assef, corre a not\u00edcia de que mais dois associados est\u00e3o na al\u00e7a de mira da turma do \u00f3dio, por cr\u00edticas variadas a atual gest\u00e3o. Aqui pra n\u00f3s: ser\u00e1 que estas pessoas n\u00e3o t\u00eam mais o que fazer?<br>Ruminam e destilam \u00f3dio vinte quatro horas por dia. At\u00e9 dormindo\u2026<br>Pergunta final: ser\u00e1 que n\u00e3o h\u00e1 algu\u00e9m entre os que comandam o clube que consiga frear tanta barbaridade?<\/em><\/p>\n\n\n\n<p id=\"p734670-m501-2-502\"><em>4 \u2013 A ideia da SAF anda rondando o Flamengo. Tomara que os conselheiros do clube n\u00e3o estejam \u00e0 merc\u00ea da bola entrar para uma boiada passar\u2026<br>Isto \u00e9 um passo muito s\u00e9rio para n\u00e3o ser discutido \u00e0 exaust\u00e3o. E, nada tem a ver com sucesso ou insucesso do futebol.<\/em><\/p>\n\n\n\n<p id=\"p734670-m501-2-502\"><em>5 \u2013 Infelizmente, errei! Imaginei os tr\u00eas dias de folga dados aos jogadores e comiss\u00e3o t\u00e9cnica como estrat\u00e9gia para que o comando t\u00e9cnico do futebol pudesse ser modificado. Continuar\u00e1 tudo como est\u00e1.<br>As possibilidades tricolores, automaticamente, aumentaram.<br>Infelizmente\u2026&#8221;<\/em><\/p>\n\n\n\n<p>Retirado de: Lance<\/p>\n","protected":false},"excerpt":{"rendered":"<p>Em meio a mais uma tentativa de puni\u00e7\u00e3o por conta de pol\u00eamicas do passado, Kleber Leite se posicionou sobre o momento pol\u00edtico do Flamengo. O ex-presidente do clube publicou uma nota em seu site oficial com alguns pontos direcionados a figuras importantes do Rubro-Negro, incluindo outros mandat\u00e1rios, como Rodolfo Landim e Eduardo Bandeira de Mello. [&hellip;]<\/p>\n","protected":false},"author":1,"featured_media":15077,"comment_status":"open","ping_status":"closed","sticky":false,"template":"","format":"standard","meta":{"footnotes":""},"categories":[1],"tags":[],"class_list":["post-95807","post","type-post","status-publish","format-standard","has-post-thumbnail","hentry","category-flamengo"],"yoast_head":"<!-- This site is optimized with the Yoast SEO Premium plugin v24.2 (Yoast SEO v26.9) - https:\/\/yoast.com\/product\/yoast-seo-premium-wordpress\/ -->\n<title>Ex-presidente do Flamengo abre o jogo sobre pol\u00eamicas nos bastidores pol\u00edticos do clube<\/title>\n<meta name=\"robots\" content=\"index, follow, max-snippet:-1, max-image-preview:large, max-video-preview:-1\" \/>\n<link rel=\"canonical\" href=\"https:\/\/www.gaveanews.com\/index.php\/2023\/03\/21\/ex-presidente-do-flamengo-abre-o-jogo-sobre-polemicas-nos-bastidores-politicos-do-clube\/\" \/>\n<meta property=\"og:locale\" content=\"pt_BR\" \/>\n<meta property=\"og:type\" content=\"article\" \/>\n<meta property=\"og:title\" content=\"Ex-presidente do Flamengo abre o jogo sobre pol\u00eamicas nos bastidores pol\u00edticos do clube\" \/>\n<meta property=\"og:description\" content=\"Em meio a mais uma tentativa de puni\u00e7\u00e3o por conta de pol\u00eamicas do passado, Kleber Leite se posicionou sobre o momento pol\u00edtico do Flamengo. O ex-presidente do clube publicou uma nota em seu site oficial com alguns pontos direcionados a figuras importantes do Rubro-Negro, incluindo outros mandat\u00e1rios, como Rodolfo Landim e Eduardo Bandeira de Mello. [&hellip;]\" \/>\n<meta property=\"og:url\" content=\"https:\/\/www.gaveanews.com\/index.php\/2023\/03\/21\/ex-presidente-do-flamengo-abre-o-jogo-sobre-polemicas-nos-bastidores-politicos-do-clube\/\" \/>\n<meta property=\"og:site_name\" content=\"G\u00e1vea News\" \/>\n<meta property=\"article:publisher\" content=\"https:\/\/facebook.com\/gaveaNews\/\" \/>\n<meta property=\"article:published_time\" content=\"2023-03-22T00:42:05+00:00\" \/>\n<meta property=\"article:modified_time\" content=\"2023-03-22T00:42:08+00:00\" \/>\n<meta property=\"og:image\" content=\"https:\/\/www.gaveanews.com\/wp-content\/uploads\/2019\/03\/Rodolfo-Landim-durante-entrevista-coletiva-na-Gavea.webp\" \/>\n\t<meta property=\"og:image:width\" content=\"1\" \/>\n\t<meta property=\"og:image:height\" content=\"1\" \/>\n\t<meta property=\"og:image:type\" content=\"image\/jpeg\" \/>\n<meta name=\"author\" content=\"Equipe G\u00e1vea News\" \/>\n<meta name=\"twitter:card\" content=\"summary_large_image\" \/>\n<meta name=\"twitter:label1\" content=\"Escrito por\" \/>\n\t<meta name=\"twitter:data1\" content=\"Equipe G\u00e1vea News\" \/>\n\t<meta name=\"twitter:label2\" content=\"Est. tempo de leitura\" \/>\n\t<meta name=\"twitter:data2\" content=\"4 minutos\" \/>\n<script type=\"application\/ld+json\" class=\"yoast-schema-graph\">{\"@context\":\"https:\/\/schema.org\",\"@graph\":[{\"@type\":\"NewsArticle\",\"@id\":\"https:\/\/www.gaveanews.com\/index.php\/2023\/03\/21\/ex-presidente-do-flamengo-abre-o-jogo-sobre-polemicas-nos-bastidores-politicos-do-clube\/#article\",\"isPartOf\":{\"@id\":\"https:\/\/www.gaveanews.com\/index.php\/2023\/03\/21\/ex-presidente-do-flamengo-abre-o-jogo-sobre-polemicas-nos-bastidores-politicos-do-clube\/\"},\"author\":{\"name\":\"Equipe G\u00e1vea News\",\"@id\":\"https:\/\/www.gaveanews.com\/#\/schema\/person\/2ec14f73fb96be2caf28f91afb14749d\"},\"headline\":\"Ex-presidente do Flamengo abre o jogo sobre pol\u00eamicas nos bastidores pol\u00edticos do clube\",\"datePublished\":\"2023-03-22T00:42:05+00:00\",\"dateModified\":\"2023-03-22T00:42:08+00:00\",\"mainEntityOfPage\":{\"@id\":\"https:\/\/www.gaveanews.com\/index.php\/2023\/03\/21\/ex-presidente-do-flamengo-abre-o-jogo-sobre-polemicas-nos-bastidores-politicos-do-clube\/\"},\"wordCount\":648,\"commentCount\":0,\"image\":{\"@id\":\"https:\/\/www.gaveanews.com\/index.php\/2023\/03\/21\/ex-presidente-do-flamengo-abre-o-jogo-sobre-polemicas-nos-bastidores-politicos-do-clube\/#primaryimage\"},\"thumbnailUrl\":\"https:\/\/www.gaveanews.com\/wp-content\/uploads\/2019\/03\/Rodolfo-Landim-durante-entrevista-coletiva-na-Gavea.webp\",\"articleSection\":[\"Flamengo\"],\"inLanguage\":\"pt-BR\",\"potentialAction\":[{\"@type\":\"CommentAction\",\"name\":\"Comment\",\"target\":[\"https:\/\/www.gaveanews.com\/index.php\/2023\/03\/21\/ex-presidente-do-flamengo-abre-o-jogo-sobre-polemicas-nos-bastidores-politicos-do-clube\/#respond\"]}],\"copyrightYear\":\"2023\",\"copyrightHolder\":{\"@id\":\"https:\/\/www.gaveanews.com\/#organization\"}},{\"@type\":\"WebPage\",\"@id\":\"https:\/\/www.gaveanews.com\/index.php\/2023\/03\/21\/ex-presidente-do-flamengo-abre-o-jogo-sobre-polemicas-nos-bastidores-politicos-do-clube\/\",\"url\":\"https:\/\/www.gaveanews.com\/index.php\/2023\/03\/21\/ex-presidente-do-flamengo-abre-o-jogo-sobre-polemicas-nos-bastidores-politicos-do-clube\/\",\"name\":\"Ex-presidente do Flamengo abre o jogo sobre pol\u00eamicas nos bastidores pol\u00edticos do clube\",\"isPartOf\":{\"@id\":\"https:\/\/www.gaveanews.com\/#website\"},\"primaryImageOfPage\":{\"@id\":\"https:\/\/www.gaveanews.com\/index.php\/2023\/03\/21\/ex-presidente-do-flamengo-abre-o-jogo-sobre-polemicas-nos-bastidores-politicos-do-clube\/#primaryimage\"},\"image\":{\"@id\":\"https:\/\/www.gaveanews.com\/index.php\/2023\/03\/21\/ex-presidente-do-flamengo-abre-o-jogo-sobre-polemicas-nos-bastidores-politicos-do-clube\/#primaryimage\"},\"thumbnailUrl\":\"https:\/\/www.gaveanews.com\/wp-content\/uploads\/2019\/03\/Rodolfo-Landim-durante-entrevista-coletiva-na-Gavea.webp\",\"datePublished\":\"2023-03-22T00:42:05+00:00\",\"dateModified\":\"2023-03-22T00:42:08+00:00\",\"author\":{\"@id\":\"https:\/\/www.gaveanews.com\/#\/schema\/person\/2ec14f73fb96be2caf28f91afb14749d\"},\"breadcrumb\":{\"@id\":\"https:\/\/www.gaveanews.com\/index.php\/2023\/03\/21\/ex-presidente-do-flamengo-abre-o-jogo-sobre-polemicas-nos-bastidores-politicos-do-clube\/#breadcrumb\"},\"inLanguage\":\"pt-BR\",\"potentialAction\":[{\"@type\":\"ReadAction\",\"target\":[\"https:\/\/www.gaveanews.com\/index.php\/2023\/03\/21\/ex-presidente-do-flamengo-abre-o-jogo-sobre-polemicas-nos-bastidores-politicos-do-clube\/\"]}]},{\"@type\":\"ImageObject\",\"inLanguage\":\"pt-BR\",\"@id\":\"https:\/\/www.gaveanews.com\/index.php\/2023\/03\/21\/ex-presidente-do-flamengo-abre-o-jogo-sobre-polemicas-nos-bastidores-politicos-do-clube\/#primaryimage\",\"url\":\"https:\/\/www.gaveanews.com\/wp-content\/uploads\/2019\/03\/Rodolfo-Landim-durante-entrevista-coletiva-na-Gavea.webp\",\"contentUrl\":\"https:\/\/www.gaveanews.com\/wp-content\/uploads\/2019\/03\/Rodolfo-Landim-durante-entrevista-coletiva-na-Gavea.webp\",\"width\":900,\"height\":599,\"caption\":\"Rodolfo Landim durante entrevista coletiva na G\u00e1vea (Foto: Ag\u00eancia Foto BR)\"},{\"@type\":\"BreadcrumbList\",\"@id\":\"https:\/\/www.gaveanews.com\/index.php\/2023\/03\/21\/ex-presidente-do-flamengo-abre-o-jogo-sobre-polemicas-nos-bastidores-politicos-do-clube\/#breadcrumb\",\"itemListElement\":[{\"@type\":\"ListItem\",\"position\":1,\"name\":\"Home\",\"item\":\"https:\/\/www.gaveanews.com\/\"},{\"@type\":\"ListItem\",\"position\":2,\"name\":\"Ex-presidente do Flamengo abre o jogo sobre pol\u00eamicas nos bastidores pol\u00edticos do clube\"}]},{\"@type\":\"WebSite\",\"@id\":\"https:\/\/www.gaveanews.com\/#website\",\"url\":\"https:\/\/www.gaveanews.com\/\",\"name\":\"G\u00e1vea News\",\"description\":\"Veja todas as not\u00edcias sobre o Flamengo: Contrata\u00e7\u00f5es, categorias de base, resultados das partidas, tabela de classifica\u00e7\u00e3o, pr\u00f3ximos jogos!\",\"potentialAction\":[{\"@type\":\"SearchAction\",\"target\":{\"@type\":\"EntryPoint\",\"urlTemplate\":\"https:\/\/www.gaveanews.com\/?s={search_term_string}\"},\"query-input\":{\"@type\":\"PropertyValueSpecification\",\"valueRequired\":true,\"valueName\":\"search_term_string\"}}],\"inLanguage\":\"pt-BR\"},{\"@type\":\"Person\",\"@id\":\"https:\/\/www.gaveanews.com\/#\/schema\/person\/2ec14f73fb96be2caf28f91afb14749d\",\"name\":\"Equipe G\u00e1vea News\",\"image\":{\"@type\":\"ImageObject\",\"inLanguage\":\"pt-BR\",\"@id\":\"https:\/\/www.gaveanews.com\/#\/schema\/person\/image\/\",\"url\":\"https:\/\/secure.gravatar.com\/avatar\/1e1956f1facbffd3f8fa53a326721950116b3b9dc9bd44939c01180fd4a745a9?s=96&d=mm&r=g\",\"contentUrl\":\"https:\/\/secure.gravatar.com\/avatar\/1e1956f1facbffd3f8fa53a326721950116b3b9dc9bd44939c01180fd4a745a9?s=96&d=mm&r=g\",\"caption\":\"Equipe G\u00e1vea News\"}}]}<\/script>\n<!-- \/ Yoast SEO Premium plugin. -->","yoast_head_json":{"title":"Ex-presidente do Flamengo abre o jogo sobre pol\u00eamicas nos bastidores pol\u00edticos do clube","robots":{"index":"index","follow":"follow","max-snippet":"max-snippet:-1","max-image-preview":"max-image-preview:large","max-video-preview":"max-video-preview:-1"},"canonical":"https:\/\/www.gaveanews.com\/index.php\/2023\/03\/21\/ex-presidente-do-flamengo-abre-o-jogo-sobre-polemicas-nos-bastidores-politicos-do-clube\/","og_locale":"pt_BR","og_type":"article","og_title":"Ex-presidente do Flamengo abre o jogo sobre pol\u00eamicas nos bastidores pol\u00edticos do clube","og_description":"Em meio a mais uma tentativa de puni\u00e7\u00e3o por conta de pol\u00eamicas do passado, Kleber Leite se posicionou sobre o momento pol\u00edtico do Flamengo. O ex-presidente do clube publicou uma nota em seu site oficial com alguns pontos direcionados a figuras importantes do Rubro-Negro, incluindo outros mandat\u00e1rios, como Rodolfo Landim e Eduardo Bandeira de Mello. [&hellip;]","og_url":"https:\/\/www.gaveanews.com\/index.php\/2023\/03\/21\/ex-presidente-do-flamengo-abre-o-jogo-sobre-polemicas-nos-bastidores-politicos-do-clube\/","og_site_name":"G\u00e1vea News","article_publisher":"https:\/\/facebook.com\/gaveaNews\/","article_published_time":"2023-03-22T00:42:05+00:00","article_modified_time":"2023-03-22T00:42:08+00:00","og_image":[{"url":"https:\/\/www.gaveanews.com\/wp-content\/uploads\/2019\/03\/Rodolfo-Landim-durante-entrevista-coletiva-na-Gavea.webp","width":1,"height":1,"type":"image\/jpeg"}],"author":"Equipe G\u00e1vea News","twitter_card":"summary_large_image","twitter_misc":{"Escrito por":"Equipe G\u00e1vea News","Est. tempo de leitura":"4 minutos"},"schema":{"@context":"https:\/\/schema.org","@graph":[{"@type":"NewsArticle","@id":"https:\/\/www.gaveanews.com\/index.php\/2023\/03\/21\/ex-presidente-do-flamengo-abre-o-jogo-sobre-polemicas-nos-bastidores-politicos-do-clube\/#article","isPartOf":{"@id":"https:\/\/www.gaveanews.com\/index.php\/2023\/03\/21\/ex-presidente-do-flamengo-abre-o-jogo-sobre-polemicas-nos-bastidores-politicos-do-clube\/"},"author":{"name":"Equipe G\u00e1vea News","@id":"https:\/\/www.gaveanews.com\/#\/schema\/person\/2ec14f73fb96be2caf28f91afb14749d"},"headline":"Ex-presidente do Flamengo abre o jogo sobre pol\u00eamicas nos bastidores pol\u00edticos do clube","datePublished":"2023-03-22T00:42:05+00:00","dateModified":"2023-03-22T00:42:08+00:00","mainEntityOfPage":{"@id":"https:\/\/www.gaveanews.com\/index.php\/2023\/03\/21\/ex-presidente-do-flamengo-abre-o-jogo-sobre-polemicas-nos-bastidores-politicos-do-clube\/"},"wordCount":648,"commentCount":0,"image":{"@id":"https:\/\/www.gaveanews.com\/index.php\/2023\/03\/21\/ex-presidente-do-flamengo-abre-o-jogo-sobre-polemicas-nos-bastidores-politicos-do-clube\/#primaryimage"},"thumbnailUrl":"https:\/\/www.gaveanews.com\/wp-content\/uploads\/2019\/03\/Rodolfo-Landim-durante-entrevista-coletiva-na-Gavea.webp","articleSection":["Flamengo"],"inLanguage":"pt-BR","potentialAction":[{"@type":"CommentAction","name":"Comment","target":["https:\/\/www.gaveanews.com\/index.php\/2023\/03\/21\/ex-presidente-do-flamengo-abre-o-jogo-sobre-polemicas-nos-bastidores-politicos-do-clube\/#respond"]}],"copyrightYear":"2023","copyrightHolder":{"@id":"https:\/\/www.gaveanews.com\/#organization"}},{"@type":"WebPage","@id":"https:\/\/www.gaveanews.com\/index.php\/2023\/03\/21\/ex-presidente-do-flamengo-abre-o-jogo-sobre-polemicas-nos-bastidores-politicos-do-clube\/","url":"https:\/\/www.gaveanews.com\/index.php\/2023\/03\/21\/ex-presidente-do-flamengo-abre-o-jogo-sobre-polemicas-nos-bastidores-politicos-do-clube\/","name":"Ex-presidente do Flamengo abre o jogo sobre pol\u00eamicas nos bastidores pol\u00edticos do clube","isPartOf":{"@id":"https:\/\/www.gaveanews.com\/#website"},"primaryImageOfPage":{"@id":"https:\/\/www.gaveanews.com\/index.php\/2023\/03\/21\/ex-presidente-do-flamengo-abre-o-jogo-sobre-polemicas-nos-bastidores-politicos-do-clube\/#primaryimage"},"image":{"@id":"https:\/\/www.gaveanews.com\/index.php\/2023\/03\/21\/ex-presidente-do-flamengo-abre-o-jogo-sobre-polemicas-nos-bastidores-politicos-do-clube\/#primaryimage"},"thumbnailUrl":"https:\/\/www.gaveanews.com\/wp-content\/uploads\/2019\/03\/Rodolfo-Landim-durante-entrevista-coletiva-na-Gavea.webp","datePublished":"2023-03-22T00:42:05+00:00","dateModified":"2023-03-22T00:42:08+00:00","author":{"@id":"https:\/\/www.gaveanews.com\/#\/schema\/person\/2ec14f73fb96be2caf28f91afb14749d"},"breadcrumb":{"@id":"https:\/\/www.gaveanews.com\/index.php\/2023\/03\/21\/ex-presidente-do-flamengo-abre-o-jogo-sobre-polemicas-nos-bastidores-politicos-do-clube\/#breadcrumb"},"inLanguage":"pt-BR","potentialAction":[{"@type":"ReadAction","target":["https:\/\/www.gaveanews.com\/index.php\/2023\/03\/21\/ex-presidente-do-flamengo-abre-o-jogo-sobre-polemicas-nos-bastidores-politicos-do-clube\/"]}]},{"@type":"ImageObject","inLanguage":"pt-BR","@id":"https:\/\/www.gaveanews.com\/index.php\/2023\/03\/21\/ex-presidente-do-flamengo-abre-o-jogo-sobre-polemicas-nos-bastidores-politicos-do-clube\/#primaryimage","url":"https:\/\/www.gaveanews.com\/wp-content\/uploads\/2019\/03\/Rodolfo-Landim-durante-entrevista-coletiva-na-Gavea.webp","contentUrl":"https:\/\/www.gaveanews.com\/wp-content\/uploads\/2019\/03\/Rodolfo-Landim-durante-entrevista-coletiva-na-Gavea.webp","width":900,"height":599,"caption":"Rodolfo Landim durante entrevista coletiva na G\u00e1vea (Foto: Ag\u00eancia Foto BR)"},{"@type":"BreadcrumbList","@id":"https:\/\/www.gaveanews.com\/index.php\/2023\/03\/21\/ex-presidente-do-flamengo-abre-o-jogo-sobre-polemicas-nos-bastidores-politicos-do-clube\/#breadcrumb","itemListElement":[{"@type":"ListItem","position":1,"name":"Home","item":"https:\/\/www.gaveanews.com\/"},{"@type":"ListItem","position":2,"name":"Ex-presidente do Flamengo abre o jogo sobre pol\u00eamicas nos bastidores pol\u00edticos do clube"}]},{"@type":"WebSite","@id":"https:\/\/www.gaveanews.com\/#website","url":"https:\/\/www.gaveanews.com\/","name":"G\u00e1vea News","description":"Veja todas as not\u00edcias sobre o Flamengo: Contrata\u00e7\u00f5es, categorias de base, resultados das partidas, tabela de classifica\u00e7\u00e3o, pr\u00f3ximos jogos!","potentialAction":[{"@type":"SearchAction","target":{"@type":"EntryPoint","urlTemplate":"https:\/\/www.gaveanews.com\/?s={search_term_string}"},"query-input":{"@type":"PropertyValueSpecification","valueRequired":true,"valueName":"search_term_string"}}],"inLanguage":"pt-BR"},{"@type":"Person","@id":"https:\/\/www.gaveanews.com\/#\/schema\/person\/2ec14f73fb96be2caf28f91afb14749d","name":"Equipe G\u00e1vea News","image":{"@type":"ImageObject","inLanguage":"pt-BR","@id":"https:\/\/www.gaveanews.com\/#\/schema\/person\/image\/","url":"https:\/\/secure.gravatar.com\/avatar\/1e1956f1facbffd3f8fa53a326721950116b3b9dc9bd44939c01180fd4a745a9?s=96&d=mm&r=g","contentUrl":"https:\/\/secure.gravatar.com\/avatar\/1e1956f1facbffd3f8fa53a326721950116b3b9dc9bd44939c01180fd4a745a9?s=96&d=mm&r=g","caption":"Equipe G\u00e1vea News"}}]}},"_links":{"self":[{"href":"https:\/\/www.gaveanews.com\/index.php\/wp-json\/wp\/v2\/posts\/95807","targetHints":{"allow":["GET"]}}],"collection":[{"href":"https:\/\/www.gaveanews.com\/index.php\/wp-json\/wp\/v2\/posts"}],"about":[{"href":"https:\/\/www.gaveanews.com\/index.php\/wp-json\/wp\/v2\/types\/post"}],"author":[{"embeddable":true,"href":"https:\/\/www.gaveanews.com\/index.php\/wp-json\/wp\/v2\/users\/1"}],"replies":[{"embeddable":true,"href":"https:\/\/www.gaveanews.com\/index.php\/wp-json\/wp\/v2\/comments?post=95807"}],"version-history":[{"count":0,"href":"https:\/\/www.gaveanews.com\/index.php\/wp-json\/wp\/v2\/posts\/95807\/revisions"}],"wp:featuredmedia":[{"embeddable":true,"href":"https:\/\/www.gaveanews.com\/index.php\/wp-json\/wp\/v2\/media\/15077"}],"wp:attachment":[{"href":"https:\/\/www.gaveanews.com\/index.php\/wp-json\/wp\/v2\/media?parent=95807"}],"wp:term":[{"taxonomy":"category","embeddable":true,"href":"https:\/\/www.gaveanews.com\/index.php\/wp-json\/wp\/v2\/categories?post=95807"},{"taxonomy":"post_tag","embeddable":true,"href":"https:\/\/www.gaveanews.com\/index.php\/wp-json\/wp\/v2\/tags?post=95807"}],"curies":[{"name":"wp","href":"https:\/\/api.w.org\/{rel}","templated":true}]}}