{"id":95809,"date":"2023-03-21T22:28:25","date_gmt":"2023-03-22T01:28:25","guid":{"rendered":"https:\/\/www.gaveanews.com\/?p=95809"},"modified":"2023-03-21T22:28:29","modified_gmt":"2023-03-22T01:28:29","slug":"veja-quanto-o-flamengo-ira-faturar-com-a-nova-divisao-de-cotas-de-tv","status":"publish","type":"post","link":"https:\/\/www.gaveanews.com\/index.php\/2023\/03\/21\/veja-quanto-o-flamengo-ira-faturar-com-a-nova-divisao-de-cotas-de-tv\/","title":{"rendered":"Veja quanto o Flamengo ir\u00e1 faturar com a nova divis\u00e3o de cotas de TV"},"content":{"rendered":"\n<p>A Libra (Liga do Futebol Brasileiro) aprovou, no in\u00edcio de mar\u00e7o, uma nova divis\u00e3o de dinheiro de TV para o Brasileiro a partir de 2025. O modelo teve concess\u00f5es de Flamengo e Corinthians para reduzir a diferen\u00e7a para os clubes que menos ganham, mas lhes d\u00e1 garantia de manter as receitas atuais. O grupo agora divulgou como s\u00e3o as regras de distribui\u00e7\u00e3o das receitas que deixam a dist\u00e2ncia entre os clubes em um m\u00e1ximo de 3,34 vezes na f\u00f3rmula definitiva. <\/p>\n\n\n\n<p>O sistema ser\u00e1 implantado em todo o Brasileiro se houver um acordo com os clubes da Liga Forte Futebol. A LFF tem ainda questionamentos ao modelo da Libra, como as garantias para Flamengo e Corinthians, o percentual da S\u00e9rie B e o per\u00edodo de transi\u00e7\u00e3o. <\/p>\n\n\n\n<p>Est\u00e3o dentro da Libra clubes como Flamengo, Vasco, Botafogo, Corinthians, Santos, S\u00e3o Paulo, Palmeiras, Red Bull Bragantino, Cruzeiro e Gr\u00eamio.<\/p>\n\n\n\n<p>O modelo divulgado pela Libra prev\u00ea duas fases com divis\u00f5es de receitas diferentes. Cada fase depende da arrecada\u00e7\u00e3o da Liga. Na fase de transi\u00e7\u00e3o, Flamengo e Corinthians t\u00eam a garantia de manter os valores atuais recebidos. Diz o texto da Libra:<\/p>\n\n\n\n<p><em>\u2014 Transi\u00e7\u00e3o do modelo atual para o futuro sem que qualquer clube tenha queda de receita em beneficio dos demais. Clubes que fazem a maior concess\u00e3o na forma\u00e7\u00e3o da Liga (Flamengo e Corinthians) s\u00e3o resguardados pela cl\u00e1usula.<\/em><\/p>\n\n\n\n<p>Se a receita da S\u00e9rie A for menor ou igual \u00e0 temporada 2022, Flamengo e Corinthians manter\u00e3o os percentuais de receitas do ano passado. Se os valores forem superiores, os dois clubes s\u00f3 mant\u00eam os valores absolutos, isto \u00e9, quanto ganham atualmente em milh\u00f5es. Os outros clubes crescem percentualmente.<\/p>\n\n\n\n<p>Pelas regras expostas, o modelo de transi\u00e7\u00e3o prev\u00ea a divis\u00e3o de receita de 40% igual, 30% por performance esportiva e 30% de audi\u00eancia. Esse modelo valeria por cinco anos ou at\u00e9 se atingir o valor de R$ 4 bilh\u00f5es de receita total da Liga. O que vier primeiro.<\/p>\n\n\n\n<p>No modelo definitivo, a distribui\u00e7\u00e3o de receita \u00e9 de 45% igual, 30% por performance e 25% por audi\u00eancia. Assim, \u00e9 reduzida a diferen\u00e7a de quem est\u00e1 no topo at\u00e9 quem est\u00e1 embaixo para a propor\u00e7\u00e3o de 3,34 vezes. A LFF defende um m\u00e1ximo de 3,5 vezes.<\/p>\n\n\n\n<p>Em compara\u00e7\u00e3o com o modelo de divis\u00e3o de receita do Brasileiro, baseado em contratos individuais, a Libra informa que 30% \u00e9 distribu\u00eddo de forma igualit\u00e1ria, 22% por performance e 48% por audi\u00eancia.<\/p>\n\n\n\n<p>A Libra apresentou uma tabela de simula\u00e7\u00e3o do que seria a distribui\u00e7\u00e3o de dinheiro em 2021 caso j\u00e1 valesse essa f\u00f3rmula. Neste caso, n\u00e3o h\u00e1 garantia porque foi considerado o cen\u00e1rio com R$ 4,25 bilh\u00f5es de receitas, esta \u00e9 a estimativa do grupo para arrecada\u00e7\u00e3o com todas as vendas comerciais da Liga do Brasileiro.<\/p>\n\n\n\n<p>Pela tabela, o Flamengo ganharia R$ 398 milh\u00f5es, o Corinthians, R$ 355 milh\u00f5es, o S\u00e3o Paulo, R$ 305 milh\u00f5es, o Palmeiras R$ 294 milh\u00f5es, o Fluminense, R$ 264 milh\u00f5es. O time com menor receita seria o Cuiab\u00e1, com um total de R$ 119 milh\u00f5es. Veja a tabela completa.<\/p>\n\n\n\n<p>Essa simula\u00e7\u00e3o \u00e9 com o cen\u00e1rio mais extremo. &#8220;Simula\u00e7\u00e3o captura o cen\u00e1rio mais distante poss\u00edvel entre primeiro e \u00faltimo colocados&#8221;, diz a Libra.<\/p>\n\n\n\n<p>Clubes da Libra e da LFF j\u00e1 tiveram uma reuni\u00e3o entre clubes para conversar sobre um poss\u00edvel acordo. O encontro foi classificado pelas duas partes como amistoso. Ainda h\u00e1 discord\u00e2ncias entre os dois lados sobre o modelo de divis\u00e3o.<\/p>\n\n\n\n<p>Retirado de: UOL<\/p>\n","protected":false},"excerpt":{"rendered":"<p>A Libra (Liga do Futebol Brasileiro) aprovou, no in\u00edcio de mar\u00e7o, uma nova divis\u00e3o de dinheiro de TV para o Brasileiro a partir de 2025. O modelo teve concess\u00f5es de Flamengo e Corinthians para reduzir a diferen\u00e7a para os clubes que menos ganham, mas lhes d\u00e1 garantia de manter as receitas atuais. O grupo agora [&hellip;]<\/p>\n","protected":false},"author":1,"featured_media":64406,"comment_status":"open","ping_status":"closed","sticky":false,"template":"","format":"standard","meta":{"footnotes":""},"categories":[1],"tags":[],"class_list":["post-95809","post","type-post","status-publish","format-standard","has-post-thumbnail","hentry","category-flamengo"],"yoast_head":"<!-- This site is optimized with the Yoast SEO Premium plugin v24.2 (Yoast SEO v26.9) - https:\/\/yoast.com\/product\/yoast-seo-premium-wordpress\/ -->\n<title>Veja quanto o Flamengo ir\u00e1 faturar com a nova divis\u00e3o de cotas de TV<\/title>\n<meta name=\"robots\" content=\"index, follow, max-snippet:-1, max-image-preview:large, max-video-preview:-1\" \/>\n<link rel=\"canonical\" href=\"https:\/\/www.gaveanews.com\/index.php\/2023\/03\/21\/veja-quanto-o-flamengo-ira-faturar-com-a-nova-divisao-de-cotas-de-tv\/\" \/>\n<meta property=\"og:locale\" content=\"pt_BR\" \/>\n<meta property=\"og:type\" content=\"article\" \/>\n<meta property=\"og:title\" content=\"Veja quanto o Flamengo ir\u00e1 faturar com a nova divis\u00e3o de cotas de TV\" \/>\n<meta property=\"og:description\" content=\"A Libra (Liga do Futebol Brasileiro) aprovou, no in\u00edcio de mar\u00e7o, uma nova divis\u00e3o de dinheiro de TV para o Brasileiro a partir de 2025. O modelo teve concess\u00f5es de Flamengo e Corinthians para reduzir a diferen\u00e7a para os clubes que menos ganham, mas lhes d\u00e1 garantia de manter as receitas atuais. O grupo agora [&hellip;]\" \/>\n<meta property=\"og:url\" content=\"https:\/\/www.gaveanews.com\/index.php\/2023\/03\/21\/veja-quanto-o-flamengo-ira-faturar-com-a-nova-divisao-de-cotas-de-tv\/\" \/>\n<meta property=\"og:site_name\" content=\"G\u00e1vea News\" \/>\n<meta property=\"article:publisher\" content=\"https:\/\/facebook.com\/gaveaNews\/\" \/>\n<meta property=\"article:published_time\" content=\"2023-03-22T01:28:25+00:00\" \/>\n<meta property=\"article:modified_time\" content=\"2023-03-22T01:28:29+00:00\" \/>\n<meta property=\"og:image\" content=\"https:\/\/www.gaveanews.com\/wp-content\/uploads\/Rodolfo-Landim-em-entrevista-coletiva-no-Ninho-do-Urubu.webp\" \/>\n\t<meta property=\"og:image:width\" content=\"799\" \/>\n\t<meta property=\"og:image:height\" content=\"532\" \/>\n\t<meta property=\"og:image:type\" content=\"image\/jpeg\" \/>\n<meta name=\"author\" content=\"Equipe G\u00e1vea News\" \/>\n<meta name=\"twitter:card\" content=\"summary_large_image\" \/>\n<meta name=\"twitter:label1\" content=\"Escrito por\" \/>\n\t<meta name=\"twitter:data1\" content=\"Equipe G\u00e1vea News\" \/>\n\t<meta name=\"twitter:label2\" content=\"Est. tempo de leitura\" \/>\n\t<meta name=\"twitter:data2\" content=\"4 minutos\" \/>\n<script type=\"application\/ld+json\" class=\"yoast-schema-graph\">{\"@context\":\"https:\/\/schema.org\",\"@graph\":[{\"@type\":\"NewsArticle\",\"@id\":\"https:\/\/www.gaveanews.com\/index.php\/2023\/03\/21\/veja-quanto-o-flamengo-ira-faturar-com-a-nova-divisao-de-cotas-de-tv\/#article\",\"isPartOf\":{\"@id\":\"https:\/\/www.gaveanews.com\/index.php\/2023\/03\/21\/veja-quanto-o-flamengo-ira-faturar-com-a-nova-divisao-de-cotas-de-tv\/\"},\"author\":{\"name\":\"Equipe G\u00e1vea News\",\"@id\":\"https:\/\/www.gaveanews.com\/#\/schema\/person\/2ec14f73fb96be2caf28f91afb14749d\"},\"headline\":\"Veja quanto o Flamengo ir\u00e1 faturar com a nova divis\u00e3o de cotas de TV\",\"datePublished\":\"2023-03-22T01:28:25+00:00\",\"dateModified\":\"2023-03-22T01:28:29+00:00\",\"mainEntityOfPage\":{\"@id\":\"https:\/\/www.gaveanews.com\/index.php\/2023\/03\/21\/veja-quanto-o-flamengo-ira-faturar-com-a-nova-divisao-de-cotas-de-tv\/\"},\"wordCount\":615,\"commentCount\":0,\"image\":{\"@id\":\"https:\/\/www.gaveanews.com\/index.php\/2023\/03\/21\/veja-quanto-o-flamengo-ira-faturar-com-a-nova-divisao-de-cotas-de-tv\/#primaryimage\"},\"thumbnailUrl\":\"https:\/\/www.gaveanews.com\/wp-content\/uploads\/Rodolfo-Landim-em-entrevista-coletiva-no-Ninho-do-Urubu.webp\",\"articleSection\":[\"Flamengo\"],\"inLanguage\":\"pt-BR\",\"potentialAction\":[{\"@type\":\"CommentAction\",\"name\":\"Comment\",\"target\":[\"https:\/\/www.gaveanews.com\/index.php\/2023\/03\/21\/veja-quanto-o-flamengo-ira-faturar-com-a-nova-divisao-de-cotas-de-tv\/#respond\"]}],\"copyrightYear\":\"2023\",\"copyrightHolder\":{\"@id\":\"https:\/\/www.gaveanews.com\/#organization\"}},{\"@type\":\"WebPage\",\"@id\":\"https:\/\/www.gaveanews.com\/index.php\/2023\/03\/21\/veja-quanto-o-flamengo-ira-faturar-com-a-nova-divisao-de-cotas-de-tv\/\",\"url\":\"https:\/\/www.gaveanews.com\/index.php\/2023\/03\/21\/veja-quanto-o-flamengo-ira-faturar-com-a-nova-divisao-de-cotas-de-tv\/\",\"name\":\"Veja quanto o Flamengo ir\u00e1 faturar com a nova divis\u00e3o de cotas de TV\",\"isPartOf\":{\"@id\":\"https:\/\/www.gaveanews.com\/#website\"},\"primaryImageOfPage\":{\"@id\":\"https:\/\/www.gaveanews.com\/index.php\/2023\/03\/21\/veja-quanto-o-flamengo-ira-faturar-com-a-nova-divisao-de-cotas-de-tv\/#primaryimage\"},\"image\":{\"@id\":\"https:\/\/www.gaveanews.com\/index.php\/2023\/03\/21\/veja-quanto-o-flamengo-ira-faturar-com-a-nova-divisao-de-cotas-de-tv\/#primaryimage\"},\"thumbnailUrl\":\"https:\/\/www.gaveanews.com\/wp-content\/uploads\/Rodolfo-Landim-em-entrevista-coletiva-no-Ninho-do-Urubu.webp\",\"datePublished\":\"2023-03-22T01:28:25+00:00\",\"dateModified\":\"2023-03-22T01:28:29+00:00\",\"author\":{\"@id\":\"https:\/\/www.gaveanews.com\/#\/schema\/person\/2ec14f73fb96be2caf28f91afb14749d\"},\"breadcrumb\":{\"@id\":\"https:\/\/www.gaveanews.com\/index.php\/2023\/03\/21\/veja-quanto-o-flamengo-ira-faturar-com-a-nova-divisao-de-cotas-de-tv\/#breadcrumb\"},\"inLanguage\":\"pt-BR\",\"potentialAction\":[{\"@type\":\"ReadAction\",\"target\":[\"https:\/\/www.gaveanews.com\/index.php\/2023\/03\/21\/veja-quanto-o-flamengo-ira-faturar-com-a-nova-divisao-de-cotas-de-tv\/\"]}]},{\"@type\":\"ImageObject\",\"inLanguage\":\"pt-BR\",\"@id\":\"https:\/\/www.gaveanews.com\/index.php\/2023\/03\/21\/veja-quanto-o-flamengo-ira-faturar-com-a-nova-divisao-de-cotas-de-tv\/#primaryimage\",\"url\":\"https:\/\/www.gaveanews.com\/wp-content\/uploads\/Rodolfo-Landim-em-entrevista-coletiva-no-Ninho-do-Urubu.webp\",\"contentUrl\":\"https:\/\/www.gaveanews.com\/wp-content\/uploads\/Rodolfo-Landim-em-entrevista-coletiva-no-Ninho-do-Urubu.webp\",\"width\":799,\"height\":532,\"caption\":\"Rodolfo Landim em entrevista coletiva no Ninho do Urubu (Foto: Alexandre Vidal\/Flamengo)\"},{\"@type\":\"BreadcrumbList\",\"@id\":\"https:\/\/www.gaveanews.com\/index.php\/2023\/03\/21\/veja-quanto-o-flamengo-ira-faturar-com-a-nova-divisao-de-cotas-de-tv\/#breadcrumb\",\"itemListElement\":[{\"@type\":\"ListItem\",\"position\":1,\"name\":\"Home\",\"item\":\"https:\/\/www.gaveanews.com\/\"},{\"@type\":\"ListItem\",\"position\":2,\"name\":\"Veja quanto o Flamengo ir\u00e1 faturar com a nova divis\u00e3o de cotas de TV\"}]},{\"@type\":\"WebSite\",\"@id\":\"https:\/\/www.gaveanews.com\/#website\",\"url\":\"https:\/\/www.gaveanews.com\/\",\"name\":\"G\u00e1vea News\",\"description\":\"Veja todas as not\u00edcias sobre o Flamengo: Contrata\u00e7\u00f5es, categorias de base, resultados das partidas, tabela de classifica\u00e7\u00e3o, pr\u00f3ximos jogos!\",\"potentialAction\":[{\"@type\":\"SearchAction\",\"target\":{\"@type\":\"EntryPoint\",\"urlTemplate\":\"https:\/\/www.gaveanews.com\/?s={search_term_string}\"},\"query-input\":{\"@type\":\"PropertyValueSpecification\",\"valueRequired\":true,\"valueName\":\"search_term_string\"}}],\"inLanguage\":\"pt-BR\"},{\"@type\":\"Person\",\"@id\":\"https:\/\/www.gaveanews.com\/#\/schema\/person\/2ec14f73fb96be2caf28f91afb14749d\",\"name\":\"Equipe G\u00e1vea News\",\"image\":{\"@type\":\"ImageObject\",\"inLanguage\":\"pt-BR\",\"@id\":\"https:\/\/www.gaveanews.com\/#\/schema\/person\/image\/\",\"url\":\"https:\/\/secure.gravatar.com\/avatar\/1e1956f1facbffd3f8fa53a326721950116b3b9dc9bd44939c01180fd4a745a9?s=96&d=mm&r=g\",\"contentUrl\":\"https:\/\/secure.gravatar.com\/avatar\/1e1956f1facbffd3f8fa53a326721950116b3b9dc9bd44939c01180fd4a745a9?s=96&d=mm&r=g\",\"caption\":\"Equipe G\u00e1vea News\"}}]}<\/script>\n<!-- \/ Yoast SEO Premium plugin. -->","yoast_head_json":{"title":"Veja quanto o Flamengo ir\u00e1 faturar com a nova divis\u00e3o de cotas de TV","robots":{"index":"index","follow":"follow","max-snippet":"max-snippet:-1","max-image-preview":"max-image-preview:large","max-video-preview":"max-video-preview:-1"},"canonical":"https:\/\/www.gaveanews.com\/index.php\/2023\/03\/21\/veja-quanto-o-flamengo-ira-faturar-com-a-nova-divisao-de-cotas-de-tv\/","og_locale":"pt_BR","og_type":"article","og_title":"Veja quanto o Flamengo ir\u00e1 faturar com a nova divis\u00e3o de cotas de TV","og_description":"A Libra (Liga do Futebol Brasileiro) aprovou, no in\u00edcio de mar\u00e7o, uma nova divis\u00e3o de dinheiro de TV para o Brasileiro a partir de 2025. O modelo teve concess\u00f5es de Flamengo e Corinthians para reduzir a diferen\u00e7a para os clubes que menos ganham, mas lhes d\u00e1 garantia de manter as receitas atuais. O grupo agora [&hellip;]","og_url":"https:\/\/www.gaveanews.com\/index.php\/2023\/03\/21\/veja-quanto-o-flamengo-ira-faturar-com-a-nova-divisao-de-cotas-de-tv\/","og_site_name":"G\u00e1vea News","article_publisher":"https:\/\/facebook.com\/gaveaNews\/","article_published_time":"2023-03-22T01:28:25+00:00","article_modified_time":"2023-03-22T01:28:29+00:00","og_image":[{"width":799,"height":532,"url":"https:\/\/www.gaveanews.com\/wp-content\/uploads\/Rodolfo-Landim-em-entrevista-coletiva-no-Ninho-do-Urubu.webp","type":"image\/jpeg"}],"author":"Equipe G\u00e1vea News","twitter_card":"summary_large_image","twitter_misc":{"Escrito por":"Equipe G\u00e1vea News","Est. tempo de leitura":"4 minutos"},"schema":{"@context":"https:\/\/schema.org","@graph":[{"@type":"NewsArticle","@id":"https:\/\/www.gaveanews.com\/index.php\/2023\/03\/21\/veja-quanto-o-flamengo-ira-faturar-com-a-nova-divisao-de-cotas-de-tv\/#article","isPartOf":{"@id":"https:\/\/www.gaveanews.com\/index.php\/2023\/03\/21\/veja-quanto-o-flamengo-ira-faturar-com-a-nova-divisao-de-cotas-de-tv\/"},"author":{"name":"Equipe G\u00e1vea News","@id":"https:\/\/www.gaveanews.com\/#\/schema\/person\/2ec14f73fb96be2caf28f91afb14749d"},"headline":"Veja quanto o Flamengo ir\u00e1 faturar com a nova divis\u00e3o de cotas de TV","datePublished":"2023-03-22T01:28:25+00:00","dateModified":"2023-03-22T01:28:29+00:00","mainEntityOfPage":{"@id":"https:\/\/www.gaveanews.com\/index.php\/2023\/03\/21\/veja-quanto-o-flamengo-ira-faturar-com-a-nova-divisao-de-cotas-de-tv\/"},"wordCount":615,"commentCount":0,"image":{"@id":"https:\/\/www.gaveanews.com\/index.php\/2023\/03\/21\/veja-quanto-o-flamengo-ira-faturar-com-a-nova-divisao-de-cotas-de-tv\/#primaryimage"},"thumbnailUrl":"https:\/\/www.gaveanews.com\/wp-content\/uploads\/Rodolfo-Landim-em-entrevista-coletiva-no-Ninho-do-Urubu.webp","articleSection":["Flamengo"],"inLanguage":"pt-BR","potentialAction":[{"@type":"CommentAction","name":"Comment","target":["https:\/\/www.gaveanews.com\/index.php\/2023\/03\/21\/veja-quanto-o-flamengo-ira-faturar-com-a-nova-divisao-de-cotas-de-tv\/#respond"]}],"copyrightYear":"2023","copyrightHolder":{"@id":"https:\/\/www.gaveanews.com\/#organization"}},{"@type":"WebPage","@id":"https:\/\/www.gaveanews.com\/index.php\/2023\/03\/21\/veja-quanto-o-flamengo-ira-faturar-com-a-nova-divisao-de-cotas-de-tv\/","url":"https:\/\/www.gaveanews.com\/index.php\/2023\/03\/21\/veja-quanto-o-flamengo-ira-faturar-com-a-nova-divisao-de-cotas-de-tv\/","name":"Veja quanto o Flamengo ir\u00e1 faturar com a nova divis\u00e3o de cotas de TV","isPartOf":{"@id":"https:\/\/www.gaveanews.com\/#website"},"primaryImageOfPage":{"@id":"https:\/\/www.gaveanews.com\/index.php\/2023\/03\/21\/veja-quanto-o-flamengo-ira-faturar-com-a-nova-divisao-de-cotas-de-tv\/#primaryimage"},"image":{"@id":"https:\/\/www.gaveanews.com\/index.php\/2023\/03\/21\/veja-quanto-o-flamengo-ira-faturar-com-a-nova-divisao-de-cotas-de-tv\/#primaryimage"},"thumbnailUrl":"https:\/\/www.gaveanews.com\/wp-content\/uploads\/Rodolfo-Landim-em-entrevista-coletiva-no-Ninho-do-Urubu.webp","datePublished":"2023-03-22T01:28:25+00:00","dateModified":"2023-03-22T01:28:29+00:00","author":{"@id":"https:\/\/www.gaveanews.com\/#\/schema\/person\/2ec14f73fb96be2caf28f91afb14749d"},"breadcrumb":{"@id":"https:\/\/www.gaveanews.com\/index.php\/2023\/03\/21\/veja-quanto-o-flamengo-ira-faturar-com-a-nova-divisao-de-cotas-de-tv\/#breadcrumb"},"inLanguage":"pt-BR","potentialAction":[{"@type":"ReadAction","target":["https:\/\/www.gaveanews.com\/index.php\/2023\/03\/21\/veja-quanto-o-flamengo-ira-faturar-com-a-nova-divisao-de-cotas-de-tv\/"]}]},{"@type":"ImageObject","inLanguage":"pt-BR","@id":"https:\/\/www.gaveanews.com\/index.php\/2023\/03\/21\/veja-quanto-o-flamengo-ira-faturar-com-a-nova-divisao-de-cotas-de-tv\/#primaryimage","url":"https:\/\/www.gaveanews.com\/wp-content\/uploads\/Rodolfo-Landim-em-entrevista-coletiva-no-Ninho-do-Urubu.webp","contentUrl":"https:\/\/www.gaveanews.com\/wp-content\/uploads\/Rodolfo-Landim-em-entrevista-coletiva-no-Ninho-do-Urubu.webp","width":799,"height":532,"caption":"Rodolfo Landim em entrevista coletiva no Ninho do Urubu (Foto: Alexandre Vidal\/Flamengo)"},{"@type":"BreadcrumbList","@id":"https:\/\/www.gaveanews.com\/index.php\/2023\/03\/21\/veja-quanto-o-flamengo-ira-faturar-com-a-nova-divisao-de-cotas-de-tv\/#breadcrumb","itemListElement":[{"@type":"ListItem","position":1,"name":"Home","item":"https:\/\/www.gaveanews.com\/"},{"@type":"ListItem","position":2,"name":"Veja quanto o Flamengo ir\u00e1 faturar com a nova divis\u00e3o de cotas de TV"}]},{"@type":"WebSite","@id":"https:\/\/www.gaveanews.com\/#website","url":"https:\/\/www.gaveanews.com\/","name":"G\u00e1vea News","description":"Veja todas as not\u00edcias sobre o Flamengo: Contrata\u00e7\u00f5es, categorias de base, resultados das partidas, tabela de classifica\u00e7\u00e3o, pr\u00f3ximos jogos!","potentialAction":[{"@type":"SearchAction","target":{"@type":"EntryPoint","urlTemplate":"https:\/\/www.gaveanews.com\/?s={search_term_string}"},"query-input":{"@type":"PropertyValueSpecification","valueRequired":true,"valueName":"search_term_string"}}],"inLanguage":"pt-BR"},{"@type":"Person","@id":"https:\/\/www.gaveanews.com\/#\/schema\/person\/2ec14f73fb96be2caf28f91afb14749d","name":"Equipe G\u00e1vea News","image":{"@type":"ImageObject","inLanguage":"pt-BR","@id":"https:\/\/www.gaveanews.com\/#\/schema\/person\/image\/","url":"https:\/\/secure.gravatar.com\/avatar\/1e1956f1facbffd3f8fa53a326721950116b3b9dc9bd44939c01180fd4a745a9?s=96&d=mm&r=g","contentUrl":"https:\/\/secure.gravatar.com\/avatar\/1e1956f1facbffd3f8fa53a326721950116b3b9dc9bd44939c01180fd4a745a9?s=96&d=mm&r=g","caption":"Equipe G\u00e1vea News"}}]}},"_links":{"self":[{"href":"https:\/\/www.gaveanews.com\/index.php\/wp-json\/wp\/v2\/posts\/95809","targetHints":{"allow":["GET"]}}],"collection":[{"href":"https:\/\/www.gaveanews.com\/index.php\/wp-json\/wp\/v2\/posts"}],"about":[{"href":"https:\/\/www.gaveanews.com\/index.php\/wp-json\/wp\/v2\/types\/post"}],"author":[{"embeddable":true,"href":"https:\/\/www.gaveanews.com\/index.php\/wp-json\/wp\/v2\/users\/1"}],"replies":[{"embeddable":true,"href":"https:\/\/www.gaveanews.com\/index.php\/wp-json\/wp\/v2\/comments?post=95809"}],"version-history":[{"count":0,"href":"https:\/\/www.gaveanews.com\/index.php\/wp-json\/wp\/v2\/posts\/95809\/revisions"}],"wp:featuredmedia":[{"embeddable":true,"href":"https:\/\/www.gaveanews.com\/index.php\/wp-json\/wp\/v2\/media\/64406"}],"wp:attachment":[{"href":"https:\/\/www.gaveanews.com\/index.php\/wp-json\/wp\/v2\/media?parent=95809"}],"wp:term":[{"taxonomy":"category","embeddable":true,"href":"https:\/\/www.gaveanews.com\/index.php\/wp-json\/wp\/v2\/categories?post=95809"},{"taxonomy":"post_tag","embeddable":true,"href":"https:\/\/www.gaveanews.com\/index.php\/wp-json\/wp\/v2\/tags?post=95809"}],"curies":[{"name":"wp","href":"https:\/\/api.w.org\/{rel}","templated":true}]}}