{"id":95856,"date":"2023-03-23T07:34:55","date_gmt":"2023-03-23T10:34:55","guid":{"rendered":"https:\/\/www.gaveanews.com\/?p=95856"},"modified":"2023-03-23T07:34:58","modified_gmt":"2023-03-23T10:34:58","slug":"thiago-maia-do-flamengo-faz-aniversario-nesta-quinta-feira","status":"publish","type":"post","link":"https:\/\/www.gaveanews.com\/index.php\/2023\/03\/23\/thiago-maia-do-flamengo-faz-aniversario-nesta-quinta-feira\/","title":{"rendered":"Thiago Maia, do Flamengo, faz anivers\u00e1rio nesta quinta-feira"},"content":{"rendered":"\n<p>Ap\u00f3s vencer o Vasco e se classificar para a decis\u00e3o do Campeonato Carioca, o elenco rubro-negro recebeu tr\u00eas dias de folga e se reapresenta no Ninho do Urubu nesta quinta-feira (23). A data tamb\u00e9m marca o come\u00e7o de mais um ano de vida de um dos atleta da equipe.<\/p>\n\n\n\n<p>Thiago Maia completa 26 anos. O volante chegou no Flamengo em 2020 por empr\u00e9stimo junto ao Lille, da Fran\u00e7a. Ap\u00f3s uma extens\u00e3o da cess\u00e3o, o Mais Querido optou por comprar o atleta dos franceses em 2022.<\/p>\n\n\n\n<p>Em sua caminhada no clube da G\u00e1vea at\u00e9 aqui, o brasileiro viveu altos e baixos, sofrendo ainda uma grave les\u00e3o em 2021. Ap\u00f3s a recupera\u00e7\u00e3o, o jogador aumentou gradualmente seu rendimento dentro das quatro linhas at\u00e9 se estabelecer como titular no time principal.<\/p>\n\n\n\n<p>Sua forma\u00e7\u00e3o como profissional de futebol foi feita no Santos, onde permaneceu at\u00e9 rumar \u00e0 Europa. Neste per\u00edodo, o atleta acumulou passagens pela base da Sele\u00e7\u00e3o Brasileira e chegou a conquistar o ouro nas Olimp\u00edadas do Rio de 2016.<\/p>\n\n\n\n<p>Com o aniversariante presente, o Flamengo iniciou as prepara\u00e7\u00f5es para a final do Campeonato Carioca. Os jogos de ida e volta contra o Fluminense acontecer\u00e3o nos dias 01 e 09 de abril, respectivamente.<\/p>\n","protected":false},"excerpt":{"rendered":"<p>Ap\u00f3s vencer o Vasco e se classificar para a decis\u00e3o do Campeonato Carioca, o elenco rubro-negro recebeu tr\u00eas dias de folga e se reapresenta no Ninho do Urubu nesta quinta-feira (23). A data tamb\u00e9m marca o come\u00e7o de mais um ano de vida de um dos atleta da equipe. Thiago Maia completa 26 anos. O [&hellip;]<\/p>\n","protected":false},"author":4,"featured_media":89344,"comment_status":"open","ping_status":"closed","sticky":false,"template":"","format":"standard","meta":{"footnotes":""},"categories":[1],"tags":[],"class_list":["post-95856","post","type-post","status-publish","format-standard","has-post-thumbnail","hentry","category-flamengo"],"yoast_head":"<!-- This site is optimized with the Yoast SEO Premium plugin v24.2 (Yoast SEO v26.9) - https:\/\/yoast.com\/product\/yoast-seo-premium-wordpress\/ -->\n<title>Thiago Maia, do Flamengo, faz anivers\u00e1rio nesta quinta-feira<\/title>\n<meta name=\"robots\" content=\"index, follow, max-snippet:-1, max-image-preview:large, max-video-preview:-1\" \/>\n<link rel=\"canonical\" href=\"https:\/\/www.gaveanews.com\/index.php\/2023\/03\/23\/thiago-maia-do-flamengo-faz-aniversario-nesta-quinta-feira\/\" \/>\n<meta property=\"og:locale\" content=\"pt_BR\" \/>\n<meta property=\"og:type\" content=\"article\" \/>\n<meta property=\"og:title\" content=\"Thiago Maia, do Flamengo, faz anivers\u00e1rio nesta quinta-feira\" \/>\n<meta property=\"og:description\" content=\"Ap\u00f3s vencer o Vasco e se classificar para a decis\u00e3o do Campeonato Carioca, o elenco rubro-negro recebeu tr\u00eas dias de folga e se reapresenta no Ninho do Urubu nesta quinta-feira (23). A data tamb\u00e9m marca o come\u00e7o de mais um ano de vida de um dos atleta da equipe. Thiago Maia completa 26 anos. O [&hellip;]\" \/>\n<meta property=\"og:url\" content=\"https:\/\/www.gaveanews.com\/index.php\/2023\/03\/23\/thiago-maia-do-flamengo-faz-aniversario-nesta-quinta-feira\/\" \/>\n<meta property=\"og:site_name\" content=\"G\u00e1vea News\" \/>\n<meta property=\"article:publisher\" content=\"https:\/\/facebook.com\/gaveaNews\/\" \/>\n<meta property=\"article:published_time\" content=\"2023-03-23T10:34:55+00:00\" \/>\n<meta property=\"article:modified_time\" content=\"2023-03-23T10:34:58+00:00\" \/>\n<meta property=\"og:image\" content=\"https:\/\/www.gaveanews.com\/wp-content\/uploads\/Thiago-Maia-comemora-o-titulo-do-Flamengo-na-Copa-do-Brasil.webp\" \/>\n\t<meta property=\"og:image:width\" content=\"799\" \/>\n\t<meta property=\"og:image:height\" content=\"533\" \/>\n\t<meta property=\"og:image:type\" content=\"image\/jpeg\" \/>\n<meta name=\"author\" content=\"Let\u00edcia Gerheim\" \/>\n<meta name=\"twitter:card\" content=\"summary_large_image\" \/>\n<meta name=\"twitter:label1\" content=\"Escrito por\" \/>\n\t<meta name=\"twitter:data1\" content=\"Let\u00edcia Gerheim\" \/>\n\t<meta name=\"twitter:label2\" content=\"Est. tempo de leitura\" \/>\n\t<meta name=\"twitter:data2\" content=\"2 minutos\" \/>\n<script type=\"application\/ld+json\" class=\"yoast-schema-graph\">{\"@context\":\"https:\/\/schema.org\",\"@graph\":[{\"@type\":\"NewsArticle\",\"@id\":\"https:\/\/www.gaveanews.com\/index.php\/2023\/03\/23\/thiago-maia-do-flamengo-faz-aniversario-nesta-quinta-feira\/#article\",\"isPartOf\":{\"@id\":\"https:\/\/www.gaveanews.com\/index.php\/2023\/03\/23\/thiago-maia-do-flamengo-faz-aniversario-nesta-quinta-feira\/\"},\"author\":{\"name\":\"Let\u00edcia Gerheim\",\"@id\":\"https:\/\/www.gaveanews.com\/#\/schema\/person\/714c67050b836198af2450ba1c142a67\"},\"headline\":\"Thiago Maia, do Flamengo, faz anivers\u00e1rio nesta quinta-feira\",\"datePublished\":\"2023-03-23T10:34:55+00:00\",\"dateModified\":\"2023-03-23T10:34:58+00:00\",\"mainEntityOfPage\":{\"@id\":\"https:\/\/www.gaveanews.com\/index.php\/2023\/03\/23\/thiago-maia-do-flamengo-faz-aniversario-nesta-quinta-feira\/\"},\"wordCount\":220,\"commentCount\":0,\"image\":{\"@id\":\"https:\/\/www.gaveanews.com\/index.php\/2023\/03\/23\/thiago-maia-do-flamengo-faz-aniversario-nesta-quinta-feira\/#primaryimage\"},\"thumbnailUrl\":\"https:\/\/www.gaveanews.com\/wp-content\/uploads\/Thiago-Maia-comemora-o-titulo-do-Flamengo-na-Copa-do-Brasil.webp\",\"articleSection\":[\"Flamengo\"],\"inLanguage\":\"pt-BR\",\"potentialAction\":[{\"@type\":\"CommentAction\",\"name\":\"Comment\",\"target\":[\"https:\/\/www.gaveanews.com\/index.php\/2023\/03\/23\/thiago-maia-do-flamengo-faz-aniversario-nesta-quinta-feira\/#respond\"]}],\"copyrightYear\":\"2023\",\"copyrightHolder\":{\"@id\":\"https:\/\/www.gaveanews.com\/#organization\"}},{\"@type\":\"WebPage\",\"@id\":\"https:\/\/www.gaveanews.com\/index.php\/2023\/03\/23\/thiago-maia-do-flamengo-faz-aniversario-nesta-quinta-feira\/\",\"url\":\"https:\/\/www.gaveanews.com\/index.php\/2023\/03\/23\/thiago-maia-do-flamengo-faz-aniversario-nesta-quinta-feira\/\",\"name\":\"Thiago Maia, do Flamengo, faz anivers\u00e1rio nesta quinta-feira\",\"isPartOf\":{\"@id\":\"https:\/\/www.gaveanews.com\/#website\"},\"primaryImageOfPage\":{\"@id\":\"https:\/\/www.gaveanews.com\/index.php\/2023\/03\/23\/thiago-maia-do-flamengo-faz-aniversario-nesta-quinta-feira\/#primaryimage\"},\"image\":{\"@id\":\"https:\/\/www.gaveanews.com\/index.php\/2023\/03\/23\/thiago-maia-do-flamengo-faz-aniversario-nesta-quinta-feira\/#primaryimage\"},\"thumbnailUrl\":\"https:\/\/www.gaveanews.com\/wp-content\/uploads\/Thiago-Maia-comemora-o-titulo-do-Flamengo-na-Copa-do-Brasil.webp\",\"datePublished\":\"2023-03-23T10:34:55+00:00\",\"dateModified\":\"2023-03-23T10:34:58+00:00\",\"author\":{\"@id\":\"https:\/\/www.gaveanews.com\/#\/schema\/person\/714c67050b836198af2450ba1c142a67\"},\"breadcrumb\":{\"@id\":\"https:\/\/www.gaveanews.com\/index.php\/2023\/03\/23\/thiago-maia-do-flamengo-faz-aniversario-nesta-quinta-feira\/#breadcrumb\"},\"inLanguage\":\"pt-BR\",\"potentialAction\":[{\"@type\":\"ReadAction\",\"target\":[\"https:\/\/www.gaveanews.com\/index.php\/2023\/03\/23\/thiago-maia-do-flamengo-faz-aniversario-nesta-quinta-feira\/\"]}]},{\"@type\":\"ImageObject\",\"inLanguage\":\"pt-BR\",\"@id\":\"https:\/\/www.gaveanews.com\/index.php\/2023\/03\/23\/thiago-maia-do-flamengo-faz-aniversario-nesta-quinta-feira\/#primaryimage\",\"url\":\"https:\/\/www.gaveanews.com\/wp-content\/uploads\/Thiago-Maia-comemora-o-titulo-do-Flamengo-na-Copa-do-Brasil.webp\",\"contentUrl\":\"https:\/\/www.gaveanews.com\/wp-content\/uploads\/Thiago-Maia-comemora-o-titulo-do-Flamengo-na-Copa-do-Brasil.webp\",\"width\":799,\"height\":533,\"caption\":\"Thiago Maia comemora o t\u00edtulo do Flamengo na Copa do Brasil 2022 (Foto: Gilvan de Souza\/Flamengo)\"},{\"@type\":\"BreadcrumbList\",\"@id\":\"https:\/\/www.gaveanews.com\/index.php\/2023\/03\/23\/thiago-maia-do-flamengo-faz-aniversario-nesta-quinta-feira\/#breadcrumb\",\"itemListElement\":[{\"@type\":\"ListItem\",\"position\":1,\"name\":\"Home\",\"item\":\"https:\/\/www.gaveanews.com\/\"},{\"@type\":\"ListItem\",\"position\":2,\"name\":\"Thiago Maia, do Flamengo, faz anivers\u00e1rio nesta quinta-feira\"}]},{\"@type\":\"WebSite\",\"@id\":\"https:\/\/www.gaveanews.com\/#website\",\"url\":\"https:\/\/www.gaveanews.com\/\",\"name\":\"G\u00e1vea News\",\"description\":\"Veja todas as not\u00edcias sobre o Flamengo: Contrata\u00e7\u00f5es, categorias de base, resultados das partidas, tabela de classifica\u00e7\u00e3o, pr\u00f3ximos jogos!\",\"potentialAction\":[{\"@type\":\"SearchAction\",\"target\":{\"@type\":\"EntryPoint\",\"urlTemplate\":\"https:\/\/www.gaveanews.com\/?s={search_term_string}\"},\"query-input\":{\"@type\":\"PropertyValueSpecification\",\"valueRequired\":true,\"valueName\":\"search_term_string\"}}],\"inLanguage\":\"pt-BR\"},{\"@type\":\"Person\",\"@id\":\"https:\/\/www.gaveanews.com\/#\/schema\/person\/714c67050b836198af2450ba1c142a67\",\"name\":\"Let\u00edcia Gerheim\",\"image\":{\"@type\":\"ImageObject\",\"inLanguage\":\"pt-BR\",\"@id\":\"https:\/\/www.gaveanews.com\/#\/schema\/person\/image\/\",\"url\":\"https:\/\/secure.gravatar.com\/avatar\/60734739c50fcebfbac509e2a826ccd0ff405c019bc73aab9354f19ecad1dcb4?s=96&d=mm&r=g\",\"contentUrl\":\"https:\/\/secure.gravatar.com\/avatar\/60734739c50fcebfbac509e2a826ccd0ff405c019bc73aab9354f19ecad1dcb4?s=96&d=mm&r=g\",\"caption\":\"Let\u00edcia Gerheim\"}}]}<\/script>\n<!-- \/ Yoast SEO Premium plugin. -->","yoast_head_json":{"title":"Thiago Maia, do Flamengo, faz anivers\u00e1rio nesta quinta-feira","robots":{"index":"index","follow":"follow","max-snippet":"max-snippet:-1","max-image-preview":"max-image-preview:large","max-video-preview":"max-video-preview:-1"},"canonical":"https:\/\/www.gaveanews.com\/index.php\/2023\/03\/23\/thiago-maia-do-flamengo-faz-aniversario-nesta-quinta-feira\/","og_locale":"pt_BR","og_type":"article","og_title":"Thiago Maia, do Flamengo, faz anivers\u00e1rio nesta quinta-feira","og_description":"Ap\u00f3s vencer o Vasco e se classificar para a decis\u00e3o do Campeonato Carioca, o elenco rubro-negro recebeu tr\u00eas dias de folga e se reapresenta no Ninho do Urubu nesta quinta-feira (23). A data tamb\u00e9m marca o come\u00e7o de mais um ano de vida de um dos atleta da equipe. Thiago Maia completa 26 anos. O [&hellip;]","og_url":"https:\/\/www.gaveanews.com\/index.php\/2023\/03\/23\/thiago-maia-do-flamengo-faz-aniversario-nesta-quinta-feira\/","og_site_name":"G\u00e1vea News","article_publisher":"https:\/\/facebook.com\/gaveaNews\/","article_published_time":"2023-03-23T10:34:55+00:00","article_modified_time":"2023-03-23T10:34:58+00:00","og_image":[{"width":799,"height":533,"url":"https:\/\/www.gaveanews.com\/wp-content\/uploads\/Thiago-Maia-comemora-o-titulo-do-Flamengo-na-Copa-do-Brasil.webp","type":"image\/jpeg"}],"author":"Let\u00edcia Gerheim","twitter_card":"summary_large_image","twitter_misc":{"Escrito por":"Let\u00edcia Gerheim","Est. tempo de leitura":"2 minutos"},"schema":{"@context":"https:\/\/schema.org","@graph":[{"@type":"NewsArticle","@id":"https:\/\/www.gaveanews.com\/index.php\/2023\/03\/23\/thiago-maia-do-flamengo-faz-aniversario-nesta-quinta-feira\/#article","isPartOf":{"@id":"https:\/\/www.gaveanews.com\/index.php\/2023\/03\/23\/thiago-maia-do-flamengo-faz-aniversario-nesta-quinta-feira\/"},"author":{"name":"Let\u00edcia Gerheim","@id":"https:\/\/www.gaveanews.com\/#\/schema\/person\/714c67050b836198af2450ba1c142a67"},"headline":"Thiago Maia, do Flamengo, faz anivers\u00e1rio nesta quinta-feira","datePublished":"2023-03-23T10:34:55+00:00","dateModified":"2023-03-23T10:34:58+00:00","mainEntityOfPage":{"@id":"https:\/\/www.gaveanews.com\/index.php\/2023\/03\/23\/thiago-maia-do-flamengo-faz-aniversario-nesta-quinta-feira\/"},"wordCount":220,"commentCount":0,"image":{"@id":"https:\/\/www.gaveanews.com\/index.php\/2023\/03\/23\/thiago-maia-do-flamengo-faz-aniversario-nesta-quinta-feira\/#primaryimage"},"thumbnailUrl":"https:\/\/www.gaveanews.com\/wp-content\/uploads\/Thiago-Maia-comemora-o-titulo-do-Flamengo-na-Copa-do-Brasil.webp","articleSection":["Flamengo"],"inLanguage":"pt-BR","potentialAction":[{"@type":"CommentAction","name":"Comment","target":["https:\/\/www.gaveanews.com\/index.php\/2023\/03\/23\/thiago-maia-do-flamengo-faz-aniversario-nesta-quinta-feira\/#respond"]}],"copyrightYear":"2023","copyrightHolder":{"@id":"https:\/\/www.gaveanews.com\/#organization"}},{"@type":"WebPage","@id":"https:\/\/www.gaveanews.com\/index.php\/2023\/03\/23\/thiago-maia-do-flamengo-faz-aniversario-nesta-quinta-feira\/","url":"https:\/\/www.gaveanews.com\/index.php\/2023\/03\/23\/thiago-maia-do-flamengo-faz-aniversario-nesta-quinta-feira\/","name":"Thiago Maia, do Flamengo, faz anivers\u00e1rio nesta quinta-feira","isPartOf":{"@id":"https:\/\/www.gaveanews.com\/#website"},"primaryImageOfPage":{"@id":"https:\/\/www.gaveanews.com\/index.php\/2023\/03\/23\/thiago-maia-do-flamengo-faz-aniversario-nesta-quinta-feira\/#primaryimage"},"image":{"@id":"https:\/\/www.gaveanews.com\/index.php\/2023\/03\/23\/thiago-maia-do-flamengo-faz-aniversario-nesta-quinta-feira\/#primaryimage"},"thumbnailUrl":"https:\/\/www.gaveanews.com\/wp-content\/uploads\/Thiago-Maia-comemora-o-titulo-do-Flamengo-na-Copa-do-Brasil.webp","datePublished":"2023-03-23T10:34:55+00:00","dateModified":"2023-03-23T10:34:58+00:00","author":{"@id":"https:\/\/www.gaveanews.com\/#\/schema\/person\/714c67050b836198af2450ba1c142a67"},"breadcrumb":{"@id":"https:\/\/www.gaveanews.com\/index.php\/2023\/03\/23\/thiago-maia-do-flamengo-faz-aniversario-nesta-quinta-feira\/#breadcrumb"},"inLanguage":"pt-BR","potentialAction":[{"@type":"ReadAction","target":["https:\/\/www.gaveanews.com\/index.php\/2023\/03\/23\/thiago-maia-do-flamengo-faz-aniversario-nesta-quinta-feira\/"]}]},{"@type":"ImageObject","inLanguage":"pt-BR","@id":"https:\/\/www.gaveanews.com\/index.php\/2023\/03\/23\/thiago-maia-do-flamengo-faz-aniversario-nesta-quinta-feira\/#primaryimage","url":"https:\/\/www.gaveanews.com\/wp-content\/uploads\/Thiago-Maia-comemora-o-titulo-do-Flamengo-na-Copa-do-Brasil.webp","contentUrl":"https:\/\/www.gaveanews.com\/wp-content\/uploads\/Thiago-Maia-comemora-o-titulo-do-Flamengo-na-Copa-do-Brasil.webp","width":799,"height":533,"caption":"Thiago Maia comemora o t\u00edtulo do Flamengo na Copa do Brasil 2022 (Foto: Gilvan de Souza\/Flamengo)"},{"@type":"BreadcrumbList","@id":"https:\/\/www.gaveanews.com\/index.php\/2023\/03\/23\/thiago-maia-do-flamengo-faz-aniversario-nesta-quinta-feira\/#breadcrumb","itemListElement":[{"@type":"ListItem","position":1,"name":"Home","item":"https:\/\/www.gaveanews.com\/"},{"@type":"ListItem","position":2,"name":"Thiago Maia, do Flamengo, faz anivers\u00e1rio nesta quinta-feira"}]},{"@type":"WebSite","@id":"https:\/\/www.gaveanews.com\/#website","url":"https:\/\/www.gaveanews.com\/","name":"G\u00e1vea News","description":"Veja todas as not\u00edcias sobre o Flamengo: Contrata\u00e7\u00f5es, categorias de base, resultados das partidas, tabela de classifica\u00e7\u00e3o, pr\u00f3ximos jogos!","potentialAction":[{"@type":"SearchAction","target":{"@type":"EntryPoint","urlTemplate":"https:\/\/www.gaveanews.com\/?s={search_term_string}"},"query-input":{"@type":"PropertyValueSpecification","valueRequired":true,"valueName":"search_term_string"}}],"inLanguage":"pt-BR"},{"@type":"Person","@id":"https:\/\/www.gaveanews.com\/#\/schema\/person\/714c67050b836198af2450ba1c142a67","name":"Let\u00edcia Gerheim","image":{"@type":"ImageObject","inLanguage":"pt-BR","@id":"https:\/\/www.gaveanews.com\/#\/schema\/person\/image\/","url":"https:\/\/secure.gravatar.com\/avatar\/60734739c50fcebfbac509e2a826ccd0ff405c019bc73aab9354f19ecad1dcb4?s=96&d=mm&r=g","contentUrl":"https:\/\/secure.gravatar.com\/avatar\/60734739c50fcebfbac509e2a826ccd0ff405c019bc73aab9354f19ecad1dcb4?s=96&d=mm&r=g","caption":"Let\u00edcia Gerheim"}}]}},"_links":{"self":[{"href":"https:\/\/www.gaveanews.com\/index.php\/wp-json\/wp\/v2\/posts\/95856","targetHints":{"allow":["GET"]}}],"collection":[{"href":"https:\/\/www.gaveanews.com\/index.php\/wp-json\/wp\/v2\/posts"}],"about":[{"href":"https:\/\/www.gaveanews.com\/index.php\/wp-json\/wp\/v2\/types\/post"}],"author":[{"embeddable":true,"href":"https:\/\/www.gaveanews.com\/index.php\/wp-json\/wp\/v2\/users\/4"}],"replies":[{"embeddable":true,"href":"https:\/\/www.gaveanews.com\/index.php\/wp-json\/wp\/v2\/comments?post=95856"}],"version-history":[{"count":0,"href":"https:\/\/www.gaveanews.com\/index.php\/wp-json\/wp\/v2\/posts\/95856\/revisions"}],"wp:featuredmedia":[{"embeddable":true,"href":"https:\/\/www.gaveanews.com\/index.php\/wp-json\/wp\/v2\/media\/89344"}],"wp:attachment":[{"href":"https:\/\/www.gaveanews.com\/index.php\/wp-json\/wp\/v2\/media?parent=95856"}],"wp:term":[{"taxonomy":"category","embeddable":true,"href":"https:\/\/www.gaveanews.com\/index.php\/wp-json\/wp\/v2\/categories?post=95856"},{"taxonomy":"post_tag","embeddable":true,"href":"https:\/\/www.gaveanews.com\/index.php\/wp-json\/wp\/v2\/tags?post=95856"}],"curies":[{"name":"wp","href":"https:\/\/api.w.org\/{rel}","templated":true}]}}