{"id":95858,"date":"2023-03-22T13:34:54","date_gmt":"2023-03-22T16:34:54","guid":{"rendered":"https:\/\/www.gaveanews.com\/?p=95858"},"modified":"2023-03-22T13:34:57","modified_gmt":"2023-03-22T16:34:57","slug":"elenco-do-flamengo-estava-ciente-sobre-o-assunto-envolvendo-o-novo-treinador","status":"publish","type":"post","link":"https:\/\/www.gaveanews.com\/index.php\/2023\/03\/22\/elenco-do-flamengo-estava-ciente-sobre-o-assunto-envolvendo-o-novo-treinador\/","title":{"rendered":"Elenco do Flamengo estava ciente sobre o assunto envolvendo o novo treinador"},"content":{"rendered":"\n<p>Embora o Flamengo tenha avan\u00e7ado para a decis\u00e3o do Campeonato Carioca, o t\u00e9cnico V\u00edtor Pereira segue na corda bomba no clube. Isso porque, apesar das vit\u00f3rias recentes contra o Vasco, pelos duelos de semifinal do Estadual, o desempenho da equipe se manteve aqu\u00e9m do esperado.<\/p>\n\n\n\n<p>A diretoria entende que o time poderia estar jogando melhor, em virtude do elenco a disposi\u00e7\u00e3o do treinador portugu\u00eas.<\/p>\n\n\n\n<p>Diante desse cen\u00e1rio, os rumores a respeito da demiss\u00e3o de VP,, continuam a pairar no Ninho do Urubu. Um dos nomes em pauta no Meng\u00e3o atualmente, \u00e9 o do argentino Jorge Sampaoli, que foi demitido do Sevilla, da Espanha, nesta segunda-feira. Al\u00e9m disso, o comandante tem uma boa rela\u00e7\u00e3o com o presidente do Fla, Rodolfo Landim.<\/p>\n\n\n\n<p>Por fim, nesta quarta (22), a jornalista Raisa Simplicio, noticiou durante uma live do site S1 Live, que o elenco do Fla, j\u00e1 estava ciente sobre essa demiss\u00e3o de Sampaoli. Ela complementa a informa\u00e7\u00e3o alegando que os jogadores opinaram sobre a demiss\u00e3o do argentino, em meio aos rumores sobre ele no Flamengo.<\/p>\n\n\n\n<p>Retirado de: DI\u00e1rio do Fla<\/p>\n","protected":false},"excerpt":{"rendered":"<p>Embora o Flamengo tenha avan\u00e7ado para a decis\u00e3o do Campeonato Carioca, o t\u00e9cnico V\u00edtor Pereira segue na corda bomba no clube. Isso porque, apesar das vit\u00f3rias recentes contra o Vasco, pelos duelos de semifinal do Estadual, o desempenho da equipe se manteve aqu\u00e9m do esperado. A diretoria entende que o time poderia estar jogando melhor, [&hellip;]<\/p>\n","protected":false},"author":1,"featured_media":94199,"comment_status":"open","ping_status":"closed","sticky":false,"template":"","format":"standard","meta":{"footnotes":""},"categories":[1],"tags":[],"class_list":["post-95858","post","type-post","status-publish","format-standard","has-post-thumbnail","hentry","category-flamengo"],"yoast_head":"<!-- This site is optimized with the Yoast SEO Premium plugin v24.2 (Yoast SEO v26.9) - https:\/\/yoast.com\/product\/yoast-seo-premium-wordpress\/ -->\n<title>Elenco do Flamengo estava ciente sobre o assunto envolvendo o novo treinador<\/title>\n<meta name=\"robots\" content=\"index, follow, max-snippet:-1, max-image-preview:large, max-video-preview:-1\" \/>\n<link rel=\"canonical\" href=\"https:\/\/www.gaveanews.com\/index.php\/2023\/03\/22\/elenco-do-flamengo-estava-ciente-sobre-o-assunto-envolvendo-o-novo-treinador\/\" \/>\n<meta property=\"og:locale\" content=\"pt_BR\" \/>\n<meta property=\"og:type\" content=\"article\" \/>\n<meta property=\"og:title\" content=\"Elenco do Flamengo estava ciente sobre o assunto envolvendo o novo treinador\" \/>\n<meta property=\"og:description\" content=\"Embora o Flamengo tenha avan\u00e7ado para a decis\u00e3o do Campeonato Carioca, o t\u00e9cnico V\u00edtor Pereira segue na corda bomba no clube. Isso porque, apesar das vit\u00f3rias recentes contra o Vasco, pelos duelos de semifinal do Estadual, o desempenho da equipe se manteve aqu\u00e9m do esperado. A diretoria entende que o time poderia estar jogando melhor, [&hellip;]\" \/>\n<meta property=\"og:url\" content=\"https:\/\/www.gaveanews.com\/index.php\/2023\/03\/22\/elenco-do-flamengo-estava-ciente-sobre-o-assunto-envolvendo-o-novo-treinador\/\" \/>\n<meta property=\"og:site_name\" content=\"G\u00e1vea News\" \/>\n<meta property=\"article:publisher\" content=\"https:\/\/facebook.com\/gaveaNews\/\" \/>\n<meta property=\"article:published_time\" content=\"2023-03-22T16:34:54+00:00\" \/>\n<meta property=\"article:modified_time\" content=\"2023-03-22T16:34:57+00:00\" \/>\n<meta property=\"og:image\" content=\"https:\/\/www.gaveanews.com\/wp-content\/uploads\/jogadores-flamengo-volta-redonda.webp\" \/>\n\t<meta property=\"og:image:width\" content=\"1600\" \/>\n\t<meta property=\"og:image:height\" content=\"1066\" \/>\n\t<meta property=\"og:image:type\" content=\"image\/jpeg\" \/>\n<meta name=\"author\" content=\"Equipe G\u00e1vea News\" \/>\n<meta name=\"twitter:card\" content=\"summary_large_image\" \/>\n<meta name=\"twitter:label1\" content=\"Escrito por\" \/>\n\t<meta name=\"twitter:data1\" content=\"Equipe G\u00e1vea News\" \/>\n\t<meta name=\"twitter:label2\" content=\"Est. tempo de leitura\" \/>\n\t<meta name=\"twitter:data2\" content=\"1 minuto\" \/>\n<script type=\"application\/ld+json\" class=\"yoast-schema-graph\">{\"@context\":\"https:\/\/schema.org\",\"@graph\":[{\"@type\":\"NewsArticle\",\"@id\":\"https:\/\/www.gaveanews.com\/index.php\/2023\/03\/22\/elenco-do-flamengo-estava-ciente-sobre-o-assunto-envolvendo-o-novo-treinador\/#article\",\"isPartOf\":{\"@id\":\"https:\/\/www.gaveanews.com\/index.php\/2023\/03\/22\/elenco-do-flamengo-estava-ciente-sobre-o-assunto-envolvendo-o-novo-treinador\/\"},\"author\":{\"name\":\"Equipe G\u00e1vea News\",\"@id\":\"https:\/\/www.gaveanews.com\/#\/schema\/person\/2ec14f73fb96be2caf28f91afb14749d\"},\"headline\":\"Elenco do Flamengo estava ciente sobre o assunto envolvendo o novo treinador\",\"datePublished\":\"2023-03-22T16:34:54+00:00\",\"dateModified\":\"2023-03-22T16:34:57+00:00\",\"mainEntityOfPage\":{\"@id\":\"https:\/\/www.gaveanews.com\/index.php\/2023\/03\/22\/elenco-do-flamengo-estava-ciente-sobre-o-assunto-envolvendo-o-novo-treinador\/\"},\"wordCount\":204,\"commentCount\":0,\"image\":{\"@id\":\"https:\/\/www.gaveanews.com\/index.php\/2023\/03\/22\/elenco-do-flamengo-estava-ciente-sobre-o-assunto-envolvendo-o-novo-treinador\/#primaryimage\"},\"thumbnailUrl\":\"https:\/\/www.gaveanews.com\/wp-content\/uploads\/jogadores-flamengo-volta-redonda.webp\",\"articleSection\":[\"Flamengo\"],\"inLanguage\":\"pt-BR\",\"potentialAction\":[{\"@type\":\"CommentAction\",\"name\":\"Comment\",\"target\":[\"https:\/\/www.gaveanews.com\/index.php\/2023\/03\/22\/elenco-do-flamengo-estava-ciente-sobre-o-assunto-envolvendo-o-novo-treinador\/#respond\"]}],\"copyrightYear\":\"2023\",\"copyrightHolder\":{\"@id\":\"https:\/\/www.gaveanews.com\/#organization\"}},{\"@type\":\"WebPage\",\"@id\":\"https:\/\/www.gaveanews.com\/index.php\/2023\/03\/22\/elenco-do-flamengo-estava-ciente-sobre-o-assunto-envolvendo-o-novo-treinador\/\",\"url\":\"https:\/\/www.gaveanews.com\/index.php\/2023\/03\/22\/elenco-do-flamengo-estava-ciente-sobre-o-assunto-envolvendo-o-novo-treinador\/\",\"name\":\"Elenco do Flamengo estava ciente sobre o assunto envolvendo o novo treinador\",\"isPartOf\":{\"@id\":\"https:\/\/www.gaveanews.com\/#website\"},\"primaryImageOfPage\":{\"@id\":\"https:\/\/www.gaveanews.com\/index.php\/2023\/03\/22\/elenco-do-flamengo-estava-ciente-sobre-o-assunto-envolvendo-o-novo-treinador\/#primaryimage\"},\"image\":{\"@id\":\"https:\/\/www.gaveanews.com\/index.php\/2023\/03\/22\/elenco-do-flamengo-estava-ciente-sobre-o-assunto-envolvendo-o-novo-treinador\/#primaryimage\"},\"thumbnailUrl\":\"https:\/\/www.gaveanews.com\/wp-content\/uploads\/jogadores-flamengo-volta-redonda.webp\",\"datePublished\":\"2023-03-22T16:34:54+00:00\",\"dateModified\":\"2023-03-22T16:34:57+00:00\",\"author\":{\"@id\":\"https:\/\/www.gaveanews.com\/#\/schema\/person\/2ec14f73fb96be2caf28f91afb14749d\"},\"breadcrumb\":{\"@id\":\"https:\/\/www.gaveanews.com\/index.php\/2023\/03\/22\/elenco-do-flamengo-estava-ciente-sobre-o-assunto-envolvendo-o-novo-treinador\/#breadcrumb\"},\"inLanguage\":\"pt-BR\",\"potentialAction\":[{\"@type\":\"ReadAction\",\"target\":[\"https:\/\/www.gaveanews.com\/index.php\/2023\/03\/22\/elenco-do-flamengo-estava-ciente-sobre-o-assunto-envolvendo-o-novo-treinador\/\"]}]},{\"@type\":\"ImageObject\",\"inLanguage\":\"pt-BR\",\"@id\":\"https:\/\/www.gaveanews.com\/index.php\/2023\/03\/22\/elenco-do-flamengo-estava-ciente-sobre-o-assunto-envolvendo-o-novo-treinador\/#primaryimage\",\"url\":\"https:\/\/www.gaveanews.com\/wp-content\/uploads\/jogadores-flamengo-volta-redonda.webp\",\"contentUrl\":\"https:\/\/www.gaveanews.com\/wp-content\/uploads\/jogadores-flamengo-volta-redonda.webp\",\"width\":1600,\"height\":1066,\"caption\":\"Jogadores do Flamengo em jogo contra o Volta Redonda (Foto: Gilvan de Souza\/Flamengo)\"},{\"@type\":\"BreadcrumbList\",\"@id\":\"https:\/\/www.gaveanews.com\/index.php\/2023\/03\/22\/elenco-do-flamengo-estava-ciente-sobre-o-assunto-envolvendo-o-novo-treinador\/#breadcrumb\",\"itemListElement\":[{\"@type\":\"ListItem\",\"position\":1,\"name\":\"Home\",\"item\":\"https:\/\/www.gaveanews.com\/\"},{\"@type\":\"ListItem\",\"position\":2,\"name\":\"Elenco do Flamengo estava ciente sobre o assunto envolvendo o novo treinador\"}]},{\"@type\":\"WebSite\",\"@id\":\"https:\/\/www.gaveanews.com\/#website\",\"url\":\"https:\/\/www.gaveanews.com\/\",\"name\":\"G\u00e1vea News\",\"description\":\"Veja todas as not\u00edcias sobre o Flamengo: Contrata\u00e7\u00f5es, categorias de base, resultados das partidas, tabela de classifica\u00e7\u00e3o, pr\u00f3ximos jogos!\",\"potentialAction\":[{\"@type\":\"SearchAction\",\"target\":{\"@type\":\"EntryPoint\",\"urlTemplate\":\"https:\/\/www.gaveanews.com\/?s={search_term_string}\"},\"query-input\":{\"@type\":\"PropertyValueSpecification\",\"valueRequired\":true,\"valueName\":\"search_term_string\"}}],\"inLanguage\":\"pt-BR\"},{\"@type\":\"Person\",\"@id\":\"https:\/\/www.gaveanews.com\/#\/schema\/person\/2ec14f73fb96be2caf28f91afb14749d\",\"name\":\"Equipe G\u00e1vea News\",\"image\":{\"@type\":\"ImageObject\",\"inLanguage\":\"pt-BR\",\"@id\":\"https:\/\/www.gaveanews.com\/#\/schema\/person\/image\/\",\"url\":\"https:\/\/secure.gravatar.com\/avatar\/1e1956f1facbffd3f8fa53a326721950116b3b9dc9bd44939c01180fd4a745a9?s=96&d=mm&r=g\",\"contentUrl\":\"https:\/\/secure.gravatar.com\/avatar\/1e1956f1facbffd3f8fa53a326721950116b3b9dc9bd44939c01180fd4a745a9?s=96&d=mm&r=g\",\"caption\":\"Equipe G\u00e1vea News\"}}]}<\/script>\n<!-- \/ Yoast SEO Premium plugin. -->","yoast_head_json":{"title":"Elenco do Flamengo estava ciente sobre o assunto envolvendo o novo treinador","robots":{"index":"index","follow":"follow","max-snippet":"max-snippet:-1","max-image-preview":"max-image-preview:large","max-video-preview":"max-video-preview:-1"},"canonical":"https:\/\/www.gaveanews.com\/index.php\/2023\/03\/22\/elenco-do-flamengo-estava-ciente-sobre-o-assunto-envolvendo-o-novo-treinador\/","og_locale":"pt_BR","og_type":"article","og_title":"Elenco do Flamengo estava ciente sobre o assunto envolvendo o novo treinador","og_description":"Embora o Flamengo tenha avan\u00e7ado para a decis\u00e3o do Campeonato Carioca, o t\u00e9cnico V\u00edtor Pereira segue na corda bomba no clube. Isso porque, apesar das vit\u00f3rias recentes contra o Vasco, pelos duelos de semifinal do Estadual, o desempenho da equipe se manteve aqu\u00e9m do esperado. A diretoria entende que o time poderia estar jogando melhor, [&hellip;]","og_url":"https:\/\/www.gaveanews.com\/index.php\/2023\/03\/22\/elenco-do-flamengo-estava-ciente-sobre-o-assunto-envolvendo-o-novo-treinador\/","og_site_name":"G\u00e1vea News","article_publisher":"https:\/\/facebook.com\/gaveaNews\/","article_published_time":"2023-03-22T16:34:54+00:00","article_modified_time":"2023-03-22T16:34:57+00:00","og_image":[{"width":1600,"height":1066,"url":"https:\/\/www.gaveanews.com\/wp-content\/uploads\/jogadores-flamengo-volta-redonda.webp","type":"image\/jpeg"}],"author":"Equipe G\u00e1vea News","twitter_card":"summary_large_image","twitter_misc":{"Escrito por":"Equipe G\u00e1vea News","Est. tempo de leitura":"1 minuto"},"schema":{"@context":"https:\/\/schema.org","@graph":[{"@type":"NewsArticle","@id":"https:\/\/www.gaveanews.com\/index.php\/2023\/03\/22\/elenco-do-flamengo-estava-ciente-sobre-o-assunto-envolvendo-o-novo-treinador\/#article","isPartOf":{"@id":"https:\/\/www.gaveanews.com\/index.php\/2023\/03\/22\/elenco-do-flamengo-estava-ciente-sobre-o-assunto-envolvendo-o-novo-treinador\/"},"author":{"name":"Equipe G\u00e1vea News","@id":"https:\/\/www.gaveanews.com\/#\/schema\/person\/2ec14f73fb96be2caf28f91afb14749d"},"headline":"Elenco do Flamengo estava ciente sobre o assunto envolvendo o novo treinador","datePublished":"2023-03-22T16:34:54+00:00","dateModified":"2023-03-22T16:34:57+00:00","mainEntityOfPage":{"@id":"https:\/\/www.gaveanews.com\/index.php\/2023\/03\/22\/elenco-do-flamengo-estava-ciente-sobre-o-assunto-envolvendo-o-novo-treinador\/"},"wordCount":204,"commentCount":0,"image":{"@id":"https:\/\/www.gaveanews.com\/index.php\/2023\/03\/22\/elenco-do-flamengo-estava-ciente-sobre-o-assunto-envolvendo-o-novo-treinador\/#primaryimage"},"thumbnailUrl":"https:\/\/www.gaveanews.com\/wp-content\/uploads\/jogadores-flamengo-volta-redonda.webp","articleSection":["Flamengo"],"inLanguage":"pt-BR","potentialAction":[{"@type":"CommentAction","name":"Comment","target":["https:\/\/www.gaveanews.com\/index.php\/2023\/03\/22\/elenco-do-flamengo-estava-ciente-sobre-o-assunto-envolvendo-o-novo-treinador\/#respond"]}],"copyrightYear":"2023","copyrightHolder":{"@id":"https:\/\/www.gaveanews.com\/#organization"}},{"@type":"WebPage","@id":"https:\/\/www.gaveanews.com\/index.php\/2023\/03\/22\/elenco-do-flamengo-estava-ciente-sobre-o-assunto-envolvendo-o-novo-treinador\/","url":"https:\/\/www.gaveanews.com\/index.php\/2023\/03\/22\/elenco-do-flamengo-estava-ciente-sobre-o-assunto-envolvendo-o-novo-treinador\/","name":"Elenco do Flamengo estava ciente sobre o assunto envolvendo o novo treinador","isPartOf":{"@id":"https:\/\/www.gaveanews.com\/#website"},"primaryImageOfPage":{"@id":"https:\/\/www.gaveanews.com\/index.php\/2023\/03\/22\/elenco-do-flamengo-estava-ciente-sobre-o-assunto-envolvendo-o-novo-treinador\/#primaryimage"},"image":{"@id":"https:\/\/www.gaveanews.com\/index.php\/2023\/03\/22\/elenco-do-flamengo-estava-ciente-sobre-o-assunto-envolvendo-o-novo-treinador\/#primaryimage"},"thumbnailUrl":"https:\/\/www.gaveanews.com\/wp-content\/uploads\/jogadores-flamengo-volta-redonda.webp","datePublished":"2023-03-22T16:34:54+00:00","dateModified":"2023-03-22T16:34:57+00:00","author":{"@id":"https:\/\/www.gaveanews.com\/#\/schema\/person\/2ec14f73fb96be2caf28f91afb14749d"},"breadcrumb":{"@id":"https:\/\/www.gaveanews.com\/index.php\/2023\/03\/22\/elenco-do-flamengo-estava-ciente-sobre-o-assunto-envolvendo-o-novo-treinador\/#breadcrumb"},"inLanguage":"pt-BR","potentialAction":[{"@type":"ReadAction","target":["https:\/\/www.gaveanews.com\/index.php\/2023\/03\/22\/elenco-do-flamengo-estava-ciente-sobre-o-assunto-envolvendo-o-novo-treinador\/"]}]},{"@type":"ImageObject","inLanguage":"pt-BR","@id":"https:\/\/www.gaveanews.com\/index.php\/2023\/03\/22\/elenco-do-flamengo-estava-ciente-sobre-o-assunto-envolvendo-o-novo-treinador\/#primaryimage","url":"https:\/\/www.gaveanews.com\/wp-content\/uploads\/jogadores-flamengo-volta-redonda.webp","contentUrl":"https:\/\/www.gaveanews.com\/wp-content\/uploads\/jogadores-flamengo-volta-redonda.webp","width":1600,"height":1066,"caption":"Jogadores do Flamengo em jogo contra o Volta Redonda (Foto: Gilvan de Souza\/Flamengo)"},{"@type":"BreadcrumbList","@id":"https:\/\/www.gaveanews.com\/index.php\/2023\/03\/22\/elenco-do-flamengo-estava-ciente-sobre-o-assunto-envolvendo-o-novo-treinador\/#breadcrumb","itemListElement":[{"@type":"ListItem","position":1,"name":"Home","item":"https:\/\/www.gaveanews.com\/"},{"@type":"ListItem","position":2,"name":"Elenco do Flamengo estava ciente sobre o assunto envolvendo o novo treinador"}]},{"@type":"WebSite","@id":"https:\/\/www.gaveanews.com\/#website","url":"https:\/\/www.gaveanews.com\/","name":"G\u00e1vea News","description":"Veja todas as not\u00edcias sobre o Flamengo: Contrata\u00e7\u00f5es, categorias de base, resultados das partidas, tabela de classifica\u00e7\u00e3o, pr\u00f3ximos jogos!","potentialAction":[{"@type":"SearchAction","target":{"@type":"EntryPoint","urlTemplate":"https:\/\/www.gaveanews.com\/?s={search_term_string}"},"query-input":{"@type":"PropertyValueSpecification","valueRequired":true,"valueName":"search_term_string"}}],"inLanguage":"pt-BR"},{"@type":"Person","@id":"https:\/\/www.gaveanews.com\/#\/schema\/person\/2ec14f73fb96be2caf28f91afb14749d","name":"Equipe G\u00e1vea News","image":{"@type":"ImageObject","inLanguage":"pt-BR","@id":"https:\/\/www.gaveanews.com\/#\/schema\/person\/image\/","url":"https:\/\/secure.gravatar.com\/avatar\/1e1956f1facbffd3f8fa53a326721950116b3b9dc9bd44939c01180fd4a745a9?s=96&d=mm&r=g","contentUrl":"https:\/\/secure.gravatar.com\/avatar\/1e1956f1facbffd3f8fa53a326721950116b3b9dc9bd44939c01180fd4a745a9?s=96&d=mm&r=g","caption":"Equipe G\u00e1vea News"}}]}},"_links":{"self":[{"href":"https:\/\/www.gaveanews.com\/index.php\/wp-json\/wp\/v2\/posts\/95858","targetHints":{"allow":["GET"]}}],"collection":[{"href":"https:\/\/www.gaveanews.com\/index.php\/wp-json\/wp\/v2\/posts"}],"about":[{"href":"https:\/\/www.gaveanews.com\/index.php\/wp-json\/wp\/v2\/types\/post"}],"author":[{"embeddable":true,"href":"https:\/\/www.gaveanews.com\/index.php\/wp-json\/wp\/v2\/users\/1"}],"replies":[{"embeddable":true,"href":"https:\/\/www.gaveanews.com\/index.php\/wp-json\/wp\/v2\/comments?post=95858"}],"version-history":[{"count":0,"href":"https:\/\/www.gaveanews.com\/index.php\/wp-json\/wp\/v2\/posts\/95858\/revisions"}],"wp:featuredmedia":[{"embeddable":true,"href":"https:\/\/www.gaveanews.com\/index.php\/wp-json\/wp\/v2\/media\/94199"}],"wp:attachment":[{"href":"https:\/\/www.gaveanews.com\/index.php\/wp-json\/wp\/v2\/media?parent=95858"}],"wp:term":[{"taxonomy":"category","embeddable":true,"href":"https:\/\/www.gaveanews.com\/index.php\/wp-json\/wp\/v2\/categories?post=95858"},{"taxonomy":"post_tag","embeddable":true,"href":"https:\/\/www.gaveanews.com\/index.php\/wp-json\/wp\/v2\/tags?post=95858"}],"curies":[{"name":"wp","href":"https:\/\/api.w.org\/{rel}","templated":true}]}}