{"id":95862,"date":"2023-03-22T13:59:54","date_gmt":"2023-03-22T16:59:54","guid":{"rendered":"https:\/\/www.gaveanews.com\/?p=95862"},"modified":"2023-03-22T13:59:57","modified_gmt":"2023-03-22T16:59:57","slug":"torcedores-do-flamengo-pedem-volta-de-jorge-jesus-2","status":"publish","type":"post","link":"https:\/\/www.gaveanews.com\/index.php\/2023\/03\/22\/torcedores-do-flamengo-pedem-volta-de-jorge-jesus-2\/","title":{"rendered":"Torcedores do Flamengo pedem volta de Jorge Jesus"},"content":{"rendered":"\n<p>Como V\u00edtor Pereira ainda n\u00e3o conquistou a confian\u00e7a dos torcedores, o atual t\u00e9cnico do Flamengo, em breve, tem chances de ganhar uma \u201csombra\u201d. Isso porque Jorge Jesus est\u00e1 em fim de contrato na Turquia e sua perman\u00eancia \u00e0 frente do Fenerbah\u00e7e se encontra em d\u00favida. Sendo assim, o cen\u00e1rio em quest\u00e3o motivou a cria\u00e7\u00e3o de um abaixo-assinado envolvendo o retorno do portugu\u00eas ao Rubro-Negro.<\/p>\n\n\n\n<p>Como a peti\u00e7\u00e3o logo ganhou destaque, a meta inicial de cinco mil assinaturas logo foi batida. Para que a campanha ganhe mais for\u00e7a, a publica\u00e7\u00e3o do abaixo-assinado pediu que a campanha #VoltaMister seja veiculada atrav\u00e9s das redes sociais,<\/p>\n\n\n\n<p>\u201cEste ano podemos nos tornar o maior campe\u00e3o brasileiro da Libertadores. E dentro de casa. N\u00e3o podemos permitir que o ego de ningu\u00e9m seja colocado \u00e0 frente dos interesses do clube. Precisamos exigir o melhor para o Flamengo.\u201d, afirmou o documento.<\/p>\n\n\n\n<p>Apesar do respaldo de V\u00edtor Pereira, uma nova frustra\u00e7\u00e3o na temporada pode decretar a demiss\u00e3o do atual comandante. Sendo assim, a volta de Jorge Jesus foi apontada como \u00fanica solu\u00e7\u00e3o para uma volta por cima em 2023.<\/p>\n\n\n\n<p>\u201cDorival chegou e com muito m\u00e9rito nos levou \u00e0s gl\u00f3rias, mas querendo ou n\u00e3o foi uma aposta. Com a iminente sa\u00edda de V\u00edtor Pereira, n\u00e3o podemos jogar a sorte de novo em qualquer outro t\u00e9cnico sen\u00e3o Jorge Jesus.\u201c, completou a peti\u00e7\u00e3o.<\/p>\n\n\n\n<p>Retirado de: Torcedores<\/p>\n","protected":false},"excerpt":{"rendered":"<p>Como V\u00edtor Pereira ainda n\u00e3o conquistou a confian\u00e7a dos torcedores, o atual t\u00e9cnico do Flamengo, em breve, tem chances de ganhar uma \u201csombra\u201d. Isso porque Jorge Jesus est\u00e1 em fim de contrato na Turquia e sua perman\u00eancia \u00e0 frente do Fenerbah\u00e7e se encontra em d\u00favida. Sendo assim, o cen\u00e1rio em quest\u00e3o motivou a cria\u00e7\u00e3o de [&hellip;]<\/p>\n","protected":false},"author":1,"featured_media":28884,"comment_status":"open","ping_status":"closed","sticky":false,"template":"","format":"standard","meta":{"footnotes":""},"categories":[1],"tags":[],"class_list":["post-95862","post","type-post","status-publish","format-standard","has-post-thumbnail","hentry","category-flamengo"],"yoast_head":"<!-- This site is optimized with the Yoast SEO Premium plugin v24.2 (Yoast SEO v26.9) - https:\/\/yoast.com\/product\/yoast-seo-premium-wordpress\/ -->\n<title>Torcedores do Flamengo pedem volta de Jorge Jesus<\/title>\n<meta name=\"robots\" content=\"index, follow, max-snippet:-1, max-image-preview:large, max-video-preview:-1\" \/>\n<link rel=\"canonical\" href=\"https:\/\/www.gaveanews.com\/index.php\/2023\/03\/22\/torcedores-do-flamengo-pedem-volta-de-jorge-jesus-2\/\" \/>\n<meta property=\"og:locale\" content=\"pt_BR\" \/>\n<meta property=\"og:type\" content=\"article\" \/>\n<meta property=\"og:title\" content=\"Torcedores do Flamengo pedem volta de Jorge Jesus\" \/>\n<meta property=\"og:description\" content=\"Como V\u00edtor Pereira ainda n\u00e3o conquistou a confian\u00e7a dos torcedores, o atual t\u00e9cnico do Flamengo, em breve, tem chances de ganhar uma \u201csombra\u201d. Isso porque Jorge Jesus est\u00e1 em fim de contrato na Turquia e sua perman\u00eancia \u00e0 frente do Fenerbah\u00e7e se encontra em d\u00favida. Sendo assim, o cen\u00e1rio em quest\u00e3o motivou a cria\u00e7\u00e3o de [&hellip;]\" \/>\n<meta property=\"og:url\" content=\"https:\/\/www.gaveanews.com\/index.php\/2023\/03\/22\/torcedores-do-flamengo-pedem-volta-de-jorge-jesus-2\/\" \/>\n<meta property=\"og:site_name\" content=\"G\u00e1vea News\" \/>\n<meta property=\"article:publisher\" content=\"https:\/\/facebook.com\/gaveaNews\/\" \/>\n<meta property=\"article:published_time\" content=\"2023-03-22T16:59:54+00:00\" \/>\n<meta property=\"article:modified_time\" content=\"2023-03-22T16:59:57+00:00\" \/>\n<meta property=\"og:image\" content=\"https:\/\/www.gaveanews.com\/wp-content\/uploads\/Treinador-Jorge-Jesus-durante-uma-partida-do-Flamengo.webp\" \/>\n\t<meta property=\"og:image:width\" content=\"900\" \/>\n\t<meta property=\"og:image:height\" content=\"600\" \/>\n\t<meta property=\"og:image:type\" content=\"image\/jpeg\" \/>\n<meta name=\"author\" content=\"Equipe G\u00e1vea News\" \/>\n<meta name=\"twitter:card\" content=\"summary_large_image\" \/>\n<meta name=\"twitter:label1\" content=\"Escrito por\" \/>\n\t<meta name=\"twitter:data1\" content=\"Equipe G\u00e1vea News\" \/>\n\t<meta name=\"twitter:label2\" content=\"Est. tempo de leitura\" \/>\n\t<meta name=\"twitter:data2\" content=\"2 minutos\" \/>\n<script type=\"application\/ld+json\" class=\"yoast-schema-graph\">{\"@context\":\"https:\/\/schema.org\",\"@graph\":[{\"@type\":\"NewsArticle\",\"@id\":\"https:\/\/www.gaveanews.com\/index.php\/2023\/03\/22\/torcedores-do-flamengo-pedem-volta-de-jorge-jesus-2\/#article\",\"isPartOf\":{\"@id\":\"https:\/\/www.gaveanews.com\/index.php\/2023\/03\/22\/torcedores-do-flamengo-pedem-volta-de-jorge-jesus-2\/\"},\"author\":{\"name\":\"Equipe G\u00e1vea News\",\"@id\":\"https:\/\/www.gaveanews.com\/#\/schema\/person\/2ec14f73fb96be2caf28f91afb14749d\"},\"headline\":\"Torcedores do Flamengo pedem volta de Jorge Jesus\",\"datePublished\":\"2023-03-22T16:59:54+00:00\",\"dateModified\":\"2023-03-22T16:59:57+00:00\",\"mainEntityOfPage\":{\"@id\":\"https:\/\/www.gaveanews.com\/index.php\/2023\/03\/22\/torcedores-do-flamengo-pedem-volta-de-jorge-jesus-2\/\"},\"wordCount\":260,\"commentCount\":0,\"image\":{\"@id\":\"https:\/\/www.gaveanews.com\/index.php\/2023\/03\/22\/torcedores-do-flamengo-pedem-volta-de-jorge-jesus-2\/#primaryimage\"},\"thumbnailUrl\":\"https:\/\/www.gaveanews.com\/wp-content\/uploads\/Treinador-Jorge-Jesus-durante-uma-partida-do-Flamengo.webp\",\"articleSection\":[\"Flamengo\"],\"inLanguage\":\"pt-BR\",\"potentialAction\":[{\"@type\":\"CommentAction\",\"name\":\"Comment\",\"target\":[\"https:\/\/www.gaveanews.com\/index.php\/2023\/03\/22\/torcedores-do-flamengo-pedem-volta-de-jorge-jesus-2\/#respond\"]}],\"copyrightYear\":\"2023\",\"copyrightHolder\":{\"@id\":\"https:\/\/www.gaveanews.com\/#organization\"}},{\"@type\":\"WebPage\",\"@id\":\"https:\/\/www.gaveanews.com\/index.php\/2023\/03\/22\/torcedores-do-flamengo-pedem-volta-de-jorge-jesus-2\/\",\"url\":\"https:\/\/www.gaveanews.com\/index.php\/2023\/03\/22\/torcedores-do-flamengo-pedem-volta-de-jorge-jesus-2\/\",\"name\":\"Torcedores do Flamengo pedem volta de Jorge Jesus\",\"isPartOf\":{\"@id\":\"https:\/\/www.gaveanews.com\/#website\"},\"primaryImageOfPage\":{\"@id\":\"https:\/\/www.gaveanews.com\/index.php\/2023\/03\/22\/torcedores-do-flamengo-pedem-volta-de-jorge-jesus-2\/#primaryimage\"},\"image\":{\"@id\":\"https:\/\/www.gaveanews.com\/index.php\/2023\/03\/22\/torcedores-do-flamengo-pedem-volta-de-jorge-jesus-2\/#primaryimage\"},\"thumbnailUrl\":\"https:\/\/www.gaveanews.com\/wp-content\/uploads\/Treinador-Jorge-Jesus-durante-uma-partida-do-Flamengo.webp\",\"datePublished\":\"2023-03-22T16:59:54+00:00\",\"dateModified\":\"2023-03-22T16:59:57+00:00\",\"author\":{\"@id\":\"https:\/\/www.gaveanews.com\/#\/schema\/person\/2ec14f73fb96be2caf28f91afb14749d\"},\"breadcrumb\":{\"@id\":\"https:\/\/www.gaveanews.com\/index.php\/2023\/03\/22\/torcedores-do-flamengo-pedem-volta-de-jorge-jesus-2\/#breadcrumb\"},\"inLanguage\":\"pt-BR\",\"potentialAction\":[{\"@type\":\"ReadAction\",\"target\":[\"https:\/\/www.gaveanews.com\/index.php\/2023\/03\/22\/torcedores-do-flamengo-pedem-volta-de-jorge-jesus-2\/\"]}]},{\"@type\":\"ImageObject\",\"inLanguage\":\"pt-BR\",\"@id\":\"https:\/\/www.gaveanews.com\/index.php\/2023\/03\/22\/torcedores-do-flamengo-pedem-volta-de-jorge-jesus-2\/#primaryimage\",\"url\":\"https:\/\/www.gaveanews.com\/wp-content\/uploads\/Treinador-Jorge-Jesus-durante-uma-partida-do-Flamengo.webp\",\"contentUrl\":\"https:\/\/www.gaveanews.com\/wp-content\/uploads\/Treinador-Jorge-Jesus-durante-uma-partida-do-Flamengo.webp\",\"width\":900,\"height\":600,\"caption\":\"Treinador Jorge Jesus durante uma partida do Flamengo (Foto: Alexandre Vidal\/Flamengo)\"},{\"@type\":\"BreadcrumbList\",\"@id\":\"https:\/\/www.gaveanews.com\/index.php\/2023\/03\/22\/torcedores-do-flamengo-pedem-volta-de-jorge-jesus-2\/#breadcrumb\",\"itemListElement\":[{\"@type\":\"ListItem\",\"position\":1,\"name\":\"Home\",\"item\":\"https:\/\/www.gaveanews.com\/\"},{\"@type\":\"ListItem\",\"position\":2,\"name\":\"Torcedores do Flamengo pedem volta de Jorge Jesus\"}]},{\"@type\":\"WebSite\",\"@id\":\"https:\/\/www.gaveanews.com\/#website\",\"url\":\"https:\/\/www.gaveanews.com\/\",\"name\":\"G\u00e1vea News\",\"description\":\"Veja todas as not\u00edcias sobre o Flamengo: Contrata\u00e7\u00f5es, categorias de base, resultados das partidas, tabela de classifica\u00e7\u00e3o, pr\u00f3ximos jogos!\",\"potentialAction\":[{\"@type\":\"SearchAction\",\"target\":{\"@type\":\"EntryPoint\",\"urlTemplate\":\"https:\/\/www.gaveanews.com\/?s={search_term_string}\"},\"query-input\":{\"@type\":\"PropertyValueSpecification\",\"valueRequired\":true,\"valueName\":\"search_term_string\"}}],\"inLanguage\":\"pt-BR\"},{\"@type\":\"Person\",\"@id\":\"https:\/\/www.gaveanews.com\/#\/schema\/person\/2ec14f73fb96be2caf28f91afb14749d\",\"name\":\"Equipe G\u00e1vea News\",\"image\":{\"@type\":\"ImageObject\",\"inLanguage\":\"pt-BR\",\"@id\":\"https:\/\/www.gaveanews.com\/#\/schema\/person\/image\/\",\"url\":\"https:\/\/secure.gravatar.com\/avatar\/1e1956f1facbffd3f8fa53a326721950116b3b9dc9bd44939c01180fd4a745a9?s=96&d=mm&r=g\",\"contentUrl\":\"https:\/\/secure.gravatar.com\/avatar\/1e1956f1facbffd3f8fa53a326721950116b3b9dc9bd44939c01180fd4a745a9?s=96&d=mm&r=g\",\"caption\":\"Equipe G\u00e1vea News\"}}]}<\/script>\n<!-- \/ Yoast SEO Premium plugin. -->","yoast_head_json":{"title":"Torcedores do Flamengo pedem volta de Jorge Jesus","robots":{"index":"index","follow":"follow","max-snippet":"max-snippet:-1","max-image-preview":"max-image-preview:large","max-video-preview":"max-video-preview:-1"},"canonical":"https:\/\/www.gaveanews.com\/index.php\/2023\/03\/22\/torcedores-do-flamengo-pedem-volta-de-jorge-jesus-2\/","og_locale":"pt_BR","og_type":"article","og_title":"Torcedores do Flamengo pedem volta de Jorge Jesus","og_description":"Como V\u00edtor Pereira ainda n\u00e3o conquistou a confian\u00e7a dos torcedores, o atual t\u00e9cnico do Flamengo, em breve, tem chances de ganhar uma \u201csombra\u201d. Isso porque Jorge Jesus est\u00e1 em fim de contrato na Turquia e sua perman\u00eancia \u00e0 frente do Fenerbah\u00e7e se encontra em d\u00favida. Sendo assim, o cen\u00e1rio em quest\u00e3o motivou a cria\u00e7\u00e3o de [&hellip;]","og_url":"https:\/\/www.gaveanews.com\/index.php\/2023\/03\/22\/torcedores-do-flamengo-pedem-volta-de-jorge-jesus-2\/","og_site_name":"G\u00e1vea News","article_publisher":"https:\/\/facebook.com\/gaveaNews\/","article_published_time":"2023-03-22T16:59:54+00:00","article_modified_time":"2023-03-22T16:59:57+00:00","og_image":[{"width":900,"height":600,"url":"https:\/\/www.gaveanews.com\/wp-content\/uploads\/Treinador-Jorge-Jesus-durante-uma-partida-do-Flamengo.webp","type":"image\/jpeg"}],"author":"Equipe G\u00e1vea News","twitter_card":"summary_large_image","twitter_misc":{"Escrito por":"Equipe G\u00e1vea News","Est. tempo de leitura":"2 minutos"},"schema":{"@context":"https:\/\/schema.org","@graph":[{"@type":"NewsArticle","@id":"https:\/\/www.gaveanews.com\/index.php\/2023\/03\/22\/torcedores-do-flamengo-pedem-volta-de-jorge-jesus-2\/#article","isPartOf":{"@id":"https:\/\/www.gaveanews.com\/index.php\/2023\/03\/22\/torcedores-do-flamengo-pedem-volta-de-jorge-jesus-2\/"},"author":{"name":"Equipe G\u00e1vea News","@id":"https:\/\/www.gaveanews.com\/#\/schema\/person\/2ec14f73fb96be2caf28f91afb14749d"},"headline":"Torcedores do Flamengo pedem volta de Jorge Jesus","datePublished":"2023-03-22T16:59:54+00:00","dateModified":"2023-03-22T16:59:57+00:00","mainEntityOfPage":{"@id":"https:\/\/www.gaveanews.com\/index.php\/2023\/03\/22\/torcedores-do-flamengo-pedem-volta-de-jorge-jesus-2\/"},"wordCount":260,"commentCount":0,"image":{"@id":"https:\/\/www.gaveanews.com\/index.php\/2023\/03\/22\/torcedores-do-flamengo-pedem-volta-de-jorge-jesus-2\/#primaryimage"},"thumbnailUrl":"https:\/\/www.gaveanews.com\/wp-content\/uploads\/Treinador-Jorge-Jesus-durante-uma-partida-do-Flamengo.webp","articleSection":["Flamengo"],"inLanguage":"pt-BR","potentialAction":[{"@type":"CommentAction","name":"Comment","target":["https:\/\/www.gaveanews.com\/index.php\/2023\/03\/22\/torcedores-do-flamengo-pedem-volta-de-jorge-jesus-2\/#respond"]}],"copyrightYear":"2023","copyrightHolder":{"@id":"https:\/\/www.gaveanews.com\/#organization"}},{"@type":"WebPage","@id":"https:\/\/www.gaveanews.com\/index.php\/2023\/03\/22\/torcedores-do-flamengo-pedem-volta-de-jorge-jesus-2\/","url":"https:\/\/www.gaveanews.com\/index.php\/2023\/03\/22\/torcedores-do-flamengo-pedem-volta-de-jorge-jesus-2\/","name":"Torcedores do Flamengo pedem volta de Jorge Jesus","isPartOf":{"@id":"https:\/\/www.gaveanews.com\/#website"},"primaryImageOfPage":{"@id":"https:\/\/www.gaveanews.com\/index.php\/2023\/03\/22\/torcedores-do-flamengo-pedem-volta-de-jorge-jesus-2\/#primaryimage"},"image":{"@id":"https:\/\/www.gaveanews.com\/index.php\/2023\/03\/22\/torcedores-do-flamengo-pedem-volta-de-jorge-jesus-2\/#primaryimage"},"thumbnailUrl":"https:\/\/www.gaveanews.com\/wp-content\/uploads\/Treinador-Jorge-Jesus-durante-uma-partida-do-Flamengo.webp","datePublished":"2023-03-22T16:59:54+00:00","dateModified":"2023-03-22T16:59:57+00:00","author":{"@id":"https:\/\/www.gaveanews.com\/#\/schema\/person\/2ec14f73fb96be2caf28f91afb14749d"},"breadcrumb":{"@id":"https:\/\/www.gaveanews.com\/index.php\/2023\/03\/22\/torcedores-do-flamengo-pedem-volta-de-jorge-jesus-2\/#breadcrumb"},"inLanguage":"pt-BR","potentialAction":[{"@type":"ReadAction","target":["https:\/\/www.gaveanews.com\/index.php\/2023\/03\/22\/torcedores-do-flamengo-pedem-volta-de-jorge-jesus-2\/"]}]},{"@type":"ImageObject","inLanguage":"pt-BR","@id":"https:\/\/www.gaveanews.com\/index.php\/2023\/03\/22\/torcedores-do-flamengo-pedem-volta-de-jorge-jesus-2\/#primaryimage","url":"https:\/\/www.gaveanews.com\/wp-content\/uploads\/Treinador-Jorge-Jesus-durante-uma-partida-do-Flamengo.webp","contentUrl":"https:\/\/www.gaveanews.com\/wp-content\/uploads\/Treinador-Jorge-Jesus-durante-uma-partida-do-Flamengo.webp","width":900,"height":600,"caption":"Treinador Jorge Jesus durante uma partida do Flamengo (Foto: Alexandre Vidal\/Flamengo)"},{"@type":"BreadcrumbList","@id":"https:\/\/www.gaveanews.com\/index.php\/2023\/03\/22\/torcedores-do-flamengo-pedem-volta-de-jorge-jesus-2\/#breadcrumb","itemListElement":[{"@type":"ListItem","position":1,"name":"Home","item":"https:\/\/www.gaveanews.com\/"},{"@type":"ListItem","position":2,"name":"Torcedores do Flamengo pedem volta de Jorge Jesus"}]},{"@type":"WebSite","@id":"https:\/\/www.gaveanews.com\/#website","url":"https:\/\/www.gaveanews.com\/","name":"G\u00e1vea News","description":"Veja todas as not\u00edcias sobre o Flamengo: Contrata\u00e7\u00f5es, categorias de base, resultados das partidas, tabela de classifica\u00e7\u00e3o, pr\u00f3ximos jogos!","potentialAction":[{"@type":"SearchAction","target":{"@type":"EntryPoint","urlTemplate":"https:\/\/www.gaveanews.com\/?s={search_term_string}"},"query-input":{"@type":"PropertyValueSpecification","valueRequired":true,"valueName":"search_term_string"}}],"inLanguage":"pt-BR"},{"@type":"Person","@id":"https:\/\/www.gaveanews.com\/#\/schema\/person\/2ec14f73fb96be2caf28f91afb14749d","name":"Equipe G\u00e1vea News","image":{"@type":"ImageObject","inLanguage":"pt-BR","@id":"https:\/\/www.gaveanews.com\/#\/schema\/person\/image\/","url":"https:\/\/secure.gravatar.com\/avatar\/1e1956f1facbffd3f8fa53a326721950116b3b9dc9bd44939c01180fd4a745a9?s=96&d=mm&r=g","contentUrl":"https:\/\/secure.gravatar.com\/avatar\/1e1956f1facbffd3f8fa53a326721950116b3b9dc9bd44939c01180fd4a745a9?s=96&d=mm&r=g","caption":"Equipe G\u00e1vea News"}}]}},"_links":{"self":[{"href":"https:\/\/www.gaveanews.com\/index.php\/wp-json\/wp\/v2\/posts\/95862","targetHints":{"allow":["GET"]}}],"collection":[{"href":"https:\/\/www.gaveanews.com\/index.php\/wp-json\/wp\/v2\/posts"}],"about":[{"href":"https:\/\/www.gaveanews.com\/index.php\/wp-json\/wp\/v2\/types\/post"}],"author":[{"embeddable":true,"href":"https:\/\/www.gaveanews.com\/index.php\/wp-json\/wp\/v2\/users\/1"}],"replies":[{"embeddable":true,"href":"https:\/\/www.gaveanews.com\/index.php\/wp-json\/wp\/v2\/comments?post=95862"}],"version-history":[{"count":0,"href":"https:\/\/www.gaveanews.com\/index.php\/wp-json\/wp\/v2\/posts\/95862\/revisions"}],"wp:featuredmedia":[{"embeddable":true,"href":"https:\/\/www.gaveanews.com\/index.php\/wp-json\/wp\/v2\/media\/28884"}],"wp:attachment":[{"href":"https:\/\/www.gaveanews.com\/index.php\/wp-json\/wp\/v2\/media?parent=95862"}],"wp:term":[{"taxonomy":"category","embeddable":true,"href":"https:\/\/www.gaveanews.com\/index.php\/wp-json\/wp\/v2\/categories?post=95862"},{"taxonomy":"post_tag","embeddable":true,"href":"https:\/\/www.gaveanews.com\/index.php\/wp-json\/wp\/v2\/tags?post=95862"}],"curies":[{"name":"wp","href":"https:\/\/api.w.org\/{rel}","templated":true}]}}