{"id":95888,"date":"2023-03-22T21:45:55","date_gmt":"2023-03-23T00:45:55","guid":{"rendered":"https:\/\/www.gaveanews.com\/?p=95888"},"modified":"2023-03-22T21:45:55","modified_gmt":"2023-03-23T00:45:55","slug":"meio-campista-do-flamengo-ira-participar-de-jogo-por-clube-chileno","status":"publish","type":"post","link":"https:\/\/www.gaveanews.com\/index.php\/2023\/03\/22\/meio-campista-do-flamengo-ira-participar-de-jogo-por-clube-chileno\/","title":{"rendered":"Meio-campista do Flamengo ir\u00e1 participar de jogo por clube chileno"},"content":{"rendered":"\n<p>\u00c0 disposi\u00e7\u00e3o da sele\u00e7\u00e3o chilena em Santiago, nesta Data Fifa, o volante Arturo Vidal foi convidado para a despedida de Esteban Paredes, \u00eddolo do Colo Colo, que realizar\u00e1 um amistoso com o C\u00f3lon neste s\u00e1bado, no Est\u00e1dio Monumental. O camisa 32 do Flamengo e outros nomes da La Roja marcar\u00e3o presen\u00e7a no evento, cujos ingressos foram todos vendidos, mas n\u00e3o entrar\u00e3o em campo.<\/p>\n\n\n\n<p>Al\u00e9m de Vidal, o zagueiro Medel, do Bologna, da Fran\u00e7a o meia Esteban Pavez, do Colo Colo, e o volante Gabriel Suazo, do Toulouse, da Fran\u00e7a, foram convidados para o evento. Os jogadores foram liberados pela comiss\u00e3o t\u00e9cnica de Eduardo Berrizzo para ir ao evento, mas n\u00e3o para jogar.<\/p>\n\n\n\n<p>Isso porque a La Roja disputa amistoso contra o Paraguai, no pr\u00f3ximo dia 27, na capital Santiago. As informa\u00e7\u00f5es s\u00e3o do di\u00e1rio \u201cLa Tercera\u201d, do Chile.<\/p>\n\n\n\n<p>Vidal tem passagem pelo Colo Colo e, no come\u00e7o de 2023, entrou em uma pol\u00eamica ao oferecer-se para voltar ao clube chileno em uma transmiss\u00e3o ao vivo, na qual, inclusive, vestia o uniforme do Flamengo. Logo depois, mostrou irrita\u00e7\u00e3o ao n\u00e3o ser utilizado por V\u00edtor Pereira em uma partida no Maracan\u00e3. Por isso, acabou multado pela dire\u00e7\u00e3o, mas acabou recuperando espa\u00e7o no time depois.<\/p>\n\n\n\n<p>Retirado de: Di\u00e1rio do Fla<\/p>\n","protected":false},"excerpt":{"rendered":"<p>\u00c0 disposi\u00e7\u00e3o da sele\u00e7\u00e3o chilena em Santiago, nesta Data Fifa, o volante Arturo Vidal foi convidado para a despedida de Esteban Paredes, \u00eddolo do Colo Colo, que realizar\u00e1 um amistoso com o C\u00f3lon neste s\u00e1bado, no Est\u00e1dio Monumental. O camisa 32 do Flamengo e outros nomes da La Roja marcar\u00e3o presen\u00e7a no evento, cujos ingressos [&hellip;]<\/p>\n","protected":false},"author":1,"featured_media":85456,"comment_status":"open","ping_status":"","sticky":false,"template":"","format":"standard","meta":{"footnotes":""},"categories":[1],"tags":[],"class_list":["post-95888","post","type-post","status-publish","format-standard","has-post-thumbnail","hentry","category-flamengo"],"yoast_head":"<!-- This site is optimized with the Yoast SEO Premium plugin v24.2 (Yoast SEO v26.9) - https:\/\/yoast.com\/product\/yoast-seo-premium-wordpress\/ -->\n<title>Meio-campista do Flamengo ir\u00e1 participar de jogo por clube chileno<\/title>\n<meta name=\"robots\" content=\"index, follow, max-snippet:-1, max-image-preview:large, max-video-preview:-1\" \/>\n<link rel=\"canonical\" href=\"https:\/\/www.gaveanews.com\/index.php\/2023\/03\/22\/meio-campista-do-flamengo-ira-participar-de-jogo-por-clube-chileno\/\" \/>\n<meta property=\"og:locale\" content=\"pt_BR\" \/>\n<meta property=\"og:type\" content=\"article\" \/>\n<meta property=\"og:title\" content=\"Meio-campista do Flamengo ir\u00e1 participar de jogo por clube chileno\" \/>\n<meta property=\"og:description\" content=\"\u00c0 disposi\u00e7\u00e3o da sele\u00e7\u00e3o chilena em Santiago, nesta Data Fifa, o volante Arturo Vidal foi convidado para a despedida de Esteban Paredes, \u00eddolo do Colo Colo, que realizar\u00e1 um amistoso com o C\u00f3lon neste s\u00e1bado, no Est\u00e1dio Monumental. O camisa 32 do Flamengo e outros nomes da La Roja marcar\u00e3o presen\u00e7a no evento, cujos ingressos [&hellip;]\" \/>\n<meta property=\"og:url\" content=\"https:\/\/www.gaveanews.com\/index.php\/2023\/03\/22\/meio-campista-do-flamengo-ira-participar-de-jogo-por-clube-chileno\/\" \/>\n<meta property=\"og:site_name\" content=\"G\u00e1vea News\" \/>\n<meta property=\"article:publisher\" content=\"https:\/\/facebook.com\/gaveaNews\/\" \/>\n<meta property=\"article:published_time\" content=\"2023-03-23T00:45:55+00:00\" \/>\n<meta property=\"og:image\" content=\"https:\/\/www.gaveanews.com\/wp-content\/uploads\/Arturo-Vidal-Vitor-Hugo-e-Marinho-em-jogo-do-Flamengo.webp\" \/>\n\t<meta property=\"og:image:width\" content=\"800\" \/>\n\t<meta property=\"og:image:height\" content=\"533\" \/>\n\t<meta property=\"og:image:type\" content=\"image\/jpeg\" \/>\n<meta name=\"author\" content=\"Equipe G\u00e1vea News\" \/>\n<meta name=\"twitter:card\" content=\"summary_large_image\" \/>\n<meta name=\"twitter:label1\" content=\"Escrito por\" \/>\n\t<meta name=\"twitter:data1\" content=\"Equipe G\u00e1vea News\" \/>\n\t<meta name=\"twitter:label2\" content=\"Est. tempo de leitura\" \/>\n\t<meta name=\"twitter:data2\" content=\"1 minuto\" \/>\n<script type=\"application\/ld+json\" class=\"yoast-schema-graph\">{\"@context\":\"https:\/\/schema.org\",\"@graph\":[{\"@type\":\"NewsArticle\",\"@id\":\"https:\/\/www.gaveanews.com\/index.php\/2023\/03\/22\/meio-campista-do-flamengo-ira-participar-de-jogo-por-clube-chileno\/#article\",\"isPartOf\":{\"@id\":\"https:\/\/www.gaveanews.com\/index.php\/2023\/03\/22\/meio-campista-do-flamengo-ira-participar-de-jogo-por-clube-chileno\/\"},\"author\":{\"name\":\"Equipe G\u00e1vea News\",\"@id\":\"https:\/\/www.gaveanews.com\/#\/schema\/person\/2ec14f73fb96be2caf28f91afb14749d\"},\"headline\":\"Meio-campista do Flamengo ir\u00e1 participar de jogo por clube chileno\",\"datePublished\":\"2023-03-23T00:45:55+00:00\",\"mainEntityOfPage\":{\"@id\":\"https:\/\/www.gaveanews.com\/index.php\/2023\/03\/22\/meio-campista-do-flamengo-ira-participar-de-jogo-por-clube-chileno\/\"},\"wordCount\":241,\"commentCount\":0,\"image\":{\"@id\":\"https:\/\/www.gaveanews.com\/index.php\/2023\/03\/22\/meio-campista-do-flamengo-ira-participar-de-jogo-por-clube-chileno\/#primaryimage\"},\"thumbnailUrl\":\"https:\/\/www.gaveanews.com\/wp-content\/uploads\/Arturo-Vidal-Vitor-Hugo-e-Marinho-em-jogo-do-Flamengo.webp\",\"articleSection\":[\"Flamengo\"],\"inLanguage\":\"pt-BR\",\"potentialAction\":[{\"@type\":\"CommentAction\",\"name\":\"Comment\",\"target\":[\"https:\/\/www.gaveanews.com\/index.php\/2023\/03\/22\/meio-campista-do-flamengo-ira-participar-de-jogo-por-clube-chileno\/#respond\"]}],\"copyrightYear\":\"2023\",\"copyrightHolder\":{\"@id\":\"https:\/\/www.gaveanews.com\/#organization\"}},{\"@type\":\"WebPage\",\"@id\":\"https:\/\/www.gaveanews.com\/index.php\/2023\/03\/22\/meio-campista-do-flamengo-ira-participar-de-jogo-por-clube-chileno\/\",\"url\":\"https:\/\/www.gaveanews.com\/index.php\/2023\/03\/22\/meio-campista-do-flamengo-ira-participar-de-jogo-por-clube-chileno\/\",\"name\":\"Meio-campista do Flamengo ir\u00e1 participar de jogo por clube chileno\",\"isPartOf\":{\"@id\":\"https:\/\/www.gaveanews.com\/#website\"},\"primaryImageOfPage\":{\"@id\":\"https:\/\/www.gaveanews.com\/index.php\/2023\/03\/22\/meio-campista-do-flamengo-ira-participar-de-jogo-por-clube-chileno\/#primaryimage\"},\"image\":{\"@id\":\"https:\/\/www.gaveanews.com\/index.php\/2023\/03\/22\/meio-campista-do-flamengo-ira-participar-de-jogo-por-clube-chileno\/#primaryimage\"},\"thumbnailUrl\":\"https:\/\/www.gaveanews.com\/wp-content\/uploads\/Arturo-Vidal-Vitor-Hugo-e-Marinho-em-jogo-do-Flamengo.webp\",\"datePublished\":\"2023-03-23T00:45:55+00:00\",\"author\":{\"@id\":\"https:\/\/www.gaveanews.com\/#\/schema\/person\/2ec14f73fb96be2caf28f91afb14749d\"},\"breadcrumb\":{\"@id\":\"https:\/\/www.gaveanews.com\/index.php\/2023\/03\/22\/meio-campista-do-flamengo-ira-participar-de-jogo-por-clube-chileno\/#breadcrumb\"},\"inLanguage\":\"pt-BR\",\"potentialAction\":[{\"@type\":\"ReadAction\",\"target\":[\"https:\/\/www.gaveanews.com\/index.php\/2023\/03\/22\/meio-campista-do-flamengo-ira-participar-de-jogo-por-clube-chileno\/\"]}]},{\"@type\":\"ImageObject\",\"inLanguage\":\"pt-BR\",\"@id\":\"https:\/\/www.gaveanews.com\/index.php\/2023\/03\/22\/meio-campista-do-flamengo-ira-participar-de-jogo-por-clube-chileno\/#primaryimage\",\"url\":\"https:\/\/www.gaveanews.com\/wp-content\/uploads\/Arturo-Vidal-Vitor-Hugo-e-Marinho-em-jogo-do-Flamengo.webp\",\"contentUrl\":\"https:\/\/www.gaveanews.com\/wp-content\/uploads\/Arturo-Vidal-Vitor-Hugo-e-Marinho-em-jogo-do-Flamengo.webp\",\"width\":800,\"height\":533,\"caption\":\"Arturo Vidal, Vitor Hugo e Marinho em jogo do Flamengo (Foto: Marcelo Cortes\/Flamengo)\"},{\"@type\":\"BreadcrumbList\",\"@id\":\"https:\/\/www.gaveanews.com\/index.php\/2023\/03\/22\/meio-campista-do-flamengo-ira-participar-de-jogo-por-clube-chileno\/#breadcrumb\",\"itemListElement\":[{\"@type\":\"ListItem\",\"position\":1,\"name\":\"Home\",\"item\":\"https:\/\/www.gaveanews.com\/\"},{\"@type\":\"ListItem\",\"position\":2,\"name\":\"Meio-campista do Flamengo ir\u00e1 participar de jogo por clube chileno\"}]},{\"@type\":\"WebSite\",\"@id\":\"https:\/\/www.gaveanews.com\/#website\",\"url\":\"https:\/\/www.gaveanews.com\/\",\"name\":\"G\u00e1vea News\",\"description\":\"Veja todas as not\u00edcias sobre o Flamengo: Contrata\u00e7\u00f5es, categorias de base, resultados das partidas, tabela de classifica\u00e7\u00e3o, pr\u00f3ximos jogos!\",\"potentialAction\":[{\"@type\":\"SearchAction\",\"target\":{\"@type\":\"EntryPoint\",\"urlTemplate\":\"https:\/\/www.gaveanews.com\/?s={search_term_string}\"},\"query-input\":{\"@type\":\"PropertyValueSpecification\",\"valueRequired\":true,\"valueName\":\"search_term_string\"}}],\"inLanguage\":\"pt-BR\"},{\"@type\":\"Person\",\"@id\":\"https:\/\/www.gaveanews.com\/#\/schema\/person\/2ec14f73fb96be2caf28f91afb14749d\",\"name\":\"Equipe G\u00e1vea News\",\"image\":{\"@type\":\"ImageObject\",\"inLanguage\":\"pt-BR\",\"@id\":\"https:\/\/www.gaveanews.com\/#\/schema\/person\/image\/\",\"url\":\"https:\/\/secure.gravatar.com\/avatar\/1e1956f1facbffd3f8fa53a326721950116b3b9dc9bd44939c01180fd4a745a9?s=96&d=mm&r=g\",\"contentUrl\":\"https:\/\/secure.gravatar.com\/avatar\/1e1956f1facbffd3f8fa53a326721950116b3b9dc9bd44939c01180fd4a745a9?s=96&d=mm&r=g\",\"caption\":\"Equipe G\u00e1vea News\"}}]}<\/script>\n<!-- \/ Yoast SEO Premium plugin. -->","yoast_head_json":{"title":"Meio-campista do Flamengo ir\u00e1 participar de jogo por clube chileno","robots":{"index":"index","follow":"follow","max-snippet":"max-snippet:-1","max-image-preview":"max-image-preview:large","max-video-preview":"max-video-preview:-1"},"canonical":"https:\/\/www.gaveanews.com\/index.php\/2023\/03\/22\/meio-campista-do-flamengo-ira-participar-de-jogo-por-clube-chileno\/","og_locale":"pt_BR","og_type":"article","og_title":"Meio-campista do Flamengo ir\u00e1 participar de jogo por clube chileno","og_description":"\u00c0 disposi\u00e7\u00e3o da sele\u00e7\u00e3o chilena em Santiago, nesta Data Fifa, o volante Arturo Vidal foi convidado para a despedida de Esteban Paredes, \u00eddolo do Colo Colo, que realizar\u00e1 um amistoso com o C\u00f3lon neste s\u00e1bado, no Est\u00e1dio Monumental. O camisa 32 do Flamengo e outros nomes da La Roja marcar\u00e3o presen\u00e7a no evento, cujos ingressos [&hellip;]","og_url":"https:\/\/www.gaveanews.com\/index.php\/2023\/03\/22\/meio-campista-do-flamengo-ira-participar-de-jogo-por-clube-chileno\/","og_site_name":"G\u00e1vea News","article_publisher":"https:\/\/facebook.com\/gaveaNews\/","article_published_time":"2023-03-23T00:45:55+00:00","og_image":[{"width":800,"height":533,"url":"https:\/\/www.gaveanews.com\/wp-content\/uploads\/Arturo-Vidal-Vitor-Hugo-e-Marinho-em-jogo-do-Flamengo.webp","type":"image\/jpeg"}],"author":"Equipe G\u00e1vea News","twitter_card":"summary_large_image","twitter_misc":{"Escrito por":"Equipe G\u00e1vea News","Est. tempo de leitura":"1 minuto"},"schema":{"@context":"https:\/\/schema.org","@graph":[{"@type":"NewsArticle","@id":"https:\/\/www.gaveanews.com\/index.php\/2023\/03\/22\/meio-campista-do-flamengo-ira-participar-de-jogo-por-clube-chileno\/#article","isPartOf":{"@id":"https:\/\/www.gaveanews.com\/index.php\/2023\/03\/22\/meio-campista-do-flamengo-ira-participar-de-jogo-por-clube-chileno\/"},"author":{"name":"Equipe G\u00e1vea News","@id":"https:\/\/www.gaveanews.com\/#\/schema\/person\/2ec14f73fb96be2caf28f91afb14749d"},"headline":"Meio-campista do Flamengo ir\u00e1 participar de jogo por clube chileno","datePublished":"2023-03-23T00:45:55+00:00","mainEntityOfPage":{"@id":"https:\/\/www.gaveanews.com\/index.php\/2023\/03\/22\/meio-campista-do-flamengo-ira-participar-de-jogo-por-clube-chileno\/"},"wordCount":241,"commentCount":0,"image":{"@id":"https:\/\/www.gaveanews.com\/index.php\/2023\/03\/22\/meio-campista-do-flamengo-ira-participar-de-jogo-por-clube-chileno\/#primaryimage"},"thumbnailUrl":"https:\/\/www.gaveanews.com\/wp-content\/uploads\/Arturo-Vidal-Vitor-Hugo-e-Marinho-em-jogo-do-Flamengo.webp","articleSection":["Flamengo"],"inLanguage":"pt-BR","potentialAction":[{"@type":"CommentAction","name":"Comment","target":["https:\/\/www.gaveanews.com\/index.php\/2023\/03\/22\/meio-campista-do-flamengo-ira-participar-de-jogo-por-clube-chileno\/#respond"]}],"copyrightYear":"2023","copyrightHolder":{"@id":"https:\/\/www.gaveanews.com\/#organization"}},{"@type":"WebPage","@id":"https:\/\/www.gaveanews.com\/index.php\/2023\/03\/22\/meio-campista-do-flamengo-ira-participar-de-jogo-por-clube-chileno\/","url":"https:\/\/www.gaveanews.com\/index.php\/2023\/03\/22\/meio-campista-do-flamengo-ira-participar-de-jogo-por-clube-chileno\/","name":"Meio-campista do Flamengo ir\u00e1 participar de jogo por clube chileno","isPartOf":{"@id":"https:\/\/www.gaveanews.com\/#website"},"primaryImageOfPage":{"@id":"https:\/\/www.gaveanews.com\/index.php\/2023\/03\/22\/meio-campista-do-flamengo-ira-participar-de-jogo-por-clube-chileno\/#primaryimage"},"image":{"@id":"https:\/\/www.gaveanews.com\/index.php\/2023\/03\/22\/meio-campista-do-flamengo-ira-participar-de-jogo-por-clube-chileno\/#primaryimage"},"thumbnailUrl":"https:\/\/www.gaveanews.com\/wp-content\/uploads\/Arturo-Vidal-Vitor-Hugo-e-Marinho-em-jogo-do-Flamengo.webp","datePublished":"2023-03-23T00:45:55+00:00","author":{"@id":"https:\/\/www.gaveanews.com\/#\/schema\/person\/2ec14f73fb96be2caf28f91afb14749d"},"breadcrumb":{"@id":"https:\/\/www.gaveanews.com\/index.php\/2023\/03\/22\/meio-campista-do-flamengo-ira-participar-de-jogo-por-clube-chileno\/#breadcrumb"},"inLanguage":"pt-BR","potentialAction":[{"@type":"ReadAction","target":["https:\/\/www.gaveanews.com\/index.php\/2023\/03\/22\/meio-campista-do-flamengo-ira-participar-de-jogo-por-clube-chileno\/"]}]},{"@type":"ImageObject","inLanguage":"pt-BR","@id":"https:\/\/www.gaveanews.com\/index.php\/2023\/03\/22\/meio-campista-do-flamengo-ira-participar-de-jogo-por-clube-chileno\/#primaryimage","url":"https:\/\/www.gaveanews.com\/wp-content\/uploads\/Arturo-Vidal-Vitor-Hugo-e-Marinho-em-jogo-do-Flamengo.webp","contentUrl":"https:\/\/www.gaveanews.com\/wp-content\/uploads\/Arturo-Vidal-Vitor-Hugo-e-Marinho-em-jogo-do-Flamengo.webp","width":800,"height":533,"caption":"Arturo Vidal, Vitor Hugo e Marinho em jogo do Flamengo (Foto: Marcelo Cortes\/Flamengo)"},{"@type":"BreadcrumbList","@id":"https:\/\/www.gaveanews.com\/index.php\/2023\/03\/22\/meio-campista-do-flamengo-ira-participar-de-jogo-por-clube-chileno\/#breadcrumb","itemListElement":[{"@type":"ListItem","position":1,"name":"Home","item":"https:\/\/www.gaveanews.com\/"},{"@type":"ListItem","position":2,"name":"Meio-campista do Flamengo ir\u00e1 participar de jogo por clube chileno"}]},{"@type":"WebSite","@id":"https:\/\/www.gaveanews.com\/#website","url":"https:\/\/www.gaveanews.com\/","name":"G\u00e1vea News","description":"Veja todas as not\u00edcias sobre o Flamengo: Contrata\u00e7\u00f5es, categorias de base, resultados das partidas, tabela de classifica\u00e7\u00e3o, pr\u00f3ximos jogos!","potentialAction":[{"@type":"SearchAction","target":{"@type":"EntryPoint","urlTemplate":"https:\/\/www.gaveanews.com\/?s={search_term_string}"},"query-input":{"@type":"PropertyValueSpecification","valueRequired":true,"valueName":"search_term_string"}}],"inLanguage":"pt-BR"},{"@type":"Person","@id":"https:\/\/www.gaveanews.com\/#\/schema\/person\/2ec14f73fb96be2caf28f91afb14749d","name":"Equipe G\u00e1vea News","image":{"@type":"ImageObject","inLanguage":"pt-BR","@id":"https:\/\/www.gaveanews.com\/#\/schema\/person\/image\/","url":"https:\/\/secure.gravatar.com\/avatar\/1e1956f1facbffd3f8fa53a326721950116b3b9dc9bd44939c01180fd4a745a9?s=96&d=mm&r=g","contentUrl":"https:\/\/secure.gravatar.com\/avatar\/1e1956f1facbffd3f8fa53a326721950116b3b9dc9bd44939c01180fd4a745a9?s=96&d=mm&r=g","caption":"Equipe G\u00e1vea News"}}]}},"_links":{"self":[{"href":"https:\/\/www.gaveanews.com\/index.php\/wp-json\/wp\/v2\/posts\/95888","targetHints":{"allow":["GET"]}}],"collection":[{"href":"https:\/\/www.gaveanews.com\/index.php\/wp-json\/wp\/v2\/posts"}],"about":[{"href":"https:\/\/www.gaveanews.com\/index.php\/wp-json\/wp\/v2\/types\/post"}],"author":[{"embeddable":true,"href":"https:\/\/www.gaveanews.com\/index.php\/wp-json\/wp\/v2\/users\/1"}],"replies":[{"embeddable":true,"href":"https:\/\/www.gaveanews.com\/index.php\/wp-json\/wp\/v2\/comments?post=95888"}],"version-history":[{"count":0,"href":"https:\/\/www.gaveanews.com\/index.php\/wp-json\/wp\/v2\/posts\/95888\/revisions"}],"wp:featuredmedia":[{"embeddable":true,"href":"https:\/\/www.gaveanews.com\/index.php\/wp-json\/wp\/v2\/media\/85456"}],"wp:attachment":[{"href":"https:\/\/www.gaveanews.com\/index.php\/wp-json\/wp\/v2\/media?parent=95888"}],"wp:term":[{"taxonomy":"category","embeddable":true,"href":"https:\/\/www.gaveanews.com\/index.php\/wp-json\/wp\/v2\/categories?post=95888"},{"taxonomy":"post_tag","embeddable":true,"href":"https:\/\/www.gaveanews.com\/index.php\/wp-json\/wp\/v2\/tags?post=95888"}],"curies":[{"name":"wp","href":"https:\/\/api.w.org\/{rel}","templated":true}]}}