{"id":96237,"date":"2023-03-29T15:10:00","date_gmt":"2023-03-29T18:10:00","guid":{"rendered":"https:\/\/www.gaveanews.com\/?p=96237"},"modified":"2023-03-29T15:10:03","modified_gmt":"2023-03-29T18:10:03","slug":"joao-guilherme-da-pessima-noticia-sobre-o-flamengo","status":"publish","type":"post","link":"https:\/\/www.gaveanews.com\/index.php\/2023\/03\/29\/joao-guilherme-da-pessima-noticia-sobre-o-flamengo\/","title":{"rendered":"Jo\u00e3o Guilherme d\u00e1 p\u00e9ssima not\u00edcia sobre o Flamengo"},"content":{"rendered":"\n<p>Flamengo e Fluminense iniciam no s\u00e1bado (1\/4) a disputa pelo t\u00edtulo carioca, \u00e0s 20h30 (de Bras\u00edlia) no Maracan\u00e3. Em seu canal, no YouTube, Jo\u00e3o Guilherme bateu bola com Zinho sobre a decis\u00e3o e trouxe uma possibilidade nada agrad\u00e1vel para o flamenguista. E ela envolve Arrascaeta.<\/p>\n\n\n\n<p>Segundo Jo\u00e3o, Arrascaeta pode perder os dois pr\u00f3ximos compromissos. Desde a semifinal com o Vasco, o meia n\u00e3o treina com bola e trata de um problema muscular. Nesta quinta, o uruguaio mais uma vez n\u00e3o trabalhou com os demais jogadores, dimindo assim a chance de ser relacionado.<\/p>\n\n\n\n<p>De acordo com o narrador da Paramount, a ideia dos m\u00e9dicos \u00e9 aproveitar este per\u00edodo para recuperar o atleta em sua totalidade. Ainda em 2022, o meia sofria com um inc\u00f4modo no p\u00fabis. Desde ent\u00e3o, tem feito tratamento conservador.<\/p>\n\n\n\n<p><em>\u2014 Um Urubu me contou, um Urubu que estava ali sobrevoando o Ninho e a not\u00edcia n\u00e3o \u00e9 muito boa n\u00e3o. Tem chance do Arrascaeta n\u00e3o participar do jogo de s\u00e1bado, \u00e0s 20h30, e o de quarta-feira contra o Aucas. Ele ficaria um tempo parado pra ver se melhora daquele velho problema do p\u00fabis. Ainda n\u00e3o \u00e9 uma informa\u00e7\u00e3o confirmada, ir\u00e3o aguardar os \u00faltimos testes, mas essa possibilidade existe dele n\u00e3o participar do Fla-Flu e nem na estreia do time na Libertadores<\/em>, conta Jo\u00e3o Guilherme.<\/p>\n\n\n\n<p>O camisa 14 rubro-negro vem tratando de dores no p\u00fabis e, al\u00e9m disso, de inc\u00f4modo no adutor da perna esquerda. Para estar \u00e0 disposi\u00e7\u00e3o do jogo com o Fluminense, o uruguaio vem realizando treinos espec\u00edficos.<\/p>\n\n\n\n<p>Retirado de: Torcedores<\/p>\n","protected":false},"excerpt":{"rendered":"<p>Flamengo e Fluminense iniciam no s\u00e1bado (1\/4) a disputa pelo t\u00edtulo carioca, \u00e0s 20h30 (de Bras\u00edlia) no Maracan\u00e3. Em seu canal, no YouTube, Jo\u00e3o Guilherme bateu bola com Zinho sobre a decis\u00e3o e trouxe uma possibilidade nada agrad\u00e1vel para o flamenguista. E ela envolve Arrascaeta. Segundo Jo\u00e3o, Arrascaeta pode perder os dois pr\u00f3ximos compromissos. Desde [&hellip;]<\/p>\n","protected":false},"author":1,"featured_media":94484,"comment_status":"open","ping_status":"closed","sticky":false,"template":"","format":"standard","meta":{"footnotes":""},"categories":[1],"tags":[],"class_list":["post-96237","post","type-post","status-publish","format-standard","has-post-thumbnail","hentry","category-flamengo"],"yoast_head":"<!-- This site is optimized with the Yoast SEO Premium plugin v24.2 (Yoast SEO v26.9) - https:\/\/yoast.com\/product\/yoast-seo-premium-wordpress\/ -->\n<title>Jo\u00e3o Guilherme d\u00e1 p\u00e9ssima not\u00edcia sobre o Flamengo<\/title>\n<meta name=\"robots\" content=\"index, follow, max-snippet:-1, max-image-preview:large, max-video-preview:-1\" \/>\n<link rel=\"canonical\" href=\"https:\/\/www.gaveanews.com\/index.php\/2023\/03\/29\/joao-guilherme-da-pessima-noticia-sobre-o-flamengo\/\" \/>\n<meta property=\"og:locale\" content=\"pt_BR\" \/>\n<meta property=\"og:type\" content=\"article\" \/>\n<meta property=\"og:title\" content=\"Jo\u00e3o Guilherme d\u00e1 p\u00e9ssima not\u00edcia sobre o Flamengo\" \/>\n<meta property=\"og:description\" content=\"Flamengo e Fluminense iniciam no s\u00e1bado (1\/4) a disputa pelo t\u00edtulo carioca, \u00e0s 20h30 (de Bras\u00edlia) no Maracan\u00e3. Em seu canal, no YouTube, Jo\u00e3o Guilherme bateu bola com Zinho sobre a decis\u00e3o e trouxe uma possibilidade nada agrad\u00e1vel para o flamenguista. E ela envolve Arrascaeta. Segundo Jo\u00e3o, Arrascaeta pode perder os dois pr\u00f3ximos compromissos. Desde [&hellip;]\" \/>\n<meta property=\"og:url\" content=\"https:\/\/www.gaveanews.com\/index.php\/2023\/03\/29\/joao-guilherme-da-pessima-noticia-sobre-o-flamengo\/\" \/>\n<meta property=\"og:site_name\" content=\"G\u00e1vea News\" \/>\n<meta property=\"article:publisher\" content=\"https:\/\/facebook.com\/gaveaNews\/\" \/>\n<meta property=\"article:published_time\" content=\"2023-03-29T18:10:00+00:00\" \/>\n<meta property=\"article:modified_time\" content=\"2023-03-29T18:10:03+00:00\" \/>\n<meta property=\"og:image\" content=\"https:\/\/www.gaveanews.com\/wp-content\/uploads\/treino-treinamento-elenco-flamengo-jogadores-vitor-pereira.webp\" \/>\n\t<meta property=\"og:image:width\" content=\"640\" \/>\n\t<meta property=\"og:image:height\" content=\"400\" \/>\n\t<meta property=\"og:image:type\" content=\"image\/webp\" \/>\n<meta name=\"author\" content=\"Equipe G\u00e1vea News\" \/>\n<meta name=\"twitter:card\" content=\"summary_large_image\" \/>\n<meta name=\"twitter:label1\" content=\"Escrito por\" \/>\n\t<meta name=\"twitter:data1\" content=\"Equipe G\u00e1vea News\" \/>\n\t<meta name=\"twitter:label2\" content=\"Est. tempo de leitura\" \/>\n\t<meta name=\"twitter:data2\" content=\"2 minutos\" \/>\n<script type=\"application\/ld+json\" class=\"yoast-schema-graph\">{\"@context\":\"https:\/\/schema.org\",\"@graph\":[{\"@type\":\"NewsArticle\",\"@id\":\"https:\/\/www.gaveanews.com\/index.php\/2023\/03\/29\/joao-guilherme-da-pessima-noticia-sobre-o-flamengo\/#article\",\"isPartOf\":{\"@id\":\"https:\/\/www.gaveanews.com\/index.php\/2023\/03\/29\/joao-guilherme-da-pessima-noticia-sobre-o-flamengo\/\"},\"author\":{\"name\":\"Equipe G\u00e1vea News\",\"@id\":\"https:\/\/www.gaveanews.com\/#\/schema\/person\/2ec14f73fb96be2caf28f91afb14749d\"},\"headline\":\"Jo\u00e3o Guilherme d\u00e1 p\u00e9ssima not\u00edcia sobre o Flamengo\",\"datePublished\":\"2023-03-29T18:10:00+00:00\",\"dateModified\":\"2023-03-29T18:10:03+00:00\",\"mainEntityOfPage\":{\"@id\":\"https:\/\/www.gaveanews.com\/index.php\/2023\/03\/29\/joao-guilherme-da-pessima-noticia-sobre-o-flamengo\/\"},\"wordCount\":288,\"commentCount\":0,\"image\":{\"@id\":\"https:\/\/www.gaveanews.com\/index.php\/2023\/03\/29\/joao-guilherme-da-pessima-noticia-sobre-o-flamengo\/#primaryimage\"},\"thumbnailUrl\":\"https:\/\/www.gaveanews.com\/wp-content\/uploads\/treino-treinamento-elenco-flamengo-jogadores-vitor-pereira.webp\",\"articleSection\":[\"Flamengo\"],\"inLanguage\":\"pt-BR\",\"potentialAction\":[{\"@type\":\"CommentAction\",\"name\":\"Comment\",\"target\":[\"https:\/\/www.gaveanews.com\/index.php\/2023\/03\/29\/joao-guilherme-da-pessima-noticia-sobre-o-flamengo\/#respond\"]}],\"copyrightYear\":\"2023\",\"copyrightHolder\":{\"@id\":\"https:\/\/www.gaveanews.com\/#organization\"}},{\"@type\":\"WebPage\",\"@id\":\"https:\/\/www.gaveanews.com\/index.php\/2023\/03\/29\/joao-guilherme-da-pessima-noticia-sobre-o-flamengo\/\",\"url\":\"https:\/\/www.gaveanews.com\/index.php\/2023\/03\/29\/joao-guilherme-da-pessima-noticia-sobre-o-flamengo\/\",\"name\":\"Jo\u00e3o Guilherme d\u00e1 p\u00e9ssima not\u00edcia sobre o Flamengo\",\"isPartOf\":{\"@id\":\"https:\/\/www.gaveanews.com\/#website\"},\"primaryImageOfPage\":{\"@id\":\"https:\/\/www.gaveanews.com\/index.php\/2023\/03\/29\/joao-guilherme-da-pessima-noticia-sobre-o-flamengo\/#primaryimage\"},\"image\":{\"@id\":\"https:\/\/www.gaveanews.com\/index.php\/2023\/03\/29\/joao-guilherme-da-pessima-noticia-sobre-o-flamengo\/#primaryimage\"},\"thumbnailUrl\":\"https:\/\/www.gaveanews.com\/wp-content\/uploads\/treino-treinamento-elenco-flamengo-jogadores-vitor-pereira.webp\",\"datePublished\":\"2023-03-29T18:10:00+00:00\",\"dateModified\":\"2023-03-29T18:10:03+00:00\",\"author\":{\"@id\":\"https:\/\/www.gaveanews.com\/#\/schema\/person\/2ec14f73fb96be2caf28f91afb14749d\"},\"breadcrumb\":{\"@id\":\"https:\/\/www.gaveanews.com\/index.php\/2023\/03\/29\/joao-guilherme-da-pessima-noticia-sobre-o-flamengo\/#breadcrumb\"},\"inLanguage\":\"pt-BR\",\"potentialAction\":[{\"@type\":\"ReadAction\",\"target\":[\"https:\/\/www.gaveanews.com\/index.php\/2023\/03\/29\/joao-guilherme-da-pessima-noticia-sobre-o-flamengo\/\"]}]},{\"@type\":\"ImageObject\",\"inLanguage\":\"pt-BR\",\"@id\":\"https:\/\/www.gaveanews.com\/index.php\/2023\/03\/29\/joao-guilherme-da-pessima-noticia-sobre-o-flamengo\/#primaryimage\",\"url\":\"https:\/\/www.gaveanews.com\/wp-content\/uploads\/treino-treinamento-elenco-flamengo-jogadores-vitor-pereira.webp\",\"contentUrl\":\"https:\/\/www.gaveanews.com\/wp-content\/uploads\/treino-treinamento-elenco-flamengo-jogadores-vitor-pereira.webp\",\"width\":640,\"height\":400,\"caption\":\"Elenco do Flamengo em treino (Foto: Marcelo Cortes\/Flamengo)\"},{\"@type\":\"BreadcrumbList\",\"@id\":\"https:\/\/www.gaveanews.com\/index.php\/2023\/03\/29\/joao-guilherme-da-pessima-noticia-sobre-o-flamengo\/#breadcrumb\",\"itemListElement\":[{\"@type\":\"ListItem\",\"position\":1,\"name\":\"Home\",\"item\":\"https:\/\/www.gaveanews.com\/\"},{\"@type\":\"ListItem\",\"position\":2,\"name\":\"Jo\u00e3o Guilherme d\u00e1 p\u00e9ssima not\u00edcia sobre o Flamengo\"}]},{\"@type\":\"WebSite\",\"@id\":\"https:\/\/www.gaveanews.com\/#website\",\"url\":\"https:\/\/www.gaveanews.com\/\",\"name\":\"G\u00e1vea News\",\"description\":\"Veja todas as not\u00edcias sobre o Flamengo: Contrata\u00e7\u00f5es, categorias de base, resultados das partidas, tabela de classifica\u00e7\u00e3o, pr\u00f3ximos jogos!\",\"potentialAction\":[{\"@type\":\"SearchAction\",\"target\":{\"@type\":\"EntryPoint\",\"urlTemplate\":\"https:\/\/www.gaveanews.com\/?s={search_term_string}\"},\"query-input\":{\"@type\":\"PropertyValueSpecification\",\"valueRequired\":true,\"valueName\":\"search_term_string\"}}],\"inLanguage\":\"pt-BR\"},{\"@type\":\"Person\",\"@id\":\"https:\/\/www.gaveanews.com\/#\/schema\/person\/2ec14f73fb96be2caf28f91afb14749d\",\"name\":\"Equipe G\u00e1vea News\",\"image\":{\"@type\":\"ImageObject\",\"inLanguage\":\"pt-BR\",\"@id\":\"https:\/\/www.gaveanews.com\/#\/schema\/person\/image\/\",\"url\":\"https:\/\/secure.gravatar.com\/avatar\/1e1956f1facbffd3f8fa53a326721950116b3b9dc9bd44939c01180fd4a745a9?s=96&d=mm&r=g\",\"contentUrl\":\"https:\/\/secure.gravatar.com\/avatar\/1e1956f1facbffd3f8fa53a326721950116b3b9dc9bd44939c01180fd4a745a9?s=96&d=mm&r=g\",\"caption\":\"Equipe G\u00e1vea News\"}}]}<\/script>\n<!-- \/ Yoast SEO Premium plugin. -->","yoast_head_json":{"title":"Jo\u00e3o Guilherme d\u00e1 p\u00e9ssima not\u00edcia sobre o Flamengo","robots":{"index":"index","follow":"follow","max-snippet":"max-snippet:-1","max-image-preview":"max-image-preview:large","max-video-preview":"max-video-preview:-1"},"canonical":"https:\/\/www.gaveanews.com\/index.php\/2023\/03\/29\/joao-guilherme-da-pessima-noticia-sobre-o-flamengo\/","og_locale":"pt_BR","og_type":"article","og_title":"Jo\u00e3o Guilherme d\u00e1 p\u00e9ssima not\u00edcia sobre o Flamengo","og_description":"Flamengo e Fluminense iniciam no s\u00e1bado (1\/4) a disputa pelo t\u00edtulo carioca, \u00e0s 20h30 (de Bras\u00edlia) no Maracan\u00e3. Em seu canal, no YouTube, Jo\u00e3o Guilherme bateu bola com Zinho sobre a decis\u00e3o e trouxe uma possibilidade nada agrad\u00e1vel para o flamenguista. E ela envolve Arrascaeta. Segundo Jo\u00e3o, Arrascaeta pode perder os dois pr\u00f3ximos compromissos. Desde [&hellip;]","og_url":"https:\/\/www.gaveanews.com\/index.php\/2023\/03\/29\/joao-guilherme-da-pessima-noticia-sobre-o-flamengo\/","og_site_name":"G\u00e1vea News","article_publisher":"https:\/\/facebook.com\/gaveaNews\/","article_published_time":"2023-03-29T18:10:00+00:00","article_modified_time":"2023-03-29T18:10:03+00:00","og_image":[{"width":640,"height":400,"url":"https:\/\/www.gaveanews.com\/wp-content\/uploads\/treino-treinamento-elenco-flamengo-jogadores-vitor-pereira.webp","type":"image\/webp"}],"author":"Equipe G\u00e1vea News","twitter_card":"summary_large_image","twitter_misc":{"Escrito por":"Equipe G\u00e1vea News","Est. tempo de leitura":"2 minutos"},"schema":{"@context":"https:\/\/schema.org","@graph":[{"@type":"NewsArticle","@id":"https:\/\/www.gaveanews.com\/index.php\/2023\/03\/29\/joao-guilherme-da-pessima-noticia-sobre-o-flamengo\/#article","isPartOf":{"@id":"https:\/\/www.gaveanews.com\/index.php\/2023\/03\/29\/joao-guilherme-da-pessima-noticia-sobre-o-flamengo\/"},"author":{"name":"Equipe G\u00e1vea News","@id":"https:\/\/www.gaveanews.com\/#\/schema\/person\/2ec14f73fb96be2caf28f91afb14749d"},"headline":"Jo\u00e3o Guilherme d\u00e1 p\u00e9ssima not\u00edcia sobre o Flamengo","datePublished":"2023-03-29T18:10:00+00:00","dateModified":"2023-03-29T18:10:03+00:00","mainEntityOfPage":{"@id":"https:\/\/www.gaveanews.com\/index.php\/2023\/03\/29\/joao-guilherme-da-pessima-noticia-sobre-o-flamengo\/"},"wordCount":288,"commentCount":0,"image":{"@id":"https:\/\/www.gaveanews.com\/index.php\/2023\/03\/29\/joao-guilherme-da-pessima-noticia-sobre-o-flamengo\/#primaryimage"},"thumbnailUrl":"https:\/\/www.gaveanews.com\/wp-content\/uploads\/treino-treinamento-elenco-flamengo-jogadores-vitor-pereira.webp","articleSection":["Flamengo"],"inLanguage":"pt-BR","potentialAction":[{"@type":"CommentAction","name":"Comment","target":["https:\/\/www.gaveanews.com\/index.php\/2023\/03\/29\/joao-guilherme-da-pessima-noticia-sobre-o-flamengo\/#respond"]}],"copyrightYear":"2023","copyrightHolder":{"@id":"https:\/\/www.gaveanews.com\/#organization"}},{"@type":"WebPage","@id":"https:\/\/www.gaveanews.com\/index.php\/2023\/03\/29\/joao-guilherme-da-pessima-noticia-sobre-o-flamengo\/","url":"https:\/\/www.gaveanews.com\/index.php\/2023\/03\/29\/joao-guilherme-da-pessima-noticia-sobre-o-flamengo\/","name":"Jo\u00e3o Guilherme d\u00e1 p\u00e9ssima not\u00edcia sobre o Flamengo","isPartOf":{"@id":"https:\/\/www.gaveanews.com\/#website"},"primaryImageOfPage":{"@id":"https:\/\/www.gaveanews.com\/index.php\/2023\/03\/29\/joao-guilherme-da-pessima-noticia-sobre-o-flamengo\/#primaryimage"},"image":{"@id":"https:\/\/www.gaveanews.com\/index.php\/2023\/03\/29\/joao-guilherme-da-pessima-noticia-sobre-o-flamengo\/#primaryimage"},"thumbnailUrl":"https:\/\/www.gaveanews.com\/wp-content\/uploads\/treino-treinamento-elenco-flamengo-jogadores-vitor-pereira.webp","datePublished":"2023-03-29T18:10:00+00:00","dateModified":"2023-03-29T18:10:03+00:00","author":{"@id":"https:\/\/www.gaveanews.com\/#\/schema\/person\/2ec14f73fb96be2caf28f91afb14749d"},"breadcrumb":{"@id":"https:\/\/www.gaveanews.com\/index.php\/2023\/03\/29\/joao-guilherme-da-pessima-noticia-sobre-o-flamengo\/#breadcrumb"},"inLanguage":"pt-BR","potentialAction":[{"@type":"ReadAction","target":["https:\/\/www.gaveanews.com\/index.php\/2023\/03\/29\/joao-guilherme-da-pessima-noticia-sobre-o-flamengo\/"]}]},{"@type":"ImageObject","inLanguage":"pt-BR","@id":"https:\/\/www.gaveanews.com\/index.php\/2023\/03\/29\/joao-guilherme-da-pessima-noticia-sobre-o-flamengo\/#primaryimage","url":"https:\/\/www.gaveanews.com\/wp-content\/uploads\/treino-treinamento-elenco-flamengo-jogadores-vitor-pereira.webp","contentUrl":"https:\/\/www.gaveanews.com\/wp-content\/uploads\/treino-treinamento-elenco-flamengo-jogadores-vitor-pereira.webp","width":640,"height":400,"caption":"Elenco do Flamengo em treino (Foto: Marcelo Cortes\/Flamengo)"},{"@type":"BreadcrumbList","@id":"https:\/\/www.gaveanews.com\/index.php\/2023\/03\/29\/joao-guilherme-da-pessima-noticia-sobre-o-flamengo\/#breadcrumb","itemListElement":[{"@type":"ListItem","position":1,"name":"Home","item":"https:\/\/www.gaveanews.com\/"},{"@type":"ListItem","position":2,"name":"Jo\u00e3o Guilherme d\u00e1 p\u00e9ssima not\u00edcia sobre o Flamengo"}]},{"@type":"WebSite","@id":"https:\/\/www.gaveanews.com\/#website","url":"https:\/\/www.gaveanews.com\/","name":"G\u00e1vea News","description":"Veja todas as not\u00edcias sobre o Flamengo: Contrata\u00e7\u00f5es, categorias de base, resultados das partidas, tabela de classifica\u00e7\u00e3o, pr\u00f3ximos jogos!","potentialAction":[{"@type":"SearchAction","target":{"@type":"EntryPoint","urlTemplate":"https:\/\/www.gaveanews.com\/?s={search_term_string}"},"query-input":{"@type":"PropertyValueSpecification","valueRequired":true,"valueName":"search_term_string"}}],"inLanguage":"pt-BR"},{"@type":"Person","@id":"https:\/\/www.gaveanews.com\/#\/schema\/person\/2ec14f73fb96be2caf28f91afb14749d","name":"Equipe G\u00e1vea News","image":{"@type":"ImageObject","inLanguage":"pt-BR","@id":"https:\/\/www.gaveanews.com\/#\/schema\/person\/image\/","url":"https:\/\/secure.gravatar.com\/avatar\/1e1956f1facbffd3f8fa53a326721950116b3b9dc9bd44939c01180fd4a745a9?s=96&d=mm&r=g","contentUrl":"https:\/\/secure.gravatar.com\/avatar\/1e1956f1facbffd3f8fa53a326721950116b3b9dc9bd44939c01180fd4a745a9?s=96&d=mm&r=g","caption":"Equipe G\u00e1vea News"}}]}},"_links":{"self":[{"href":"https:\/\/www.gaveanews.com\/index.php\/wp-json\/wp\/v2\/posts\/96237","targetHints":{"allow":["GET"]}}],"collection":[{"href":"https:\/\/www.gaveanews.com\/index.php\/wp-json\/wp\/v2\/posts"}],"about":[{"href":"https:\/\/www.gaveanews.com\/index.php\/wp-json\/wp\/v2\/types\/post"}],"author":[{"embeddable":true,"href":"https:\/\/www.gaveanews.com\/index.php\/wp-json\/wp\/v2\/users\/1"}],"replies":[{"embeddable":true,"href":"https:\/\/www.gaveanews.com\/index.php\/wp-json\/wp\/v2\/comments?post=96237"}],"version-history":[{"count":0,"href":"https:\/\/www.gaveanews.com\/index.php\/wp-json\/wp\/v2\/posts\/96237\/revisions"}],"wp:featuredmedia":[{"embeddable":true,"href":"https:\/\/www.gaveanews.com\/index.php\/wp-json\/wp\/v2\/media\/94484"}],"wp:attachment":[{"href":"https:\/\/www.gaveanews.com\/index.php\/wp-json\/wp\/v2\/media?parent=96237"}],"wp:term":[{"taxonomy":"category","embeddable":true,"href":"https:\/\/www.gaveanews.com\/index.php\/wp-json\/wp\/v2\/categories?post=96237"},{"taxonomy":"post_tag","embeddable":true,"href":"https:\/\/www.gaveanews.com\/index.php\/wp-json\/wp\/v2\/tags?post=96237"}],"curies":[{"name":"wp","href":"https:\/\/api.w.org\/{rel}","templated":true}]}}