{"id":96244,"date":"2023-03-29T16:01:58","date_gmt":"2023-03-29T19:01:58","guid":{"rendered":"https:\/\/www.gaveanews.com\/?p=96244"},"modified":"2023-03-29T16:02:01","modified_gmt":"2023-03-29T19:02:01","slug":"marcos-braz-expoe-dificuldade-do-flamengo-para-contratar","status":"publish","type":"post","link":"https:\/\/www.gaveanews.com\/index.php\/2023\/03\/29\/marcos-braz-expoe-dificuldade-do-flamengo-para-contratar\/","title":{"rendered":"Marcos Braz exp\u00f5e dificuldade do Flamengo para contratar"},"content":{"rendered":"\n<p>O volante Gerson foi a \u00fanica contrata\u00e7\u00e3o do Flamengo nesta janela de transfer\u00eancia at\u00e9 o momento. A tend\u00eancia \u00e9 que o jogador seja de fato o \u00fanico refor\u00e7o at\u00e9 a pr\u00f3xima movimenta\u00e7\u00e3o no mercado. O vice-presidente de futebol Marcos Braz exp\u00f4s a dificuldade com as negocia\u00e7\u00f5es.<\/p>\n\n\n\n<p><em>\u2014 Hoje \u00e9 quarta-feira. \u00c9 muito dif\u00edcil ter alguma altera\u00e7\u00e3o em rela\u00e7\u00e3o a contrata\u00e7\u00e3o at\u00e9 sexta-feira, que para n\u00f3s \u00e9 a data principal<\/em> &#8211; disse ao Globo Esporte ap\u00f3s o sorteio da Copa do Brasil.<\/p>\n\n\n\n<p>O Flamengo junto a V\u00edtor Pereira definiram as prioridades do elenco: volante e ponta direita. Os principais alvos foram Matheus Uribe, do Porto (Portugal), e \u00c2ngelo, do Santos. As negocia\u00e7\u00f5es, por\u00e9m, n\u00e3o tiveram um final feliz.<\/p>\n\n\n\n<p>No caso de \u00c2ngelo, as conversas se arrastaram por meses at\u00e9 que as partes entrassem em acordo. No entanto, com a troca de empres\u00e1rio, o Flamengo se retirou da negocia\u00e7\u00e3o visto que a vontade do agente \u00e9 que o jogador v\u00e1 para Europa na janela do meio do ano.<\/p>\n\n\n\n<p>Matheus Uribe e Flamengo chegaram ao denominador comum, por\u00e9m, a negocia\u00e7\u00e3o se esfriou por conta das quest\u00f5es familiares do jogador colombiano. A esposa n\u00e3o viu com bons olhos a mudan\u00e7a para o Brasil.<\/p>\n\n\n\n<p>Em compensa\u00e7\u00e3o, o Rubro-Negro garantiu o pr\u00e9-contrato com o goleiro August\u00edn Rossi. O argentino chega no Brasil a partir de julho para se juntar ao elenco. Al\u00e9m disso, no fim de 2022, o Flamengo executou a op\u00e7\u00e3o de compra e garantiu a perman\u00eancia de Ayrton Lucas no clube.<\/p>\n\n\n\n<p>Retirado de: Globo Esporte<\/p>\n","protected":false},"excerpt":{"rendered":"<p>O volante Gerson foi a \u00fanica contrata\u00e7\u00e3o do Flamengo nesta janela de transfer\u00eancia at\u00e9 o momento. A tend\u00eancia \u00e9 que o jogador seja de fato o \u00fanico refor\u00e7o at\u00e9 a pr\u00f3xima movimenta\u00e7\u00e3o no mercado. O vice-presidente de futebol Marcos Braz exp\u00f4s a dificuldade com as negocia\u00e7\u00f5es. \u2014 Hoje \u00e9 quarta-feira. \u00c9 muito dif\u00edcil ter alguma [&hellip;]<\/p>\n","protected":false},"author":1,"featured_media":46957,"comment_status":"open","ping_status":"closed","sticky":false,"template":"","format":"standard","meta":{"footnotes":""},"categories":[1],"tags":[],"class_list":["post-96244","post","type-post","status-publish","format-standard","has-post-thumbnail","hentry","category-flamengo"],"yoast_head":"<!-- This site is optimized with the Yoast SEO Premium plugin v24.2 (Yoast SEO v26.9) - https:\/\/yoast.com\/product\/yoast-seo-premium-wordpress\/ -->\n<title>Marcos Braz exp\u00f5e dificuldade do Flamengo para contratar<\/title>\n<meta name=\"robots\" content=\"index, follow, max-snippet:-1, max-image-preview:large, max-video-preview:-1\" \/>\n<link rel=\"canonical\" href=\"https:\/\/www.gaveanews.com\/index.php\/2023\/03\/29\/marcos-braz-expoe-dificuldade-do-flamengo-para-contratar\/\" \/>\n<meta property=\"og:locale\" content=\"pt_BR\" \/>\n<meta property=\"og:type\" content=\"article\" \/>\n<meta property=\"og:title\" content=\"Marcos Braz exp\u00f5e dificuldade do Flamengo para contratar\" \/>\n<meta property=\"og:description\" content=\"O volante Gerson foi a \u00fanica contrata\u00e7\u00e3o do Flamengo nesta janela de transfer\u00eancia at\u00e9 o momento. A tend\u00eancia \u00e9 que o jogador seja de fato o \u00fanico refor\u00e7o at\u00e9 a pr\u00f3xima movimenta\u00e7\u00e3o no mercado. O vice-presidente de futebol Marcos Braz exp\u00f4s a dificuldade com as negocia\u00e7\u00f5es. \u2014 Hoje \u00e9 quarta-feira. \u00c9 muito dif\u00edcil ter alguma [&hellip;]\" \/>\n<meta property=\"og:url\" content=\"https:\/\/www.gaveanews.com\/index.php\/2023\/03\/29\/marcos-braz-expoe-dificuldade-do-flamengo-para-contratar\/\" \/>\n<meta property=\"og:site_name\" content=\"G\u00e1vea News\" \/>\n<meta property=\"article:publisher\" content=\"https:\/\/facebook.com\/gaveaNews\/\" \/>\n<meta property=\"article:published_time\" content=\"2023-03-29T19:01:58+00:00\" \/>\n<meta property=\"article:modified_time\" content=\"2023-03-29T19:02:01+00:00\" \/>\n<meta property=\"og:image\" content=\"https:\/\/www.gaveanews.com\/wp-content\/uploads\/Marcos-Braz-no-gramado-do-Maracana.webp\" \/>\n\t<meta property=\"og:image:width\" content=\"799\" \/>\n\t<meta property=\"og:image:height\" content=\"532\" \/>\n\t<meta property=\"og:image:type\" content=\"image\/jpeg\" \/>\n<meta name=\"author\" content=\"Equipe G\u00e1vea News\" \/>\n<meta name=\"twitter:card\" content=\"summary_large_image\" \/>\n<meta name=\"twitter:label1\" content=\"Escrito por\" \/>\n\t<meta name=\"twitter:data1\" content=\"Equipe G\u00e1vea News\" \/>\n\t<meta name=\"twitter:label2\" content=\"Est. tempo de leitura\" \/>\n\t<meta name=\"twitter:data2\" content=\"2 minutos\" \/>\n<script type=\"application\/ld+json\" class=\"yoast-schema-graph\">{\"@context\":\"https:\/\/schema.org\",\"@graph\":[{\"@type\":\"NewsArticle\",\"@id\":\"https:\/\/www.gaveanews.com\/index.php\/2023\/03\/29\/marcos-braz-expoe-dificuldade-do-flamengo-para-contratar\/#article\",\"isPartOf\":{\"@id\":\"https:\/\/www.gaveanews.com\/index.php\/2023\/03\/29\/marcos-braz-expoe-dificuldade-do-flamengo-para-contratar\/\"},\"author\":{\"name\":\"Equipe G\u00e1vea News\",\"@id\":\"https:\/\/www.gaveanews.com\/#\/schema\/person\/2ec14f73fb96be2caf28f91afb14749d\"},\"headline\":\"Marcos Braz exp\u00f5e dificuldade do Flamengo para contratar\",\"datePublished\":\"2023-03-29T19:01:58+00:00\",\"dateModified\":\"2023-03-29T19:02:01+00:00\",\"mainEntityOfPage\":{\"@id\":\"https:\/\/www.gaveanews.com\/index.php\/2023\/03\/29\/marcos-braz-expoe-dificuldade-do-flamengo-para-contratar\/\"},\"wordCount\":284,\"commentCount\":0,\"image\":{\"@id\":\"https:\/\/www.gaveanews.com\/index.php\/2023\/03\/29\/marcos-braz-expoe-dificuldade-do-flamengo-para-contratar\/#primaryimage\"},\"thumbnailUrl\":\"https:\/\/www.gaveanews.com\/wp-content\/uploads\/Marcos-Braz-no-gramado-do-Maracana.webp\",\"articleSection\":[\"Flamengo\"],\"inLanguage\":\"pt-BR\",\"potentialAction\":[{\"@type\":\"CommentAction\",\"name\":\"Comment\",\"target\":[\"https:\/\/www.gaveanews.com\/index.php\/2023\/03\/29\/marcos-braz-expoe-dificuldade-do-flamengo-para-contratar\/#respond\"]}],\"copyrightYear\":\"2023\",\"copyrightHolder\":{\"@id\":\"https:\/\/www.gaveanews.com\/#organization\"}},{\"@type\":\"WebPage\",\"@id\":\"https:\/\/www.gaveanews.com\/index.php\/2023\/03\/29\/marcos-braz-expoe-dificuldade-do-flamengo-para-contratar\/\",\"url\":\"https:\/\/www.gaveanews.com\/index.php\/2023\/03\/29\/marcos-braz-expoe-dificuldade-do-flamengo-para-contratar\/\",\"name\":\"Marcos Braz exp\u00f5e dificuldade do Flamengo para contratar\",\"isPartOf\":{\"@id\":\"https:\/\/www.gaveanews.com\/#website\"},\"primaryImageOfPage\":{\"@id\":\"https:\/\/www.gaveanews.com\/index.php\/2023\/03\/29\/marcos-braz-expoe-dificuldade-do-flamengo-para-contratar\/#primaryimage\"},\"image\":{\"@id\":\"https:\/\/www.gaveanews.com\/index.php\/2023\/03\/29\/marcos-braz-expoe-dificuldade-do-flamengo-para-contratar\/#primaryimage\"},\"thumbnailUrl\":\"https:\/\/www.gaveanews.com\/wp-content\/uploads\/Marcos-Braz-no-gramado-do-Maracana.webp\",\"datePublished\":\"2023-03-29T19:01:58+00:00\",\"dateModified\":\"2023-03-29T19:02:01+00:00\",\"author\":{\"@id\":\"https:\/\/www.gaveanews.com\/#\/schema\/person\/2ec14f73fb96be2caf28f91afb14749d\"},\"breadcrumb\":{\"@id\":\"https:\/\/www.gaveanews.com\/index.php\/2023\/03\/29\/marcos-braz-expoe-dificuldade-do-flamengo-para-contratar\/#breadcrumb\"},\"inLanguage\":\"pt-BR\",\"potentialAction\":[{\"@type\":\"ReadAction\",\"target\":[\"https:\/\/www.gaveanews.com\/index.php\/2023\/03\/29\/marcos-braz-expoe-dificuldade-do-flamengo-para-contratar\/\"]}]},{\"@type\":\"ImageObject\",\"inLanguage\":\"pt-BR\",\"@id\":\"https:\/\/www.gaveanews.com\/index.php\/2023\/03\/29\/marcos-braz-expoe-dificuldade-do-flamengo-para-contratar\/#primaryimage\",\"url\":\"https:\/\/www.gaveanews.com\/wp-content\/uploads\/Marcos-Braz-no-gramado-do-Maracana.webp\",\"contentUrl\":\"https:\/\/www.gaveanews.com\/wp-content\/uploads\/Marcos-Braz-no-gramado-do-Maracana.webp\",\"width\":799,\"height\":532,\"caption\":\"Marcos Braz no gramado do Maracan\u00e3 (Foto: Alexandre Vidal\/Flamengo)\"},{\"@type\":\"BreadcrumbList\",\"@id\":\"https:\/\/www.gaveanews.com\/index.php\/2023\/03\/29\/marcos-braz-expoe-dificuldade-do-flamengo-para-contratar\/#breadcrumb\",\"itemListElement\":[{\"@type\":\"ListItem\",\"position\":1,\"name\":\"Home\",\"item\":\"https:\/\/www.gaveanews.com\/\"},{\"@type\":\"ListItem\",\"position\":2,\"name\":\"Marcos Braz exp\u00f5e dificuldade do Flamengo para contratar\"}]},{\"@type\":\"WebSite\",\"@id\":\"https:\/\/www.gaveanews.com\/#website\",\"url\":\"https:\/\/www.gaveanews.com\/\",\"name\":\"G\u00e1vea News\",\"description\":\"Veja todas as not\u00edcias sobre o Flamengo: Contrata\u00e7\u00f5es, categorias de base, resultados das partidas, tabela de classifica\u00e7\u00e3o, pr\u00f3ximos jogos!\",\"potentialAction\":[{\"@type\":\"SearchAction\",\"target\":{\"@type\":\"EntryPoint\",\"urlTemplate\":\"https:\/\/www.gaveanews.com\/?s={search_term_string}\"},\"query-input\":{\"@type\":\"PropertyValueSpecification\",\"valueRequired\":true,\"valueName\":\"search_term_string\"}}],\"inLanguage\":\"pt-BR\"},{\"@type\":\"Person\",\"@id\":\"https:\/\/www.gaveanews.com\/#\/schema\/person\/2ec14f73fb96be2caf28f91afb14749d\",\"name\":\"Equipe G\u00e1vea News\",\"image\":{\"@type\":\"ImageObject\",\"inLanguage\":\"pt-BR\",\"@id\":\"https:\/\/www.gaveanews.com\/#\/schema\/person\/image\/\",\"url\":\"https:\/\/secure.gravatar.com\/avatar\/1e1956f1facbffd3f8fa53a326721950116b3b9dc9bd44939c01180fd4a745a9?s=96&d=mm&r=g\",\"contentUrl\":\"https:\/\/secure.gravatar.com\/avatar\/1e1956f1facbffd3f8fa53a326721950116b3b9dc9bd44939c01180fd4a745a9?s=96&d=mm&r=g\",\"caption\":\"Equipe G\u00e1vea News\"}}]}<\/script>\n<!-- \/ Yoast SEO Premium plugin. -->","yoast_head_json":{"title":"Marcos Braz exp\u00f5e dificuldade do Flamengo para contratar","robots":{"index":"index","follow":"follow","max-snippet":"max-snippet:-1","max-image-preview":"max-image-preview:large","max-video-preview":"max-video-preview:-1"},"canonical":"https:\/\/www.gaveanews.com\/index.php\/2023\/03\/29\/marcos-braz-expoe-dificuldade-do-flamengo-para-contratar\/","og_locale":"pt_BR","og_type":"article","og_title":"Marcos Braz exp\u00f5e dificuldade do Flamengo para contratar","og_description":"O volante Gerson foi a \u00fanica contrata\u00e7\u00e3o do Flamengo nesta janela de transfer\u00eancia at\u00e9 o momento. A tend\u00eancia \u00e9 que o jogador seja de fato o \u00fanico refor\u00e7o at\u00e9 a pr\u00f3xima movimenta\u00e7\u00e3o no mercado. O vice-presidente de futebol Marcos Braz exp\u00f4s a dificuldade com as negocia\u00e7\u00f5es. \u2014 Hoje \u00e9 quarta-feira. \u00c9 muito dif\u00edcil ter alguma [&hellip;]","og_url":"https:\/\/www.gaveanews.com\/index.php\/2023\/03\/29\/marcos-braz-expoe-dificuldade-do-flamengo-para-contratar\/","og_site_name":"G\u00e1vea News","article_publisher":"https:\/\/facebook.com\/gaveaNews\/","article_published_time":"2023-03-29T19:01:58+00:00","article_modified_time":"2023-03-29T19:02:01+00:00","og_image":[{"width":799,"height":532,"url":"https:\/\/www.gaveanews.com\/wp-content\/uploads\/Marcos-Braz-no-gramado-do-Maracana.webp","type":"image\/jpeg"}],"author":"Equipe G\u00e1vea News","twitter_card":"summary_large_image","twitter_misc":{"Escrito por":"Equipe G\u00e1vea News","Est. tempo de leitura":"2 minutos"},"schema":{"@context":"https:\/\/schema.org","@graph":[{"@type":"NewsArticle","@id":"https:\/\/www.gaveanews.com\/index.php\/2023\/03\/29\/marcos-braz-expoe-dificuldade-do-flamengo-para-contratar\/#article","isPartOf":{"@id":"https:\/\/www.gaveanews.com\/index.php\/2023\/03\/29\/marcos-braz-expoe-dificuldade-do-flamengo-para-contratar\/"},"author":{"name":"Equipe G\u00e1vea News","@id":"https:\/\/www.gaveanews.com\/#\/schema\/person\/2ec14f73fb96be2caf28f91afb14749d"},"headline":"Marcos Braz exp\u00f5e dificuldade do Flamengo para contratar","datePublished":"2023-03-29T19:01:58+00:00","dateModified":"2023-03-29T19:02:01+00:00","mainEntityOfPage":{"@id":"https:\/\/www.gaveanews.com\/index.php\/2023\/03\/29\/marcos-braz-expoe-dificuldade-do-flamengo-para-contratar\/"},"wordCount":284,"commentCount":0,"image":{"@id":"https:\/\/www.gaveanews.com\/index.php\/2023\/03\/29\/marcos-braz-expoe-dificuldade-do-flamengo-para-contratar\/#primaryimage"},"thumbnailUrl":"https:\/\/www.gaveanews.com\/wp-content\/uploads\/Marcos-Braz-no-gramado-do-Maracana.webp","articleSection":["Flamengo"],"inLanguage":"pt-BR","potentialAction":[{"@type":"CommentAction","name":"Comment","target":["https:\/\/www.gaveanews.com\/index.php\/2023\/03\/29\/marcos-braz-expoe-dificuldade-do-flamengo-para-contratar\/#respond"]}],"copyrightYear":"2023","copyrightHolder":{"@id":"https:\/\/www.gaveanews.com\/#organization"}},{"@type":"WebPage","@id":"https:\/\/www.gaveanews.com\/index.php\/2023\/03\/29\/marcos-braz-expoe-dificuldade-do-flamengo-para-contratar\/","url":"https:\/\/www.gaveanews.com\/index.php\/2023\/03\/29\/marcos-braz-expoe-dificuldade-do-flamengo-para-contratar\/","name":"Marcos Braz exp\u00f5e dificuldade do Flamengo para contratar","isPartOf":{"@id":"https:\/\/www.gaveanews.com\/#website"},"primaryImageOfPage":{"@id":"https:\/\/www.gaveanews.com\/index.php\/2023\/03\/29\/marcos-braz-expoe-dificuldade-do-flamengo-para-contratar\/#primaryimage"},"image":{"@id":"https:\/\/www.gaveanews.com\/index.php\/2023\/03\/29\/marcos-braz-expoe-dificuldade-do-flamengo-para-contratar\/#primaryimage"},"thumbnailUrl":"https:\/\/www.gaveanews.com\/wp-content\/uploads\/Marcos-Braz-no-gramado-do-Maracana.webp","datePublished":"2023-03-29T19:01:58+00:00","dateModified":"2023-03-29T19:02:01+00:00","author":{"@id":"https:\/\/www.gaveanews.com\/#\/schema\/person\/2ec14f73fb96be2caf28f91afb14749d"},"breadcrumb":{"@id":"https:\/\/www.gaveanews.com\/index.php\/2023\/03\/29\/marcos-braz-expoe-dificuldade-do-flamengo-para-contratar\/#breadcrumb"},"inLanguage":"pt-BR","potentialAction":[{"@type":"ReadAction","target":["https:\/\/www.gaveanews.com\/index.php\/2023\/03\/29\/marcos-braz-expoe-dificuldade-do-flamengo-para-contratar\/"]}]},{"@type":"ImageObject","inLanguage":"pt-BR","@id":"https:\/\/www.gaveanews.com\/index.php\/2023\/03\/29\/marcos-braz-expoe-dificuldade-do-flamengo-para-contratar\/#primaryimage","url":"https:\/\/www.gaveanews.com\/wp-content\/uploads\/Marcos-Braz-no-gramado-do-Maracana.webp","contentUrl":"https:\/\/www.gaveanews.com\/wp-content\/uploads\/Marcos-Braz-no-gramado-do-Maracana.webp","width":799,"height":532,"caption":"Marcos Braz no gramado do Maracan\u00e3 (Foto: Alexandre Vidal\/Flamengo)"},{"@type":"BreadcrumbList","@id":"https:\/\/www.gaveanews.com\/index.php\/2023\/03\/29\/marcos-braz-expoe-dificuldade-do-flamengo-para-contratar\/#breadcrumb","itemListElement":[{"@type":"ListItem","position":1,"name":"Home","item":"https:\/\/www.gaveanews.com\/"},{"@type":"ListItem","position":2,"name":"Marcos Braz exp\u00f5e dificuldade do Flamengo para contratar"}]},{"@type":"WebSite","@id":"https:\/\/www.gaveanews.com\/#website","url":"https:\/\/www.gaveanews.com\/","name":"G\u00e1vea News","description":"Veja todas as not\u00edcias sobre o Flamengo: Contrata\u00e7\u00f5es, categorias de base, resultados das partidas, tabela de classifica\u00e7\u00e3o, pr\u00f3ximos jogos!","potentialAction":[{"@type":"SearchAction","target":{"@type":"EntryPoint","urlTemplate":"https:\/\/www.gaveanews.com\/?s={search_term_string}"},"query-input":{"@type":"PropertyValueSpecification","valueRequired":true,"valueName":"search_term_string"}}],"inLanguage":"pt-BR"},{"@type":"Person","@id":"https:\/\/www.gaveanews.com\/#\/schema\/person\/2ec14f73fb96be2caf28f91afb14749d","name":"Equipe G\u00e1vea News","image":{"@type":"ImageObject","inLanguage":"pt-BR","@id":"https:\/\/www.gaveanews.com\/#\/schema\/person\/image\/","url":"https:\/\/secure.gravatar.com\/avatar\/1e1956f1facbffd3f8fa53a326721950116b3b9dc9bd44939c01180fd4a745a9?s=96&d=mm&r=g","contentUrl":"https:\/\/secure.gravatar.com\/avatar\/1e1956f1facbffd3f8fa53a326721950116b3b9dc9bd44939c01180fd4a745a9?s=96&d=mm&r=g","caption":"Equipe G\u00e1vea News"}}]}},"_links":{"self":[{"href":"https:\/\/www.gaveanews.com\/index.php\/wp-json\/wp\/v2\/posts\/96244","targetHints":{"allow":["GET"]}}],"collection":[{"href":"https:\/\/www.gaveanews.com\/index.php\/wp-json\/wp\/v2\/posts"}],"about":[{"href":"https:\/\/www.gaveanews.com\/index.php\/wp-json\/wp\/v2\/types\/post"}],"author":[{"embeddable":true,"href":"https:\/\/www.gaveanews.com\/index.php\/wp-json\/wp\/v2\/users\/1"}],"replies":[{"embeddable":true,"href":"https:\/\/www.gaveanews.com\/index.php\/wp-json\/wp\/v2\/comments?post=96244"}],"version-history":[{"count":0,"href":"https:\/\/www.gaveanews.com\/index.php\/wp-json\/wp\/v2\/posts\/96244\/revisions"}],"wp:featuredmedia":[{"embeddable":true,"href":"https:\/\/www.gaveanews.com\/index.php\/wp-json\/wp\/v2\/media\/46957"}],"wp:attachment":[{"href":"https:\/\/www.gaveanews.com\/index.php\/wp-json\/wp\/v2\/media?parent=96244"}],"wp:term":[{"taxonomy":"category","embeddable":true,"href":"https:\/\/www.gaveanews.com\/index.php\/wp-json\/wp\/v2\/categories?post=96244"},{"taxonomy":"post_tag","embeddable":true,"href":"https:\/\/www.gaveanews.com\/index.php\/wp-json\/wp\/v2\/tags?post=96244"}],"curies":[{"name":"wp","href":"https:\/\/api.w.org\/{rel}","templated":true}]}}