{"id":96251,"date":"2023-03-29T18:24:44","date_gmt":"2023-03-29T21:24:44","guid":{"rendered":"https:\/\/www.gaveanews.com\/?p=96251"},"modified":"2023-03-29T18:24:46","modified_gmt":"2023-03-29T21:24:46","slug":"libertadores-2023-tecnico-do-nublense-revela-realizacao-de-sonho-ao-enfrentar-o-flamengo","status":"publish","type":"post","link":"https:\/\/www.gaveanews.com\/index.php\/2023\/03\/29\/libertadores-2023-tecnico-do-nublense-revela-realizacao-de-sonho-ao-enfrentar-o-flamengo\/","title":{"rendered":"Libertadores 2023: T\u00e9cnico do \u00d1ublense revela realiza\u00e7\u00e3o de sonho ao enfrentar o Flamengo"},"content":{"rendered":"\n<p>O Flamengo descobriu, na \u00faltima segunda-feira (27), seus advers\u00e1rios na fase de grupos da Libertadores. Um deles \u00e9 o \u00d1ublense, do Chile, que busca resolver irregularidades para mandar os jogos em seu est\u00e1dio. Em entrevista ao &#8220;Prensa F\u00fatbol&#8221;, o treinador da equipe, Jaime Garc\u00eda, falou sobre a emo\u00e7\u00e3o de enfrentar o Rubro-Negro, e destacou ainda n\u00e3o saber sua equipe mandar\u00e1 os jogos em casa.<\/p>\n\n\n\n<p><em>\u2014 Ser\u00e1 um sonho jogar com o Flamengo, um poderoso da Am\u00e9rica, no Maracan\u00e3. N\u00f3s n\u00e3o sabemos onde jogaremos, lutamos durante quatro anos para viver esse momento na nossa casa, mas estamos felizes que a gente possa estar vivendo esse momento hist\u00f3rico. Temos que desfrutar deste momento<\/em>, disse, antes de completar tamb\u00e9m elogiando os outros advers\u00e1rios do grupo:<\/p>\n\n\n\n<p><em>\u2014 Estou contente. S\u00e3o tr\u00eas rivais complicados, muito fortes, isso j\u00e1 est\u00e1 comprovado. Isso faz voc\u00ea se emocionar. D\u00e1 gosto ver tudo que passamos, agora ver \u00d1ublense competindo no mais alto n\u00edvel. Todos est\u00e3o com expectativas<\/em>, finalizou Garc\u00eda.<\/p>\n\n\n\n<p>Flamengo e \u00d1ublense se enfrentaram na segunda e na quarta rodada da fase de grupos da Libertadores. O primeiro duelo est\u00e1 marcado para o dia 19 de abril, \u00e0s 21h30, no Maracan\u00e3, e o segundo no dia 24 de maio, tamb\u00e9m \u00e0s 21h30, no Est\u00e1dio Municipal de Concepci\u00f3n.<\/p>\n\n\n\n<p>Retirado de: O Dia<\/p>\n","protected":false},"excerpt":{"rendered":"<p>O Flamengo descobriu, na \u00faltima segunda-feira (27), seus advers\u00e1rios na fase de grupos da Libertadores. Um deles \u00e9 o \u00d1ublense, do Chile, que busca resolver irregularidades para mandar os jogos em seu est\u00e1dio. Em entrevista ao &#8220;Prensa F\u00fatbol&#8221;, o treinador da equipe, Jaime Garc\u00eda, falou sobre a emo\u00e7\u00e3o de enfrentar o Rubro-Negro, e destacou ainda [&hellip;]<\/p>\n","protected":false},"author":1,"featured_media":58305,"comment_status":"open","ping_status":"closed","sticky":false,"template":"","format":"standard","meta":{"footnotes":""},"categories":[1],"tags":[],"class_list":["post-96251","post","type-post","status-publish","format-standard","has-post-thumbnail","hentry","category-flamengo"],"yoast_head":"<!-- This site is optimized with the Yoast SEO Premium plugin v24.2 (Yoast SEO v26.9) - https:\/\/yoast.com\/product\/yoast-seo-premium-wordpress\/ -->\n<title>Libertadores 2023: T\u00e9cnico do \u00d1ublense revela realiza\u00e7\u00e3o de sonho ao enfrentar o Flamengo<\/title>\n<meta name=\"robots\" content=\"index, follow, max-snippet:-1, max-image-preview:large, max-video-preview:-1\" \/>\n<link rel=\"canonical\" href=\"https:\/\/www.gaveanews.com\/index.php\/2023\/03\/29\/libertadores-2023-tecnico-do-nublense-revela-realizacao-de-sonho-ao-enfrentar-o-flamengo\/\" \/>\n<meta property=\"og:locale\" content=\"pt_BR\" \/>\n<meta property=\"og:type\" content=\"article\" \/>\n<meta property=\"og:title\" content=\"Libertadores 2023: T\u00e9cnico do \u00d1ublense revela realiza\u00e7\u00e3o de sonho ao enfrentar o Flamengo\" \/>\n<meta property=\"og:description\" content=\"O Flamengo descobriu, na \u00faltima segunda-feira (27), seus advers\u00e1rios na fase de grupos da Libertadores. Um deles \u00e9 o \u00d1ublense, do Chile, que busca resolver irregularidades para mandar os jogos em seu est\u00e1dio. Em entrevista ao &#8220;Prensa F\u00fatbol&#8221;, o treinador da equipe, Jaime Garc\u00eda, falou sobre a emo\u00e7\u00e3o de enfrentar o Rubro-Negro, e destacou ainda [&hellip;]\" \/>\n<meta property=\"og:url\" content=\"https:\/\/www.gaveanews.com\/index.php\/2023\/03\/29\/libertadores-2023-tecnico-do-nublense-revela-realizacao-de-sonho-ao-enfrentar-o-flamengo\/\" \/>\n<meta property=\"og:site_name\" content=\"G\u00e1vea News\" \/>\n<meta property=\"article:publisher\" content=\"https:\/\/facebook.com\/gaveaNews\/\" \/>\n<meta property=\"article:published_time\" content=\"2023-03-29T21:24:44+00:00\" \/>\n<meta property=\"article:modified_time\" content=\"2023-03-29T21:24:46+00:00\" \/>\n<meta property=\"og:image\" content=\"https:\/\/www.gaveanews.com\/wp-content\/uploads\/Taca-da-Copa-Libertadores-da-America-no-gramado-do-estadio-do-Maracana.webp\" \/>\n\t<meta property=\"og:image:width\" content=\"1080\" \/>\n\t<meta property=\"og:image:height\" content=\"1079\" \/>\n\t<meta property=\"og:image:type\" content=\"image\/jpeg\" \/>\n<meta name=\"author\" content=\"Equipe G\u00e1vea News\" \/>\n<meta name=\"twitter:card\" content=\"summary_large_image\" \/>\n<meta name=\"twitter:label1\" content=\"Escrito por\" \/>\n\t<meta name=\"twitter:data1\" content=\"Equipe G\u00e1vea News\" \/>\n\t<meta name=\"twitter:label2\" content=\"Est. tempo de leitura\" \/>\n\t<meta name=\"twitter:data2\" content=\"2 minutos\" \/>\n<script type=\"application\/ld+json\" class=\"yoast-schema-graph\">{\"@context\":\"https:\/\/schema.org\",\"@graph\":[{\"@type\":\"NewsArticle\",\"@id\":\"https:\/\/www.gaveanews.com\/index.php\/2023\/03\/29\/libertadores-2023-tecnico-do-nublense-revela-realizacao-de-sonho-ao-enfrentar-o-flamengo\/#article\",\"isPartOf\":{\"@id\":\"https:\/\/www.gaveanews.com\/index.php\/2023\/03\/29\/libertadores-2023-tecnico-do-nublense-revela-realizacao-de-sonho-ao-enfrentar-o-flamengo\/\"},\"author\":{\"name\":\"Equipe G\u00e1vea News\",\"@id\":\"https:\/\/www.gaveanews.com\/#\/schema\/person\/2ec14f73fb96be2caf28f91afb14749d\"},\"headline\":\"Libertadores 2023: T\u00e9cnico do \u00d1ublense revela realiza\u00e7\u00e3o de sonho ao enfrentar o Flamengo\",\"datePublished\":\"2023-03-29T21:24:44+00:00\",\"dateModified\":\"2023-03-29T21:24:46+00:00\",\"mainEntityOfPage\":{\"@id\":\"https:\/\/www.gaveanews.com\/index.php\/2023\/03\/29\/libertadores-2023-tecnico-do-nublense-revela-realizacao-de-sonho-ao-enfrentar-o-flamengo\/\"},\"wordCount\":240,\"commentCount\":0,\"image\":{\"@id\":\"https:\/\/www.gaveanews.com\/index.php\/2023\/03\/29\/libertadores-2023-tecnico-do-nublense-revela-realizacao-de-sonho-ao-enfrentar-o-flamengo\/#primaryimage\"},\"thumbnailUrl\":\"https:\/\/www.gaveanews.com\/wp-content\/uploads\/Taca-da-Copa-Libertadores-da-America-no-gramado-do-estadio-do-Maracana.webp\",\"articleSection\":[\"Flamengo\"],\"inLanguage\":\"pt-BR\",\"potentialAction\":[{\"@type\":\"CommentAction\",\"name\":\"Comment\",\"target\":[\"https:\/\/www.gaveanews.com\/index.php\/2023\/03\/29\/libertadores-2023-tecnico-do-nublense-revela-realizacao-de-sonho-ao-enfrentar-o-flamengo\/#respond\"]}],\"copyrightYear\":\"2023\",\"copyrightHolder\":{\"@id\":\"https:\/\/www.gaveanews.com\/#organization\"}},{\"@type\":\"WebPage\",\"@id\":\"https:\/\/www.gaveanews.com\/index.php\/2023\/03\/29\/libertadores-2023-tecnico-do-nublense-revela-realizacao-de-sonho-ao-enfrentar-o-flamengo\/\",\"url\":\"https:\/\/www.gaveanews.com\/index.php\/2023\/03\/29\/libertadores-2023-tecnico-do-nublense-revela-realizacao-de-sonho-ao-enfrentar-o-flamengo\/\",\"name\":\"Libertadores 2023: T\u00e9cnico do \u00d1ublense revela realiza\u00e7\u00e3o de sonho ao enfrentar o Flamengo\",\"isPartOf\":{\"@id\":\"https:\/\/www.gaveanews.com\/#website\"},\"primaryImageOfPage\":{\"@id\":\"https:\/\/www.gaveanews.com\/index.php\/2023\/03\/29\/libertadores-2023-tecnico-do-nublense-revela-realizacao-de-sonho-ao-enfrentar-o-flamengo\/#primaryimage\"},\"image\":{\"@id\":\"https:\/\/www.gaveanews.com\/index.php\/2023\/03\/29\/libertadores-2023-tecnico-do-nublense-revela-realizacao-de-sonho-ao-enfrentar-o-flamengo\/#primaryimage\"},\"thumbnailUrl\":\"https:\/\/www.gaveanews.com\/wp-content\/uploads\/Taca-da-Copa-Libertadores-da-America-no-gramado-do-estadio-do-Maracana.webp\",\"datePublished\":\"2023-03-29T21:24:44+00:00\",\"dateModified\":\"2023-03-29T21:24:46+00:00\",\"author\":{\"@id\":\"https:\/\/www.gaveanews.com\/#\/schema\/person\/2ec14f73fb96be2caf28f91afb14749d\"},\"breadcrumb\":{\"@id\":\"https:\/\/www.gaveanews.com\/index.php\/2023\/03\/29\/libertadores-2023-tecnico-do-nublense-revela-realizacao-de-sonho-ao-enfrentar-o-flamengo\/#breadcrumb\"},\"inLanguage\":\"pt-BR\",\"potentialAction\":[{\"@type\":\"ReadAction\",\"target\":[\"https:\/\/www.gaveanews.com\/index.php\/2023\/03\/29\/libertadores-2023-tecnico-do-nublense-revela-realizacao-de-sonho-ao-enfrentar-o-flamengo\/\"]}]},{\"@type\":\"ImageObject\",\"inLanguage\":\"pt-BR\",\"@id\":\"https:\/\/www.gaveanews.com\/index.php\/2023\/03\/29\/libertadores-2023-tecnico-do-nublense-revela-realizacao-de-sonho-ao-enfrentar-o-flamengo\/#primaryimage\",\"url\":\"https:\/\/www.gaveanews.com\/wp-content\/uploads\/Taca-da-Copa-Libertadores-da-America-no-gramado-do-estadio-do-Maracana.webp\",\"contentUrl\":\"https:\/\/www.gaveanews.com\/wp-content\/uploads\/Taca-da-Copa-Libertadores-da-America-no-gramado-do-estadio-do-Maracana.webp\",\"width\":1080,\"height\":1079,\"caption\":\"Ta\u00e7a da Copa Libertadores da Am\u00e9rica no gramado do est\u00e1dio do Maracan\u00e3 (Foto: Conmebol)\"},{\"@type\":\"BreadcrumbList\",\"@id\":\"https:\/\/www.gaveanews.com\/index.php\/2023\/03\/29\/libertadores-2023-tecnico-do-nublense-revela-realizacao-de-sonho-ao-enfrentar-o-flamengo\/#breadcrumb\",\"itemListElement\":[{\"@type\":\"ListItem\",\"position\":1,\"name\":\"Home\",\"item\":\"https:\/\/www.gaveanews.com\/\"},{\"@type\":\"ListItem\",\"position\":2,\"name\":\"Libertadores 2023: T\u00e9cnico do \u00d1ublense revela realiza\u00e7\u00e3o de sonho ao enfrentar o Flamengo\"}]},{\"@type\":\"WebSite\",\"@id\":\"https:\/\/www.gaveanews.com\/#website\",\"url\":\"https:\/\/www.gaveanews.com\/\",\"name\":\"G\u00e1vea News\",\"description\":\"Veja todas as not\u00edcias sobre o Flamengo: Contrata\u00e7\u00f5es, categorias de base, resultados das partidas, tabela de classifica\u00e7\u00e3o, pr\u00f3ximos jogos!\",\"potentialAction\":[{\"@type\":\"SearchAction\",\"target\":{\"@type\":\"EntryPoint\",\"urlTemplate\":\"https:\/\/www.gaveanews.com\/?s={search_term_string}\"},\"query-input\":{\"@type\":\"PropertyValueSpecification\",\"valueRequired\":true,\"valueName\":\"search_term_string\"}}],\"inLanguage\":\"pt-BR\"},{\"@type\":\"Person\",\"@id\":\"https:\/\/www.gaveanews.com\/#\/schema\/person\/2ec14f73fb96be2caf28f91afb14749d\",\"name\":\"Equipe G\u00e1vea News\",\"image\":{\"@type\":\"ImageObject\",\"inLanguage\":\"pt-BR\",\"@id\":\"https:\/\/www.gaveanews.com\/#\/schema\/person\/image\/\",\"url\":\"https:\/\/secure.gravatar.com\/avatar\/1e1956f1facbffd3f8fa53a326721950116b3b9dc9bd44939c01180fd4a745a9?s=96&d=mm&r=g\",\"contentUrl\":\"https:\/\/secure.gravatar.com\/avatar\/1e1956f1facbffd3f8fa53a326721950116b3b9dc9bd44939c01180fd4a745a9?s=96&d=mm&r=g\",\"caption\":\"Equipe G\u00e1vea News\"}}]}<\/script>\n<!-- \/ Yoast SEO Premium plugin. -->","yoast_head_json":{"title":"Libertadores 2023: T\u00e9cnico do \u00d1ublense revela realiza\u00e7\u00e3o de sonho ao enfrentar o Flamengo","robots":{"index":"index","follow":"follow","max-snippet":"max-snippet:-1","max-image-preview":"max-image-preview:large","max-video-preview":"max-video-preview:-1"},"canonical":"https:\/\/www.gaveanews.com\/index.php\/2023\/03\/29\/libertadores-2023-tecnico-do-nublense-revela-realizacao-de-sonho-ao-enfrentar-o-flamengo\/","og_locale":"pt_BR","og_type":"article","og_title":"Libertadores 2023: T\u00e9cnico do \u00d1ublense revela realiza\u00e7\u00e3o de sonho ao enfrentar o Flamengo","og_description":"O Flamengo descobriu, na \u00faltima segunda-feira (27), seus advers\u00e1rios na fase de grupos da Libertadores. Um deles \u00e9 o \u00d1ublense, do Chile, que busca resolver irregularidades para mandar os jogos em seu est\u00e1dio. Em entrevista ao &#8220;Prensa F\u00fatbol&#8221;, o treinador da equipe, Jaime Garc\u00eda, falou sobre a emo\u00e7\u00e3o de enfrentar o Rubro-Negro, e destacou ainda [&hellip;]","og_url":"https:\/\/www.gaveanews.com\/index.php\/2023\/03\/29\/libertadores-2023-tecnico-do-nublense-revela-realizacao-de-sonho-ao-enfrentar-o-flamengo\/","og_site_name":"G\u00e1vea News","article_publisher":"https:\/\/facebook.com\/gaveaNews\/","article_published_time":"2023-03-29T21:24:44+00:00","article_modified_time":"2023-03-29T21:24:46+00:00","og_image":[{"width":1080,"height":1079,"url":"https:\/\/www.gaveanews.com\/wp-content\/uploads\/Taca-da-Copa-Libertadores-da-America-no-gramado-do-estadio-do-Maracana.webp","type":"image\/jpeg"}],"author":"Equipe G\u00e1vea News","twitter_card":"summary_large_image","twitter_misc":{"Escrito por":"Equipe G\u00e1vea News","Est. tempo de leitura":"2 minutos"},"schema":{"@context":"https:\/\/schema.org","@graph":[{"@type":"NewsArticle","@id":"https:\/\/www.gaveanews.com\/index.php\/2023\/03\/29\/libertadores-2023-tecnico-do-nublense-revela-realizacao-de-sonho-ao-enfrentar-o-flamengo\/#article","isPartOf":{"@id":"https:\/\/www.gaveanews.com\/index.php\/2023\/03\/29\/libertadores-2023-tecnico-do-nublense-revela-realizacao-de-sonho-ao-enfrentar-o-flamengo\/"},"author":{"name":"Equipe G\u00e1vea News","@id":"https:\/\/www.gaveanews.com\/#\/schema\/person\/2ec14f73fb96be2caf28f91afb14749d"},"headline":"Libertadores 2023: T\u00e9cnico do \u00d1ublense revela realiza\u00e7\u00e3o de sonho ao enfrentar o Flamengo","datePublished":"2023-03-29T21:24:44+00:00","dateModified":"2023-03-29T21:24:46+00:00","mainEntityOfPage":{"@id":"https:\/\/www.gaveanews.com\/index.php\/2023\/03\/29\/libertadores-2023-tecnico-do-nublense-revela-realizacao-de-sonho-ao-enfrentar-o-flamengo\/"},"wordCount":240,"commentCount":0,"image":{"@id":"https:\/\/www.gaveanews.com\/index.php\/2023\/03\/29\/libertadores-2023-tecnico-do-nublense-revela-realizacao-de-sonho-ao-enfrentar-o-flamengo\/#primaryimage"},"thumbnailUrl":"https:\/\/www.gaveanews.com\/wp-content\/uploads\/Taca-da-Copa-Libertadores-da-America-no-gramado-do-estadio-do-Maracana.webp","articleSection":["Flamengo"],"inLanguage":"pt-BR","potentialAction":[{"@type":"CommentAction","name":"Comment","target":["https:\/\/www.gaveanews.com\/index.php\/2023\/03\/29\/libertadores-2023-tecnico-do-nublense-revela-realizacao-de-sonho-ao-enfrentar-o-flamengo\/#respond"]}],"copyrightYear":"2023","copyrightHolder":{"@id":"https:\/\/www.gaveanews.com\/#organization"}},{"@type":"WebPage","@id":"https:\/\/www.gaveanews.com\/index.php\/2023\/03\/29\/libertadores-2023-tecnico-do-nublense-revela-realizacao-de-sonho-ao-enfrentar-o-flamengo\/","url":"https:\/\/www.gaveanews.com\/index.php\/2023\/03\/29\/libertadores-2023-tecnico-do-nublense-revela-realizacao-de-sonho-ao-enfrentar-o-flamengo\/","name":"Libertadores 2023: T\u00e9cnico do \u00d1ublense revela realiza\u00e7\u00e3o de sonho ao enfrentar o Flamengo","isPartOf":{"@id":"https:\/\/www.gaveanews.com\/#website"},"primaryImageOfPage":{"@id":"https:\/\/www.gaveanews.com\/index.php\/2023\/03\/29\/libertadores-2023-tecnico-do-nublense-revela-realizacao-de-sonho-ao-enfrentar-o-flamengo\/#primaryimage"},"image":{"@id":"https:\/\/www.gaveanews.com\/index.php\/2023\/03\/29\/libertadores-2023-tecnico-do-nublense-revela-realizacao-de-sonho-ao-enfrentar-o-flamengo\/#primaryimage"},"thumbnailUrl":"https:\/\/www.gaveanews.com\/wp-content\/uploads\/Taca-da-Copa-Libertadores-da-America-no-gramado-do-estadio-do-Maracana.webp","datePublished":"2023-03-29T21:24:44+00:00","dateModified":"2023-03-29T21:24:46+00:00","author":{"@id":"https:\/\/www.gaveanews.com\/#\/schema\/person\/2ec14f73fb96be2caf28f91afb14749d"},"breadcrumb":{"@id":"https:\/\/www.gaveanews.com\/index.php\/2023\/03\/29\/libertadores-2023-tecnico-do-nublense-revela-realizacao-de-sonho-ao-enfrentar-o-flamengo\/#breadcrumb"},"inLanguage":"pt-BR","potentialAction":[{"@type":"ReadAction","target":["https:\/\/www.gaveanews.com\/index.php\/2023\/03\/29\/libertadores-2023-tecnico-do-nublense-revela-realizacao-de-sonho-ao-enfrentar-o-flamengo\/"]}]},{"@type":"ImageObject","inLanguage":"pt-BR","@id":"https:\/\/www.gaveanews.com\/index.php\/2023\/03\/29\/libertadores-2023-tecnico-do-nublense-revela-realizacao-de-sonho-ao-enfrentar-o-flamengo\/#primaryimage","url":"https:\/\/www.gaveanews.com\/wp-content\/uploads\/Taca-da-Copa-Libertadores-da-America-no-gramado-do-estadio-do-Maracana.webp","contentUrl":"https:\/\/www.gaveanews.com\/wp-content\/uploads\/Taca-da-Copa-Libertadores-da-America-no-gramado-do-estadio-do-Maracana.webp","width":1080,"height":1079,"caption":"Ta\u00e7a da Copa Libertadores da Am\u00e9rica no gramado do est\u00e1dio do Maracan\u00e3 (Foto: Conmebol)"},{"@type":"BreadcrumbList","@id":"https:\/\/www.gaveanews.com\/index.php\/2023\/03\/29\/libertadores-2023-tecnico-do-nublense-revela-realizacao-de-sonho-ao-enfrentar-o-flamengo\/#breadcrumb","itemListElement":[{"@type":"ListItem","position":1,"name":"Home","item":"https:\/\/www.gaveanews.com\/"},{"@type":"ListItem","position":2,"name":"Libertadores 2023: T\u00e9cnico do \u00d1ublense revela realiza\u00e7\u00e3o de sonho ao enfrentar o Flamengo"}]},{"@type":"WebSite","@id":"https:\/\/www.gaveanews.com\/#website","url":"https:\/\/www.gaveanews.com\/","name":"G\u00e1vea News","description":"Veja todas as not\u00edcias sobre o Flamengo: Contrata\u00e7\u00f5es, categorias de base, resultados das partidas, tabela de classifica\u00e7\u00e3o, pr\u00f3ximos jogos!","potentialAction":[{"@type":"SearchAction","target":{"@type":"EntryPoint","urlTemplate":"https:\/\/www.gaveanews.com\/?s={search_term_string}"},"query-input":{"@type":"PropertyValueSpecification","valueRequired":true,"valueName":"search_term_string"}}],"inLanguage":"pt-BR"},{"@type":"Person","@id":"https:\/\/www.gaveanews.com\/#\/schema\/person\/2ec14f73fb96be2caf28f91afb14749d","name":"Equipe G\u00e1vea News","image":{"@type":"ImageObject","inLanguage":"pt-BR","@id":"https:\/\/www.gaveanews.com\/#\/schema\/person\/image\/","url":"https:\/\/secure.gravatar.com\/avatar\/1e1956f1facbffd3f8fa53a326721950116b3b9dc9bd44939c01180fd4a745a9?s=96&d=mm&r=g","contentUrl":"https:\/\/secure.gravatar.com\/avatar\/1e1956f1facbffd3f8fa53a326721950116b3b9dc9bd44939c01180fd4a745a9?s=96&d=mm&r=g","caption":"Equipe G\u00e1vea News"}}]}},"_links":{"self":[{"href":"https:\/\/www.gaveanews.com\/index.php\/wp-json\/wp\/v2\/posts\/96251","targetHints":{"allow":["GET"]}}],"collection":[{"href":"https:\/\/www.gaveanews.com\/index.php\/wp-json\/wp\/v2\/posts"}],"about":[{"href":"https:\/\/www.gaveanews.com\/index.php\/wp-json\/wp\/v2\/types\/post"}],"author":[{"embeddable":true,"href":"https:\/\/www.gaveanews.com\/index.php\/wp-json\/wp\/v2\/users\/1"}],"replies":[{"embeddable":true,"href":"https:\/\/www.gaveanews.com\/index.php\/wp-json\/wp\/v2\/comments?post=96251"}],"version-history":[{"count":0,"href":"https:\/\/www.gaveanews.com\/index.php\/wp-json\/wp\/v2\/posts\/96251\/revisions"}],"wp:featuredmedia":[{"embeddable":true,"href":"https:\/\/www.gaveanews.com\/index.php\/wp-json\/wp\/v2\/media\/58305"}],"wp:attachment":[{"href":"https:\/\/www.gaveanews.com\/index.php\/wp-json\/wp\/v2\/media?parent=96251"}],"wp:term":[{"taxonomy":"category","embeddable":true,"href":"https:\/\/www.gaveanews.com\/index.php\/wp-json\/wp\/v2\/categories?post=96251"},{"taxonomy":"post_tag","embeddable":true,"href":"https:\/\/www.gaveanews.com\/index.php\/wp-json\/wp\/v2\/tags?post=96251"}],"curies":[{"name":"wp","href":"https:\/\/api.w.org\/{rel}","templated":true}]}}