{"id":96253,"date":"2023-03-29T19:27:11","date_gmt":"2023-03-29T22:27:11","guid":{"rendered":"https:\/\/www.gaveanews.com\/?p=96253"},"modified":"2023-03-29T19:29:04","modified_gmt":"2023-03-29T22:29:04","slug":"declaracao-de-marcos-braz-deixa-torcida-do-flamengo-revoltada","status":"publish","type":"post","link":"https:\/\/www.gaveanews.com\/index.php\/2023\/03\/29\/declaracao-de-marcos-braz-deixa-torcida-do-flamengo-revoltada\/","title":{"rendered":"Declara\u00e7\u00e3o de Marcos Braz deixa torcida do Flamengo revoltada"},"content":{"rendered":"\n<p>Lidando com uma forte press\u00e3o no Flamengo, Marcos Braz adotou uma postura cautelosa no momento de projetar refor\u00e7os. Antes do Mundial, o dirigente apontou que o clube faria uma contrata\u00e7\u00e3o \u201cmuito acima da m\u00e9dia e de refer\u00eancia mundial\u201c, cen\u00e1rio que n\u00e3o se concretizou. Sendo assim, antes da atual janela de transfer\u00eancias fechar, nenhum jogador deve fechar com o Rubro-Negro.<\/p>\n\n\n\n<p><em>\u2014 Hoje \u00e9 quarta-feira, \u00e9 muito dif\u00edcil ter alguma altera\u00e7\u00e3o em rela\u00e7\u00e3o \u00e0 contrata\u00e7\u00e3o at\u00e9 sexta-feira, que \u00e9 a data principal mesmo se estendendo at\u00e9 segunda-feira<\/em>, afirmou ao jornalista Cah\u00ea Mota, do Globo Esporte.<\/p>\n\n\n\n<p>Em 2023, o Flamengo tentou refor\u00e7ar o setor ofensivo com \u00c2ngelo, mas o atacante do Santos optou por seguir no Peixe. Diante disso, V\u00edtor Pereira, caso seja mantido no cargo, vai precisar esperar para que seus pedidos sejam atendidos pela gest\u00e3o de Rodolfo Landim.<\/p>\n\n\n\n<p>Neste cen\u00e1rio, os torcedores do Flamengo v\u00e3o precisar aguardar a metade do ano para que adi\u00e7\u00f5es ao elenco sejam concretizadas. No momento, apenas a chegada de Agust\u00edn Rossi est\u00e1 assegurada, j\u00e1 que o goleiro chegar\u00e1 ao clube ap\u00f3s seu empr\u00e9stimo no Al Nassr se encerrar. Al\u00e9m disso, Uribe, do Porto, tamb\u00e9m est\u00e1 cotado para assinar contrato, mas o acordo depende do \u201csim\u201d do volante.<\/p>\n\n\n\n<p><em>\u2014 O Flamengo tem os laterais, Matheuzinho se machucou, mas acho que em 30, 40 dias vai voltar. A gente analisa o mercado, se tiver oportunidade\u2026 mas o que a gente quer \u00e9 um cabe\u00e7a de \u00e1rea<\/em>, contou o diretor do Flamengo \u00e0 ESPN.<\/p>\n\n\n\n<p>Sem novidades projetadas no Flamengo, Marcos Braz virou alvo de uma \u201cenxurrada\u201d de cr\u00edticas. Isso porque grande parte da torcida esperava uma surpresa na reta final da janela, algo que foi praticamente descartado pelo vice de futebol, cobrado pela postura menos agressiva no mercado. Veja abaixo parte das rea\u00e7\u00f5es.<\/p>\n\n\n\n<figure class=\"wp-block-embed is-type-rich is-provider-twitter wp-block-embed-twitter\"><div class=\"wp-block-embed__wrapper\">\n<blockquote class=\"twitter-tweet\" data-width=\"550\" data-dnt=\"true\"><p lang=\"pt\" dir=\"ltr\">\u00c9 galera, sem refor\u00e7os, Braz confirmou que n\u00e3o ter\u00e1 nesse in\u00edcio de temporada.. E ainda Vitor pereira de t\u00e9cnico, \u00e9 orar irm\u00e3os \ud83d\ude02<\/p>&mdash; Raissa Costa (@raissacosta__) <a href=\"https:\/\/twitter.com\/raissacosta__\/status\/1641153130434838557?ref_src=twsrc%5Etfw\">March 29, 2023<\/a><\/blockquote><script async src=\"https:\/\/platform.twitter.com\/widgets.js\" charset=\"utf-8\"><\/script>\n<\/div><\/figure>\n\n\n\n<figure class=\"wp-block-embed is-type-rich is-provider-twitter wp-block-embed-twitter\"><div class=\"wp-block-embed__wrapper\">\n<blockquote class=\"twitter-tweet\" data-width=\"550\" data-dnt=\"true\"><p lang=\"pt\" dir=\"ltr\">N\u00e3o faz um trabalho me mapear ningu\u00e9m aqui na Am\u00e9rica do Sul<\/p>&mdash; Matheus (@mxtheusmxta_98) <a href=\"https:\/\/twitter.com\/mxtheusmxta_98\/status\/1641150860343246863?ref_src=twsrc%5Etfw\">March 29, 2023<\/a><\/blockquote><script async src=\"https:\/\/platform.twitter.com\/widgets.js\" charset=\"utf-8\"><\/script>\n<\/div><\/figure>\n\n\n\n<figure class=\"wp-block-embed is-type-rich is-provider-twitter wp-block-embed-twitter\"><div class=\"wp-block-embed__wrapper\">\n<blockquote class=\"twitter-tweet\" data-width=\"550\" data-dnt=\"true\"><p lang=\"pt\" dir=\"ltr\">Marcos Braz afirma que o Flamengo n\u00e3o deve mais fazer contrata\u00e7\u00f5es nesta janela de transfer\u00eancias e diz que espera que V\u00edtor Pereira termine a temporada pelo clube de uma forma &quot;ainda melhor do que iniciou&quot;.<br><br>Amadorismo beira o abismo desse cara. Tnc<\/p>&mdash; Mulambo Rubro-Negro \u2764\ufe0f\ud83d\udda4 (@Leandro46586284) <a href=\"https:\/\/twitter.com\/Leandro46586284\/status\/1641150963988692997?ref_src=twsrc%5Etfw\">March 29, 2023<\/a><\/blockquote><script async src=\"https:\/\/platform.twitter.com\/widgets.js\" charset=\"utf-8\"><\/script>\n<\/div><\/figure>\n\n\n\n<figure class=\"wp-block-embed is-type-rich is-provider-twitter wp-block-embed-twitter\"><div class=\"wp-block-embed__wrapper\">\n<blockquote class=\"twitter-tweet\" data-width=\"550\" data-dnt=\"true\"><p lang=\"pt\" dir=\"ltr\">Voc\u00eas n\u00e3o faz ideia da raiva que eu tenho do vereador Marcos Braz.\ud83d\ude24\ud83d\ude24\ud83d\ude24<\/p>&mdash; Tiago Santos \u1d9c\u02b3\u1da0 \ud83c\udfc681\ud83c\udfc619 \ud83c\udfc622 (@ASSISFLA) <a href=\"https:\/\/twitter.com\/ASSISFLA\/status\/1641151072616972309?ref_src=twsrc%5Etfw\">March 29, 2023<\/a><\/blockquote><script async src=\"https:\/\/platform.twitter.com\/widgets.js\" charset=\"utf-8\"><\/script>\n<\/div><\/figure>\n\n\n\n<figure class=\"wp-block-embed is-type-rich is-provider-twitter wp-block-embed-twitter\"><div class=\"wp-block-embed__wrapper\">\n<blockquote class=\"twitter-tweet\" data-width=\"550\" data-dnt=\"true\"><p lang=\"pt\" dir=\"ltr\">Marcos Braz <br>VOC\u00ca \u00c9 UMA CHA CO TA<\/p>&mdash; Gabriel (@Gabriel_mdk15) <a href=\"https:\/\/twitter.com\/Gabriel_mdk15\/status\/1641151727716925457?ref_src=twsrc%5Etfw\">March 29, 2023<\/a><\/blockquote><script async src=\"https:\/\/platform.twitter.com\/widgets.js\" charset=\"utf-8\"><\/script>\n<\/div><\/figure>\n\n\n\n<figure class=\"wp-block-embed is-type-rich is-provider-twitter wp-block-embed-twitter\"><div class=\"wp-block-embed__wrapper\">\n<blockquote class=\"twitter-tweet\" data-width=\"550\" data-dnt=\"true\"><p lang=\"pt\" dir=\"ltr\">Kkkkkk mais um ano jogado na sorte, pq planejamento do futebol \u00e9 zero<\/p>&mdash; Rodolfo landinho\u1d9c\u02b3\u1da0 (@olimpionobrega) <a href=\"https:\/\/twitter.com\/olimpionobrega\/status\/1641150259832160278?ref_src=twsrc%5Etfw\">March 29, 2023<\/a><\/blockquote><script async src=\"https:\/\/platform.twitter.com\/widgets.js\" charset=\"utf-8\"><\/script>\n<\/div><\/figure>\n\n\n\n<figure class=\"wp-block-embed is-type-rich is-provider-twitter wp-block-embed-twitter\"><div class=\"wp-block-embed__wrapper\">\n<blockquote class=\"twitter-tweet\" data-width=\"550\" data-dnt=\"true\"><p lang=\"pt\" dir=\"ltr\">N\u00e3o tem ningu\u00e9m para avaliar o trabalho de Marcos Braz. <br><br>Tudo pol\u00edtica. <br><br>Segue no cargo como fosse melhor Dirigente.<br><br>\ud83d\udd34\u26ab\ufe0f<\/p>&mdash; 3DU4RD8 BARBOSA \u1d9c\u02b3\u1da0 (@edu_barbosa1965) <a href=\"https:\/\/twitter.com\/edu_barbosa1965\/status\/1641154260384587777?ref_src=twsrc%5Etfw\">March 29, 2023<\/a><\/blockquote><script async src=\"https:\/\/platform.twitter.com\/widgets.js\" charset=\"utf-8\"><\/script>\n<\/div><\/figure>\n\n\n\n<figure class=\"wp-block-embed is-type-rich is-provider-twitter wp-block-embed-twitter\"><div class=\"wp-block-embed__wrapper\">\n<blockquote class=\"twitter-tweet\" data-width=\"550\" data-dnt=\"true\"><p lang=\"pt\" dir=\"ltr\">MARCOS BRAZ SOME DO MEU FLAMENGO<\/p>&mdash; mari \u2022 TS11 (@maridabarrett) <a href=\"https:\/\/twitter.com\/maridabarrett\/status\/1641154557282533386?ref_src=twsrc%5Etfw\">March 29, 2023<\/a><\/blockquote><script async src=\"https:\/\/platform.twitter.com\/widgets.js\" charset=\"utf-8\"><\/script>\n<\/div><\/figure>\n\n\n\n<p>Retirado de: Torcedores<\/p>\n","protected":false},"excerpt":{"rendered":"<p>Lidando com uma forte press\u00e3o no Flamengo, Marcos Braz adotou uma postura cautelosa no momento de projetar refor\u00e7os. Antes do Mundial, o dirigente apontou que o clube faria uma contrata\u00e7\u00e3o \u201cmuito acima da m\u00e9dia e de refer\u00eancia mundial\u201c, cen\u00e1rio que n\u00e3o se concretizou. Sendo assim, antes da atual janela de transfer\u00eancias fechar, nenhum jogador deve [&hellip;]<\/p>\n","protected":false},"author":1,"featured_media":18124,"comment_status":"open","ping_status":"closed","sticky":false,"template":"","format":"standard","meta":{"footnotes":""},"categories":[1],"tags":[],"class_list":["post-96253","post","type-post","status-publish","format-standard","has-post-thumbnail","hentry","category-flamengo"],"yoast_head":"<!-- This site is optimized with the Yoast SEO Premium plugin v24.2 (Yoast SEO v26.9) - https:\/\/yoast.com\/product\/yoast-seo-premium-wordpress\/ -->\n<title>Declara\u00e7\u00e3o de Marcos Braz deixa torcida do Flamengo revoltada<\/title>\n<meta name=\"robots\" content=\"index, follow, max-snippet:-1, max-image-preview:large, max-video-preview:-1\" \/>\n<link rel=\"canonical\" href=\"https:\/\/www.gaveanews.com\/index.php\/2023\/03\/29\/declaracao-de-marcos-braz-deixa-torcida-do-flamengo-revoltada\/\" \/>\n<meta property=\"og:locale\" content=\"pt_BR\" \/>\n<meta property=\"og:type\" content=\"article\" \/>\n<meta property=\"og:title\" content=\"Declara\u00e7\u00e3o de Marcos Braz deixa torcida do Flamengo revoltada\" \/>\n<meta property=\"og:description\" content=\"Lidando com uma forte press\u00e3o no Flamengo, Marcos Braz adotou uma postura cautelosa no momento de projetar refor\u00e7os. Antes do Mundial, o dirigente apontou que o clube faria uma contrata\u00e7\u00e3o \u201cmuito acima da m\u00e9dia e de refer\u00eancia mundial\u201c, cen\u00e1rio que n\u00e3o se concretizou. Sendo assim, antes da atual janela de transfer\u00eancias fechar, nenhum jogador deve [&hellip;]\" \/>\n<meta property=\"og:url\" content=\"https:\/\/www.gaveanews.com\/index.php\/2023\/03\/29\/declaracao-de-marcos-braz-deixa-torcida-do-flamengo-revoltada\/\" \/>\n<meta property=\"og:site_name\" content=\"G\u00e1vea News\" \/>\n<meta property=\"article:publisher\" content=\"https:\/\/facebook.com\/gaveaNews\/\" \/>\n<meta property=\"article:published_time\" content=\"2023-03-29T22:27:11+00:00\" \/>\n<meta property=\"article:modified_time\" content=\"2023-03-29T22:29:04+00:00\" \/>\n<meta property=\"og:image\" content=\"https:\/\/www.gaveanews.com\/wp-content\/uploads\/2019\/04\/Marcos-braz-esquerda-e-Paulo-Pelaipe-direita-durante-coletiva-de-imprensa-no-Ninho-do-Urubu.webp\" \/>\n\t<meta property=\"og:image:width\" content=\"901\" \/>\n\t<meta property=\"og:image:height\" content=\"600\" \/>\n\t<meta property=\"og:image:type\" content=\"image\/jpeg\" \/>\n<meta name=\"author\" content=\"Equipe G\u00e1vea News\" \/>\n<meta name=\"twitter:card\" content=\"summary_large_image\" \/>\n<meta name=\"twitter:label1\" content=\"Escrito por\" \/>\n\t<meta name=\"twitter:data1\" content=\"Equipe G\u00e1vea News\" \/>\n\t<meta name=\"twitter:label2\" content=\"Est. tempo de leitura\" \/>\n\t<meta name=\"twitter:data2\" content=\"2 minutos\" \/>\n<script type=\"application\/ld+json\" class=\"yoast-schema-graph\">{\"@context\":\"https:\/\/schema.org\",\"@graph\":[{\"@type\":\"NewsArticle\",\"@id\":\"https:\/\/www.gaveanews.com\/index.php\/2023\/03\/29\/declaracao-de-marcos-braz-deixa-torcida-do-flamengo-revoltada\/#article\",\"isPartOf\":{\"@id\":\"https:\/\/www.gaveanews.com\/index.php\/2023\/03\/29\/declaracao-de-marcos-braz-deixa-torcida-do-flamengo-revoltada\/\"},\"author\":{\"name\":\"Equipe G\u00e1vea News\",\"@id\":\"https:\/\/www.gaveanews.com\/#\/schema\/person\/2ec14f73fb96be2caf28f91afb14749d\"},\"headline\":\"Declara\u00e7\u00e3o de Marcos Braz deixa torcida do Flamengo revoltada\",\"datePublished\":\"2023-03-29T22:27:11+00:00\",\"dateModified\":\"2023-03-29T22:29:04+00:00\",\"mainEntityOfPage\":{\"@id\":\"https:\/\/www.gaveanews.com\/index.php\/2023\/03\/29\/declaracao-de-marcos-braz-deixa-torcida-do-flamengo-revoltada\/\"},\"wordCount\":364,\"commentCount\":0,\"image\":{\"@id\":\"https:\/\/www.gaveanews.com\/index.php\/2023\/03\/29\/declaracao-de-marcos-braz-deixa-torcida-do-flamengo-revoltada\/#primaryimage\"},\"thumbnailUrl\":\"https:\/\/www.gaveanews.com\/wp-content\/uploads\/2019\/04\/Marcos-braz-esquerda-e-Paulo-Pelaipe-direita-durante-coletiva-de-imprensa-no-Ninho-do-Urubu.webp\",\"articleSection\":[\"Flamengo\"],\"inLanguage\":\"pt-BR\",\"potentialAction\":[{\"@type\":\"CommentAction\",\"name\":\"Comment\",\"target\":[\"https:\/\/www.gaveanews.com\/index.php\/2023\/03\/29\/declaracao-de-marcos-braz-deixa-torcida-do-flamengo-revoltada\/#respond\"]}],\"copyrightYear\":\"2023\",\"copyrightHolder\":{\"@id\":\"https:\/\/www.gaveanews.com\/#organization\"}},{\"@type\":\"WebPage\",\"@id\":\"https:\/\/www.gaveanews.com\/index.php\/2023\/03\/29\/declaracao-de-marcos-braz-deixa-torcida-do-flamengo-revoltada\/\",\"url\":\"https:\/\/www.gaveanews.com\/index.php\/2023\/03\/29\/declaracao-de-marcos-braz-deixa-torcida-do-flamengo-revoltada\/\",\"name\":\"Declara\u00e7\u00e3o de Marcos Braz deixa torcida do Flamengo revoltada\",\"isPartOf\":{\"@id\":\"https:\/\/www.gaveanews.com\/#website\"},\"primaryImageOfPage\":{\"@id\":\"https:\/\/www.gaveanews.com\/index.php\/2023\/03\/29\/declaracao-de-marcos-braz-deixa-torcida-do-flamengo-revoltada\/#primaryimage\"},\"image\":{\"@id\":\"https:\/\/www.gaveanews.com\/index.php\/2023\/03\/29\/declaracao-de-marcos-braz-deixa-torcida-do-flamengo-revoltada\/#primaryimage\"},\"thumbnailUrl\":\"https:\/\/www.gaveanews.com\/wp-content\/uploads\/2019\/04\/Marcos-braz-esquerda-e-Paulo-Pelaipe-direita-durante-coletiva-de-imprensa-no-Ninho-do-Urubu.webp\",\"datePublished\":\"2023-03-29T22:27:11+00:00\",\"dateModified\":\"2023-03-29T22:29:04+00:00\",\"author\":{\"@id\":\"https:\/\/www.gaveanews.com\/#\/schema\/person\/2ec14f73fb96be2caf28f91afb14749d\"},\"breadcrumb\":{\"@id\":\"https:\/\/www.gaveanews.com\/index.php\/2023\/03\/29\/declaracao-de-marcos-braz-deixa-torcida-do-flamengo-revoltada\/#breadcrumb\"},\"inLanguage\":\"pt-BR\",\"potentialAction\":[{\"@type\":\"ReadAction\",\"target\":[\"https:\/\/www.gaveanews.com\/index.php\/2023\/03\/29\/declaracao-de-marcos-braz-deixa-torcida-do-flamengo-revoltada\/\"]}]},{\"@type\":\"ImageObject\",\"inLanguage\":\"pt-BR\",\"@id\":\"https:\/\/www.gaveanews.com\/index.php\/2023\/03\/29\/declaracao-de-marcos-braz-deixa-torcida-do-flamengo-revoltada\/#primaryimage\",\"url\":\"https:\/\/www.gaveanews.com\/wp-content\/uploads\/2019\/04\/Marcos-braz-esquerda-e-Paulo-Pelaipe-direita-durante-coletiva-de-imprensa-no-Ninho-do-Urubu.webp\",\"contentUrl\":\"https:\/\/www.gaveanews.com\/wp-content\/uploads\/2019\/04\/Marcos-braz-esquerda-e-Paulo-Pelaipe-direita-durante-coletiva-de-imprensa-no-Ninho-do-Urubu.webp\",\"width\":901,\"height\":600,\"caption\":\"Marcos braz (esquerda) e Paulo Pelaipe (direita) durante coletiva de imprensa no Ninho do Urubu (Foto: Alexandre Vidal\/Flamengo)\"},{\"@type\":\"BreadcrumbList\",\"@id\":\"https:\/\/www.gaveanews.com\/index.php\/2023\/03\/29\/declaracao-de-marcos-braz-deixa-torcida-do-flamengo-revoltada\/#breadcrumb\",\"itemListElement\":[{\"@type\":\"ListItem\",\"position\":1,\"name\":\"Home\",\"item\":\"https:\/\/www.gaveanews.com\/\"},{\"@type\":\"ListItem\",\"position\":2,\"name\":\"Declara\u00e7\u00e3o de Marcos Braz deixa torcida do Flamengo revoltada\"}]},{\"@type\":\"WebSite\",\"@id\":\"https:\/\/www.gaveanews.com\/#website\",\"url\":\"https:\/\/www.gaveanews.com\/\",\"name\":\"G\u00e1vea News\",\"description\":\"Veja todas as not\u00edcias sobre o Flamengo: Contrata\u00e7\u00f5es, categorias de base, resultados das partidas, tabela de classifica\u00e7\u00e3o, pr\u00f3ximos jogos!\",\"potentialAction\":[{\"@type\":\"SearchAction\",\"target\":{\"@type\":\"EntryPoint\",\"urlTemplate\":\"https:\/\/www.gaveanews.com\/?s={search_term_string}\"},\"query-input\":{\"@type\":\"PropertyValueSpecification\",\"valueRequired\":true,\"valueName\":\"search_term_string\"}}],\"inLanguage\":\"pt-BR\"},{\"@type\":\"Person\",\"@id\":\"https:\/\/www.gaveanews.com\/#\/schema\/person\/2ec14f73fb96be2caf28f91afb14749d\",\"name\":\"Equipe G\u00e1vea News\",\"image\":{\"@type\":\"ImageObject\",\"inLanguage\":\"pt-BR\",\"@id\":\"https:\/\/www.gaveanews.com\/#\/schema\/person\/image\/\",\"url\":\"https:\/\/secure.gravatar.com\/avatar\/1e1956f1facbffd3f8fa53a326721950116b3b9dc9bd44939c01180fd4a745a9?s=96&d=mm&r=g\",\"contentUrl\":\"https:\/\/secure.gravatar.com\/avatar\/1e1956f1facbffd3f8fa53a326721950116b3b9dc9bd44939c01180fd4a745a9?s=96&d=mm&r=g\",\"caption\":\"Equipe G\u00e1vea News\"}}]}<\/script>\n<!-- \/ Yoast SEO Premium plugin. -->","yoast_head_json":{"title":"Declara\u00e7\u00e3o de Marcos Braz deixa torcida do Flamengo revoltada","robots":{"index":"index","follow":"follow","max-snippet":"max-snippet:-1","max-image-preview":"max-image-preview:large","max-video-preview":"max-video-preview:-1"},"canonical":"https:\/\/www.gaveanews.com\/index.php\/2023\/03\/29\/declaracao-de-marcos-braz-deixa-torcida-do-flamengo-revoltada\/","og_locale":"pt_BR","og_type":"article","og_title":"Declara\u00e7\u00e3o de Marcos Braz deixa torcida do Flamengo revoltada","og_description":"Lidando com uma forte press\u00e3o no Flamengo, Marcos Braz adotou uma postura cautelosa no momento de projetar refor\u00e7os. Antes do Mundial, o dirigente apontou que o clube faria uma contrata\u00e7\u00e3o \u201cmuito acima da m\u00e9dia e de refer\u00eancia mundial\u201c, cen\u00e1rio que n\u00e3o se concretizou. Sendo assim, antes da atual janela de transfer\u00eancias fechar, nenhum jogador deve [&hellip;]","og_url":"https:\/\/www.gaveanews.com\/index.php\/2023\/03\/29\/declaracao-de-marcos-braz-deixa-torcida-do-flamengo-revoltada\/","og_site_name":"G\u00e1vea News","article_publisher":"https:\/\/facebook.com\/gaveaNews\/","article_published_time":"2023-03-29T22:27:11+00:00","article_modified_time":"2023-03-29T22:29:04+00:00","og_image":[{"width":901,"height":600,"url":"https:\/\/www.gaveanews.com\/wp-content\/uploads\/2019\/04\/Marcos-braz-esquerda-e-Paulo-Pelaipe-direita-durante-coletiva-de-imprensa-no-Ninho-do-Urubu.webp","type":"image\/jpeg"}],"author":"Equipe G\u00e1vea News","twitter_card":"summary_large_image","twitter_misc":{"Escrito por":"Equipe G\u00e1vea News","Est. tempo de leitura":"2 minutos"},"schema":{"@context":"https:\/\/schema.org","@graph":[{"@type":"NewsArticle","@id":"https:\/\/www.gaveanews.com\/index.php\/2023\/03\/29\/declaracao-de-marcos-braz-deixa-torcida-do-flamengo-revoltada\/#article","isPartOf":{"@id":"https:\/\/www.gaveanews.com\/index.php\/2023\/03\/29\/declaracao-de-marcos-braz-deixa-torcida-do-flamengo-revoltada\/"},"author":{"name":"Equipe G\u00e1vea News","@id":"https:\/\/www.gaveanews.com\/#\/schema\/person\/2ec14f73fb96be2caf28f91afb14749d"},"headline":"Declara\u00e7\u00e3o de Marcos Braz deixa torcida do Flamengo revoltada","datePublished":"2023-03-29T22:27:11+00:00","dateModified":"2023-03-29T22:29:04+00:00","mainEntityOfPage":{"@id":"https:\/\/www.gaveanews.com\/index.php\/2023\/03\/29\/declaracao-de-marcos-braz-deixa-torcida-do-flamengo-revoltada\/"},"wordCount":364,"commentCount":0,"image":{"@id":"https:\/\/www.gaveanews.com\/index.php\/2023\/03\/29\/declaracao-de-marcos-braz-deixa-torcida-do-flamengo-revoltada\/#primaryimage"},"thumbnailUrl":"https:\/\/www.gaveanews.com\/wp-content\/uploads\/2019\/04\/Marcos-braz-esquerda-e-Paulo-Pelaipe-direita-durante-coletiva-de-imprensa-no-Ninho-do-Urubu.webp","articleSection":["Flamengo"],"inLanguage":"pt-BR","potentialAction":[{"@type":"CommentAction","name":"Comment","target":["https:\/\/www.gaveanews.com\/index.php\/2023\/03\/29\/declaracao-de-marcos-braz-deixa-torcida-do-flamengo-revoltada\/#respond"]}],"copyrightYear":"2023","copyrightHolder":{"@id":"https:\/\/www.gaveanews.com\/#organization"}},{"@type":"WebPage","@id":"https:\/\/www.gaveanews.com\/index.php\/2023\/03\/29\/declaracao-de-marcos-braz-deixa-torcida-do-flamengo-revoltada\/","url":"https:\/\/www.gaveanews.com\/index.php\/2023\/03\/29\/declaracao-de-marcos-braz-deixa-torcida-do-flamengo-revoltada\/","name":"Declara\u00e7\u00e3o de Marcos Braz deixa torcida do Flamengo revoltada","isPartOf":{"@id":"https:\/\/www.gaveanews.com\/#website"},"primaryImageOfPage":{"@id":"https:\/\/www.gaveanews.com\/index.php\/2023\/03\/29\/declaracao-de-marcos-braz-deixa-torcida-do-flamengo-revoltada\/#primaryimage"},"image":{"@id":"https:\/\/www.gaveanews.com\/index.php\/2023\/03\/29\/declaracao-de-marcos-braz-deixa-torcida-do-flamengo-revoltada\/#primaryimage"},"thumbnailUrl":"https:\/\/www.gaveanews.com\/wp-content\/uploads\/2019\/04\/Marcos-braz-esquerda-e-Paulo-Pelaipe-direita-durante-coletiva-de-imprensa-no-Ninho-do-Urubu.webp","datePublished":"2023-03-29T22:27:11+00:00","dateModified":"2023-03-29T22:29:04+00:00","author":{"@id":"https:\/\/www.gaveanews.com\/#\/schema\/person\/2ec14f73fb96be2caf28f91afb14749d"},"breadcrumb":{"@id":"https:\/\/www.gaveanews.com\/index.php\/2023\/03\/29\/declaracao-de-marcos-braz-deixa-torcida-do-flamengo-revoltada\/#breadcrumb"},"inLanguage":"pt-BR","potentialAction":[{"@type":"ReadAction","target":["https:\/\/www.gaveanews.com\/index.php\/2023\/03\/29\/declaracao-de-marcos-braz-deixa-torcida-do-flamengo-revoltada\/"]}]},{"@type":"ImageObject","inLanguage":"pt-BR","@id":"https:\/\/www.gaveanews.com\/index.php\/2023\/03\/29\/declaracao-de-marcos-braz-deixa-torcida-do-flamengo-revoltada\/#primaryimage","url":"https:\/\/www.gaveanews.com\/wp-content\/uploads\/2019\/04\/Marcos-braz-esquerda-e-Paulo-Pelaipe-direita-durante-coletiva-de-imprensa-no-Ninho-do-Urubu.webp","contentUrl":"https:\/\/www.gaveanews.com\/wp-content\/uploads\/2019\/04\/Marcos-braz-esquerda-e-Paulo-Pelaipe-direita-durante-coletiva-de-imprensa-no-Ninho-do-Urubu.webp","width":901,"height":600,"caption":"Marcos braz (esquerda) e Paulo Pelaipe (direita) durante coletiva de imprensa no Ninho do Urubu (Foto: Alexandre Vidal\/Flamengo)"},{"@type":"BreadcrumbList","@id":"https:\/\/www.gaveanews.com\/index.php\/2023\/03\/29\/declaracao-de-marcos-braz-deixa-torcida-do-flamengo-revoltada\/#breadcrumb","itemListElement":[{"@type":"ListItem","position":1,"name":"Home","item":"https:\/\/www.gaveanews.com\/"},{"@type":"ListItem","position":2,"name":"Declara\u00e7\u00e3o de Marcos Braz deixa torcida do Flamengo revoltada"}]},{"@type":"WebSite","@id":"https:\/\/www.gaveanews.com\/#website","url":"https:\/\/www.gaveanews.com\/","name":"G\u00e1vea News","description":"Veja todas as not\u00edcias sobre o Flamengo: Contrata\u00e7\u00f5es, categorias de base, resultados das partidas, tabela de classifica\u00e7\u00e3o, pr\u00f3ximos jogos!","potentialAction":[{"@type":"SearchAction","target":{"@type":"EntryPoint","urlTemplate":"https:\/\/www.gaveanews.com\/?s={search_term_string}"},"query-input":{"@type":"PropertyValueSpecification","valueRequired":true,"valueName":"search_term_string"}}],"inLanguage":"pt-BR"},{"@type":"Person","@id":"https:\/\/www.gaveanews.com\/#\/schema\/person\/2ec14f73fb96be2caf28f91afb14749d","name":"Equipe G\u00e1vea News","image":{"@type":"ImageObject","inLanguage":"pt-BR","@id":"https:\/\/www.gaveanews.com\/#\/schema\/person\/image\/","url":"https:\/\/secure.gravatar.com\/avatar\/1e1956f1facbffd3f8fa53a326721950116b3b9dc9bd44939c01180fd4a745a9?s=96&d=mm&r=g","contentUrl":"https:\/\/secure.gravatar.com\/avatar\/1e1956f1facbffd3f8fa53a326721950116b3b9dc9bd44939c01180fd4a745a9?s=96&d=mm&r=g","caption":"Equipe G\u00e1vea News"}}]}},"_links":{"self":[{"href":"https:\/\/www.gaveanews.com\/index.php\/wp-json\/wp\/v2\/posts\/96253","targetHints":{"allow":["GET"]}}],"collection":[{"href":"https:\/\/www.gaveanews.com\/index.php\/wp-json\/wp\/v2\/posts"}],"about":[{"href":"https:\/\/www.gaveanews.com\/index.php\/wp-json\/wp\/v2\/types\/post"}],"author":[{"embeddable":true,"href":"https:\/\/www.gaveanews.com\/index.php\/wp-json\/wp\/v2\/users\/1"}],"replies":[{"embeddable":true,"href":"https:\/\/www.gaveanews.com\/index.php\/wp-json\/wp\/v2\/comments?post=96253"}],"version-history":[{"count":0,"href":"https:\/\/www.gaveanews.com\/index.php\/wp-json\/wp\/v2\/posts\/96253\/revisions"}],"wp:featuredmedia":[{"embeddable":true,"href":"https:\/\/www.gaveanews.com\/index.php\/wp-json\/wp\/v2\/media\/18124"}],"wp:attachment":[{"href":"https:\/\/www.gaveanews.com\/index.php\/wp-json\/wp\/v2\/media?parent=96253"}],"wp:term":[{"taxonomy":"category","embeddable":true,"href":"https:\/\/www.gaveanews.com\/index.php\/wp-json\/wp\/v2\/categories?post=96253"},{"taxonomy":"post_tag","embeddable":true,"href":"https:\/\/www.gaveanews.com\/index.php\/wp-json\/wp\/v2\/tags?post=96253"}],"curies":[{"name":"wp","href":"https:\/\/api.w.org\/{rel}","templated":true}]}}