{"id":96259,"date":"2023-03-29T20:54:02","date_gmt":"2023-03-29T23:54:02","guid":{"rendered":"https:\/\/www.gaveanews.com\/?p=96259"},"modified":"2023-03-29T20:54:06","modified_gmt":"2023-03-29T23:54:06","slug":"por-que-o-flamengo-vai-deixar-para-contratar-apenas-no-segundo-semestre","status":"publish","type":"post","link":"https:\/\/www.gaveanews.com\/index.php\/2023\/03\/29\/por-que-o-flamengo-vai-deixar-para-contratar-apenas-no-segundo-semestre\/","title":{"rendered":"Por que o Flamengo vai deixar para contratar apenas no segundo semestre"},"content":{"rendered":"\n<p>Na \u00faltima semana poss\u00edvel para se refor\u00e7ar, o Flamengo pisa no freio e deixar\u00e1 para fazer os novos investimentos necess\u00e1rios apenas no segundo semestre.<\/p>\n\n\n\n<p>O departamento de futebol n\u00e3o corre mais para fechar com mais refor\u00e7os at\u00e9 o fechamento da janela para a chegada no primeiro semestre, no pr\u00f3ximo dia 3, segunda-feira.<\/p>\n\n\n\n<p>Depois de trazer Gerson, a diretoria adotava frieza, apesar das cobran\u00e7as da torcida e at\u00e9 da declara\u00e7\u00e3o p\u00fablica do t\u00e9cnico V\u00edtor Pereira, que se disse no aguardo por mais jogadores.<\/p>\n\n\n\n<p>A raz\u00e3o \u00e9 muito simples:<\/p>\n\n\n\n<p>O clube est\u00e1 no mercado para trazer pe\u00e7as que cheguem para jogar ou para disputar uma vaga entre os titulares. Com a consci\u00eancia de que o elenco tem car\u00eancias, o Flamengo procura ser certeiro nos alvos no mercado e fazer movimentos com convic\u00e7\u00e3o.<\/p>\n\n\n\n<p>Por exemplo, sabe-se da necessidade urgente da chegada de um volante para repor a sa\u00edda de Jo\u00e3o Gomes. Uribe, do Porto, \u00e9 o alvo priorit\u00e1rio, mas se n\u00e3o vier agora, pode vir no meio do ano. A estrat\u00e9gia do Flamengo \u00e9 n\u00e3o agir por press\u00e3o da torcida ou do jogador envolvido nas negocia\u00e7\u00f5es.<\/p>\n\n\n\n<p>Outra posi\u00e7\u00e3o considerada necess\u00e1ria de refor\u00e7ar \u00e9 a ponta direita. Ap\u00f3s a recusa de \u00c2ngelo, do Santos, o clube carioca segue atr\u00e1s de alternativas para atuar no setor. Outras posi\u00e7\u00f5es em an\u00e1lise s\u00e3o a de um lateral-direito e a de um meia, mas essas ainda s\u00e3o a maior prioridade.<\/p>\n\n\n\n<p>As partidas contra o Fluminense na final do Carioca ser\u00e3o determinantes para avaliar o futuro de V\u00edtor Pereira e a aus\u00eancia de refor\u00e7os n\u00e3o influencia nisso, na avalia\u00e7\u00e3o da diretoria. Hoje, o trabalho segue bem visto pelo Flamengo e pelos jogadores, embora todos admitam necessidade de melhora.<\/p>\n\n\n\n<p>Por conta disso, o encaixe de pe\u00e7as j\u00e1 \u00e0 disposi\u00e7\u00e3o e o retorno de outras tamb\u00e9m \u00e9 levado em conta na hora de ir ao mercado. Por sua vez, V\u00edtor Pereira j\u00e1 externou que precisa de mais solu\u00e7\u00f5es diante dos recorrentes problemas f\u00edsicos, e tem tentado dar uma nova cara ao time com o que tem na m\u00e3o.<\/p>\n\n\n\n<p>Retirado de: Extra<\/p>\n","protected":false},"excerpt":{"rendered":"<p>Na \u00faltima semana poss\u00edvel para se refor\u00e7ar, o Flamengo pisa no freio e deixar\u00e1 para fazer os novos investimentos necess\u00e1rios apenas no segundo semestre. O departamento de futebol n\u00e3o corre mais para fechar com mais refor\u00e7os at\u00e9 o fechamento da janela para a chegada no primeiro semestre, no pr\u00f3ximo dia 3, segunda-feira. Depois de trazer [&hellip;]<\/p>\n","protected":false},"author":1,"featured_media":74667,"comment_status":"open","ping_status":"closed","sticky":false,"template":"","format":"standard","meta":{"footnotes":""},"categories":[1],"tags":[],"class_list":["post-96259","post","type-post","status-publish","format-standard","has-post-thumbnail","hentry","category-flamengo"],"yoast_head":"<!-- This site is optimized with the Yoast SEO Premium plugin v24.2 (Yoast SEO v26.9) - https:\/\/yoast.com\/product\/yoast-seo-premium-wordpress\/ -->\n<title>Por que o Flamengo vai deixar para contratar apenas no segundo semestre<\/title>\n<meta name=\"robots\" content=\"index, follow, max-snippet:-1, max-image-preview:large, max-video-preview:-1\" \/>\n<link rel=\"canonical\" href=\"https:\/\/www.gaveanews.com\/index.php\/2023\/03\/29\/por-que-o-flamengo-vai-deixar-para-contratar-apenas-no-segundo-semestre\/\" \/>\n<meta property=\"og:locale\" content=\"pt_BR\" \/>\n<meta property=\"og:type\" content=\"article\" \/>\n<meta property=\"og:title\" content=\"Por que o Flamengo vai deixar para contratar apenas no segundo semestre\" \/>\n<meta property=\"og:description\" content=\"Na \u00faltima semana poss\u00edvel para se refor\u00e7ar, o Flamengo pisa no freio e deixar\u00e1 para fazer os novos investimentos necess\u00e1rios apenas no segundo semestre. O departamento de futebol n\u00e3o corre mais para fechar com mais refor\u00e7os at\u00e9 o fechamento da janela para a chegada no primeiro semestre, no pr\u00f3ximo dia 3, segunda-feira. Depois de trazer [&hellip;]\" \/>\n<meta property=\"og:url\" content=\"https:\/\/www.gaveanews.com\/index.php\/2023\/03\/29\/por-que-o-flamengo-vai-deixar-para-contratar-apenas-no-segundo-semestre\/\" \/>\n<meta property=\"og:site_name\" content=\"G\u00e1vea News\" \/>\n<meta property=\"article:publisher\" content=\"https:\/\/facebook.com\/gaveaNews\/\" \/>\n<meta property=\"article:published_time\" content=\"2023-03-29T23:54:02+00:00\" \/>\n<meta property=\"article:modified_time\" content=\"2023-03-29T23:54:06+00:00\" \/>\n<meta property=\"og:image\" content=\"https:\/\/www.gaveanews.com\/wp-content\/uploads\/Rodolfo-Landim-e-Bruno-Spindel-em-entrevista-coletiva-no-Ninho-do-Urubu.webp\" \/>\n\t<meta property=\"og:image:width\" content=\"799\" \/>\n\t<meta property=\"og:image:height\" content=\"532\" \/>\n\t<meta property=\"og:image:type\" content=\"image\/jpeg\" \/>\n<meta name=\"author\" content=\"Equipe G\u00e1vea News\" \/>\n<meta name=\"twitter:card\" content=\"summary_large_image\" \/>\n<meta name=\"twitter:label1\" content=\"Escrito por\" \/>\n\t<meta name=\"twitter:data1\" content=\"Equipe G\u00e1vea News\" \/>\n\t<meta name=\"twitter:label2\" content=\"Est. tempo de leitura\" \/>\n\t<meta name=\"twitter:data2\" content=\"2 minutos\" \/>\n<script type=\"application\/ld+json\" class=\"yoast-schema-graph\">{\"@context\":\"https:\/\/schema.org\",\"@graph\":[{\"@type\":\"NewsArticle\",\"@id\":\"https:\/\/www.gaveanews.com\/index.php\/2023\/03\/29\/por-que-o-flamengo-vai-deixar-para-contratar-apenas-no-segundo-semestre\/#article\",\"isPartOf\":{\"@id\":\"https:\/\/www.gaveanews.com\/index.php\/2023\/03\/29\/por-que-o-flamengo-vai-deixar-para-contratar-apenas-no-segundo-semestre\/\"},\"author\":{\"name\":\"Equipe G\u00e1vea News\",\"@id\":\"https:\/\/www.gaveanews.com\/#\/schema\/person\/2ec14f73fb96be2caf28f91afb14749d\"},\"headline\":\"Por que o Flamengo vai deixar para contratar apenas no segundo semestre\",\"datePublished\":\"2023-03-29T23:54:02+00:00\",\"dateModified\":\"2023-03-29T23:54:06+00:00\",\"mainEntityOfPage\":{\"@id\":\"https:\/\/www.gaveanews.com\/index.php\/2023\/03\/29\/por-que-o-flamengo-vai-deixar-para-contratar-apenas-no-segundo-semestre\/\"},\"wordCount\":391,\"commentCount\":0,\"image\":{\"@id\":\"https:\/\/www.gaveanews.com\/index.php\/2023\/03\/29\/por-que-o-flamengo-vai-deixar-para-contratar-apenas-no-segundo-semestre\/#primaryimage\"},\"thumbnailUrl\":\"https:\/\/www.gaveanews.com\/wp-content\/uploads\/Rodolfo-Landim-e-Bruno-Spindel-em-entrevista-coletiva-no-Ninho-do-Urubu.webp\",\"articleSection\":[\"Flamengo\"],\"inLanguage\":\"pt-BR\",\"potentialAction\":[{\"@type\":\"CommentAction\",\"name\":\"Comment\",\"target\":[\"https:\/\/www.gaveanews.com\/index.php\/2023\/03\/29\/por-que-o-flamengo-vai-deixar-para-contratar-apenas-no-segundo-semestre\/#respond\"]}],\"copyrightYear\":\"2023\",\"copyrightHolder\":{\"@id\":\"https:\/\/www.gaveanews.com\/#organization\"}},{\"@type\":\"WebPage\",\"@id\":\"https:\/\/www.gaveanews.com\/index.php\/2023\/03\/29\/por-que-o-flamengo-vai-deixar-para-contratar-apenas-no-segundo-semestre\/\",\"url\":\"https:\/\/www.gaveanews.com\/index.php\/2023\/03\/29\/por-que-o-flamengo-vai-deixar-para-contratar-apenas-no-segundo-semestre\/\",\"name\":\"Por que o Flamengo vai deixar para contratar apenas no segundo semestre\",\"isPartOf\":{\"@id\":\"https:\/\/www.gaveanews.com\/#website\"},\"primaryImageOfPage\":{\"@id\":\"https:\/\/www.gaveanews.com\/index.php\/2023\/03\/29\/por-que-o-flamengo-vai-deixar-para-contratar-apenas-no-segundo-semestre\/#primaryimage\"},\"image\":{\"@id\":\"https:\/\/www.gaveanews.com\/index.php\/2023\/03\/29\/por-que-o-flamengo-vai-deixar-para-contratar-apenas-no-segundo-semestre\/#primaryimage\"},\"thumbnailUrl\":\"https:\/\/www.gaveanews.com\/wp-content\/uploads\/Rodolfo-Landim-e-Bruno-Spindel-em-entrevista-coletiva-no-Ninho-do-Urubu.webp\",\"datePublished\":\"2023-03-29T23:54:02+00:00\",\"dateModified\":\"2023-03-29T23:54:06+00:00\",\"author\":{\"@id\":\"https:\/\/www.gaveanews.com\/#\/schema\/person\/2ec14f73fb96be2caf28f91afb14749d\"},\"breadcrumb\":{\"@id\":\"https:\/\/www.gaveanews.com\/index.php\/2023\/03\/29\/por-que-o-flamengo-vai-deixar-para-contratar-apenas-no-segundo-semestre\/#breadcrumb\"},\"inLanguage\":\"pt-BR\",\"potentialAction\":[{\"@type\":\"ReadAction\",\"target\":[\"https:\/\/www.gaveanews.com\/index.php\/2023\/03\/29\/por-que-o-flamengo-vai-deixar-para-contratar-apenas-no-segundo-semestre\/\"]}]},{\"@type\":\"ImageObject\",\"inLanguage\":\"pt-BR\",\"@id\":\"https:\/\/www.gaveanews.com\/index.php\/2023\/03\/29\/por-que-o-flamengo-vai-deixar-para-contratar-apenas-no-segundo-semestre\/#primaryimage\",\"url\":\"https:\/\/www.gaveanews.com\/wp-content\/uploads\/Rodolfo-Landim-e-Bruno-Spindel-em-entrevista-coletiva-no-Ninho-do-Urubu.webp\",\"contentUrl\":\"https:\/\/www.gaveanews.com\/wp-content\/uploads\/Rodolfo-Landim-e-Bruno-Spindel-em-entrevista-coletiva-no-Ninho-do-Urubu.webp\",\"width\":799,\"height\":532,\"caption\":\"Rodolfo Landim e Bruno Spindel em entrevista coletiva no Ninho do Urubu (Foto: Alexandre Vidal\/Flamengo)\"},{\"@type\":\"BreadcrumbList\",\"@id\":\"https:\/\/www.gaveanews.com\/index.php\/2023\/03\/29\/por-que-o-flamengo-vai-deixar-para-contratar-apenas-no-segundo-semestre\/#breadcrumb\",\"itemListElement\":[{\"@type\":\"ListItem\",\"position\":1,\"name\":\"Home\",\"item\":\"https:\/\/www.gaveanews.com\/\"},{\"@type\":\"ListItem\",\"position\":2,\"name\":\"Por que o Flamengo vai deixar para contratar apenas no segundo semestre\"}]},{\"@type\":\"WebSite\",\"@id\":\"https:\/\/www.gaveanews.com\/#website\",\"url\":\"https:\/\/www.gaveanews.com\/\",\"name\":\"G\u00e1vea News\",\"description\":\"Veja todas as not\u00edcias sobre o Flamengo: Contrata\u00e7\u00f5es, categorias de base, resultados das partidas, tabela de classifica\u00e7\u00e3o, pr\u00f3ximos jogos!\",\"potentialAction\":[{\"@type\":\"SearchAction\",\"target\":{\"@type\":\"EntryPoint\",\"urlTemplate\":\"https:\/\/www.gaveanews.com\/?s={search_term_string}\"},\"query-input\":{\"@type\":\"PropertyValueSpecification\",\"valueRequired\":true,\"valueName\":\"search_term_string\"}}],\"inLanguage\":\"pt-BR\"},{\"@type\":\"Person\",\"@id\":\"https:\/\/www.gaveanews.com\/#\/schema\/person\/2ec14f73fb96be2caf28f91afb14749d\",\"name\":\"Equipe G\u00e1vea News\",\"image\":{\"@type\":\"ImageObject\",\"inLanguage\":\"pt-BR\",\"@id\":\"https:\/\/www.gaveanews.com\/#\/schema\/person\/image\/\",\"url\":\"https:\/\/secure.gravatar.com\/avatar\/1e1956f1facbffd3f8fa53a326721950116b3b9dc9bd44939c01180fd4a745a9?s=96&d=mm&r=g\",\"contentUrl\":\"https:\/\/secure.gravatar.com\/avatar\/1e1956f1facbffd3f8fa53a326721950116b3b9dc9bd44939c01180fd4a745a9?s=96&d=mm&r=g\",\"caption\":\"Equipe G\u00e1vea News\"}}]}<\/script>\n<!-- \/ Yoast SEO Premium plugin. -->","yoast_head_json":{"title":"Por que o Flamengo vai deixar para contratar apenas no segundo semestre","robots":{"index":"index","follow":"follow","max-snippet":"max-snippet:-1","max-image-preview":"max-image-preview:large","max-video-preview":"max-video-preview:-1"},"canonical":"https:\/\/www.gaveanews.com\/index.php\/2023\/03\/29\/por-que-o-flamengo-vai-deixar-para-contratar-apenas-no-segundo-semestre\/","og_locale":"pt_BR","og_type":"article","og_title":"Por que o Flamengo vai deixar para contratar apenas no segundo semestre","og_description":"Na \u00faltima semana poss\u00edvel para se refor\u00e7ar, o Flamengo pisa no freio e deixar\u00e1 para fazer os novos investimentos necess\u00e1rios apenas no segundo semestre. O departamento de futebol n\u00e3o corre mais para fechar com mais refor\u00e7os at\u00e9 o fechamento da janela para a chegada no primeiro semestre, no pr\u00f3ximo dia 3, segunda-feira. Depois de trazer [&hellip;]","og_url":"https:\/\/www.gaveanews.com\/index.php\/2023\/03\/29\/por-que-o-flamengo-vai-deixar-para-contratar-apenas-no-segundo-semestre\/","og_site_name":"G\u00e1vea News","article_publisher":"https:\/\/facebook.com\/gaveaNews\/","article_published_time":"2023-03-29T23:54:02+00:00","article_modified_time":"2023-03-29T23:54:06+00:00","og_image":[{"width":799,"height":532,"url":"https:\/\/www.gaveanews.com\/wp-content\/uploads\/Rodolfo-Landim-e-Bruno-Spindel-em-entrevista-coletiva-no-Ninho-do-Urubu.webp","type":"image\/jpeg"}],"author":"Equipe G\u00e1vea News","twitter_card":"summary_large_image","twitter_misc":{"Escrito por":"Equipe G\u00e1vea News","Est. tempo de leitura":"2 minutos"},"schema":{"@context":"https:\/\/schema.org","@graph":[{"@type":"NewsArticle","@id":"https:\/\/www.gaveanews.com\/index.php\/2023\/03\/29\/por-que-o-flamengo-vai-deixar-para-contratar-apenas-no-segundo-semestre\/#article","isPartOf":{"@id":"https:\/\/www.gaveanews.com\/index.php\/2023\/03\/29\/por-que-o-flamengo-vai-deixar-para-contratar-apenas-no-segundo-semestre\/"},"author":{"name":"Equipe G\u00e1vea News","@id":"https:\/\/www.gaveanews.com\/#\/schema\/person\/2ec14f73fb96be2caf28f91afb14749d"},"headline":"Por que o Flamengo vai deixar para contratar apenas no segundo semestre","datePublished":"2023-03-29T23:54:02+00:00","dateModified":"2023-03-29T23:54:06+00:00","mainEntityOfPage":{"@id":"https:\/\/www.gaveanews.com\/index.php\/2023\/03\/29\/por-que-o-flamengo-vai-deixar-para-contratar-apenas-no-segundo-semestre\/"},"wordCount":391,"commentCount":0,"image":{"@id":"https:\/\/www.gaveanews.com\/index.php\/2023\/03\/29\/por-que-o-flamengo-vai-deixar-para-contratar-apenas-no-segundo-semestre\/#primaryimage"},"thumbnailUrl":"https:\/\/www.gaveanews.com\/wp-content\/uploads\/Rodolfo-Landim-e-Bruno-Spindel-em-entrevista-coletiva-no-Ninho-do-Urubu.webp","articleSection":["Flamengo"],"inLanguage":"pt-BR","potentialAction":[{"@type":"CommentAction","name":"Comment","target":["https:\/\/www.gaveanews.com\/index.php\/2023\/03\/29\/por-que-o-flamengo-vai-deixar-para-contratar-apenas-no-segundo-semestre\/#respond"]}],"copyrightYear":"2023","copyrightHolder":{"@id":"https:\/\/www.gaveanews.com\/#organization"}},{"@type":"WebPage","@id":"https:\/\/www.gaveanews.com\/index.php\/2023\/03\/29\/por-que-o-flamengo-vai-deixar-para-contratar-apenas-no-segundo-semestre\/","url":"https:\/\/www.gaveanews.com\/index.php\/2023\/03\/29\/por-que-o-flamengo-vai-deixar-para-contratar-apenas-no-segundo-semestre\/","name":"Por que o Flamengo vai deixar para contratar apenas no segundo semestre","isPartOf":{"@id":"https:\/\/www.gaveanews.com\/#website"},"primaryImageOfPage":{"@id":"https:\/\/www.gaveanews.com\/index.php\/2023\/03\/29\/por-que-o-flamengo-vai-deixar-para-contratar-apenas-no-segundo-semestre\/#primaryimage"},"image":{"@id":"https:\/\/www.gaveanews.com\/index.php\/2023\/03\/29\/por-que-o-flamengo-vai-deixar-para-contratar-apenas-no-segundo-semestre\/#primaryimage"},"thumbnailUrl":"https:\/\/www.gaveanews.com\/wp-content\/uploads\/Rodolfo-Landim-e-Bruno-Spindel-em-entrevista-coletiva-no-Ninho-do-Urubu.webp","datePublished":"2023-03-29T23:54:02+00:00","dateModified":"2023-03-29T23:54:06+00:00","author":{"@id":"https:\/\/www.gaveanews.com\/#\/schema\/person\/2ec14f73fb96be2caf28f91afb14749d"},"breadcrumb":{"@id":"https:\/\/www.gaveanews.com\/index.php\/2023\/03\/29\/por-que-o-flamengo-vai-deixar-para-contratar-apenas-no-segundo-semestre\/#breadcrumb"},"inLanguage":"pt-BR","potentialAction":[{"@type":"ReadAction","target":["https:\/\/www.gaveanews.com\/index.php\/2023\/03\/29\/por-que-o-flamengo-vai-deixar-para-contratar-apenas-no-segundo-semestre\/"]}]},{"@type":"ImageObject","inLanguage":"pt-BR","@id":"https:\/\/www.gaveanews.com\/index.php\/2023\/03\/29\/por-que-o-flamengo-vai-deixar-para-contratar-apenas-no-segundo-semestre\/#primaryimage","url":"https:\/\/www.gaveanews.com\/wp-content\/uploads\/Rodolfo-Landim-e-Bruno-Spindel-em-entrevista-coletiva-no-Ninho-do-Urubu.webp","contentUrl":"https:\/\/www.gaveanews.com\/wp-content\/uploads\/Rodolfo-Landim-e-Bruno-Spindel-em-entrevista-coletiva-no-Ninho-do-Urubu.webp","width":799,"height":532,"caption":"Rodolfo Landim e Bruno Spindel em entrevista coletiva no Ninho do Urubu (Foto: Alexandre Vidal\/Flamengo)"},{"@type":"BreadcrumbList","@id":"https:\/\/www.gaveanews.com\/index.php\/2023\/03\/29\/por-que-o-flamengo-vai-deixar-para-contratar-apenas-no-segundo-semestre\/#breadcrumb","itemListElement":[{"@type":"ListItem","position":1,"name":"Home","item":"https:\/\/www.gaveanews.com\/"},{"@type":"ListItem","position":2,"name":"Por que o Flamengo vai deixar para contratar apenas no segundo semestre"}]},{"@type":"WebSite","@id":"https:\/\/www.gaveanews.com\/#website","url":"https:\/\/www.gaveanews.com\/","name":"G\u00e1vea News","description":"Veja todas as not\u00edcias sobre o Flamengo: Contrata\u00e7\u00f5es, categorias de base, resultados das partidas, tabela de classifica\u00e7\u00e3o, pr\u00f3ximos jogos!","potentialAction":[{"@type":"SearchAction","target":{"@type":"EntryPoint","urlTemplate":"https:\/\/www.gaveanews.com\/?s={search_term_string}"},"query-input":{"@type":"PropertyValueSpecification","valueRequired":true,"valueName":"search_term_string"}}],"inLanguage":"pt-BR"},{"@type":"Person","@id":"https:\/\/www.gaveanews.com\/#\/schema\/person\/2ec14f73fb96be2caf28f91afb14749d","name":"Equipe G\u00e1vea News","image":{"@type":"ImageObject","inLanguage":"pt-BR","@id":"https:\/\/www.gaveanews.com\/#\/schema\/person\/image\/","url":"https:\/\/secure.gravatar.com\/avatar\/1e1956f1facbffd3f8fa53a326721950116b3b9dc9bd44939c01180fd4a745a9?s=96&d=mm&r=g","contentUrl":"https:\/\/secure.gravatar.com\/avatar\/1e1956f1facbffd3f8fa53a326721950116b3b9dc9bd44939c01180fd4a745a9?s=96&d=mm&r=g","caption":"Equipe G\u00e1vea News"}}]}},"_links":{"self":[{"href":"https:\/\/www.gaveanews.com\/index.php\/wp-json\/wp\/v2\/posts\/96259","targetHints":{"allow":["GET"]}}],"collection":[{"href":"https:\/\/www.gaveanews.com\/index.php\/wp-json\/wp\/v2\/posts"}],"about":[{"href":"https:\/\/www.gaveanews.com\/index.php\/wp-json\/wp\/v2\/types\/post"}],"author":[{"embeddable":true,"href":"https:\/\/www.gaveanews.com\/index.php\/wp-json\/wp\/v2\/users\/1"}],"replies":[{"embeddable":true,"href":"https:\/\/www.gaveanews.com\/index.php\/wp-json\/wp\/v2\/comments?post=96259"}],"version-history":[{"count":0,"href":"https:\/\/www.gaveanews.com\/index.php\/wp-json\/wp\/v2\/posts\/96259\/revisions"}],"wp:featuredmedia":[{"embeddable":true,"href":"https:\/\/www.gaveanews.com\/index.php\/wp-json\/wp\/v2\/media\/74667"}],"wp:attachment":[{"href":"https:\/\/www.gaveanews.com\/index.php\/wp-json\/wp\/v2\/media?parent=96259"}],"wp:term":[{"taxonomy":"category","embeddable":true,"href":"https:\/\/www.gaveanews.com\/index.php\/wp-json\/wp\/v2\/categories?post=96259"},{"taxonomy":"post_tag","embeddable":true,"href":"https:\/\/www.gaveanews.com\/index.php\/wp-json\/wp\/v2\/tags?post=96259"}],"curies":[{"name":"wp","href":"https:\/\/api.w.org\/{rel}","templated":true}]}}