{"id":96264,"date":"2023-03-29T22:42:04","date_gmt":"2023-03-30T01:42:04","guid":{"rendered":"https:\/\/www.gaveanews.com\/?p=96264"},"modified":"2023-03-29T22:42:07","modified_gmt":"2023-03-30T01:42:07","slug":"atacante-alemao-interage-com-o-flamengo-e-movimenta-a-torcida-no-twitter","status":"publish","type":"post","link":"https:\/\/www.gaveanews.com\/index.php\/2023\/03\/29\/atacante-alemao-interage-com-o-flamengo-e-movimenta-a-torcida-no-twitter\/","title":{"rendered":"Atacante alem\u00e3o interage com o Flamengo e movimenta a torcida no Twitter"},"content":{"rendered":"\n<p>O atacante Lukas Podolski, de 37 anos, interagiu na manh\u00e3 desta quarta-feira (29) com o Flamengo nas redes sociais e causou alvoro\u00e7o entre os torcedores. O campe\u00e3o do mundo com a Alemanha em 2014 respondeu uma publica\u00e7\u00e3o do Rubro-Negro de quase sete anos atr\u00e1s, quando o clube carioca o desejou um feliz anivers\u00e1rio em 4 de junho de 2016. Na \u00e9poca, ele completou 31 anos.<\/p>\n\n\n\n<figure class=\"wp-block-embed is-type-rich is-provider-twitter wp-block-embed-twitter\"><div class=\"wp-block-embed__wrapper\">\n<blockquote class=\"twitter-tweet\" data-width=\"550\" data-dnt=\"true\"><p lang=\"art\" dir=\"ltr\">\ud83c\udfc6\ud83d\ude4c\ud83c\udffb\ud83d\udcaa\ud83c\udffb <a href=\"https:\/\/t.co\/WT3n5dW5lM\">https:\/\/t.co\/WT3n5dW5lM<\/a><\/p>&mdash; Lukas-Podolski.com (@Podolski10) <a href=\"https:\/\/twitter.com\/Podolski10\/status\/1640989030258036736?ref_src=twsrc%5Etfw\">March 29, 2023<\/a><\/blockquote><script async src=\"https:\/\/platform.twitter.com\/widgets.js\" charset=\"utf-8\"><\/script>\n<\/div><\/figure>\n\n\n\n<p>Ap\u00f3s a intera\u00e7\u00e3o tardia, muitos torcedores do Flamengo ficaram animados e pediram a vinda de Podolski ao clube carioca. Apesar de n\u00e3o haver indica\u00e7\u00f5es de negocia\u00e7\u00e3o, uma torcedora j\u00e1 deu as boas vindas ao atacante: &#8220;Bem-vindo ao Meng\u00e3o&#8221;, disse empolgada.<\/p>\n\n\n\n<p>Em outro coment\u00e1rio, um internauta diz que o jogador quer uma vaga no Rubro-Negro: &#8220;Quer levantar mais uma ta\u00e7a no Maracan\u00e3&#8221;, falou. J\u00e1 outro torcedor colocou o atleta na posi\u00e7\u00e3o de treinador: &#8220;Est\u00e1 afim de treinar o Flamengo hoje, n\u00e3o?&#8221;, questionou.<\/p>\n\n\n\n<p>Flamengo e Podolski j\u00e1 tiveram outras intera\u00e7\u00f5es. O atacante j\u00e1 foi cogitado, inclusive, no Rubro-Negro em janeiro de 2020 quando saiu do Vissel Kobe, do Jap\u00e3o. Contudo, a poss\u00edvel negocia\u00e7\u00e3o n\u00e3o teria chegado a um acordo.<\/p>\n\n\n\n<p>Ap\u00f3s somar passagens por Bayern de Munique, da Alemanha, Arsenal, da Inglaterra, Internazionale, da It\u00e1lia, e Galatasaray, da Turquia, Podolski voltou para seu pa\u00eds natal, a Pol\u00f4nia, e joga atualmente pelo G\u00f3rnik Zabrze.<\/p>\n\n\n\n<p>Retirado de: O Dia<\/p>\n","protected":false},"excerpt":{"rendered":"<p>O atacante Lukas Podolski, de 37 anos, interagiu na manh\u00e3 desta quarta-feira (29) com o Flamengo nas redes sociais e causou alvoro\u00e7o entre os torcedores. O campe\u00e3o do mundo com a Alemanha em 2014 respondeu uma publica\u00e7\u00e3o do Rubro-Negro de quase sete anos atr\u00e1s, quando o clube carioca o desejou um feliz anivers\u00e1rio em 4 [&hellip;]<\/p>\n","protected":false},"author":1,"featured_media":15265,"comment_status":"open","ping_status":"closed","sticky":false,"template":"","format":"standard","meta":{"footnotes":""},"categories":[1],"tags":[],"class_list":["post-96264","post","type-post","status-publish","format-standard","has-post-thumbnail","hentry","category-flamengo"],"yoast_head":"<!-- This site is optimized with the Yoast SEO Premium plugin v24.2 (Yoast SEO v26.9) - https:\/\/yoast.com\/product\/yoast-seo-premium-wordpress\/ -->\n<title>Atacante alem\u00e3o interage com o Flamengo e movimenta a torcida no Twitter<\/title>\n<meta name=\"robots\" content=\"index, follow, max-snippet:-1, max-image-preview:large, max-video-preview:-1\" \/>\n<link rel=\"canonical\" href=\"https:\/\/www.gaveanews.com\/index.php\/2023\/03\/29\/atacante-alemao-interage-com-o-flamengo-e-movimenta-a-torcida-no-twitter\/\" \/>\n<meta property=\"og:locale\" content=\"pt_BR\" \/>\n<meta property=\"og:type\" content=\"article\" \/>\n<meta property=\"og:title\" content=\"Atacante alem\u00e3o interage com o Flamengo e movimenta a torcida no Twitter\" \/>\n<meta property=\"og:description\" content=\"O atacante Lukas Podolski, de 37 anos, interagiu na manh\u00e3 desta quarta-feira (29) com o Flamengo nas redes sociais e causou alvoro\u00e7o entre os torcedores. O campe\u00e3o do mundo com a Alemanha em 2014 respondeu uma publica\u00e7\u00e3o do Rubro-Negro de quase sete anos atr\u00e1s, quando o clube carioca o desejou um feliz anivers\u00e1rio em 4 [&hellip;]\" \/>\n<meta property=\"og:url\" content=\"https:\/\/www.gaveanews.com\/index.php\/2023\/03\/29\/atacante-alemao-interage-com-o-flamengo-e-movimenta-a-torcida-no-twitter\/\" \/>\n<meta property=\"og:site_name\" content=\"G\u00e1vea News\" \/>\n<meta property=\"article:publisher\" content=\"https:\/\/facebook.com\/gaveaNews\/\" \/>\n<meta property=\"article:published_time\" content=\"2023-03-30T01:42:04+00:00\" \/>\n<meta property=\"article:modified_time\" content=\"2023-03-30T01:42:07+00:00\" \/>\n<meta property=\"og:image\" content=\"https:\/\/www.gaveanews.com\/wp-content\/uploads\/2018\/07\/Vestindo-o-uniforme-do-Flamengo-Lukas-Podolski-manda-beijo-com-a-Taca-da-Copa-Mundo.webp\" \/>\n\t<meta property=\"og:image:width\" content=\"1\" \/>\n\t<meta property=\"og:image:height\" content=\"1\" \/>\n\t<meta property=\"og:image:type\" content=\"image\/jpeg\" \/>\n<meta name=\"author\" content=\"Equipe G\u00e1vea News\" \/>\n<meta name=\"twitter:card\" content=\"summary_large_image\" \/>\n<meta name=\"twitter:label1\" content=\"Escrito por\" \/>\n\t<meta name=\"twitter:data1\" content=\"Equipe G\u00e1vea News\" \/>\n\t<meta name=\"twitter:label2\" content=\"Est. tempo de leitura\" \/>\n\t<meta name=\"twitter:data2\" content=\"2 minutos\" \/>\n<script type=\"application\/ld+json\" class=\"yoast-schema-graph\">{\"@context\":\"https:\/\/schema.org\",\"@graph\":[{\"@type\":\"NewsArticle\",\"@id\":\"https:\/\/www.gaveanews.com\/index.php\/2023\/03\/29\/atacante-alemao-interage-com-o-flamengo-e-movimenta-a-torcida-no-twitter\/#article\",\"isPartOf\":{\"@id\":\"https:\/\/www.gaveanews.com\/index.php\/2023\/03\/29\/atacante-alemao-interage-com-o-flamengo-e-movimenta-a-torcida-no-twitter\/\"},\"author\":{\"name\":\"Equipe G\u00e1vea News\",\"@id\":\"https:\/\/www.gaveanews.com\/#\/schema\/person\/2ec14f73fb96be2caf28f91afb14749d\"},\"headline\":\"Atacante alem\u00e3o interage com o Flamengo e movimenta a torcida no Twitter\",\"datePublished\":\"2023-03-30T01:42:04+00:00\",\"dateModified\":\"2023-03-30T01:42:07+00:00\",\"mainEntityOfPage\":{\"@id\":\"https:\/\/www.gaveanews.com\/index.php\/2023\/03\/29\/atacante-alemao-interage-com-o-flamengo-e-movimenta-a-torcida-no-twitter\/\"},\"wordCount\":255,\"commentCount\":0,\"image\":{\"@id\":\"https:\/\/www.gaveanews.com\/index.php\/2023\/03\/29\/atacante-alemao-interage-com-o-flamengo-e-movimenta-a-torcida-no-twitter\/#primaryimage\"},\"thumbnailUrl\":\"https:\/\/www.gaveanews.com\/wp-content\/uploads\/2018\/07\/Vestindo-o-uniforme-do-Flamengo-Lukas-Podolski-manda-beijo-com-a-Taca-da-Copa-Mundo.webp\",\"articleSection\":[\"Flamengo\"],\"inLanguage\":\"pt-BR\",\"potentialAction\":[{\"@type\":\"CommentAction\",\"name\":\"Comment\",\"target\":[\"https:\/\/www.gaveanews.com\/index.php\/2023\/03\/29\/atacante-alemao-interage-com-o-flamengo-e-movimenta-a-torcida-no-twitter\/#respond\"]}],\"copyrightYear\":\"2023\",\"copyrightHolder\":{\"@id\":\"https:\/\/www.gaveanews.com\/#organization\"}},{\"@type\":\"WebPage\",\"@id\":\"https:\/\/www.gaveanews.com\/index.php\/2023\/03\/29\/atacante-alemao-interage-com-o-flamengo-e-movimenta-a-torcida-no-twitter\/\",\"url\":\"https:\/\/www.gaveanews.com\/index.php\/2023\/03\/29\/atacante-alemao-interage-com-o-flamengo-e-movimenta-a-torcida-no-twitter\/\",\"name\":\"Atacante alem\u00e3o interage com o Flamengo e movimenta a torcida no Twitter\",\"isPartOf\":{\"@id\":\"https:\/\/www.gaveanews.com\/#website\"},\"primaryImageOfPage\":{\"@id\":\"https:\/\/www.gaveanews.com\/index.php\/2023\/03\/29\/atacante-alemao-interage-com-o-flamengo-e-movimenta-a-torcida-no-twitter\/#primaryimage\"},\"image\":{\"@id\":\"https:\/\/www.gaveanews.com\/index.php\/2023\/03\/29\/atacante-alemao-interage-com-o-flamengo-e-movimenta-a-torcida-no-twitter\/#primaryimage\"},\"thumbnailUrl\":\"https:\/\/www.gaveanews.com\/wp-content\/uploads\/2018\/07\/Vestindo-o-uniforme-do-Flamengo-Lukas-Podolski-manda-beijo-com-a-Taca-da-Copa-Mundo.webp\",\"datePublished\":\"2023-03-30T01:42:04+00:00\",\"dateModified\":\"2023-03-30T01:42:07+00:00\",\"author\":{\"@id\":\"https:\/\/www.gaveanews.com\/#\/schema\/person\/2ec14f73fb96be2caf28f91afb14749d\"},\"breadcrumb\":{\"@id\":\"https:\/\/www.gaveanews.com\/index.php\/2023\/03\/29\/atacante-alemao-interage-com-o-flamengo-e-movimenta-a-torcida-no-twitter\/#breadcrumb\"},\"inLanguage\":\"pt-BR\",\"potentialAction\":[{\"@type\":\"ReadAction\",\"target\":[\"https:\/\/www.gaveanews.com\/index.php\/2023\/03\/29\/atacante-alemao-interage-com-o-flamengo-e-movimenta-a-torcida-no-twitter\/\"]}]},{\"@type\":\"ImageObject\",\"inLanguage\":\"pt-BR\",\"@id\":\"https:\/\/www.gaveanews.com\/index.php\/2023\/03\/29\/atacante-alemao-interage-com-o-flamengo-e-movimenta-a-torcida-no-twitter\/#primaryimage\",\"url\":\"https:\/\/www.gaveanews.com\/wp-content\/uploads\/2018\/07\/Vestindo-o-uniforme-do-Flamengo-Lukas-Podolski-manda-beijo-com-a-Taca-da-Copa-Mundo.webp\",\"contentUrl\":\"https:\/\/www.gaveanews.com\/wp-content\/uploads\/2018\/07\/Vestindo-o-uniforme-do-Flamengo-Lukas-Podolski-manda-beijo-com-a-Taca-da-Copa-Mundo.webp\",\"width\":900,\"height\":568,\"caption\":\"Vestindo o uniforme do Flamengo, Lukas Podolski manda beijo, com a Ta\u00e7a da Copa Mundo (Foto: Andr\u00e9 Dur\u00e3o)\"},{\"@type\":\"BreadcrumbList\",\"@id\":\"https:\/\/www.gaveanews.com\/index.php\/2023\/03\/29\/atacante-alemao-interage-com-o-flamengo-e-movimenta-a-torcida-no-twitter\/#breadcrumb\",\"itemListElement\":[{\"@type\":\"ListItem\",\"position\":1,\"name\":\"Home\",\"item\":\"https:\/\/www.gaveanews.com\/\"},{\"@type\":\"ListItem\",\"position\":2,\"name\":\"Atacante alem\u00e3o interage com o Flamengo e movimenta a torcida no Twitter\"}]},{\"@type\":\"WebSite\",\"@id\":\"https:\/\/www.gaveanews.com\/#website\",\"url\":\"https:\/\/www.gaveanews.com\/\",\"name\":\"G\u00e1vea News\",\"description\":\"Veja todas as not\u00edcias sobre o Flamengo: Contrata\u00e7\u00f5es, categorias de base, resultados das partidas, tabela de classifica\u00e7\u00e3o, pr\u00f3ximos jogos!\",\"potentialAction\":[{\"@type\":\"SearchAction\",\"target\":{\"@type\":\"EntryPoint\",\"urlTemplate\":\"https:\/\/www.gaveanews.com\/?s={search_term_string}\"},\"query-input\":{\"@type\":\"PropertyValueSpecification\",\"valueRequired\":true,\"valueName\":\"search_term_string\"}}],\"inLanguage\":\"pt-BR\"},{\"@type\":\"Person\",\"@id\":\"https:\/\/www.gaveanews.com\/#\/schema\/person\/2ec14f73fb96be2caf28f91afb14749d\",\"name\":\"Equipe G\u00e1vea News\",\"image\":{\"@type\":\"ImageObject\",\"inLanguage\":\"pt-BR\",\"@id\":\"https:\/\/www.gaveanews.com\/#\/schema\/person\/image\/\",\"url\":\"https:\/\/secure.gravatar.com\/avatar\/1e1956f1facbffd3f8fa53a326721950116b3b9dc9bd44939c01180fd4a745a9?s=96&d=mm&r=g\",\"contentUrl\":\"https:\/\/secure.gravatar.com\/avatar\/1e1956f1facbffd3f8fa53a326721950116b3b9dc9bd44939c01180fd4a745a9?s=96&d=mm&r=g\",\"caption\":\"Equipe G\u00e1vea News\"}}]}<\/script>\n<!-- \/ Yoast SEO Premium plugin. -->","yoast_head_json":{"title":"Atacante alem\u00e3o interage com o Flamengo e movimenta a torcida no Twitter","robots":{"index":"index","follow":"follow","max-snippet":"max-snippet:-1","max-image-preview":"max-image-preview:large","max-video-preview":"max-video-preview:-1"},"canonical":"https:\/\/www.gaveanews.com\/index.php\/2023\/03\/29\/atacante-alemao-interage-com-o-flamengo-e-movimenta-a-torcida-no-twitter\/","og_locale":"pt_BR","og_type":"article","og_title":"Atacante alem\u00e3o interage com o Flamengo e movimenta a torcida no Twitter","og_description":"O atacante Lukas Podolski, de 37 anos, interagiu na manh\u00e3 desta quarta-feira (29) com o Flamengo nas redes sociais e causou alvoro\u00e7o entre os torcedores. O campe\u00e3o do mundo com a Alemanha em 2014 respondeu uma publica\u00e7\u00e3o do Rubro-Negro de quase sete anos atr\u00e1s, quando o clube carioca o desejou um feliz anivers\u00e1rio em 4 [&hellip;]","og_url":"https:\/\/www.gaveanews.com\/index.php\/2023\/03\/29\/atacante-alemao-interage-com-o-flamengo-e-movimenta-a-torcida-no-twitter\/","og_site_name":"G\u00e1vea News","article_publisher":"https:\/\/facebook.com\/gaveaNews\/","article_published_time":"2023-03-30T01:42:04+00:00","article_modified_time":"2023-03-30T01:42:07+00:00","og_image":[{"url":"https:\/\/www.gaveanews.com\/wp-content\/uploads\/2018\/07\/Vestindo-o-uniforme-do-Flamengo-Lukas-Podolski-manda-beijo-com-a-Taca-da-Copa-Mundo.webp","width":1,"height":1,"type":"image\/jpeg"}],"author":"Equipe G\u00e1vea News","twitter_card":"summary_large_image","twitter_misc":{"Escrito por":"Equipe G\u00e1vea News","Est. tempo de leitura":"2 minutos"},"schema":{"@context":"https:\/\/schema.org","@graph":[{"@type":"NewsArticle","@id":"https:\/\/www.gaveanews.com\/index.php\/2023\/03\/29\/atacante-alemao-interage-com-o-flamengo-e-movimenta-a-torcida-no-twitter\/#article","isPartOf":{"@id":"https:\/\/www.gaveanews.com\/index.php\/2023\/03\/29\/atacante-alemao-interage-com-o-flamengo-e-movimenta-a-torcida-no-twitter\/"},"author":{"name":"Equipe G\u00e1vea News","@id":"https:\/\/www.gaveanews.com\/#\/schema\/person\/2ec14f73fb96be2caf28f91afb14749d"},"headline":"Atacante alem\u00e3o interage com o Flamengo e movimenta a torcida no Twitter","datePublished":"2023-03-30T01:42:04+00:00","dateModified":"2023-03-30T01:42:07+00:00","mainEntityOfPage":{"@id":"https:\/\/www.gaveanews.com\/index.php\/2023\/03\/29\/atacante-alemao-interage-com-o-flamengo-e-movimenta-a-torcida-no-twitter\/"},"wordCount":255,"commentCount":0,"image":{"@id":"https:\/\/www.gaveanews.com\/index.php\/2023\/03\/29\/atacante-alemao-interage-com-o-flamengo-e-movimenta-a-torcida-no-twitter\/#primaryimage"},"thumbnailUrl":"https:\/\/www.gaveanews.com\/wp-content\/uploads\/2018\/07\/Vestindo-o-uniforme-do-Flamengo-Lukas-Podolski-manda-beijo-com-a-Taca-da-Copa-Mundo.webp","articleSection":["Flamengo"],"inLanguage":"pt-BR","potentialAction":[{"@type":"CommentAction","name":"Comment","target":["https:\/\/www.gaveanews.com\/index.php\/2023\/03\/29\/atacante-alemao-interage-com-o-flamengo-e-movimenta-a-torcida-no-twitter\/#respond"]}],"copyrightYear":"2023","copyrightHolder":{"@id":"https:\/\/www.gaveanews.com\/#organization"}},{"@type":"WebPage","@id":"https:\/\/www.gaveanews.com\/index.php\/2023\/03\/29\/atacante-alemao-interage-com-o-flamengo-e-movimenta-a-torcida-no-twitter\/","url":"https:\/\/www.gaveanews.com\/index.php\/2023\/03\/29\/atacante-alemao-interage-com-o-flamengo-e-movimenta-a-torcida-no-twitter\/","name":"Atacante alem\u00e3o interage com o Flamengo e movimenta a torcida no Twitter","isPartOf":{"@id":"https:\/\/www.gaveanews.com\/#website"},"primaryImageOfPage":{"@id":"https:\/\/www.gaveanews.com\/index.php\/2023\/03\/29\/atacante-alemao-interage-com-o-flamengo-e-movimenta-a-torcida-no-twitter\/#primaryimage"},"image":{"@id":"https:\/\/www.gaveanews.com\/index.php\/2023\/03\/29\/atacante-alemao-interage-com-o-flamengo-e-movimenta-a-torcida-no-twitter\/#primaryimage"},"thumbnailUrl":"https:\/\/www.gaveanews.com\/wp-content\/uploads\/2018\/07\/Vestindo-o-uniforme-do-Flamengo-Lukas-Podolski-manda-beijo-com-a-Taca-da-Copa-Mundo.webp","datePublished":"2023-03-30T01:42:04+00:00","dateModified":"2023-03-30T01:42:07+00:00","author":{"@id":"https:\/\/www.gaveanews.com\/#\/schema\/person\/2ec14f73fb96be2caf28f91afb14749d"},"breadcrumb":{"@id":"https:\/\/www.gaveanews.com\/index.php\/2023\/03\/29\/atacante-alemao-interage-com-o-flamengo-e-movimenta-a-torcida-no-twitter\/#breadcrumb"},"inLanguage":"pt-BR","potentialAction":[{"@type":"ReadAction","target":["https:\/\/www.gaveanews.com\/index.php\/2023\/03\/29\/atacante-alemao-interage-com-o-flamengo-e-movimenta-a-torcida-no-twitter\/"]}]},{"@type":"ImageObject","inLanguage":"pt-BR","@id":"https:\/\/www.gaveanews.com\/index.php\/2023\/03\/29\/atacante-alemao-interage-com-o-flamengo-e-movimenta-a-torcida-no-twitter\/#primaryimage","url":"https:\/\/www.gaveanews.com\/wp-content\/uploads\/2018\/07\/Vestindo-o-uniforme-do-Flamengo-Lukas-Podolski-manda-beijo-com-a-Taca-da-Copa-Mundo.webp","contentUrl":"https:\/\/www.gaveanews.com\/wp-content\/uploads\/2018\/07\/Vestindo-o-uniforme-do-Flamengo-Lukas-Podolski-manda-beijo-com-a-Taca-da-Copa-Mundo.webp","width":900,"height":568,"caption":"Vestindo o uniforme do Flamengo, Lukas Podolski manda beijo, com a Ta\u00e7a da Copa Mundo (Foto: Andr\u00e9 Dur\u00e3o)"},{"@type":"BreadcrumbList","@id":"https:\/\/www.gaveanews.com\/index.php\/2023\/03\/29\/atacante-alemao-interage-com-o-flamengo-e-movimenta-a-torcida-no-twitter\/#breadcrumb","itemListElement":[{"@type":"ListItem","position":1,"name":"Home","item":"https:\/\/www.gaveanews.com\/"},{"@type":"ListItem","position":2,"name":"Atacante alem\u00e3o interage com o Flamengo e movimenta a torcida no Twitter"}]},{"@type":"WebSite","@id":"https:\/\/www.gaveanews.com\/#website","url":"https:\/\/www.gaveanews.com\/","name":"G\u00e1vea News","description":"Veja todas as not\u00edcias sobre o Flamengo: Contrata\u00e7\u00f5es, categorias de base, resultados das partidas, tabela de classifica\u00e7\u00e3o, pr\u00f3ximos jogos!","potentialAction":[{"@type":"SearchAction","target":{"@type":"EntryPoint","urlTemplate":"https:\/\/www.gaveanews.com\/?s={search_term_string}"},"query-input":{"@type":"PropertyValueSpecification","valueRequired":true,"valueName":"search_term_string"}}],"inLanguage":"pt-BR"},{"@type":"Person","@id":"https:\/\/www.gaveanews.com\/#\/schema\/person\/2ec14f73fb96be2caf28f91afb14749d","name":"Equipe G\u00e1vea News","image":{"@type":"ImageObject","inLanguage":"pt-BR","@id":"https:\/\/www.gaveanews.com\/#\/schema\/person\/image\/","url":"https:\/\/secure.gravatar.com\/avatar\/1e1956f1facbffd3f8fa53a326721950116b3b9dc9bd44939c01180fd4a745a9?s=96&d=mm&r=g","contentUrl":"https:\/\/secure.gravatar.com\/avatar\/1e1956f1facbffd3f8fa53a326721950116b3b9dc9bd44939c01180fd4a745a9?s=96&d=mm&r=g","caption":"Equipe G\u00e1vea News"}}]}},"_links":{"self":[{"href":"https:\/\/www.gaveanews.com\/index.php\/wp-json\/wp\/v2\/posts\/96264","targetHints":{"allow":["GET"]}}],"collection":[{"href":"https:\/\/www.gaveanews.com\/index.php\/wp-json\/wp\/v2\/posts"}],"about":[{"href":"https:\/\/www.gaveanews.com\/index.php\/wp-json\/wp\/v2\/types\/post"}],"author":[{"embeddable":true,"href":"https:\/\/www.gaveanews.com\/index.php\/wp-json\/wp\/v2\/users\/1"}],"replies":[{"embeddable":true,"href":"https:\/\/www.gaveanews.com\/index.php\/wp-json\/wp\/v2\/comments?post=96264"}],"version-history":[{"count":0,"href":"https:\/\/www.gaveanews.com\/index.php\/wp-json\/wp\/v2\/posts\/96264\/revisions"}],"wp:featuredmedia":[{"embeddable":true,"href":"https:\/\/www.gaveanews.com\/index.php\/wp-json\/wp\/v2\/media\/15265"}],"wp:attachment":[{"href":"https:\/\/www.gaveanews.com\/index.php\/wp-json\/wp\/v2\/media?parent=96264"}],"wp:term":[{"taxonomy":"category","embeddable":true,"href":"https:\/\/www.gaveanews.com\/index.php\/wp-json\/wp\/v2\/categories?post=96264"},{"taxonomy":"post_tag","embeddable":true,"href":"https:\/\/www.gaveanews.com\/index.php\/wp-json\/wp\/v2\/tags?post=96264"}],"curies":[{"name":"wp","href":"https:\/\/api.w.org\/{rel}","templated":true}]}}