{"id":96288,"date":"2023-03-30T09:35:05","date_gmt":"2023-03-30T12:35:05","guid":{"rendered":"https:\/\/www.gaveanews.com\/?p=96288"},"modified":"2023-03-30T09:35:07","modified_gmt":"2023-03-30T12:35:07","slug":"goleiro-do-flamengo-e-da-selecao-sub-17-e-empresariado-por-ex-tottenham-e-ja-foi-zagueiro","status":"publish","type":"post","link":"https:\/\/www.gaveanews.com\/index.php\/2023\/03\/30\/goleiro-do-flamengo-e-da-selecao-sub-17-e-empresariado-por-ex-tottenham-e-ja-foi-zagueiro\/","title":{"rendered":"Goleiro do Flamengo e da sele\u00e7\u00e3o sub-17 \u00e9 empresariado por ex-Tottenham e j\u00e1 foi zagueiro"},"content":{"rendered":"\n<p>Um dos goleiros do Flamengo e da sele\u00e7\u00e3o brasileira sub-17, que estreia no Sul-Americano contra o Equador, nesta quinta-feira, Caio Albado Barone nunca havia usado luvas ou jogado debaixo das traves at\u00e9 seis anos atr\u00e1s. No entanto, um teste de uma semana como zagueiro nas categorias de base do Santos mudou a vida do jovem, que atuava como piv\u00f4 no futsal.<\/p>\n\n\n\n<p>&#8220;Aos 10 anos eu j\u00e1 tinha 1,70m, era muito alto para a idade. Nesse per\u00edodo, um goleiro tinha acabado de sair do Santos e um treinador de l\u00e1 chamado William pediu para que eu fosse para o gol. No come\u00e7o eu n\u00e3o queria aceitar muito, mas no final falei com a minha fam\u00edlia e aceitei&#8221;, disse ao ESPN.com.br.<\/p>\n\n\n\n<p>Em seguida, ele voltou para casa e come\u00e7ou a treinar para aprender a nova posi\u00e7\u00e3o. Buscou refer\u00eancias em arqueiros brasileiros de sucesso no mundo e, dois meses depois, foi aprovado no Peixe. Neste per\u00edodo, ele enfrentou Endrick, do Palmeiras, e viu o gola\u00e7o de bicicleta que o atacante marcou na final do Paulist\u00e3o sub-11 no CT Meninos da Vila.<\/p>\n\n\n\n<p>&#8220;Eu estava no banco de reservas, mas ele j\u00e1 era um absurdo. N\u00f3s fomos vice-campe\u00f5es&#8221;.<\/p>\n\n\n\n<p>No come\u00e7o de 2019, Caio estava tendo pouco espa\u00e7o no Santos &#8211; chegou a ser terceiro goleiro &#8211; e conseguiu uma avalia\u00e7\u00e3o de dois dias no Flamengo.<\/p>\n\n\n\n<p>&#8220;Sabia que tinha potencial, recebi uma proposta e fui aprovado. Foi uma mudan\u00e7a muito grande na minha vida porque sa\u00ed de Santos para o Rio de Janeiro, que \u00e9 bem mais longe de casa. Fui muito bem acolhido pelo Flamengo e me adaptei. Gosto muito da cidade hoje em dia&#8221;.<\/p>\n\n\n\n<p>Com pouco tempo de G\u00e1vea, Caio jogou a Ibercup, em Porto Alegre, contra um PSG que tinha Ethan Mbapp\u00e9, irm\u00e3o mais novo do astro Kylian Mbapp\u00e9. &#8220;Eu entrei no final do jogo e defendi dois p\u00eanaltis!&#8221;.<\/p>\n\n\n\n<p>Caio fez alguns torneios na Europa e enfrentou outras equipes de tradi\u00e7\u00e3o como PSV, Arsenal, Sporting e D\u00ednamo de Kiev. Al\u00e9m disso, participou do programa que o clube da G\u00e1vea promove para integrar os garotos da base com o elenco principal durante os treinamentos.<\/p>\n\n\n\n<p>&#8220;A gente pega muita experi\u00eancia e aprende muito com eles. Quando acabavam os treinos, ele faziam finaliza\u00e7\u00e3o e ficavam brincando com a gente&#8221;.<\/p>\n\n\n\n<p>Caio j\u00e1 foi para o banco de reservas no primeiro jogo do time profissional em 2023 no Maracan\u00e3. &#8220;Foi muito bom porque senti como \u00e9 a torcida. Aos 16 anos, \u00e9 algo muito diferente. Foi uma doideira&#8221;.<\/p>\n\n\n\n<p>O jovem foi chamado para a sele\u00e7\u00e3o brasileira pela primeira vez depois de vencer um torneio em Gramado-RS contra o Internacional.<\/p>\n\n\n\n<p>&#8220;Tinham olheiros da sele\u00e7\u00e3o l\u00e1 e consegui me destacar, fui eleito o melhor goleiro. Foi uma experi\u00eancia muito boa&#8221;.<\/p>\n\n\n\n<p>Com atua\u00e7\u00f5es de destaque e muitos t\u00edtulos na base do Flamengo, o jovem entrou na lista do Sul-Americano sub-17.<\/p>\n\n\n\n<p>&#8220;Sempre ficamos com a pulga atr\u00e1s da orelha. Fiquei muito feliz com o chamado e sa\u00ed correndo pela casa gritando. \u00c9 muito bom estar representando o meu pa\u00eds em um torneio t\u00e3o importante&#8221;, afirmou.<\/p>\n\n\n\n<p>F\u00e3 de Alisson (Liverpool) e Ederson (Manchester City), Caio tem como um dos empres\u00e1rios outro especialista na posi\u00e7\u00e3o: Gomes, ex-goleiro de Cruzeiro, Tottenham, PSV e sele\u00e7\u00e3o brasileira.<\/p>\n\n\n\n<p>&#8220;Ele me d\u00e1 muitas dicas de como ficar tranquilo e fala comigo antes dos jogos. Ele tem muita experi\u00eancia e me ajuda muito porque foi um grande goleiro e fez hist\u00f3ria&#8221;.<\/p>\n\n\n\n<p>A ideia do jovem, que tem 1,96m de altura, \u00e9 seguir no futuro os passos do agente. Recentemente, ele assinou um contrato que possui uma multa rescis\u00f3ria de 50 milh\u00f5es de euros (R$ 278 milh\u00f5es).<\/p>\n\n\n\n<p>&#8220;Tenho passaporte italiano, mas n\u00e3o tive sondagens da It\u00e1lia. Meu sonho \u00e9 ser profissional e conquistar t\u00edtulos importantes pelo Flamengo. Depois, ir para a Europa, jogar Champions League e defender a sele\u00e7\u00e3o principal&#8217;.<\/p>\n\n\n\n<p>Retirado de: ESPN<\/p>\n","protected":false},"excerpt":{"rendered":"<p>Um dos goleiros do Flamengo e da sele\u00e7\u00e3o brasileira sub-17, que estreia no Sul-Americano contra o Equador, nesta quinta-feira, Caio Albado Barone nunca havia usado luvas ou jogado debaixo das traves at\u00e9 seis anos atr\u00e1s. No entanto, um teste de uma semana como zagueiro nas categorias de base do Santos mudou a vida do jovem, [&hellip;]<\/p>\n","protected":false},"author":1,"featured_media":96289,"comment_status":"open","ping_status":"closed","sticky":false,"template":"","format":"standard","meta":{"footnotes":""},"categories":[1],"tags":[],"class_list":["post-96288","post","type-post","status-publish","format-standard","has-post-thumbnail","hentry","category-flamengo"],"yoast_head":"<!-- This site is optimized with the Yoast SEO Premium plugin v24.2 (Yoast SEO v26.9) - https:\/\/yoast.com\/product\/yoast-seo-premium-wordpress\/ -->\n<title>Goleiro do Flamengo e da sele\u00e7\u00e3o sub-17 \u00e9 empresariado por ex-Tottenham e j\u00e1 foi zagueiro<\/title>\n<meta name=\"robots\" content=\"index, follow, max-snippet:-1, max-image-preview:large, max-video-preview:-1\" \/>\n<link rel=\"canonical\" href=\"https:\/\/www.gaveanews.com\/index.php\/2023\/03\/30\/goleiro-do-flamengo-e-da-selecao-sub-17-e-empresariado-por-ex-tottenham-e-ja-foi-zagueiro\/\" \/>\n<meta property=\"og:locale\" content=\"pt_BR\" \/>\n<meta property=\"og:type\" content=\"article\" \/>\n<meta property=\"og:title\" content=\"Goleiro do Flamengo e da sele\u00e7\u00e3o sub-17 \u00e9 empresariado por ex-Tottenham e j\u00e1 foi zagueiro\" \/>\n<meta property=\"og:description\" content=\"Um dos goleiros do Flamengo e da sele\u00e7\u00e3o brasileira sub-17, que estreia no Sul-Americano contra o Equador, nesta quinta-feira, Caio Albado Barone nunca havia usado luvas ou jogado debaixo das traves at\u00e9 seis anos atr\u00e1s. No entanto, um teste de uma semana como zagueiro nas categorias de base do Santos mudou a vida do jovem, [&hellip;]\" \/>\n<meta property=\"og:url\" content=\"https:\/\/www.gaveanews.com\/index.php\/2023\/03\/30\/goleiro-do-flamengo-e-da-selecao-sub-17-e-empresariado-por-ex-tottenham-e-ja-foi-zagueiro\/\" \/>\n<meta property=\"og:site_name\" content=\"G\u00e1vea News\" \/>\n<meta property=\"article:publisher\" content=\"https:\/\/facebook.com\/gaveaNews\/\" \/>\n<meta property=\"article:published_time\" content=\"2023-03-30T12:35:05+00:00\" \/>\n<meta property=\"article:modified_time\" content=\"2023-03-30T12:35:07+00:00\" \/>\n<meta property=\"og:image\" content=\"https:\/\/www.gaveanews.com\/wp-content\/uploads\/Caio-Barone-durante-jogo-do-Flamengo-no-time-profissional.webp\" \/>\n\t<meta property=\"og:image:width\" content=\"920\" \/>\n\t<meta property=\"og:image:height\" content=\"368\" \/>\n\t<meta property=\"og:image:type\" content=\"image\/jpeg\" \/>\n<meta name=\"author\" content=\"Equipe G\u00e1vea News\" \/>\n<meta name=\"twitter:card\" content=\"summary_large_image\" \/>\n<meta name=\"twitter:label1\" content=\"Escrito por\" \/>\n\t<meta name=\"twitter:data1\" content=\"Equipe G\u00e1vea News\" \/>\n\t<meta name=\"twitter:label2\" content=\"Est. tempo de leitura\" \/>\n\t<meta name=\"twitter:data2\" content=\"4 minutos\" \/>\n<script type=\"application\/ld+json\" class=\"yoast-schema-graph\">{\"@context\":\"https:\/\/schema.org\",\"@graph\":[{\"@type\":\"NewsArticle\",\"@id\":\"https:\/\/www.gaveanews.com\/index.php\/2023\/03\/30\/goleiro-do-flamengo-e-da-selecao-sub-17-e-empresariado-por-ex-tottenham-e-ja-foi-zagueiro\/#article\",\"isPartOf\":{\"@id\":\"https:\/\/www.gaveanews.com\/index.php\/2023\/03\/30\/goleiro-do-flamengo-e-da-selecao-sub-17-e-empresariado-por-ex-tottenham-e-ja-foi-zagueiro\/\"},\"author\":{\"name\":\"Equipe G\u00e1vea News\",\"@id\":\"https:\/\/www.gaveanews.com\/#\/schema\/person\/2ec14f73fb96be2caf28f91afb14749d\"},\"headline\":\"Goleiro do Flamengo e da sele\u00e7\u00e3o sub-17 \u00e9 empresariado por ex-Tottenham e j\u00e1 foi zagueiro\",\"datePublished\":\"2023-03-30T12:35:05+00:00\",\"dateModified\":\"2023-03-30T12:35:07+00:00\",\"mainEntityOfPage\":{\"@id\":\"https:\/\/www.gaveanews.com\/index.php\/2023\/03\/30\/goleiro-do-flamengo-e-da-selecao-sub-17-e-empresariado-por-ex-tottenham-e-ja-foi-zagueiro\/\"},\"wordCount\":684,\"commentCount\":0,\"image\":{\"@id\":\"https:\/\/www.gaveanews.com\/index.php\/2023\/03\/30\/goleiro-do-flamengo-e-da-selecao-sub-17-e-empresariado-por-ex-tottenham-e-ja-foi-zagueiro\/#primaryimage\"},\"thumbnailUrl\":\"https:\/\/www.gaveanews.com\/wp-content\/uploads\/Caio-Barone-durante-jogo-do-Flamengo-no-time-profissional.webp\",\"articleSection\":[\"Flamengo\"],\"inLanguage\":\"pt-BR\",\"potentialAction\":[{\"@type\":\"CommentAction\",\"name\":\"Comment\",\"target\":[\"https:\/\/www.gaveanews.com\/index.php\/2023\/03\/30\/goleiro-do-flamengo-e-da-selecao-sub-17-e-empresariado-por-ex-tottenham-e-ja-foi-zagueiro\/#respond\"]}],\"copyrightYear\":\"2023\",\"copyrightHolder\":{\"@id\":\"https:\/\/www.gaveanews.com\/#organization\"}},{\"@type\":\"WebPage\",\"@id\":\"https:\/\/www.gaveanews.com\/index.php\/2023\/03\/30\/goleiro-do-flamengo-e-da-selecao-sub-17-e-empresariado-por-ex-tottenham-e-ja-foi-zagueiro\/\",\"url\":\"https:\/\/www.gaveanews.com\/index.php\/2023\/03\/30\/goleiro-do-flamengo-e-da-selecao-sub-17-e-empresariado-por-ex-tottenham-e-ja-foi-zagueiro\/\",\"name\":\"Goleiro do Flamengo e da sele\u00e7\u00e3o sub-17 \u00e9 empresariado por ex-Tottenham e j\u00e1 foi zagueiro\",\"isPartOf\":{\"@id\":\"https:\/\/www.gaveanews.com\/#website\"},\"primaryImageOfPage\":{\"@id\":\"https:\/\/www.gaveanews.com\/index.php\/2023\/03\/30\/goleiro-do-flamengo-e-da-selecao-sub-17-e-empresariado-por-ex-tottenham-e-ja-foi-zagueiro\/#primaryimage\"},\"image\":{\"@id\":\"https:\/\/www.gaveanews.com\/index.php\/2023\/03\/30\/goleiro-do-flamengo-e-da-selecao-sub-17-e-empresariado-por-ex-tottenham-e-ja-foi-zagueiro\/#primaryimage\"},\"thumbnailUrl\":\"https:\/\/www.gaveanews.com\/wp-content\/uploads\/Caio-Barone-durante-jogo-do-Flamengo-no-time-profissional.webp\",\"datePublished\":\"2023-03-30T12:35:05+00:00\",\"dateModified\":\"2023-03-30T12:35:07+00:00\",\"author\":{\"@id\":\"https:\/\/www.gaveanews.com\/#\/schema\/person\/2ec14f73fb96be2caf28f91afb14749d\"},\"breadcrumb\":{\"@id\":\"https:\/\/www.gaveanews.com\/index.php\/2023\/03\/30\/goleiro-do-flamengo-e-da-selecao-sub-17-e-empresariado-por-ex-tottenham-e-ja-foi-zagueiro\/#breadcrumb\"},\"inLanguage\":\"pt-BR\",\"potentialAction\":[{\"@type\":\"ReadAction\",\"target\":[\"https:\/\/www.gaveanews.com\/index.php\/2023\/03\/30\/goleiro-do-flamengo-e-da-selecao-sub-17-e-empresariado-por-ex-tottenham-e-ja-foi-zagueiro\/\"]}]},{\"@type\":\"ImageObject\",\"inLanguage\":\"pt-BR\",\"@id\":\"https:\/\/www.gaveanews.com\/index.php\/2023\/03\/30\/goleiro-do-flamengo-e-da-selecao-sub-17-e-empresariado-por-ex-tottenham-e-ja-foi-zagueiro\/#primaryimage\",\"url\":\"https:\/\/www.gaveanews.com\/wp-content\/uploads\/Caio-Barone-durante-jogo-do-Flamengo-no-time-profissional.webp\",\"contentUrl\":\"https:\/\/www.gaveanews.com\/wp-content\/uploads\/Caio-Barone-durante-jogo-do-Flamengo-no-time-profissional.webp\",\"width\":920,\"height\":368,\"caption\":\"Caio Barone durante jogo do Flamengo no time profissional (Foto: Gilvan de Souza\/Flamengo)\"},{\"@type\":\"BreadcrumbList\",\"@id\":\"https:\/\/www.gaveanews.com\/index.php\/2023\/03\/30\/goleiro-do-flamengo-e-da-selecao-sub-17-e-empresariado-por-ex-tottenham-e-ja-foi-zagueiro\/#breadcrumb\",\"itemListElement\":[{\"@type\":\"ListItem\",\"position\":1,\"name\":\"Home\",\"item\":\"https:\/\/www.gaveanews.com\/\"},{\"@type\":\"ListItem\",\"position\":2,\"name\":\"Goleiro do Flamengo e da sele\u00e7\u00e3o sub-17 \u00e9 empresariado por ex-Tottenham e j\u00e1 foi zagueiro\"}]},{\"@type\":\"WebSite\",\"@id\":\"https:\/\/www.gaveanews.com\/#website\",\"url\":\"https:\/\/www.gaveanews.com\/\",\"name\":\"G\u00e1vea News\",\"description\":\"Veja todas as not\u00edcias sobre o Flamengo: Contrata\u00e7\u00f5es, categorias de base, resultados das partidas, tabela de classifica\u00e7\u00e3o, pr\u00f3ximos jogos!\",\"potentialAction\":[{\"@type\":\"SearchAction\",\"target\":{\"@type\":\"EntryPoint\",\"urlTemplate\":\"https:\/\/www.gaveanews.com\/?s={search_term_string}\"},\"query-input\":{\"@type\":\"PropertyValueSpecification\",\"valueRequired\":true,\"valueName\":\"search_term_string\"}}],\"inLanguage\":\"pt-BR\"},{\"@type\":\"Person\",\"@id\":\"https:\/\/www.gaveanews.com\/#\/schema\/person\/2ec14f73fb96be2caf28f91afb14749d\",\"name\":\"Equipe G\u00e1vea News\",\"image\":{\"@type\":\"ImageObject\",\"inLanguage\":\"pt-BR\",\"@id\":\"https:\/\/www.gaveanews.com\/#\/schema\/person\/image\/\",\"url\":\"https:\/\/secure.gravatar.com\/avatar\/1e1956f1facbffd3f8fa53a326721950116b3b9dc9bd44939c01180fd4a745a9?s=96&d=mm&r=g\",\"contentUrl\":\"https:\/\/secure.gravatar.com\/avatar\/1e1956f1facbffd3f8fa53a326721950116b3b9dc9bd44939c01180fd4a745a9?s=96&d=mm&r=g\",\"caption\":\"Equipe G\u00e1vea News\"}}]}<\/script>\n<!-- \/ Yoast SEO Premium plugin. -->","yoast_head_json":{"title":"Goleiro do Flamengo e da sele\u00e7\u00e3o sub-17 \u00e9 empresariado por ex-Tottenham e j\u00e1 foi zagueiro","robots":{"index":"index","follow":"follow","max-snippet":"max-snippet:-1","max-image-preview":"max-image-preview:large","max-video-preview":"max-video-preview:-1"},"canonical":"https:\/\/www.gaveanews.com\/index.php\/2023\/03\/30\/goleiro-do-flamengo-e-da-selecao-sub-17-e-empresariado-por-ex-tottenham-e-ja-foi-zagueiro\/","og_locale":"pt_BR","og_type":"article","og_title":"Goleiro do Flamengo e da sele\u00e7\u00e3o sub-17 \u00e9 empresariado por ex-Tottenham e j\u00e1 foi zagueiro","og_description":"Um dos goleiros do Flamengo e da sele\u00e7\u00e3o brasileira sub-17, que estreia no Sul-Americano contra o Equador, nesta quinta-feira, Caio Albado Barone nunca havia usado luvas ou jogado debaixo das traves at\u00e9 seis anos atr\u00e1s. No entanto, um teste de uma semana como zagueiro nas categorias de base do Santos mudou a vida do jovem, [&hellip;]","og_url":"https:\/\/www.gaveanews.com\/index.php\/2023\/03\/30\/goleiro-do-flamengo-e-da-selecao-sub-17-e-empresariado-por-ex-tottenham-e-ja-foi-zagueiro\/","og_site_name":"G\u00e1vea News","article_publisher":"https:\/\/facebook.com\/gaveaNews\/","article_published_time":"2023-03-30T12:35:05+00:00","article_modified_time":"2023-03-30T12:35:07+00:00","og_image":[{"width":920,"height":368,"url":"https:\/\/www.gaveanews.com\/wp-content\/uploads\/Caio-Barone-durante-jogo-do-Flamengo-no-time-profissional.webp","type":"image\/jpeg"}],"author":"Equipe G\u00e1vea News","twitter_card":"summary_large_image","twitter_misc":{"Escrito por":"Equipe G\u00e1vea News","Est. tempo de leitura":"4 minutos"},"schema":{"@context":"https:\/\/schema.org","@graph":[{"@type":"NewsArticle","@id":"https:\/\/www.gaveanews.com\/index.php\/2023\/03\/30\/goleiro-do-flamengo-e-da-selecao-sub-17-e-empresariado-por-ex-tottenham-e-ja-foi-zagueiro\/#article","isPartOf":{"@id":"https:\/\/www.gaveanews.com\/index.php\/2023\/03\/30\/goleiro-do-flamengo-e-da-selecao-sub-17-e-empresariado-por-ex-tottenham-e-ja-foi-zagueiro\/"},"author":{"name":"Equipe G\u00e1vea News","@id":"https:\/\/www.gaveanews.com\/#\/schema\/person\/2ec14f73fb96be2caf28f91afb14749d"},"headline":"Goleiro do Flamengo e da sele\u00e7\u00e3o sub-17 \u00e9 empresariado por ex-Tottenham e j\u00e1 foi zagueiro","datePublished":"2023-03-30T12:35:05+00:00","dateModified":"2023-03-30T12:35:07+00:00","mainEntityOfPage":{"@id":"https:\/\/www.gaveanews.com\/index.php\/2023\/03\/30\/goleiro-do-flamengo-e-da-selecao-sub-17-e-empresariado-por-ex-tottenham-e-ja-foi-zagueiro\/"},"wordCount":684,"commentCount":0,"image":{"@id":"https:\/\/www.gaveanews.com\/index.php\/2023\/03\/30\/goleiro-do-flamengo-e-da-selecao-sub-17-e-empresariado-por-ex-tottenham-e-ja-foi-zagueiro\/#primaryimage"},"thumbnailUrl":"https:\/\/www.gaveanews.com\/wp-content\/uploads\/Caio-Barone-durante-jogo-do-Flamengo-no-time-profissional.webp","articleSection":["Flamengo"],"inLanguage":"pt-BR","potentialAction":[{"@type":"CommentAction","name":"Comment","target":["https:\/\/www.gaveanews.com\/index.php\/2023\/03\/30\/goleiro-do-flamengo-e-da-selecao-sub-17-e-empresariado-por-ex-tottenham-e-ja-foi-zagueiro\/#respond"]}],"copyrightYear":"2023","copyrightHolder":{"@id":"https:\/\/www.gaveanews.com\/#organization"}},{"@type":"WebPage","@id":"https:\/\/www.gaveanews.com\/index.php\/2023\/03\/30\/goleiro-do-flamengo-e-da-selecao-sub-17-e-empresariado-por-ex-tottenham-e-ja-foi-zagueiro\/","url":"https:\/\/www.gaveanews.com\/index.php\/2023\/03\/30\/goleiro-do-flamengo-e-da-selecao-sub-17-e-empresariado-por-ex-tottenham-e-ja-foi-zagueiro\/","name":"Goleiro do Flamengo e da sele\u00e7\u00e3o sub-17 \u00e9 empresariado por ex-Tottenham e j\u00e1 foi zagueiro","isPartOf":{"@id":"https:\/\/www.gaveanews.com\/#website"},"primaryImageOfPage":{"@id":"https:\/\/www.gaveanews.com\/index.php\/2023\/03\/30\/goleiro-do-flamengo-e-da-selecao-sub-17-e-empresariado-por-ex-tottenham-e-ja-foi-zagueiro\/#primaryimage"},"image":{"@id":"https:\/\/www.gaveanews.com\/index.php\/2023\/03\/30\/goleiro-do-flamengo-e-da-selecao-sub-17-e-empresariado-por-ex-tottenham-e-ja-foi-zagueiro\/#primaryimage"},"thumbnailUrl":"https:\/\/www.gaveanews.com\/wp-content\/uploads\/Caio-Barone-durante-jogo-do-Flamengo-no-time-profissional.webp","datePublished":"2023-03-30T12:35:05+00:00","dateModified":"2023-03-30T12:35:07+00:00","author":{"@id":"https:\/\/www.gaveanews.com\/#\/schema\/person\/2ec14f73fb96be2caf28f91afb14749d"},"breadcrumb":{"@id":"https:\/\/www.gaveanews.com\/index.php\/2023\/03\/30\/goleiro-do-flamengo-e-da-selecao-sub-17-e-empresariado-por-ex-tottenham-e-ja-foi-zagueiro\/#breadcrumb"},"inLanguage":"pt-BR","potentialAction":[{"@type":"ReadAction","target":["https:\/\/www.gaveanews.com\/index.php\/2023\/03\/30\/goleiro-do-flamengo-e-da-selecao-sub-17-e-empresariado-por-ex-tottenham-e-ja-foi-zagueiro\/"]}]},{"@type":"ImageObject","inLanguage":"pt-BR","@id":"https:\/\/www.gaveanews.com\/index.php\/2023\/03\/30\/goleiro-do-flamengo-e-da-selecao-sub-17-e-empresariado-por-ex-tottenham-e-ja-foi-zagueiro\/#primaryimage","url":"https:\/\/www.gaveanews.com\/wp-content\/uploads\/Caio-Barone-durante-jogo-do-Flamengo-no-time-profissional.webp","contentUrl":"https:\/\/www.gaveanews.com\/wp-content\/uploads\/Caio-Barone-durante-jogo-do-Flamengo-no-time-profissional.webp","width":920,"height":368,"caption":"Caio Barone durante jogo do Flamengo no time profissional (Foto: Gilvan de Souza\/Flamengo)"},{"@type":"BreadcrumbList","@id":"https:\/\/www.gaveanews.com\/index.php\/2023\/03\/30\/goleiro-do-flamengo-e-da-selecao-sub-17-e-empresariado-por-ex-tottenham-e-ja-foi-zagueiro\/#breadcrumb","itemListElement":[{"@type":"ListItem","position":1,"name":"Home","item":"https:\/\/www.gaveanews.com\/"},{"@type":"ListItem","position":2,"name":"Goleiro do Flamengo e da sele\u00e7\u00e3o sub-17 \u00e9 empresariado por ex-Tottenham e j\u00e1 foi zagueiro"}]},{"@type":"WebSite","@id":"https:\/\/www.gaveanews.com\/#website","url":"https:\/\/www.gaveanews.com\/","name":"G\u00e1vea News","description":"Veja todas as not\u00edcias sobre o Flamengo: Contrata\u00e7\u00f5es, categorias de base, resultados das partidas, tabela de classifica\u00e7\u00e3o, pr\u00f3ximos jogos!","potentialAction":[{"@type":"SearchAction","target":{"@type":"EntryPoint","urlTemplate":"https:\/\/www.gaveanews.com\/?s={search_term_string}"},"query-input":{"@type":"PropertyValueSpecification","valueRequired":true,"valueName":"search_term_string"}}],"inLanguage":"pt-BR"},{"@type":"Person","@id":"https:\/\/www.gaveanews.com\/#\/schema\/person\/2ec14f73fb96be2caf28f91afb14749d","name":"Equipe G\u00e1vea News","image":{"@type":"ImageObject","inLanguage":"pt-BR","@id":"https:\/\/www.gaveanews.com\/#\/schema\/person\/image\/","url":"https:\/\/secure.gravatar.com\/avatar\/1e1956f1facbffd3f8fa53a326721950116b3b9dc9bd44939c01180fd4a745a9?s=96&d=mm&r=g","contentUrl":"https:\/\/secure.gravatar.com\/avatar\/1e1956f1facbffd3f8fa53a326721950116b3b9dc9bd44939c01180fd4a745a9?s=96&d=mm&r=g","caption":"Equipe G\u00e1vea News"}}]}},"_links":{"self":[{"href":"https:\/\/www.gaveanews.com\/index.php\/wp-json\/wp\/v2\/posts\/96288","targetHints":{"allow":["GET"]}}],"collection":[{"href":"https:\/\/www.gaveanews.com\/index.php\/wp-json\/wp\/v2\/posts"}],"about":[{"href":"https:\/\/www.gaveanews.com\/index.php\/wp-json\/wp\/v2\/types\/post"}],"author":[{"embeddable":true,"href":"https:\/\/www.gaveanews.com\/index.php\/wp-json\/wp\/v2\/users\/1"}],"replies":[{"embeddable":true,"href":"https:\/\/www.gaveanews.com\/index.php\/wp-json\/wp\/v2\/comments?post=96288"}],"version-history":[{"count":0,"href":"https:\/\/www.gaveanews.com\/index.php\/wp-json\/wp\/v2\/posts\/96288\/revisions"}],"wp:featuredmedia":[{"embeddable":true,"href":"https:\/\/www.gaveanews.com\/index.php\/wp-json\/wp\/v2\/media\/96289"}],"wp:attachment":[{"href":"https:\/\/www.gaveanews.com\/index.php\/wp-json\/wp\/v2\/media?parent=96288"}],"wp:term":[{"taxonomy":"category","embeddable":true,"href":"https:\/\/www.gaveanews.com\/index.php\/wp-json\/wp\/v2\/categories?post=96288"},{"taxonomy":"post_tag","embeddable":true,"href":"https:\/\/www.gaveanews.com\/index.php\/wp-json\/wp\/v2\/tags?post=96288"}],"curies":[{"name":"wp","href":"https:\/\/api.w.org\/{rel}","templated":true}]}}