{"id":96292,"date":"2023-03-30T10:44:10","date_gmt":"2023-03-30T13:44:10","guid":{"rendered":"https:\/\/www.gaveanews.com\/?p=96292"},"modified":"2023-03-30T10:44:13","modified_gmt":"2023-03-30T13:44:13","slug":"everton-ribeiro-revela-incomodo-da-equipe-com-vazamento-das-escalacoes-do-flamengo","status":"publish","type":"post","link":"https:\/\/www.gaveanews.com\/index.php\/2023\/03\/30\/everton-ribeiro-revela-incomodo-da-equipe-com-vazamento-das-escalacoes-do-flamengo\/","title":{"rendered":"Everton Ribeiro revela inc\u00f4modo da equipe com vazamento das escala\u00e7\u00f5es do Flamengo"},"content":{"rendered":"\n<p>Os vazamentos de informa\u00e7\u00f5es internas, principalmente as escala\u00e7\u00f5es, tem trazido muito desconforto na equipe rubro-negra. <a href=\"https:\/\/www.gaveanews.com\/index.php\/2023\/03\/14\/vitor-pereira-mostra-incomodo-com-situacao-dos-bastidores-do-flamengo\/\">O t\u00e9cnico V\u00edtor Pereira j\u00e1 expressou sua indigna\u00e7\u00e3o com a situa\u00e7\u00e3o anteriormente<\/a> e busca uma estrat\u00e9gia para resolver o problema.<\/p>\n\n\n\n<ul class=\"wp-block-list\">\n<li><a href=\"https:\/\/www.gaveanews.com\/index.php\/2023\/03\/30\/arrascaeta-desfalca-o-flamengo-nas-finais-do-carioca-e-estreia-na-libertadores\/\">Arrascaeta desfalca o Flamengo nas finais do Carioca e na estreia pela Libertadores<\/a><\/li>\n<\/ul>\n\n\n\n<p>Al\u00e9m do treinador, os jogadores tamb\u00e9m se incomodam com o caso. Em entrevista coletiva concedida nesta quinta-feira (30), Everton Ribeiro revelou que o vazamento das escala\u00e7\u00f5es tamb\u00e9m atrapalham o elenco, embora n\u00e3o sejam totalmente determinantes para o desempenho do Flamengo nas partidas.<\/p>\n\n\n\n<p><em>\u2014 Isso incomoda. Acredita que n\u00e3o seja o motivo da gente n\u00e3o perder ou ganhar, mas atrapalha na parte de querer surpreender o advers\u00e1rio. O V\u00edtor Pereira vem alternando bastante a forma de divulgar o time. Ficamos sabendo na prele\u00e7\u00e3o ou ele passa o time dias antes. Est\u00e1 testando algumas coisas.<\/em><\/p>\n\n\n\n<p>O camisa 7 contou tamb\u00e9m que a escala\u00e7\u00e3o deste s\u00e1bado (01) ainda n\u00e3o foi definida por V\u00edtor Pereira, mas que os jogadores sabem o que precisam fazer caso entrem em campo.<\/p>\n\n\n\n<p>O jogo de ida pela final do Campeonato Carioca acontece \u00e0s 20h30 (hor\u00e1rio de Bras\u00edlia), no Maracan\u00e3. A decis\u00e3o do estadual fica para o domingo seguinte (09), \u00e0s 18h (Bras\u00edlia).<\/p>\n","protected":false},"excerpt":{"rendered":"<p>Os vazamentos de informa\u00e7\u00f5es internas, principalmente as escala\u00e7\u00f5es, tem trazido muito desconforto na equipe rubro-negra. O t\u00e9cnico V\u00edtor Pereira j\u00e1 expressou sua indigna\u00e7\u00e3o com a situa\u00e7\u00e3o anteriormente e busca uma estrat\u00e9gia para resolver o problema. Al\u00e9m do treinador, os jogadores tamb\u00e9m se incomodam com o caso. Em entrevista coletiva concedida nesta quinta-feira (30), Everton Ribeiro [&hellip;]<\/p>\n","protected":false},"author":4,"featured_media":96295,"comment_status":"open","ping_status":"closed","sticky":false,"template":"","format":"standard","meta":{"footnotes":""},"categories":[1],"tags":[],"class_list":["post-96292","post","type-post","status-publish","format-standard","has-post-thumbnail","hentry","category-flamengo"],"yoast_head":"<!-- This site is optimized with the Yoast SEO Premium plugin v24.2 (Yoast SEO v26.9) - https:\/\/yoast.com\/product\/yoast-seo-premium-wordpress\/ -->\n<title>Everton Ribeiro revela inc\u00f4modo da equipe com vazamento das escala\u00e7\u00f5es do Flamengo<\/title>\n<meta name=\"robots\" content=\"index, follow, max-snippet:-1, max-image-preview:large, max-video-preview:-1\" \/>\n<link rel=\"canonical\" href=\"https:\/\/www.gaveanews.com\/index.php\/2023\/03\/30\/everton-ribeiro-revela-incomodo-da-equipe-com-vazamento-das-escalacoes-do-flamengo\/\" \/>\n<meta property=\"og:locale\" content=\"pt_BR\" \/>\n<meta property=\"og:type\" content=\"article\" \/>\n<meta property=\"og:title\" content=\"Everton Ribeiro revela inc\u00f4modo da equipe com vazamento das escala\u00e7\u00f5es do Flamengo\" \/>\n<meta property=\"og:description\" content=\"Os vazamentos de informa\u00e7\u00f5es internas, principalmente as escala\u00e7\u00f5es, tem trazido muito desconforto na equipe rubro-negra. O t\u00e9cnico V\u00edtor Pereira j\u00e1 expressou sua indigna\u00e7\u00e3o com a situa\u00e7\u00e3o anteriormente e busca uma estrat\u00e9gia para resolver o problema. Al\u00e9m do treinador, os jogadores tamb\u00e9m se incomodam com o caso. Em entrevista coletiva concedida nesta quinta-feira (30), Everton Ribeiro [&hellip;]\" \/>\n<meta property=\"og:url\" content=\"https:\/\/www.gaveanews.com\/index.php\/2023\/03\/30\/everton-ribeiro-revela-incomodo-da-equipe-com-vazamento-das-escalacoes-do-flamengo\/\" \/>\n<meta property=\"og:site_name\" content=\"G\u00e1vea News\" \/>\n<meta property=\"article:publisher\" content=\"https:\/\/facebook.com\/gaveaNews\/\" \/>\n<meta property=\"article:published_time\" content=\"2023-03-30T13:44:10+00:00\" \/>\n<meta property=\"article:modified_time\" content=\"2023-03-30T13:44:13+00:00\" \/>\n<meta property=\"og:image\" content=\"https:\/\/www.gaveanews.com\/wp-content\/uploads\/everton-ribeiro-flamengo.webp\" \/>\n\t<meta property=\"og:image:width\" content=\"680\" \/>\n\t<meta property=\"og:image:height\" content=\"453\" \/>\n\t<meta property=\"og:image:type\" content=\"image\/jpeg\" \/>\n<meta name=\"author\" content=\"Let\u00edcia Gerheim\" \/>\n<meta name=\"twitter:card\" content=\"summary_large_image\" \/>\n<meta name=\"twitter:label1\" content=\"Escrito por\" \/>\n\t<meta name=\"twitter:data1\" content=\"Let\u00edcia Gerheim\" \/>\n\t<meta name=\"twitter:label2\" content=\"Est. tempo de leitura\" \/>\n\t<meta name=\"twitter:data2\" content=\"2 minutos\" \/>\n<script type=\"application\/ld+json\" class=\"yoast-schema-graph\">{\"@context\":\"https:\/\/schema.org\",\"@graph\":[{\"@type\":\"NewsArticle\",\"@id\":\"https:\/\/www.gaveanews.com\/index.php\/2023\/03\/30\/everton-ribeiro-revela-incomodo-da-equipe-com-vazamento-das-escalacoes-do-flamengo\/#article\",\"isPartOf\":{\"@id\":\"https:\/\/www.gaveanews.com\/index.php\/2023\/03\/30\/everton-ribeiro-revela-incomodo-da-equipe-com-vazamento-das-escalacoes-do-flamengo\/\"},\"author\":{\"name\":\"Let\u00edcia Gerheim\",\"@id\":\"https:\/\/www.gaveanews.com\/#\/schema\/person\/714c67050b836198af2450ba1c142a67\"},\"headline\":\"Everton Ribeiro revela inc\u00f4modo da equipe com vazamento das escala\u00e7\u00f5es do Flamengo\",\"datePublished\":\"2023-03-30T13:44:10+00:00\",\"dateModified\":\"2023-03-30T13:44:13+00:00\",\"mainEntityOfPage\":{\"@id\":\"https:\/\/www.gaveanews.com\/index.php\/2023\/03\/30\/everton-ribeiro-revela-incomodo-da-equipe-com-vazamento-das-escalacoes-do-flamengo\/\"},\"wordCount\":237,\"commentCount\":0,\"image\":{\"@id\":\"https:\/\/www.gaveanews.com\/index.php\/2023\/03\/30\/everton-ribeiro-revela-incomodo-da-equipe-com-vazamento-das-escalacoes-do-flamengo\/#primaryimage\"},\"thumbnailUrl\":\"https:\/\/www.gaveanews.com\/wp-content\/uploads\/everton-ribeiro-flamengo.webp\",\"articleSection\":[\"Flamengo\"],\"inLanguage\":\"pt-BR\",\"potentialAction\":[{\"@type\":\"CommentAction\",\"name\":\"Comment\",\"target\":[\"https:\/\/www.gaveanews.com\/index.php\/2023\/03\/30\/everton-ribeiro-revela-incomodo-da-equipe-com-vazamento-das-escalacoes-do-flamengo\/#respond\"]}],\"copyrightYear\":\"2023\",\"copyrightHolder\":{\"@id\":\"https:\/\/www.gaveanews.com\/#organization\"}},{\"@type\":\"WebPage\",\"@id\":\"https:\/\/www.gaveanews.com\/index.php\/2023\/03\/30\/everton-ribeiro-revela-incomodo-da-equipe-com-vazamento-das-escalacoes-do-flamengo\/\",\"url\":\"https:\/\/www.gaveanews.com\/index.php\/2023\/03\/30\/everton-ribeiro-revela-incomodo-da-equipe-com-vazamento-das-escalacoes-do-flamengo\/\",\"name\":\"Everton Ribeiro revela inc\u00f4modo da equipe com vazamento das escala\u00e7\u00f5es do Flamengo\",\"isPartOf\":{\"@id\":\"https:\/\/www.gaveanews.com\/#website\"},\"primaryImageOfPage\":{\"@id\":\"https:\/\/www.gaveanews.com\/index.php\/2023\/03\/30\/everton-ribeiro-revela-incomodo-da-equipe-com-vazamento-das-escalacoes-do-flamengo\/#primaryimage\"},\"image\":{\"@id\":\"https:\/\/www.gaveanews.com\/index.php\/2023\/03\/30\/everton-ribeiro-revela-incomodo-da-equipe-com-vazamento-das-escalacoes-do-flamengo\/#primaryimage\"},\"thumbnailUrl\":\"https:\/\/www.gaveanews.com\/wp-content\/uploads\/everton-ribeiro-flamengo.webp\",\"datePublished\":\"2023-03-30T13:44:10+00:00\",\"dateModified\":\"2023-03-30T13:44:13+00:00\",\"author\":{\"@id\":\"https:\/\/www.gaveanews.com\/#\/schema\/person\/714c67050b836198af2450ba1c142a67\"},\"breadcrumb\":{\"@id\":\"https:\/\/www.gaveanews.com\/index.php\/2023\/03\/30\/everton-ribeiro-revela-incomodo-da-equipe-com-vazamento-das-escalacoes-do-flamengo\/#breadcrumb\"},\"inLanguage\":\"pt-BR\",\"potentialAction\":[{\"@type\":\"ReadAction\",\"target\":[\"https:\/\/www.gaveanews.com\/index.php\/2023\/03\/30\/everton-ribeiro-revela-incomodo-da-equipe-com-vazamento-das-escalacoes-do-flamengo\/\"]}]},{\"@type\":\"ImageObject\",\"inLanguage\":\"pt-BR\",\"@id\":\"https:\/\/www.gaveanews.com\/index.php\/2023\/03\/30\/everton-ribeiro-revela-incomodo-da-equipe-com-vazamento-das-escalacoes-do-flamengo\/#primaryimage\",\"url\":\"https:\/\/www.gaveanews.com\/wp-content\/uploads\/everton-ribeiro-flamengo.webp\",\"contentUrl\":\"https:\/\/www.gaveanews.com\/wp-content\/uploads\/everton-ribeiro-flamengo.webp\",\"width\":680,\"height\":453,\"caption\":\"Everton Ribeiro em entrevista coletiva no Ninho do Urubu (Foto: Marcelo Cortes\/Flamengo)\"},{\"@type\":\"BreadcrumbList\",\"@id\":\"https:\/\/www.gaveanews.com\/index.php\/2023\/03\/30\/everton-ribeiro-revela-incomodo-da-equipe-com-vazamento-das-escalacoes-do-flamengo\/#breadcrumb\",\"itemListElement\":[{\"@type\":\"ListItem\",\"position\":1,\"name\":\"Home\",\"item\":\"https:\/\/www.gaveanews.com\/\"},{\"@type\":\"ListItem\",\"position\":2,\"name\":\"Everton Ribeiro revela inc\u00f4modo da equipe com vazamento das escala\u00e7\u00f5es do Flamengo\"}]},{\"@type\":\"WebSite\",\"@id\":\"https:\/\/www.gaveanews.com\/#website\",\"url\":\"https:\/\/www.gaveanews.com\/\",\"name\":\"G\u00e1vea News\",\"description\":\"Veja todas as not\u00edcias sobre o Flamengo: Contrata\u00e7\u00f5es, categorias de base, resultados das partidas, tabela de classifica\u00e7\u00e3o, pr\u00f3ximos jogos!\",\"potentialAction\":[{\"@type\":\"SearchAction\",\"target\":{\"@type\":\"EntryPoint\",\"urlTemplate\":\"https:\/\/www.gaveanews.com\/?s={search_term_string}\"},\"query-input\":{\"@type\":\"PropertyValueSpecification\",\"valueRequired\":true,\"valueName\":\"search_term_string\"}}],\"inLanguage\":\"pt-BR\"},{\"@type\":\"Person\",\"@id\":\"https:\/\/www.gaveanews.com\/#\/schema\/person\/714c67050b836198af2450ba1c142a67\",\"name\":\"Let\u00edcia Gerheim\",\"image\":{\"@type\":\"ImageObject\",\"inLanguage\":\"pt-BR\",\"@id\":\"https:\/\/www.gaveanews.com\/#\/schema\/person\/image\/\",\"url\":\"https:\/\/secure.gravatar.com\/avatar\/60734739c50fcebfbac509e2a826ccd0ff405c019bc73aab9354f19ecad1dcb4?s=96&d=mm&r=g\",\"contentUrl\":\"https:\/\/secure.gravatar.com\/avatar\/60734739c50fcebfbac509e2a826ccd0ff405c019bc73aab9354f19ecad1dcb4?s=96&d=mm&r=g\",\"caption\":\"Let\u00edcia Gerheim\"}}]}<\/script>\n<!-- \/ Yoast SEO Premium plugin. -->","yoast_head_json":{"title":"Everton Ribeiro revela inc\u00f4modo da equipe com vazamento das escala\u00e7\u00f5es do Flamengo","robots":{"index":"index","follow":"follow","max-snippet":"max-snippet:-1","max-image-preview":"max-image-preview:large","max-video-preview":"max-video-preview:-1"},"canonical":"https:\/\/www.gaveanews.com\/index.php\/2023\/03\/30\/everton-ribeiro-revela-incomodo-da-equipe-com-vazamento-das-escalacoes-do-flamengo\/","og_locale":"pt_BR","og_type":"article","og_title":"Everton Ribeiro revela inc\u00f4modo da equipe com vazamento das escala\u00e7\u00f5es do Flamengo","og_description":"Os vazamentos de informa\u00e7\u00f5es internas, principalmente as escala\u00e7\u00f5es, tem trazido muito desconforto na equipe rubro-negra. O t\u00e9cnico V\u00edtor Pereira j\u00e1 expressou sua indigna\u00e7\u00e3o com a situa\u00e7\u00e3o anteriormente e busca uma estrat\u00e9gia para resolver o problema. Al\u00e9m do treinador, os jogadores tamb\u00e9m se incomodam com o caso. Em entrevista coletiva concedida nesta quinta-feira (30), Everton Ribeiro [&hellip;]","og_url":"https:\/\/www.gaveanews.com\/index.php\/2023\/03\/30\/everton-ribeiro-revela-incomodo-da-equipe-com-vazamento-das-escalacoes-do-flamengo\/","og_site_name":"G\u00e1vea News","article_publisher":"https:\/\/facebook.com\/gaveaNews\/","article_published_time":"2023-03-30T13:44:10+00:00","article_modified_time":"2023-03-30T13:44:13+00:00","og_image":[{"width":680,"height":453,"url":"https:\/\/www.gaveanews.com\/wp-content\/uploads\/everton-ribeiro-flamengo.webp","type":"image\/jpeg"}],"author":"Let\u00edcia Gerheim","twitter_card":"summary_large_image","twitter_misc":{"Escrito por":"Let\u00edcia Gerheim","Est. tempo de leitura":"2 minutos"},"schema":{"@context":"https:\/\/schema.org","@graph":[{"@type":"NewsArticle","@id":"https:\/\/www.gaveanews.com\/index.php\/2023\/03\/30\/everton-ribeiro-revela-incomodo-da-equipe-com-vazamento-das-escalacoes-do-flamengo\/#article","isPartOf":{"@id":"https:\/\/www.gaveanews.com\/index.php\/2023\/03\/30\/everton-ribeiro-revela-incomodo-da-equipe-com-vazamento-das-escalacoes-do-flamengo\/"},"author":{"name":"Let\u00edcia Gerheim","@id":"https:\/\/www.gaveanews.com\/#\/schema\/person\/714c67050b836198af2450ba1c142a67"},"headline":"Everton Ribeiro revela inc\u00f4modo da equipe com vazamento das escala\u00e7\u00f5es do Flamengo","datePublished":"2023-03-30T13:44:10+00:00","dateModified":"2023-03-30T13:44:13+00:00","mainEntityOfPage":{"@id":"https:\/\/www.gaveanews.com\/index.php\/2023\/03\/30\/everton-ribeiro-revela-incomodo-da-equipe-com-vazamento-das-escalacoes-do-flamengo\/"},"wordCount":237,"commentCount":0,"image":{"@id":"https:\/\/www.gaveanews.com\/index.php\/2023\/03\/30\/everton-ribeiro-revela-incomodo-da-equipe-com-vazamento-das-escalacoes-do-flamengo\/#primaryimage"},"thumbnailUrl":"https:\/\/www.gaveanews.com\/wp-content\/uploads\/everton-ribeiro-flamengo.webp","articleSection":["Flamengo"],"inLanguage":"pt-BR","potentialAction":[{"@type":"CommentAction","name":"Comment","target":["https:\/\/www.gaveanews.com\/index.php\/2023\/03\/30\/everton-ribeiro-revela-incomodo-da-equipe-com-vazamento-das-escalacoes-do-flamengo\/#respond"]}],"copyrightYear":"2023","copyrightHolder":{"@id":"https:\/\/www.gaveanews.com\/#organization"}},{"@type":"WebPage","@id":"https:\/\/www.gaveanews.com\/index.php\/2023\/03\/30\/everton-ribeiro-revela-incomodo-da-equipe-com-vazamento-das-escalacoes-do-flamengo\/","url":"https:\/\/www.gaveanews.com\/index.php\/2023\/03\/30\/everton-ribeiro-revela-incomodo-da-equipe-com-vazamento-das-escalacoes-do-flamengo\/","name":"Everton Ribeiro revela inc\u00f4modo da equipe com vazamento das escala\u00e7\u00f5es do Flamengo","isPartOf":{"@id":"https:\/\/www.gaveanews.com\/#website"},"primaryImageOfPage":{"@id":"https:\/\/www.gaveanews.com\/index.php\/2023\/03\/30\/everton-ribeiro-revela-incomodo-da-equipe-com-vazamento-das-escalacoes-do-flamengo\/#primaryimage"},"image":{"@id":"https:\/\/www.gaveanews.com\/index.php\/2023\/03\/30\/everton-ribeiro-revela-incomodo-da-equipe-com-vazamento-das-escalacoes-do-flamengo\/#primaryimage"},"thumbnailUrl":"https:\/\/www.gaveanews.com\/wp-content\/uploads\/everton-ribeiro-flamengo.webp","datePublished":"2023-03-30T13:44:10+00:00","dateModified":"2023-03-30T13:44:13+00:00","author":{"@id":"https:\/\/www.gaveanews.com\/#\/schema\/person\/714c67050b836198af2450ba1c142a67"},"breadcrumb":{"@id":"https:\/\/www.gaveanews.com\/index.php\/2023\/03\/30\/everton-ribeiro-revela-incomodo-da-equipe-com-vazamento-das-escalacoes-do-flamengo\/#breadcrumb"},"inLanguage":"pt-BR","potentialAction":[{"@type":"ReadAction","target":["https:\/\/www.gaveanews.com\/index.php\/2023\/03\/30\/everton-ribeiro-revela-incomodo-da-equipe-com-vazamento-das-escalacoes-do-flamengo\/"]}]},{"@type":"ImageObject","inLanguage":"pt-BR","@id":"https:\/\/www.gaveanews.com\/index.php\/2023\/03\/30\/everton-ribeiro-revela-incomodo-da-equipe-com-vazamento-das-escalacoes-do-flamengo\/#primaryimage","url":"https:\/\/www.gaveanews.com\/wp-content\/uploads\/everton-ribeiro-flamengo.webp","contentUrl":"https:\/\/www.gaveanews.com\/wp-content\/uploads\/everton-ribeiro-flamengo.webp","width":680,"height":453,"caption":"Everton Ribeiro em entrevista coletiva no Ninho do Urubu (Foto: Marcelo Cortes\/Flamengo)"},{"@type":"BreadcrumbList","@id":"https:\/\/www.gaveanews.com\/index.php\/2023\/03\/30\/everton-ribeiro-revela-incomodo-da-equipe-com-vazamento-das-escalacoes-do-flamengo\/#breadcrumb","itemListElement":[{"@type":"ListItem","position":1,"name":"Home","item":"https:\/\/www.gaveanews.com\/"},{"@type":"ListItem","position":2,"name":"Everton Ribeiro revela inc\u00f4modo da equipe com vazamento das escala\u00e7\u00f5es do Flamengo"}]},{"@type":"WebSite","@id":"https:\/\/www.gaveanews.com\/#website","url":"https:\/\/www.gaveanews.com\/","name":"G\u00e1vea News","description":"Veja todas as not\u00edcias sobre o Flamengo: Contrata\u00e7\u00f5es, categorias de base, resultados das partidas, tabela de classifica\u00e7\u00e3o, pr\u00f3ximos jogos!","potentialAction":[{"@type":"SearchAction","target":{"@type":"EntryPoint","urlTemplate":"https:\/\/www.gaveanews.com\/?s={search_term_string}"},"query-input":{"@type":"PropertyValueSpecification","valueRequired":true,"valueName":"search_term_string"}}],"inLanguage":"pt-BR"},{"@type":"Person","@id":"https:\/\/www.gaveanews.com\/#\/schema\/person\/714c67050b836198af2450ba1c142a67","name":"Let\u00edcia Gerheim","image":{"@type":"ImageObject","inLanguage":"pt-BR","@id":"https:\/\/www.gaveanews.com\/#\/schema\/person\/image\/","url":"https:\/\/secure.gravatar.com\/avatar\/60734739c50fcebfbac509e2a826ccd0ff405c019bc73aab9354f19ecad1dcb4?s=96&d=mm&r=g","contentUrl":"https:\/\/secure.gravatar.com\/avatar\/60734739c50fcebfbac509e2a826ccd0ff405c019bc73aab9354f19ecad1dcb4?s=96&d=mm&r=g","caption":"Let\u00edcia Gerheim"}}]}},"_links":{"self":[{"href":"https:\/\/www.gaveanews.com\/index.php\/wp-json\/wp\/v2\/posts\/96292","targetHints":{"allow":["GET"]}}],"collection":[{"href":"https:\/\/www.gaveanews.com\/index.php\/wp-json\/wp\/v2\/posts"}],"about":[{"href":"https:\/\/www.gaveanews.com\/index.php\/wp-json\/wp\/v2\/types\/post"}],"author":[{"embeddable":true,"href":"https:\/\/www.gaveanews.com\/index.php\/wp-json\/wp\/v2\/users\/4"}],"replies":[{"embeddable":true,"href":"https:\/\/www.gaveanews.com\/index.php\/wp-json\/wp\/v2\/comments?post=96292"}],"version-history":[{"count":0,"href":"https:\/\/www.gaveanews.com\/index.php\/wp-json\/wp\/v2\/posts\/96292\/revisions"}],"wp:featuredmedia":[{"embeddable":true,"href":"https:\/\/www.gaveanews.com\/index.php\/wp-json\/wp\/v2\/media\/96295"}],"wp:attachment":[{"href":"https:\/\/www.gaveanews.com\/index.php\/wp-json\/wp\/v2\/media?parent=96292"}],"wp:term":[{"taxonomy":"category","embeddable":true,"href":"https:\/\/www.gaveanews.com\/index.php\/wp-json\/wp\/v2\/categories?post=96292"},{"taxonomy":"post_tag","embeddable":true,"href":"https:\/\/www.gaveanews.com\/index.php\/wp-json\/wp\/v2\/tags?post=96292"}],"curies":[{"name":"wp","href":"https:\/\/api.w.org\/{rel}","templated":true}]}}