{"id":96313,"date":"2023-03-30T14:45:36","date_gmt":"2023-03-30T17:45:36","guid":{"rendered":"https:\/\/www.gaveanews.com\/?p=96313"},"modified":"2023-03-30T14:45:39","modified_gmt":"2023-03-30T17:45:39","slug":"everton-ribeiro-demonstra-incomodo-na-reserva-do-flamengo","status":"publish","type":"post","link":"https:\/\/www.gaveanews.com\/index.php\/2023\/03\/30\/everton-ribeiro-demonstra-incomodo-na-reserva-do-flamengo\/","title":{"rendered":"Everton Ribeiro demonstra inc\u00f4modo na reserva do Flamengo"},"content":{"rendered":"\n<p>As mudan\u00e7as t\u00e1ticas do Flamengo neste come\u00e7o de temporada, sobretudo na adi\u00e7\u00e3o de um terceiro zagueiro nas escala\u00e7\u00f5es, esbo\u00e7am uma mudan\u00e7a de postura do elenco sob novo comando.<\/p>\n\n\n\n<p>Nestas altera\u00e7\u00f5es, um dos jogadores que mais perdeu espa\u00e7o foi Everton Ribeiro. Em entrevista concedida antes de um treino no Ninho do Urubu, o camisa 7 n\u00e3o escondeu seu descontentamento de ter ido para o banco em parte dos jogos neste come\u00e7o de temporada.<\/p>\n\n\n\n<p>O jogador, no entanto, refor\u00e7ou que mais importante do que sua presen\u00e7a entre os onze iniciais \u00e9 o desempenho do grupo como um todo e as vit\u00f3rias da equipe.<\/p>\n\n\n\n<p><em>\u2014\u00a0L\u00f3gico que eu queria estar jogando, mas a gente, n\u00e3o s\u00f3 eu, todos os jogadores querem estar entre os 11 iniciais. Para isso, temos que fazer o nosso trabalho, continuar treinando, continuar evoluindo e, quando entrar, ajudar a equipe a conquistar os resultados positivos.<\/em><\/p>\n\n\n\n<p>Com a <a href=\"https:\/\/www.gaveanews.com\/index.php\/2023\/03\/30\/arrascaeta-desfalca-o-flamengo-nas-finais-do-carioca-e-estreia-na-libertadores\/\">aus\u00eancia de Arrascaeta nos pr\u00f3ximos jogos,<\/a> Everton Ribeiro pode voltar a ganhar espa\u00e7o entre os titulares do Flamengo. A nova configura\u00e7\u00e3o do time poder\u00e1 ser vista neste s\u00e1bado (01), \u00e0s 20h30 (hor\u00e1rio de Bras\u00edlia), quando o Mais Querido encontra o Fluminense no jogo de ida pela final do Campeonato Carioca.<\/p>\n","protected":false},"excerpt":{"rendered":"<p>As mudan\u00e7as t\u00e1ticas do Flamengo neste come\u00e7o de temporada, sobretudo na adi\u00e7\u00e3o de um terceiro zagueiro nas escala\u00e7\u00f5es, esbo\u00e7am uma mudan\u00e7a de postura do elenco sob novo comando. Nestas altera\u00e7\u00f5es, um dos jogadores que mais perdeu espa\u00e7o foi Everton Ribeiro. Em entrevista concedida antes de um treino no Ninho do Urubu, o camisa 7 n\u00e3o [&hellip;]<\/p>\n","protected":false},"author":4,"featured_media":96295,"comment_status":"open","ping_status":"closed","sticky":false,"template":"","format":"standard","meta":{"footnotes":""},"categories":[1],"tags":[],"class_list":["post-96313","post","type-post","status-publish","format-standard","has-post-thumbnail","hentry","category-flamengo"],"yoast_head":"<!-- This site is optimized with the Yoast SEO Premium plugin v24.2 (Yoast SEO v26.9) - https:\/\/yoast.com\/product\/yoast-seo-premium-wordpress\/ -->\n<title>Everton Ribeiro demonstra inc\u00f4modo na reserva do Flamengo<\/title>\n<meta name=\"robots\" content=\"index, follow, max-snippet:-1, max-image-preview:large, max-video-preview:-1\" \/>\n<link rel=\"canonical\" href=\"https:\/\/www.gaveanews.com\/index.php\/2023\/03\/30\/everton-ribeiro-demonstra-incomodo-na-reserva-do-flamengo\/\" \/>\n<meta property=\"og:locale\" content=\"pt_BR\" \/>\n<meta property=\"og:type\" content=\"article\" \/>\n<meta property=\"og:title\" content=\"Everton Ribeiro demonstra inc\u00f4modo na reserva do Flamengo\" \/>\n<meta property=\"og:description\" content=\"As mudan\u00e7as t\u00e1ticas do Flamengo neste come\u00e7o de temporada, sobretudo na adi\u00e7\u00e3o de um terceiro zagueiro nas escala\u00e7\u00f5es, esbo\u00e7am uma mudan\u00e7a de postura do elenco sob novo comando. Nestas altera\u00e7\u00f5es, um dos jogadores que mais perdeu espa\u00e7o foi Everton Ribeiro. Em entrevista concedida antes de um treino no Ninho do Urubu, o camisa 7 n\u00e3o [&hellip;]\" \/>\n<meta property=\"og:url\" content=\"https:\/\/www.gaveanews.com\/index.php\/2023\/03\/30\/everton-ribeiro-demonstra-incomodo-na-reserva-do-flamengo\/\" \/>\n<meta property=\"og:site_name\" content=\"G\u00e1vea News\" \/>\n<meta property=\"article:publisher\" content=\"https:\/\/facebook.com\/gaveaNews\/\" \/>\n<meta property=\"article:published_time\" content=\"2023-03-30T17:45:36+00:00\" \/>\n<meta property=\"article:modified_time\" content=\"2023-03-30T17:45:39+00:00\" \/>\n<meta property=\"og:image\" content=\"https:\/\/www.gaveanews.com\/wp-content\/uploads\/everton-ribeiro-flamengo.webp\" \/>\n\t<meta property=\"og:image:width\" content=\"680\" \/>\n\t<meta property=\"og:image:height\" content=\"453\" \/>\n\t<meta property=\"og:image:type\" content=\"image\/jpeg\" \/>\n<meta name=\"author\" content=\"Let\u00edcia Gerheim\" \/>\n<meta name=\"twitter:card\" content=\"summary_large_image\" \/>\n<meta name=\"twitter:label1\" content=\"Escrito por\" \/>\n\t<meta name=\"twitter:data1\" content=\"Let\u00edcia Gerheim\" \/>\n\t<meta name=\"twitter:label2\" content=\"Est. tempo de leitura\" \/>\n\t<meta name=\"twitter:data2\" content=\"2 minutos\" \/>\n<script type=\"application\/ld+json\" class=\"yoast-schema-graph\">{\"@context\":\"https:\/\/schema.org\",\"@graph\":[{\"@type\":\"NewsArticle\",\"@id\":\"https:\/\/www.gaveanews.com\/index.php\/2023\/03\/30\/everton-ribeiro-demonstra-incomodo-na-reserva-do-flamengo\/#article\",\"isPartOf\":{\"@id\":\"https:\/\/www.gaveanews.com\/index.php\/2023\/03\/30\/everton-ribeiro-demonstra-incomodo-na-reserva-do-flamengo\/\"},\"author\":{\"name\":\"Let\u00edcia Gerheim\",\"@id\":\"https:\/\/www.gaveanews.com\/#\/schema\/person\/714c67050b836198af2450ba1c142a67\"},\"headline\":\"Everton Ribeiro demonstra inc\u00f4modo na reserva do Flamengo\",\"datePublished\":\"2023-03-30T17:45:36+00:00\",\"dateModified\":\"2023-03-30T17:45:39+00:00\",\"mainEntityOfPage\":{\"@id\":\"https:\/\/www.gaveanews.com\/index.php\/2023\/03\/30\/everton-ribeiro-demonstra-incomodo-na-reserva-do-flamengo\/\"},\"wordCount\":225,\"commentCount\":0,\"image\":{\"@id\":\"https:\/\/www.gaveanews.com\/index.php\/2023\/03\/30\/everton-ribeiro-demonstra-incomodo-na-reserva-do-flamengo\/#primaryimage\"},\"thumbnailUrl\":\"https:\/\/www.gaveanews.com\/wp-content\/uploads\/everton-ribeiro-flamengo.webp\",\"articleSection\":[\"Flamengo\"],\"inLanguage\":\"pt-BR\",\"potentialAction\":[{\"@type\":\"CommentAction\",\"name\":\"Comment\",\"target\":[\"https:\/\/www.gaveanews.com\/index.php\/2023\/03\/30\/everton-ribeiro-demonstra-incomodo-na-reserva-do-flamengo\/#respond\"]}],\"copyrightYear\":\"2023\",\"copyrightHolder\":{\"@id\":\"https:\/\/www.gaveanews.com\/#organization\"}},{\"@type\":\"WebPage\",\"@id\":\"https:\/\/www.gaveanews.com\/index.php\/2023\/03\/30\/everton-ribeiro-demonstra-incomodo-na-reserva-do-flamengo\/\",\"url\":\"https:\/\/www.gaveanews.com\/index.php\/2023\/03\/30\/everton-ribeiro-demonstra-incomodo-na-reserva-do-flamengo\/\",\"name\":\"Everton Ribeiro demonstra inc\u00f4modo na reserva do Flamengo\",\"isPartOf\":{\"@id\":\"https:\/\/www.gaveanews.com\/#website\"},\"primaryImageOfPage\":{\"@id\":\"https:\/\/www.gaveanews.com\/index.php\/2023\/03\/30\/everton-ribeiro-demonstra-incomodo-na-reserva-do-flamengo\/#primaryimage\"},\"image\":{\"@id\":\"https:\/\/www.gaveanews.com\/index.php\/2023\/03\/30\/everton-ribeiro-demonstra-incomodo-na-reserva-do-flamengo\/#primaryimage\"},\"thumbnailUrl\":\"https:\/\/www.gaveanews.com\/wp-content\/uploads\/everton-ribeiro-flamengo.webp\",\"datePublished\":\"2023-03-30T17:45:36+00:00\",\"dateModified\":\"2023-03-30T17:45:39+00:00\",\"author\":{\"@id\":\"https:\/\/www.gaveanews.com\/#\/schema\/person\/714c67050b836198af2450ba1c142a67\"},\"breadcrumb\":{\"@id\":\"https:\/\/www.gaveanews.com\/index.php\/2023\/03\/30\/everton-ribeiro-demonstra-incomodo-na-reserva-do-flamengo\/#breadcrumb\"},\"inLanguage\":\"pt-BR\",\"potentialAction\":[{\"@type\":\"ReadAction\",\"target\":[\"https:\/\/www.gaveanews.com\/index.php\/2023\/03\/30\/everton-ribeiro-demonstra-incomodo-na-reserva-do-flamengo\/\"]}]},{\"@type\":\"ImageObject\",\"inLanguage\":\"pt-BR\",\"@id\":\"https:\/\/www.gaveanews.com\/index.php\/2023\/03\/30\/everton-ribeiro-demonstra-incomodo-na-reserva-do-flamengo\/#primaryimage\",\"url\":\"https:\/\/www.gaveanews.com\/wp-content\/uploads\/everton-ribeiro-flamengo.webp\",\"contentUrl\":\"https:\/\/www.gaveanews.com\/wp-content\/uploads\/everton-ribeiro-flamengo.webp\",\"width\":680,\"height\":453,\"caption\":\"Everton Ribeiro em entrevista coletiva no Ninho do Urubu (Foto: Marcelo Cortes\/Flamengo)\"},{\"@type\":\"BreadcrumbList\",\"@id\":\"https:\/\/www.gaveanews.com\/index.php\/2023\/03\/30\/everton-ribeiro-demonstra-incomodo-na-reserva-do-flamengo\/#breadcrumb\",\"itemListElement\":[{\"@type\":\"ListItem\",\"position\":1,\"name\":\"Home\",\"item\":\"https:\/\/www.gaveanews.com\/\"},{\"@type\":\"ListItem\",\"position\":2,\"name\":\"Everton Ribeiro demonstra inc\u00f4modo na reserva do Flamengo\"}]},{\"@type\":\"WebSite\",\"@id\":\"https:\/\/www.gaveanews.com\/#website\",\"url\":\"https:\/\/www.gaveanews.com\/\",\"name\":\"G\u00e1vea News\",\"description\":\"Veja todas as not\u00edcias sobre o Flamengo: Contrata\u00e7\u00f5es, categorias de base, resultados das partidas, tabela de classifica\u00e7\u00e3o, pr\u00f3ximos jogos!\",\"potentialAction\":[{\"@type\":\"SearchAction\",\"target\":{\"@type\":\"EntryPoint\",\"urlTemplate\":\"https:\/\/www.gaveanews.com\/?s={search_term_string}\"},\"query-input\":{\"@type\":\"PropertyValueSpecification\",\"valueRequired\":true,\"valueName\":\"search_term_string\"}}],\"inLanguage\":\"pt-BR\"},{\"@type\":\"Person\",\"@id\":\"https:\/\/www.gaveanews.com\/#\/schema\/person\/714c67050b836198af2450ba1c142a67\",\"name\":\"Let\u00edcia Gerheim\",\"image\":{\"@type\":\"ImageObject\",\"inLanguage\":\"pt-BR\",\"@id\":\"https:\/\/www.gaveanews.com\/#\/schema\/person\/image\/\",\"url\":\"https:\/\/secure.gravatar.com\/avatar\/60734739c50fcebfbac509e2a826ccd0ff405c019bc73aab9354f19ecad1dcb4?s=96&d=mm&r=g\",\"contentUrl\":\"https:\/\/secure.gravatar.com\/avatar\/60734739c50fcebfbac509e2a826ccd0ff405c019bc73aab9354f19ecad1dcb4?s=96&d=mm&r=g\",\"caption\":\"Let\u00edcia Gerheim\"}}]}<\/script>\n<!-- \/ Yoast SEO Premium plugin. -->","yoast_head_json":{"title":"Everton Ribeiro demonstra inc\u00f4modo na reserva do Flamengo","robots":{"index":"index","follow":"follow","max-snippet":"max-snippet:-1","max-image-preview":"max-image-preview:large","max-video-preview":"max-video-preview:-1"},"canonical":"https:\/\/www.gaveanews.com\/index.php\/2023\/03\/30\/everton-ribeiro-demonstra-incomodo-na-reserva-do-flamengo\/","og_locale":"pt_BR","og_type":"article","og_title":"Everton Ribeiro demonstra inc\u00f4modo na reserva do Flamengo","og_description":"As mudan\u00e7as t\u00e1ticas do Flamengo neste come\u00e7o de temporada, sobretudo na adi\u00e7\u00e3o de um terceiro zagueiro nas escala\u00e7\u00f5es, esbo\u00e7am uma mudan\u00e7a de postura do elenco sob novo comando. Nestas altera\u00e7\u00f5es, um dos jogadores que mais perdeu espa\u00e7o foi Everton Ribeiro. Em entrevista concedida antes de um treino no Ninho do Urubu, o camisa 7 n\u00e3o [&hellip;]","og_url":"https:\/\/www.gaveanews.com\/index.php\/2023\/03\/30\/everton-ribeiro-demonstra-incomodo-na-reserva-do-flamengo\/","og_site_name":"G\u00e1vea News","article_publisher":"https:\/\/facebook.com\/gaveaNews\/","article_published_time":"2023-03-30T17:45:36+00:00","article_modified_time":"2023-03-30T17:45:39+00:00","og_image":[{"width":680,"height":453,"url":"https:\/\/www.gaveanews.com\/wp-content\/uploads\/everton-ribeiro-flamengo.webp","type":"image\/jpeg"}],"author":"Let\u00edcia Gerheim","twitter_card":"summary_large_image","twitter_misc":{"Escrito por":"Let\u00edcia Gerheim","Est. tempo de leitura":"2 minutos"},"schema":{"@context":"https:\/\/schema.org","@graph":[{"@type":"NewsArticle","@id":"https:\/\/www.gaveanews.com\/index.php\/2023\/03\/30\/everton-ribeiro-demonstra-incomodo-na-reserva-do-flamengo\/#article","isPartOf":{"@id":"https:\/\/www.gaveanews.com\/index.php\/2023\/03\/30\/everton-ribeiro-demonstra-incomodo-na-reserva-do-flamengo\/"},"author":{"name":"Let\u00edcia Gerheim","@id":"https:\/\/www.gaveanews.com\/#\/schema\/person\/714c67050b836198af2450ba1c142a67"},"headline":"Everton Ribeiro demonstra inc\u00f4modo na reserva do Flamengo","datePublished":"2023-03-30T17:45:36+00:00","dateModified":"2023-03-30T17:45:39+00:00","mainEntityOfPage":{"@id":"https:\/\/www.gaveanews.com\/index.php\/2023\/03\/30\/everton-ribeiro-demonstra-incomodo-na-reserva-do-flamengo\/"},"wordCount":225,"commentCount":0,"image":{"@id":"https:\/\/www.gaveanews.com\/index.php\/2023\/03\/30\/everton-ribeiro-demonstra-incomodo-na-reserva-do-flamengo\/#primaryimage"},"thumbnailUrl":"https:\/\/www.gaveanews.com\/wp-content\/uploads\/everton-ribeiro-flamengo.webp","articleSection":["Flamengo"],"inLanguage":"pt-BR","potentialAction":[{"@type":"CommentAction","name":"Comment","target":["https:\/\/www.gaveanews.com\/index.php\/2023\/03\/30\/everton-ribeiro-demonstra-incomodo-na-reserva-do-flamengo\/#respond"]}],"copyrightYear":"2023","copyrightHolder":{"@id":"https:\/\/www.gaveanews.com\/#organization"}},{"@type":"WebPage","@id":"https:\/\/www.gaveanews.com\/index.php\/2023\/03\/30\/everton-ribeiro-demonstra-incomodo-na-reserva-do-flamengo\/","url":"https:\/\/www.gaveanews.com\/index.php\/2023\/03\/30\/everton-ribeiro-demonstra-incomodo-na-reserva-do-flamengo\/","name":"Everton Ribeiro demonstra inc\u00f4modo na reserva do Flamengo","isPartOf":{"@id":"https:\/\/www.gaveanews.com\/#website"},"primaryImageOfPage":{"@id":"https:\/\/www.gaveanews.com\/index.php\/2023\/03\/30\/everton-ribeiro-demonstra-incomodo-na-reserva-do-flamengo\/#primaryimage"},"image":{"@id":"https:\/\/www.gaveanews.com\/index.php\/2023\/03\/30\/everton-ribeiro-demonstra-incomodo-na-reserva-do-flamengo\/#primaryimage"},"thumbnailUrl":"https:\/\/www.gaveanews.com\/wp-content\/uploads\/everton-ribeiro-flamengo.webp","datePublished":"2023-03-30T17:45:36+00:00","dateModified":"2023-03-30T17:45:39+00:00","author":{"@id":"https:\/\/www.gaveanews.com\/#\/schema\/person\/714c67050b836198af2450ba1c142a67"},"breadcrumb":{"@id":"https:\/\/www.gaveanews.com\/index.php\/2023\/03\/30\/everton-ribeiro-demonstra-incomodo-na-reserva-do-flamengo\/#breadcrumb"},"inLanguage":"pt-BR","potentialAction":[{"@type":"ReadAction","target":["https:\/\/www.gaveanews.com\/index.php\/2023\/03\/30\/everton-ribeiro-demonstra-incomodo-na-reserva-do-flamengo\/"]}]},{"@type":"ImageObject","inLanguage":"pt-BR","@id":"https:\/\/www.gaveanews.com\/index.php\/2023\/03\/30\/everton-ribeiro-demonstra-incomodo-na-reserva-do-flamengo\/#primaryimage","url":"https:\/\/www.gaveanews.com\/wp-content\/uploads\/everton-ribeiro-flamengo.webp","contentUrl":"https:\/\/www.gaveanews.com\/wp-content\/uploads\/everton-ribeiro-flamengo.webp","width":680,"height":453,"caption":"Everton Ribeiro em entrevista coletiva no Ninho do Urubu (Foto: Marcelo Cortes\/Flamengo)"},{"@type":"BreadcrumbList","@id":"https:\/\/www.gaveanews.com\/index.php\/2023\/03\/30\/everton-ribeiro-demonstra-incomodo-na-reserva-do-flamengo\/#breadcrumb","itemListElement":[{"@type":"ListItem","position":1,"name":"Home","item":"https:\/\/www.gaveanews.com\/"},{"@type":"ListItem","position":2,"name":"Everton Ribeiro demonstra inc\u00f4modo na reserva do Flamengo"}]},{"@type":"WebSite","@id":"https:\/\/www.gaveanews.com\/#website","url":"https:\/\/www.gaveanews.com\/","name":"G\u00e1vea News","description":"Veja todas as not\u00edcias sobre o Flamengo: Contrata\u00e7\u00f5es, categorias de base, resultados das partidas, tabela de classifica\u00e7\u00e3o, pr\u00f3ximos jogos!","potentialAction":[{"@type":"SearchAction","target":{"@type":"EntryPoint","urlTemplate":"https:\/\/www.gaveanews.com\/?s={search_term_string}"},"query-input":{"@type":"PropertyValueSpecification","valueRequired":true,"valueName":"search_term_string"}}],"inLanguage":"pt-BR"},{"@type":"Person","@id":"https:\/\/www.gaveanews.com\/#\/schema\/person\/714c67050b836198af2450ba1c142a67","name":"Let\u00edcia Gerheim","image":{"@type":"ImageObject","inLanguage":"pt-BR","@id":"https:\/\/www.gaveanews.com\/#\/schema\/person\/image\/","url":"https:\/\/secure.gravatar.com\/avatar\/60734739c50fcebfbac509e2a826ccd0ff405c019bc73aab9354f19ecad1dcb4?s=96&d=mm&r=g","contentUrl":"https:\/\/secure.gravatar.com\/avatar\/60734739c50fcebfbac509e2a826ccd0ff405c019bc73aab9354f19ecad1dcb4?s=96&d=mm&r=g","caption":"Let\u00edcia Gerheim"}}]}},"_links":{"self":[{"href":"https:\/\/www.gaveanews.com\/index.php\/wp-json\/wp\/v2\/posts\/96313","targetHints":{"allow":["GET"]}}],"collection":[{"href":"https:\/\/www.gaveanews.com\/index.php\/wp-json\/wp\/v2\/posts"}],"about":[{"href":"https:\/\/www.gaveanews.com\/index.php\/wp-json\/wp\/v2\/types\/post"}],"author":[{"embeddable":true,"href":"https:\/\/www.gaveanews.com\/index.php\/wp-json\/wp\/v2\/users\/4"}],"replies":[{"embeddable":true,"href":"https:\/\/www.gaveanews.com\/index.php\/wp-json\/wp\/v2\/comments?post=96313"}],"version-history":[{"count":0,"href":"https:\/\/www.gaveanews.com\/index.php\/wp-json\/wp\/v2\/posts\/96313\/revisions"}],"wp:featuredmedia":[{"embeddable":true,"href":"https:\/\/www.gaveanews.com\/index.php\/wp-json\/wp\/v2\/media\/96295"}],"wp:attachment":[{"href":"https:\/\/www.gaveanews.com\/index.php\/wp-json\/wp\/v2\/media?parent=96313"}],"wp:term":[{"taxonomy":"category","embeddable":true,"href":"https:\/\/www.gaveanews.com\/index.php\/wp-json\/wp\/v2\/categories?post=96313"},{"taxonomy":"post_tag","embeddable":true,"href":"https:\/\/www.gaveanews.com\/index.php\/wp-json\/wp\/v2\/tags?post=96313"}],"curies":[{"name":"wp","href":"https:\/\/api.w.org\/{rel}","templated":true}]}}