{"id":96322,"date":"2023-03-30T15:47:22","date_gmt":"2023-03-30T18:47:22","guid":{"rendered":"https:\/\/www.gaveanews.com\/?p=96322"},"modified":"2023-03-30T15:47:25","modified_gmt":"2023-03-30T18:47:25","slug":"copa-do-brasil-ceo-do-maringa-fala-sobre-venda-do-mando-de-campo-e-manda-recado-para-a-torcida-do-flamengo","status":"publish","type":"post","link":"https:\/\/www.gaveanews.com\/index.php\/2023\/03\/30\/copa-do-brasil-ceo-do-maringa-fala-sobre-venda-do-mando-de-campo-e-manda-recado-para-a-torcida-do-flamengo\/","title":{"rendered":"Copa do Brasil: CEO do Maring\u00e1 fala sobre venda do mando de campo e manda recado para a torcida do Flamengo"},"content":{"rendered":"\n<p>O Maring\u00e1 garante que o jogo de ida com o Flamengo, pela Copa do Brasil, ser\u00e1 em casa, no est\u00e1dio Willie Davids.<\/p>\n\n\n\n<p>Ap\u00f3s a defini\u00e7\u00e3o do confronto, em sorteio realizado na quarta-feira, o Tricolor recebeu pelo menos cinco propostas de empresas para levar a partida para outras cidades, com possibilidade de render em torno de R$ 5 milh\u00f5es aos cofres do clube. Por\u00e9m, a dire\u00e7\u00e3o deixa claro que n\u00e3o ir\u00e1 negociar o mando, at\u00e9 por respeito ao torcedor do Maring\u00e1.<\/p>\n\n\n\n<p><em>\u2014 N\u00e3o vai ter venda de mando de campo para outra cidade. \u00c9 um momento que esper\u00e1vamos ter esse jogo em Maring\u00e1, trazer um gigante do futebol mundial para Maring\u00e1. A gente jamais faria isso levando o jogo para outra cidade. Mando vai ser em Maring\u00e1, torcida do Maring\u00e1 e visitante do Flamengo <\/em>\u2013 disse Cl\u00e9rio J\u00fanior, CEO do Maring\u00e1 FC.<\/p>\n\n\n\n<p>Casa do Maring\u00e1, o est\u00e1dio Willie Davids \u00e9 municipal e tem capacidade liberada atualmente em pouco mais de 14 mil torcedores. O clube trabalha para ampliar a capacidade em mais 1,5 mil lugares, aproximadamente.<\/p>\n\n\n\n<p>Sobre os ingressos, o Maring\u00e1 aguarda a defini\u00e7\u00e3o da data e hor\u00e1rio do jogo para soltar mais informa\u00e7\u00f5es &#8211; a partida ser\u00e1 entre os dias 11 e 13 de abril. O que j\u00e1 est\u00e1 decidido pela diretoria do Dog\u00e3o \u00e9 que a torcida do Flamengo ficar\u00e1 com a cota destinada para visitante.<\/p>\n\n\n\n<p><em>\u2014 Isso \u00e9 importante deixar bem claro para o torcedor. O torcedor do Flamengo vai ter a oportunidade estar no est\u00e1dio, mas no setor visitante. Isso \u00e9 uma coisa que n\u00f3s vamos bater em cima, colocar como determina\u00e7\u00e3o. Vai ser uma festa muito linda do torcedor maringaense e do Maring\u00e1 Futebol Clube<\/em> \u2013 completou Cl\u00e9rio J\u00fanior.<\/p>\n\n\n\n<p>O Maring\u00e1 chegou \u00e0 terceira fase da Copa do Brasil ap\u00f3s eliminar o Sampaio Corr\u00eaa e o Marc\u00edlio Dias, ambos em casa. J\u00e1 o Flamengo entra nesta etapa da competi\u00e7\u00e3o, junto com outros 11 times. A ida ser\u00e1 no Willie Davids, e a volta ser\u00e1 no Maracan\u00e3.<\/p>\n\n\n\n<figure class=\"wp-block-image size-large\"><img decoding=\"async\" src=\"https:\/\/s2.glbimg.com\/NiDfDcyNd9p1V9w-WAKczxRnOCU=\/0x0:1280x853\/984x0\/smart\/filters:strip_icc()\/i.s3.glbimg.com\/v1\/AUTH_bc8228b6673f488aa253bbcb03c80ec5\/internal_photos\/bs\/2023\/Z\/3\/9BzC07Q0KuNegouvMcTQ\/whatsapp-image-2023-03-11-at-19.56.00.webp\" alt=\"\"\/><\/figure>\n\n\n\n<p>O Dog\u00e3o, como \u00e9 conhecido o Maring\u00e1, est\u00e1 na S\u00e9rie D do Brasileiro e j\u00e1 soma R$ 3,75 milh\u00f5es de premia\u00e7\u00e3o na Copa do Brasil. Quem avan\u00e7ar para as oitavas de final vai garantir outros R$ 3,3 milh\u00f5es de premia\u00e7\u00e3o.<\/p>\n\n\n\n<p>Retirado de: Globo Esporte<\/p>\n","protected":false},"excerpt":{"rendered":"<p>O Maring\u00e1 garante que o jogo de ida com o Flamengo, pela Copa do Brasil, ser\u00e1 em casa, no est\u00e1dio Willie Davids. Ap\u00f3s a defini\u00e7\u00e3o do confronto, em sorteio realizado na quarta-feira, o Tricolor recebeu pelo menos cinco propostas de empresas para levar a partida para outras cidades, com possibilidade de render em torno de [&hellip;]<\/p>\n","protected":false},"author":1,"featured_media":90823,"comment_status":"open","ping_status":"closed","sticky":false,"template":"","format":"standard","meta":{"footnotes":""},"categories":[1],"tags":[],"class_list":["post-96322","post","type-post","status-publish","format-standard","has-post-thumbnail","hentry","category-flamengo"],"yoast_head":"<!-- This site is optimized with the Yoast SEO Premium plugin v24.2 (Yoast SEO v26.9) - https:\/\/yoast.com\/product\/yoast-seo-premium-wordpress\/ -->\n<title>Copa do Brasil: CEO do Maring\u00e1 fala sobre venda do mando de campo e manda recado para a torcida do Flamengo<\/title>\n<meta name=\"robots\" content=\"index, follow, max-snippet:-1, max-image-preview:large, max-video-preview:-1\" \/>\n<link rel=\"canonical\" href=\"https:\/\/www.gaveanews.com\/index.php\/2023\/03\/30\/copa-do-brasil-ceo-do-maringa-fala-sobre-venda-do-mando-de-campo-e-manda-recado-para-a-torcida-do-flamengo\/\" \/>\n<meta property=\"og:locale\" content=\"pt_BR\" \/>\n<meta property=\"og:type\" content=\"article\" \/>\n<meta property=\"og:title\" content=\"Copa do Brasil: CEO do Maring\u00e1 fala sobre venda do mando de campo e manda recado para a torcida do Flamengo\" \/>\n<meta property=\"og:description\" content=\"O Maring\u00e1 garante que o jogo de ida com o Flamengo, pela Copa do Brasil, ser\u00e1 em casa, no est\u00e1dio Willie Davids. Ap\u00f3s a defini\u00e7\u00e3o do confronto, em sorteio realizado na quarta-feira, o Tricolor recebeu pelo menos cinco propostas de empresas para levar a partida para outras cidades, com possibilidade de render em torno de [&hellip;]\" \/>\n<meta property=\"og:url\" content=\"https:\/\/www.gaveanews.com\/index.php\/2023\/03\/30\/copa-do-brasil-ceo-do-maringa-fala-sobre-venda-do-mando-de-campo-e-manda-recado-para-a-torcida-do-flamengo\/\" \/>\n<meta property=\"og:site_name\" content=\"G\u00e1vea News\" \/>\n<meta property=\"article:publisher\" content=\"https:\/\/facebook.com\/gaveaNews\/\" \/>\n<meta property=\"article:published_time\" content=\"2023-03-30T18:47:22+00:00\" \/>\n<meta property=\"article:modified_time\" content=\"2023-03-30T18:47:25+00:00\" \/>\n<meta property=\"og:image\" content=\"https:\/\/www.gaveanews.com\/wp-content\/uploads\/taca-copa-do-brasil.webp\" \/>\n\t<meta property=\"og:image:width\" content=\"800\" \/>\n\t<meta property=\"og:image:height\" content=\"533\" \/>\n\t<meta property=\"og:image:type\" content=\"image\/jpeg\" \/>\n<meta name=\"author\" content=\"Equipe G\u00e1vea News\" \/>\n<meta name=\"twitter:card\" content=\"summary_large_image\" \/>\n<meta name=\"twitter:label1\" content=\"Escrito por\" \/>\n\t<meta name=\"twitter:data1\" content=\"Equipe G\u00e1vea News\" \/>\n\t<meta name=\"twitter:label2\" content=\"Est. tempo de leitura\" \/>\n\t<meta name=\"twitter:data2\" content=\"3 minutos\" \/>\n<script type=\"application\/ld+json\" class=\"yoast-schema-graph\">{\"@context\":\"https:\/\/schema.org\",\"@graph\":[{\"@type\":\"NewsArticle\",\"@id\":\"https:\/\/www.gaveanews.com\/index.php\/2023\/03\/30\/copa-do-brasil-ceo-do-maringa-fala-sobre-venda-do-mando-de-campo-e-manda-recado-para-a-torcida-do-flamengo\/#article\",\"isPartOf\":{\"@id\":\"https:\/\/www.gaveanews.com\/index.php\/2023\/03\/30\/copa-do-brasil-ceo-do-maringa-fala-sobre-venda-do-mando-de-campo-e-manda-recado-para-a-torcida-do-flamengo\/\"},\"author\":{\"name\":\"Equipe G\u00e1vea News\",\"@id\":\"https:\/\/www.gaveanews.com\/#\/schema\/person\/2ec14f73fb96be2caf28f91afb14749d\"},\"headline\":\"Copa do Brasil: CEO do Maring\u00e1 fala sobre venda do mando de campo e manda recado para a torcida do Flamengo\",\"datePublished\":\"2023-03-30T18:47:22+00:00\",\"dateModified\":\"2023-03-30T18:47:25+00:00\",\"mainEntityOfPage\":{\"@id\":\"https:\/\/www.gaveanews.com\/index.php\/2023\/03\/30\/copa-do-brasil-ceo-do-maringa-fala-sobre-venda-do-mando-de-campo-e-manda-recado-para-a-torcida-do-flamengo\/\"},\"wordCount\":408,\"commentCount\":0,\"image\":{\"@id\":\"https:\/\/www.gaveanews.com\/index.php\/2023\/03\/30\/copa-do-brasil-ceo-do-maringa-fala-sobre-venda-do-mando-de-campo-e-manda-recado-para-a-torcida-do-flamengo\/#primaryimage\"},\"thumbnailUrl\":\"https:\/\/www.gaveanews.com\/wp-content\/uploads\/taca-copa-do-brasil.webp\",\"articleSection\":[\"Flamengo\"],\"inLanguage\":\"pt-BR\",\"potentialAction\":[{\"@type\":\"CommentAction\",\"name\":\"Comment\",\"target\":[\"https:\/\/www.gaveanews.com\/index.php\/2023\/03\/30\/copa-do-brasil-ceo-do-maringa-fala-sobre-venda-do-mando-de-campo-e-manda-recado-para-a-torcida-do-flamengo\/#respond\"]}],\"copyrightYear\":\"2023\",\"copyrightHolder\":{\"@id\":\"https:\/\/www.gaveanews.com\/#organization\"}},{\"@type\":\"WebPage\",\"@id\":\"https:\/\/www.gaveanews.com\/index.php\/2023\/03\/30\/copa-do-brasil-ceo-do-maringa-fala-sobre-venda-do-mando-de-campo-e-manda-recado-para-a-torcida-do-flamengo\/\",\"url\":\"https:\/\/www.gaveanews.com\/index.php\/2023\/03\/30\/copa-do-brasil-ceo-do-maringa-fala-sobre-venda-do-mando-de-campo-e-manda-recado-para-a-torcida-do-flamengo\/\",\"name\":\"Copa do Brasil: CEO do Maring\u00e1 fala sobre venda do mando de campo e manda recado para a torcida do Flamengo\",\"isPartOf\":{\"@id\":\"https:\/\/www.gaveanews.com\/#website\"},\"primaryImageOfPage\":{\"@id\":\"https:\/\/www.gaveanews.com\/index.php\/2023\/03\/30\/copa-do-brasil-ceo-do-maringa-fala-sobre-venda-do-mando-de-campo-e-manda-recado-para-a-torcida-do-flamengo\/#primaryimage\"},\"image\":{\"@id\":\"https:\/\/www.gaveanews.com\/index.php\/2023\/03\/30\/copa-do-brasil-ceo-do-maringa-fala-sobre-venda-do-mando-de-campo-e-manda-recado-para-a-torcida-do-flamengo\/#primaryimage\"},\"thumbnailUrl\":\"https:\/\/www.gaveanews.com\/wp-content\/uploads\/taca-copa-do-brasil.webp\",\"datePublished\":\"2023-03-30T18:47:22+00:00\",\"dateModified\":\"2023-03-30T18:47:25+00:00\",\"author\":{\"@id\":\"https:\/\/www.gaveanews.com\/#\/schema\/person\/2ec14f73fb96be2caf28f91afb14749d\"},\"breadcrumb\":{\"@id\":\"https:\/\/www.gaveanews.com\/index.php\/2023\/03\/30\/copa-do-brasil-ceo-do-maringa-fala-sobre-venda-do-mando-de-campo-e-manda-recado-para-a-torcida-do-flamengo\/#breadcrumb\"},\"inLanguage\":\"pt-BR\",\"potentialAction\":[{\"@type\":\"ReadAction\",\"target\":[\"https:\/\/www.gaveanews.com\/index.php\/2023\/03\/30\/copa-do-brasil-ceo-do-maringa-fala-sobre-venda-do-mando-de-campo-e-manda-recado-para-a-torcida-do-flamengo\/\"]}]},{\"@type\":\"ImageObject\",\"inLanguage\":\"pt-BR\",\"@id\":\"https:\/\/www.gaveanews.com\/index.php\/2023\/03\/30\/copa-do-brasil-ceo-do-maringa-fala-sobre-venda-do-mando-de-campo-e-manda-recado-para-a-torcida-do-flamengo\/#primaryimage\",\"url\":\"https:\/\/www.gaveanews.com\/wp-content\/uploads\/taca-copa-do-brasil.webp\",\"contentUrl\":\"https:\/\/www.gaveanews.com\/wp-content\/uploads\/taca-copa-do-brasil.webp\",\"width\":800,\"height\":533,\"caption\":\"Ta\u00e7a da Copa do Brasil (Foto: Marcelo Cortes\/Flamengo)\"},{\"@type\":\"BreadcrumbList\",\"@id\":\"https:\/\/www.gaveanews.com\/index.php\/2023\/03\/30\/copa-do-brasil-ceo-do-maringa-fala-sobre-venda-do-mando-de-campo-e-manda-recado-para-a-torcida-do-flamengo\/#breadcrumb\",\"itemListElement\":[{\"@type\":\"ListItem\",\"position\":1,\"name\":\"Home\",\"item\":\"https:\/\/www.gaveanews.com\/\"},{\"@type\":\"ListItem\",\"position\":2,\"name\":\"Copa do Brasil: CEO do Maring\u00e1 fala sobre venda do mando de campo e manda recado para a torcida do Flamengo\"}]},{\"@type\":\"WebSite\",\"@id\":\"https:\/\/www.gaveanews.com\/#website\",\"url\":\"https:\/\/www.gaveanews.com\/\",\"name\":\"G\u00e1vea News\",\"description\":\"Veja todas as not\u00edcias sobre o Flamengo: Contrata\u00e7\u00f5es, categorias de base, resultados das partidas, tabela de classifica\u00e7\u00e3o, pr\u00f3ximos jogos!\",\"potentialAction\":[{\"@type\":\"SearchAction\",\"target\":{\"@type\":\"EntryPoint\",\"urlTemplate\":\"https:\/\/www.gaveanews.com\/?s={search_term_string}\"},\"query-input\":{\"@type\":\"PropertyValueSpecification\",\"valueRequired\":true,\"valueName\":\"search_term_string\"}}],\"inLanguage\":\"pt-BR\"},{\"@type\":\"Person\",\"@id\":\"https:\/\/www.gaveanews.com\/#\/schema\/person\/2ec14f73fb96be2caf28f91afb14749d\",\"name\":\"Equipe G\u00e1vea News\",\"image\":{\"@type\":\"ImageObject\",\"inLanguage\":\"pt-BR\",\"@id\":\"https:\/\/www.gaveanews.com\/#\/schema\/person\/image\/\",\"url\":\"https:\/\/secure.gravatar.com\/avatar\/1e1956f1facbffd3f8fa53a326721950116b3b9dc9bd44939c01180fd4a745a9?s=96&d=mm&r=g\",\"contentUrl\":\"https:\/\/secure.gravatar.com\/avatar\/1e1956f1facbffd3f8fa53a326721950116b3b9dc9bd44939c01180fd4a745a9?s=96&d=mm&r=g\",\"caption\":\"Equipe G\u00e1vea News\"}}]}<\/script>\n<!-- \/ Yoast SEO Premium plugin. -->","yoast_head_json":{"title":"Copa do Brasil: CEO do Maring\u00e1 fala sobre venda do mando de campo e manda recado para a torcida do Flamengo","robots":{"index":"index","follow":"follow","max-snippet":"max-snippet:-1","max-image-preview":"max-image-preview:large","max-video-preview":"max-video-preview:-1"},"canonical":"https:\/\/www.gaveanews.com\/index.php\/2023\/03\/30\/copa-do-brasil-ceo-do-maringa-fala-sobre-venda-do-mando-de-campo-e-manda-recado-para-a-torcida-do-flamengo\/","og_locale":"pt_BR","og_type":"article","og_title":"Copa do Brasil: CEO do Maring\u00e1 fala sobre venda do mando de campo e manda recado para a torcida do Flamengo","og_description":"O Maring\u00e1 garante que o jogo de ida com o Flamengo, pela Copa do Brasil, ser\u00e1 em casa, no est\u00e1dio Willie Davids. Ap\u00f3s a defini\u00e7\u00e3o do confronto, em sorteio realizado na quarta-feira, o Tricolor recebeu pelo menos cinco propostas de empresas para levar a partida para outras cidades, com possibilidade de render em torno de [&hellip;]","og_url":"https:\/\/www.gaveanews.com\/index.php\/2023\/03\/30\/copa-do-brasil-ceo-do-maringa-fala-sobre-venda-do-mando-de-campo-e-manda-recado-para-a-torcida-do-flamengo\/","og_site_name":"G\u00e1vea News","article_publisher":"https:\/\/facebook.com\/gaveaNews\/","article_published_time":"2023-03-30T18:47:22+00:00","article_modified_time":"2023-03-30T18:47:25+00:00","og_image":[{"width":800,"height":533,"url":"https:\/\/www.gaveanews.com\/wp-content\/uploads\/taca-copa-do-brasil.webp","type":"image\/jpeg"}],"author":"Equipe G\u00e1vea News","twitter_card":"summary_large_image","twitter_misc":{"Escrito por":"Equipe G\u00e1vea News","Est. tempo de leitura":"3 minutos"},"schema":{"@context":"https:\/\/schema.org","@graph":[{"@type":"NewsArticle","@id":"https:\/\/www.gaveanews.com\/index.php\/2023\/03\/30\/copa-do-brasil-ceo-do-maringa-fala-sobre-venda-do-mando-de-campo-e-manda-recado-para-a-torcida-do-flamengo\/#article","isPartOf":{"@id":"https:\/\/www.gaveanews.com\/index.php\/2023\/03\/30\/copa-do-brasil-ceo-do-maringa-fala-sobre-venda-do-mando-de-campo-e-manda-recado-para-a-torcida-do-flamengo\/"},"author":{"name":"Equipe G\u00e1vea News","@id":"https:\/\/www.gaveanews.com\/#\/schema\/person\/2ec14f73fb96be2caf28f91afb14749d"},"headline":"Copa do Brasil: CEO do Maring\u00e1 fala sobre venda do mando de campo e manda recado para a torcida do Flamengo","datePublished":"2023-03-30T18:47:22+00:00","dateModified":"2023-03-30T18:47:25+00:00","mainEntityOfPage":{"@id":"https:\/\/www.gaveanews.com\/index.php\/2023\/03\/30\/copa-do-brasil-ceo-do-maringa-fala-sobre-venda-do-mando-de-campo-e-manda-recado-para-a-torcida-do-flamengo\/"},"wordCount":408,"commentCount":0,"image":{"@id":"https:\/\/www.gaveanews.com\/index.php\/2023\/03\/30\/copa-do-brasil-ceo-do-maringa-fala-sobre-venda-do-mando-de-campo-e-manda-recado-para-a-torcida-do-flamengo\/#primaryimage"},"thumbnailUrl":"https:\/\/www.gaveanews.com\/wp-content\/uploads\/taca-copa-do-brasil.webp","articleSection":["Flamengo"],"inLanguage":"pt-BR","potentialAction":[{"@type":"CommentAction","name":"Comment","target":["https:\/\/www.gaveanews.com\/index.php\/2023\/03\/30\/copa-do-brasil-ceo-do-maringa-fala-sobre-venda-do-mando-de-campo-e-manda-recado-para-a-torcida-do-flamengo\/#respond"]}],"copyrightYear":"2023","copyrightHolder":{"@id":"https:\/\/www.gaveanews.com\/#organization"}},{"@type":"WebPage","@id":"https:\/\/www.gaveanews.com\/index.php\/2023\/03\/30\/copa-do-brasil-ceo-do-maringa-fala-sobre-venda-do-mando-de-campo-e-manda-recado-para-a-torcida-do-flamengo\/","url":"https:\/\/www.gaveanews.com\/index.php\/2023\/03\/30\/copa-do-brasil-ceo-do-maringa-fala-sobre-venda-do-mando-de-campo-e-manda-recado-para-a-torcida-do-flamengo\/","name":"Copa do Brasil: CEO do Maring\u00e1 fala sobre venda do mando de campo e manda recado para a torcida do Flamengo","isPartOf":{"@id":"https:\/\/www.gaveanews.com\/#website"},"primaryImageOfPage":{"@id":"https:\/\/www.gaveanews.com\/index.php\/2023\/03\/30\/copa-do-brasil-ceo-do-maringa-fala-sobre-venda-do-mando-de-campo-e-manda-recado-para-a-torcida-do-flamengo\/#primaryimage"},"image":{"@id":"https:\/\/www.gaveanews.com\/index.php\/2023\/03\/30\/copa-do-brasil-ceo-do-maringa-fala-sobre-venda-do-mando-de-campo-e-manda-recado-para-a-torcida-do-flamengo\/#primaryimage"},"thumbnailUrl":"https:\/\/www.gaveanews.com\/wp-content\/uploads\/taca-copa-do-brasil.webp","datePublished":"2023-03-30T18:47:22+00:00","dateModified":"2023-03-30T18:47:25+00:00","author":{"@id":"https:\/\/www.gaveanews.com\/#\/schema\/person\/2ec14f73fb96be2caf28f91afb14749d"},"breadcrumb":{"@id":"https:\/\/www.gaveanews.com\/index.php\/2023\/03\/30\/copa-do-brasil-ceo-do-maringa-fala-sobre-venda-do-mando-de-campo-e-manda-recado-para-a-torcida-do-flamengo\/#breadcrumb"},"inLanguage":"pt-BR","potentialAction":[{"@type":"ReadAction","target":["https:\/\/www.gaveanews.com\/index.php\/2023\/03\/30\/copa-do-brasil-ceo-do-maringa-fala-sobre-venda-do-mando-de-campo-e-manda-recado-para-a-torcida-do-flamengo\/"]}]},{"@type":"ImageObject","inLanguage":"pt-BR","@id":"https:\/\/www.gaveanews.com\/index.php\/2023\/03\/30\/copa-do-brasil-ceo-do-maringa-fala-sobre-venda-do-mando-de-campo-e-manda-recado-para-a-torcida-do-flamengo\/#primaryimage","url":"https:\/\/www.gaveanews.com\/wp-content\/uploads\/taca-copa-do-brasil.webp","contentUrl":"https:\/\/www.gaveanews.com\/wp-content\/uploads\/taca-copa-do-brasil.webp","width":800,"height":533,"caption":"Ta\u00e7a da Copa do Brasil (Foto: Marcelo Cortes\/Flamengo)"},{"@type":"BreadcrumbList","@id":"https:\/\/www.gaveanews.com\/index.php\/2023\/03\/30\/copa-do-brasil-ceo-do-maringa-fala-sobre-venda-do-mando-de-campo-e-manda-recado-para-a-torcida-do-flamengo\/#breadcrumb","itemListElement":[{"@type":"ListItem","position":1,"name":"Home","item":"https:\/\/www.gaveanews.com\/"},{"@type":"ListItem","position":2,"name":"Copa do Brasil: CEO do Maring\u00e1 fala sobre venda do mando de campo e manda recado para a torcida do Flamengo"}]},{"@type":"WebSite","@id":"https:\/\/www.gaveanews.com\/#website","url":"https:\/\/www.gaveanews.com\/","name":"G\u00e1vea News","description":"Veja todas as not\u00edcias sobre o Flamengo: Contrata\u00e7\u00f5es, categorias de base, resultados das partidas, tabela de classifica\u00e7\u00e3o, pr\u00f3ximos jogos!","potentialAction":[{"@type":"SearchAction","target":{"@type":"EntryPoint","urlTemplate":"https:\/\/www.gaveanews.com\/?s={search_term_string}"},"query-input":{"@type":"PropertyValueSpecification","valueRequired":true,"valueName":"search_term_string"}}],"inLanguage":"pt-BR"},{"@type":"Person","@id":"https:\/\/www.gaveanews.com\/#\/schema\/person\/2ec14f73fb96be2caf28f91afb14749d","name":"Equipe G\u00e1vea News","image":{"@type":"ImageObject","inLanguage":"pt-BR","@id":"https:\/\/www.gaveanews.com\/#\/schema\/person\/image\/","url":"https:\/\/secure.gravatar.com\/avatar\/1e1956f1facbffd3f8fa53a326721950116b3b9dc9bd44939c01180fd4a745a9?s=96&d=mm&r=g","contentUrl":"https:\/\/secure.gravatar.com\/avatar\/1e1956f1facbffd3f8fa53a326721950116b3b9dc9bd44939c01180fd4a745a9?s=96&d=mm&r=g","caption":"Equipe G\u00e1vea News"}}]}},"_links":{"self":[{"href":"https:\/\/www.gaveanews.com\/index.php\/wp-json\/wp\/v2\/posts\/96322","targetHints":{"allow":["GET"]}}],"collection":[{"href":"https:\/\/www.gaveanews.com\/index.php\/wp-json\/wp\/v2\/posts"}],"about":[{"href":"https:\/\/www.gaveanews.com\/index.php\/wp-json\/wp\/v2\/types\/post"}],"author":[{"embeddable":true,"href":"https:\/\/www.gaveanews.com\/index.php\/wp-json\/wp\/v2\/users\/1"}],"replies":[{"embeddable":true,"href":"https:\/\/www.gaveanews.com\/index.php\/wp-json\/wp\/v2\/comments?post=96322"}],"version-history":[{"count":0,"href":"https:\/\/www.gaveanews.com\/index.php\/wp-json\/wp\/v2\/posts\/96322\/revisions"}],"wp:featuredmedia":[{"embeddable":true,"href":"https:\/\/www.gaveanews.com\/index.php\/wp-json\/wp\/v2\/media\/90823"}],"wp:attachment":[{"href":"https:\/\/www.gaveanews.com\/index.php\/wp-json\/wp\/v2\/media?parent=96322"}],"wp:term":[{"taxonomy":"category","embeddable":true,"href":"https:\/\/www.gaveanews.com\/index.php\/wp-json\/wp\/v2\/categories?post=96322"},{"taxonomy":"post_tag","embeddable":true,"href":"https:\/\/www.gaveanews.com\/index.php\/wp-json\/wp\/v2\/tags?post=96322"}],"curies":[{"name":"wp","href":"https:\/\/api.w.org\/{rel}","templated":true}]}}