{"id":96339,"date":"2023-03-31T07:29:04","date_gmt":"2023-03-31T10:29:04","guid":{"rendered":"https:\/\/www.gaveanews.com\/?p=96339"},"modified":"2023-03-31T07:29:07","modified_gmt":"2023-03-31T10:29:07","slug":"filipe-luis-do-flamengo-cogita-tomar-atitude-surpreendente-sobre-a-sua-carreira","status":"publish","type":"post","link":"https:\/\/www.gaveanews.com\/index.php\/2023\/03\/31\/filipe-luis-do-flamengo-cogita-tomar-atitude-surpreendente-sobre-a-sua-carreira\/","title":{"rendered":"Filipe Lu\u00eds, do Flamengo, cogita tomar atitude surpreendente sobre a sua carreira"},"content":{"rendered":"\n<p>Filipe Lu\u00eds vai se aposentar? Sem atuar desde o dia 2 de janeiro, o lateral-esquerdo de 37 anos cogita pendurar as chuteiras ap\u00f3s o Campeonato Carioca. Uma das lideran\u00e7as do time desde 2019, o defensor vem sofrendo importantes les\u00f5es desde o ano passado.<\/p>\n\n\n\n<p>O Torcedores apurou que Filipe Lu\u00eds recebeu convites para integrar a comiss\u00e3o t\u00e9cnica de V\u00edtor Pereira, mas n\u00e3o se empolgou porque ainda avalia a possibilidade de jogar at\u00e9 o fim do ano. Uma coisa \u00e9 certa: ele n\u00e3o renovar\u00e1 o contrato que expira no dia 31 de dezembro.<\/p>\n\n\n\n<p>A decis\u00e3o sobre a continuidade da carreira deve ser tomada ap\u00f3s o Campeonato Carioca. Filipe Lu\u00eds est\u00e1 incomodado com as seguidas les\u00f5es. A \u00faltima, por exemplo, o impediu de disputar o Mundial de Clubes da Fifa.<\/p>\n\n\n\n<p>Embora esteja recuperado de uma les\u00e3o na f\u00e1scia plantar, o defensor ainda n\u00e3o est\u00e1 100% fisicamente. Ele foi relacionado pelo t\u00e9cnico V\u00edtor Pereira para o cl\u00e1ssico contra o Vasco no \u00faltimo dia 19. Por\u00e9m, o atleta n\u00e3o saiu do banco de reservas na vit\u00f3ria por 3 a 1 sobre o rival.<\/p>\n\n\n\n<p>Ainda segundo apurou a reportagem, Filipe Lu\u00eds trata a aposentadoria como uma possibilidade real. Pessoas pr\u00f3ximas ao atleta afirmaram que o jogador deseja se despedir do futebol com a conquista de mais um t\u00edtulo com a camisa rubro-negra.<\/p>\n\n\n\n<p>A aposentadoria nunca assustou o camisa 16, que j\u00e1 direciona seguir no futebol ap\u00f3s pendurar as chuteiras. Desde 2020, o lateral-esquerdo vem fazendo os cursos oficiais da Confedera\u00e7\u00e3o Brasileira de Futebol a fim de obter a Licen\u00e7a Pro.<\/p>\n\n\n\n<h2 class=\"wp-block-heading\" id=\"h-filipe-luis-quer-ser-tecnico-do-flamengo\">Filipe Lu\u00eds quer ser t\u00e9cnico do Flamengo<\/h2>\n\n\n\n<p>Filipe Lu\u00eds, que vive os \u00faltimos momentos da carreira, nunca escondeu o desejo de ser treinador do Flamengo ap\u00f3s se aposentar. Em entrevista recente ao podcast oficial da Copa Libertadores da Am\u00e9rica.<\/p>\n\n\n\n<p><em>\u2014 Falei para ele que vou ser treinador do Flamengo, ele j\u00e1 vai estar com 30 e poucos anos e vai para o banco. Ele falou \u2018eu vou jogar, sen\u00e3o tu vai cair\u2019. Disse que ele teria que jogar (render) ent\u00e3o<\/em>, revelou Filipe Lu\u00eds.<\/p>\n\n\n\n<p>No Flamengo desde 2019, Filipe Lu\u00eds \u00e9 um dos maiores \u00eddolos da hist\u00f3ria recente do clube. Desde ent\u00e3o, ele conquistou a Recopa Sul-Americana (2020), a Copa Libertadores da Am\u00e9rica (2019 e 2022), a Supercopa do Brasil (2020 e 2021), o Campeonato Brasileiro (2019 e 2020), a Copa do Brasil (2022) e o Campeonato Carioca (2020 e 2021).<\/p>\n\n\n\n<p>Retirado de: Torcedores<\/p>\n","protected":false},"excerpt":{"rendered":"<p>Filipe Lu\u00eds vai se aposentar? Sem atuar desde o dia 2 de janeiro, o lateral-esquerdo de 37 anos cogita pendurar as chuteiras ap\u00f3s o Campeonato Carioca. Uma das lideran\u00e7as do time desde 2019, o defensor vem sofrendo importantes les\u00f5es desde o ano passado. O Torcedores apurou que Filipe Lu\u00eds recebeu convites para integrar a comiss\u00e3o [&hellip;]<\/p>\n","protected":false},"author":1,"featured_media":60616,"comment_status":"open","ping_status":"closed","sticky":false,"template":"","format":"standard","meta":{"footnotes":""},"categories":[1],"tags":[],"class_list":["post-96339","post","type-post","status-publish","format-standard","has-post-thumbnail","hentry","category-flamengo"],"yoast_head":"<!-- This site is optimized with the Yoast SEO Premium plugin v24.2 (Yoast SEO v26.9) - https:\/\/yoast.com\/product\/yoast-seo-premium-wordpress\/ -->\n<title>Filipe Lu\u00eds, do Flamengo, cogita tomar atitude surpreendente sobre a sua carreira<\/title>\n<meta name=\"robots\" content=\"index, follow, max-snippet:-1, max-image-preview:large, max-video-preview:-1\" \/>\n<link rel=\"canonical\" href=\"https:\/\/www.gaveanews.com\/index.php\/2023\/03\/31\/filipe-luis-do-flamengo-cogita-tomar-atitude-surpreendente-sobre-a-sua-carreira\/\" \/>\n<meta property=\"og:locale\" content=\"pt_BR\" \/>\n<meta property=\"og:type\" content=\"article\" \/>\n<meta property=\"og:title\" content=\"Filipe Lu\u00eds, do Flamengo, cogita tomar atitude surpreendente sobre a sua carreira\" \/>\n<meta property=\"og:description\" content=\"Filipe Lu\u00eds vai se aposentar? Sem atuar desde o dia 2 de janeiro, o lateral-esquerdo de 37 anos cogita pendurar as chuteiras ap\u00f3s o Campeonato Carioca. Uma das lideran\u00e7as do time desde 2019, o defensor vem sofrendo importantes les\u00f5es desde o ano passado. O Torcedores apurou que Filipe Lu\u00eds recebeu convites para integrar a comiss\u00e3o [&hellip;]\" \/>\n<meta property=\"og:url\" content=\"https:\/\/www.gaveanews.com\/index.php\/2023\/03\/31\/filipe-luis-do-flamengo-cogita-tomar-atitude-surpreendente-sobre-a-sua-carreira\/\" \/>\n<meta property=\"og:site_name\" content=\"G\u00e1vea News\" \/>\n<meta property=\"article:publisher\" content=\"https:\/\/facebook.com\/gaveaNews\/\" \/>\n<meta property=\"article:published_time\" content=\"2023-03-31T10:29:04+00:00\" \/>\n<meta property=\"article:modified_time\" content=\"2023-03-31T10:29:07+00:00\" \/>\n<meta property=\"og:image\" content=\"https:\/\/www.gaveanews.com\/wp-content\/uploads\/Filipe-Luis-em-acao-pelo-Flamengo-na-Libertadores.webp\" \/>\n\t<meta property=\"og:image:width\" content=\"1024\" \/>\n\t<meta property=\"og:image:height\" content=\"683\" \/>\n\t<meta property=\"og:image:type\" content=\"image\/jpeg\" \/>\n<meta name=\"author\" content=\"Equipe G\u00e1vea News\" \/>\n<meta name=\"twitter:card\" content=\"summary_large_image\" \/>\n<meta name=\"twitter:label1\" content=\"Escrito por\" \/>\n\t<meta name=\"twitter:data1\" content=\"Equipe G\u00e1vea News\" \/>\n\t<meta name=\"twitter:label2\" content=\"Est. tempo de leitura\" \/>\n\t<meta name=\"twitter:data2\" content=\"2 minutos\" \/>\n<script type=\"application\/ld+json\" class=\"yoast-schema-graph\">{\"@context\":\"https:\/\/schema.org\",\"@graph\":[{\"@type\":\"NewsArticle\",\"@id\":\"https:\/\/www.gaveanews.com\/index.php\/2023\/03\/31\/filipe-luis-do-flamengo-cogita-tomar-atitude-surpreendente-sobre-a-sua-carreira\/#article\",\"isPartOf\":{\"@id\":\"https:\/\/www.gaveanews.com\/index.php\/2023\/03\/31\/filipe-luis-do-flamengo-cogita-tomar-atitude-surpreendente-sobre-a-sua-carreira\/\"},\"author\":{\"name\":\"Equipe G\u00e1vea News\",\"@id\":\"https:\/\/www.gaveanews.com\/#\/schema\/person\/2ec14f73fb96be2caf28f91afb14749d\"},\"headline\":\"Filipe Lu\u00eds, do Flamengo, cogita tomar atitude surpreendente sobre a sua carreira\",\"datePublished\":\"2023-03-31T10:29:04+00:00\",\"dateModified\":\"2023-03-31T10:29:07+00:00\",\"mainEntityOfPage\":{\"@id\":\"https:\/\/www.gaveanews.com\/index.php\/2023\/03\/31\/filipe-luis-do-flamengo-cogita-tomar-atitude-surpreendente-sobre-a-sua-carreira\/\"},\"wordCount\":426,\"commentCount\":0,\"image\":{\"@id\":\"https:\/\/www.gaveanews.com\/index.php\/2023\/03\/31\/filipe-luis-do-flamengo-cogita-tomar-atitude-surpreendente-sobre-a-sua-carreira\/#primaryimage\"},\"thumbnailUrl\":\"https:\/\/www.gaveanews.com\/wp-content\/uploads\/Filipe-Luis-em-acao-pelo-Flamengo-na-Libertadores.webp\",\"articleSection\":[\"Flamengo\"],\"inLanguage\":\"pt-BR\",\"potentialAction\":[{\"@type\":\"CommentAction\",\"name\":\"Comment\",\"target\":[\"https:\/\/www.gaveanews.com\/index.php\/2023\/03\/31\/filipe-luis-do-flamengo-cogita-tomar-atitude-surpreendente-sobre-a-sua-carreira\/#respond\"]}],\"copyrightYear\":\"2023\",\"copyrightHolder\":{\"@id\":\"https:\/\/www.gaveanews.com\/#organization\"}},{\"@type\":\"WebPage\",\"@id\":\"https:\/\/www.gaveanews.com\/index.php\/2023\/03\/31\/filipe-luis-do-flamengo-cogita-tomar-atitude-surpreendente-sobre-a-sua-carreira\/\",\"url\":\"https:\/\/www.gaveanews.com\/index.php\/2023\/03\/31\/filipe-luis-do-flamengo-cogita-tomar-atitude-surpreendente-sobre-a-sua-carreira\/\",\"name\":\"Filipe Lu\u00eds, do Flamengo, cogita tomar atitude surpreendente sobre a sua carreira\",\"isPartOf\":{\"@id\":\"https:\/\/www.gaveanews.com\/#website\"},\"primaryImageOfPage\":{\"@id\":\"https:\/\/www.gaveanews.com\/index.php\/2023\/03\/31\/filipe-luis-do-flamengo-cogita-tomar-atitude-surpreendente-sobre-a-sua-carreira\/#primaryimage\"},\"image\":{\"@id\":\"https:\/\/www.gaveanews.com\/index.php\/2023\/03\/31\/filipe-luis-do-flamengo-cogita-tomar-atitude-surpreendente-sobre-a-sua-carreira\/#primaryimage\"},\"thumbnailUrl\":\"https:\/\/www.gaveanews.com\/wp-content\/uploads\/Filipe-Luis-em-acao-pelo-Flamengo-na-Libertadores.webp\",\"datePublished\":\"2023-03-31T10:29:04+00:00\",\"dateModified\":\"2023-03-31T10:29:07+00:00\",\"author\":{\"@id\":\"https:\/\/www.gaveanews.com\/#\/schema\/person\/2ec14f73fb96be2caf28f91afb14749d\"},\"breadcrumb\":{\"@id\":\"https:\/\/www.gaveanews.com\/index.php\/2023\/03\/31\/filipe-luis-do-flamengo-cogita-tomar-atitude-surpreendente-sobre-a-sua-carreira\/#breadcrumb\"},\"inLanguage\":\"pt-BR\",\"potentialAction\":[{\"@type\":\"ReadAction\",\"target\":[\"https:\/\/www.gaveanews.com\/index.php\/2023\/03\/31\/filipe-luis-do-flamengo-cogita-tomar-atitude-surpreendente-sobre-a-sua-carreira\/\"]}]},{\"@type\":\"ImageObject\",\"inLanguage\":\"pt-BR\",\"@id\":\"https:\/\/www.gaveanews.com\/index.php\/2023\/03\/31\/filipe-luis-do-flamengo-cogita-tomar-atitude-surpreendente-sobre-a-sua-carreira\/#primaryimage\",\"url\":\"https:\/\/www.gaveanews.com\/wp-content\/uploads\/Filipe-Luis-em-acao-pelo-Flamengo-na-Libertadores.webp\",\"contentUrl\":\"https:\/\/www.gaveanews.com\/wp-content\/uploads\/Filipe-Luis-em-acao-pelo-Flamengo-na-Libertadores.webp\",\"width\":1024,\"height\":683,\"caption\":\"Filipe Lu\u00eds em a\u00e7\u00e3o pelo Flamengo na Libertadores (Foto: Alexandre Vidal\/Flamengo)\"},{\"@type\":\"BreadcrumbList\",\"@id\":\"https:\/\/www.gaveanews.com\/index.php\/2023\/03\/31\/filipe-luis-do-flamengo-cogita-tomar-atitude-surpreendente-sobre-a-sua-carreira\/#breadcrumb\",\"itemListElement\":[{\"@type\":\"ListItem\",\"position\":1,\"name\":\"Home\",\"item\":\"https:\/\/www.gaveanews.com\/\"},{\"@type\":\"ListItem\",\"position\":2,\"name\":\"Filipe Lu\u00eds, do Flamengo, cogita tomar atitude surpreendente sobre a sua carreira\"}]},{\"@type\":\"WebSite\",\"@id\":\"https:\/\/www.gaveanews.com\/#website\",\"url\":\"https:\/\/www.gaveanews.com\/\",\"name\":\"G\u00e1vea News\",\"description\":\"Veja todas as not\u00edcias sobre o Flamengo: Contrata\u00e7\u00f5es, categorias de base, resultados das partidas, tabela de classifica\u00e7\u00e3o, pr\u00f3ximos jogos!\",\"potentialAction\":[{\"@type\":\"SearchAction\",\"target\":{\"@type\":\"EntryPoint\",\"urlTemplate\":\"https:\/\/www.gaveanews.com\/?s={search_term_string}\"},\"query-input\":{\"@type\":\"PropertyValueSpecification\",\"valueRequired\":true,\"valueName\":\"search_term_string\"}}],\"inLanguage\":\"pt-BR\"},{\"@type\":\"Person\",\"@id\":\"https:\/\/www.gaveanews.com\/#\/schema\/person\/2ec14f73fb96be2caf28f91afb14749d\",\"name\":\"Equipe G\u00e1vea News\",\"image\":{\"@type\":\"ImageObject\",\"inLanguage\":\"pt-BR\",\"@id\":\"https:\/\/www.gaveanews.com\/#\/schema\/person\/image\/\",\"url\":\"https:\/\/secure.gravatar.com\/avatar\/1e1956f1facbffd3f8fa53a326721950116b3b9dc9bd44939c01180fd4a745a9?s=96&d=mm&r=g\",\"contentUrl\":\"https:\/\/secure.gravatar.com\/avatar\/1e1956f1facbffd3f8fa53a326721950116b3b9dc9bd44939c01180fd4a745a9?s=96&d=mm&r=g\",\"caption\":\"Equipe G\u00e1vea News\"}}]}<\/script>\n<!-- \/ Yoast SEO Premium plugin. -->","yoast_head_json":{"title":"Filipe Lu\u00eds, do Flamengo, cogita tomar atitude surpreendente sobre a sua carreira","robots":{"index":"index","follow":"follow","max-snippet":"max-snippet:-1","max-image-preview":"max-image-preview:large","max-video-preview":"max-video-preview:-1"},"canonical":"https:\/\/www.gaveanews.com\/index.php\/2023\/03\/31\/filipe-luis-do-flamengo-cogita-tomar-atitude-surpreendente-sobre-a-sua-carreira\/","og_locale":"pt_BR","og_type":"article","og_title":"Filipe Lu\u00eds, do Flamengo, cogita tomar atitude surpreendente sobre a sua carreira","og_description":"Filipe Lu\u00eds vai se aposentar? Sem atuar desde o dia 2 de janeiro, o lateral-esquerdo de 37 anos cogita pendurar as chuteiras ap\u00f3s o Campeonato Carioca. Uma das lideran\u00e7as do time desde 2019, o defensor vem sofrendo importantes les\u00f5es desde o ano passado. O Torcedores apurou que Filipe Lu\u00eds recebeu convites para integrar a comiss\u00e3o [&hellip;]","og_url":"https:\/\/www.gaveanews.com\/index.php\/2023\/03\/31\/filipe-luis-do-flamengo-cogita-tomar-atitude-surpreendente-sobre-a-sua-carreira\/","og_site_name":"G\u00e1vea News","article_publisher":"https:\/\/facebook.com\/gaveaNews\/","article_published_time":"2023-03-31T10:29:04+00:00","article_modified_time":"2023-03-31T10:29:07+00:00","og_image":[{"width":1024,"height":683,"url":"https:\/\/www.gaveanews.com\/wp-content\/uploads\/Filipe-Luis-em-acao-pelo-Flamengo-na-Libertadores.webp","type":"image\/jpeg"}],"author":"Equipe G\u00e1vea News","twitter_card":"summary_large_image","twitter_misc":{"Escrito por":"Equipe G\u00e1vea News","Est. tempo de leitura":"2 minutos"},"schema":{"@context":"https:\/\/schema.org","@graph":[{"@type":"NewsArticle","@id":"https:\/\/www.gaveanews.com\/index.php\/2023\/03\/31\/filipe-luis-do-flamengo-cogita-tomar-atitude-surpreendente-sobre-a-sua-carreira\/#article","isPartOf":{"@id":"https:\/\/www.gaveanews.com\/index.php\/2023\/03\/31\/filipe-luis-do-flamengo-cogita-tomar-atitude-surpreendente-sobre-a-sua-carreira\/"},"author":{"name":"Equipe G\u00e1vea News","@id":"https:\/\/www.gaveanews.com\/#\/schema\/person\/2ec14f73fb96be2caf28f91afb14749d"},"headline":"Filipe Lu\u00eds, do Flamengo, cogita tomar atitude surpreendente sobre a sua carreira","datePublished":"2023-03-31T10:29:04+00:00","dateModified":"2023-03-31T10:29:07+00:00","mainEntityOfPage":{"@id":"https:\/\/www.gaveanews.com\/index.php\/2023\/03\/31\/filipe-luis-do-flamengo-cogita-tomar-atitude-surpreendente-sobre-a-sua-carreira\/"},"wordCount":426,"commentCount":0,"image":{"@id":"https:\/\/www.gaveanews.com\/index.php\/2023\/03\/31\/filipe-luis-do-flamengo-cogita-tomar-atitude-surpreendente-sobre-a-sua-carreira\/#primaryimage"},"thumbnailUrl":"https:\/\/www.gaveanews.com\/wp-content\/uploads\/Filipe-Luis-em-acao-pelo-Flamengo-na-Libertadores.webp","articleSection":["Flamengo"],"inLanguage":"pt-BR","potentialAction":[{"@type":"CommentAction","name":"Comment","target":["https:\/\/www.gaveanews.com\/index.php\/2023\/03\/31\/filipe-luis-do-flamengo-cogita-tomar-atitude-surpreendente-sobre-a-sua-carreira\/#respond"]}],"copyrightYear":"2023","copyrightHolder":{"@id":"https:\/\/www.gaveanews.com\/#organization"}},{"@type":"WebPage","@id":"https:\/\/www.gaveanews.com\/index.php\/2023\/03\/31\/filipe-luis-do-flamengo-cogita-tomar-atitude-surpreendente-sobre-a-sua-carreira\/","url":"https:\/\/www.gaveanews.com\/index.php\/2023\/03\/31\/filipe-luis-do-flamengo-cogita-tomar-atitude-surpreendente-sobre-a-sua-carreira\/","name":"Filipe Lu\u00eds, do Flamengo, cogita tomar atitude surpreendente sobre a sua carreira","isPartOf":{"@id":"https:\/\/www.gaveanews.com\/#website"},"primaryImageOfPage":{"@id":"https:\/\/www.gaveanews.com\/index.php\/2023\/03\/31\/filipe-luis-do-flamengo-cogita-tomar-atitude-surpreendente-sobre-a-sua-carreira\/#primaryimage"},"image":{"@id":"https:\/\/www.gaveanews.com\/index.php\/2023\/03\/31\/filipe-luis-do-flamengo-cogita-tomar-atitude-surpreendente-sobre-a-sua-carreira\/#primaryimage"},"thumbnailUrl":"https:\/\/www.gaveanews.com\/wp-content\/uploads\/Filipe-Luis-em-acao-pelo-Flamengo-na-Libertadores.webp","datePublished":"2023-03-31T10:29:04+00:00","dateModified":"2023-03-31T10:29:07+00:00","author":{"@id":"https:\/\/www.gaveanews.com\/#\/schema\/person\/2ec14f73fb96be2caf28f91afb14749d"},"breadcrumb":{"@id":"https:\/\/www.gaveanews.com\/index.php\/2023\/03\/31\/filipe-luis-do-flamengo-cogita-tomar-atitude-surpreendente-sobre-a-sua-carreira\/#breadcrumb"},"inLanguage":"pt-BR","potentialAction":[{"@type":"ReadAction","target":["https:\/\/www.gaveanews.com\/index.php\/2023\/03\/31\/filipe-luis-do-flamengo-cogita-tomar-atitude-surpreendente-sobre-a-sua-carreira\/"]}]},{"@type":"ImageObject","inLanguage":"pt-BR","@id":"https:\/\/www.gaveanews.com\/index.php\/2023\/03\/31\/filipe-luis-do-flamengo-cogita-tomar-atitude-surpreendente-sobre-a-sua-carreira\/#primaryimage","url":"https:\/\/www.gaveanews.com\/wp-content\/uploads\/Filipe-Luis-em-acao-pelo-Flamengo-na-Libertadores.webp","contentUrl":"https:\/\/www.gaveanews.com\/wp-content\/uploads\/Filipe-Luis-em-acao-pelo-Flamengo-na-Libertadores.webp","width":1024,"height":683,"caption":"Filipe Lu\u00eds em a\u00e7\u00e3o pelo Flamengo na Libertadores (Foto: Alexandre Vidal\/Flamengo)"},{"@type":"BreadcrumbList","@id":"https:\/\/www.gaveanews.com\/index.php\/2023\/03\/31\/filipe-luis-do-flamengo-cogita-tomar-atitude-surpreendente-sobre-a-sua-carreira\/#breadcrumb","itemListElement":[{"@type":"ListItem","position":1,"name":"Home","item":"https:\/\/www.gaveanews.com\/"},{"@type":"ListItem","position":2,"name":"Filipe Lu\u00eds, do Flamengo, cogita tomar atitude surpreendente sobre a sua carreira"}]},{"@type":"WebSite","@id":"https:\/\/www.gaveanews.com\/#website","url":"https:\/\/www.gaveanews.com\/","name":"G\u00e1vea News","description":"Veja todas as not\u00edcias sobre o Flamengo: Contrata\u00e7\u00f5es, categorias de base, resultados das partidas, tabela de classifica\u00e7\u00e3o, pr\u00f3ximos jogos!","potentialAction":[{"@type":"SearchAction","target":{"@type":"EntryPoint","urlTemplate":"https:\/\/www.gaveanews.com\/?s={search_term_string}"},"query-input":{"@type":"PropertyValueSpecification","valueRequired":true,"valueName":"search_term_string"}}],"inLanguage":"pt-BR"},{"@type":"Person","@id":"https:\/\/www.gaveanews.com\/#\/schema\/person\/2ec14f73fb96be2caf28f91afb14749d","name":"Equipe G\u00e1vea News","image":{"@type":"ImageObject","inLanguage":"pt-BR","@id":"https:\/\/www.gaveanews.com\/#\/schema\/person\/image\/","url":"https:\/\/secure.gravatar.com\/avatar\/1e1956f1facbffd3f8fa53a326721950116b3b9dc9bd44939c01180fd4a745a9?s=96&d=mm&r=g","contentUrl":"https:\/\/secure.gravatar.com\/avatar\/1e1956f1facbffd3f8fa53a326721950116b3b9dc9bd44939c01180fd4a745a9?s=96&d=mm&r=g","caption":"Equipe G\u00e1vea News"}}]}},"_links":{"self":[{"href":"https:\/\/www.gaveanews.com\/index.php\/wp-json\/wp\/v2\/posts\/96339","targetHints":{"allow":["GET"]}}],"collection":[{"href":"https:\/\/www.gaveanews.com\/index.php\/wp-json\/wp\/v2\/posts"}],"about":[{"href":"https:\/\/www.gaveanews.com\/index.php\/wp-json\/wp\/v2\/types\/post"}],"author":[{"embeddable":true,"href":"https:\/\/www.gaveanews.com\/index.php\/wp-json\/wp\/v2\/users\/1"}],"replies":[{"embeddable":true,"href":"https:\/\/www.gaveanews.com\/index.php\/wp-json\/wp\/v2\/comments?post=96339"}],"version-history":[{"count":0,"href":"https:\/\/www.gaveanews.com\/index.php\/wp-json\/wp\/v2\/posts\/96339\/revisions"}],"wp:featuredmedia":[{"embeddable":true,"href":"https:\/\/www.gaveanews.com\/index.php\/wp-json\/wp\/v2\/media\/60616"}],"wp:attachment":[{"href":"https:\/\/www.gaveanews.com\/index.php\/wp-json\/wp\/v2\/media?parent=96339"}],"wp:term":[{"taxonomy":"category","embeddable":true,"href":"https:\/\/www.gaveanews.com\/index.php\/wp-json\/wp\/v2\/categories?post=96339"},{"taxonomy":"post_tag","embeddable":true,"href":"https:\/\/www.gaveanews.com\/index.php\/wp-json\/wp\/v2\/tags?post=96339"}],"curies":[{"name":"wp","href":"https:\/\/api.w.org\/{rel}","templated":true}]}}