{"id":96383,"date":"2023-03-31T15:50:34","date_gmt":"2023-03-31T18:50:34","guid":{"rendered":"https:\/\/www.gaveanews.com\/?p=96383"},"modified":"2024-04-07T09:43:00","modified_gmt":"2024-04-07T12:43:00","slug":"pedro-do-flamengo-da-sua-opiniao-sobre-cano-do-fluminense","status":"publish","type":"post","link":"https:\/\/www.gaveanews.com\/index.php\/2023\/03\/31\/pedro-do-flamengo-da-sua-opiniao-sobre-cano-do-fluminense\/","title":{"rendered":"Pedro, do Flamengo, d\u00e1 sua opini\u00e3o sobre Cano, do Fluminense"},"content":{"rendered":"\n<p>Camisa nove do Flamengo, Pedro entrar\u00e1 em campo, no s\u00e1bado (1\u00b0), em mais uma decis\u00e3o pelo Mais Querido. O atacante ser\u00e1 titular do time de V\u00edtor Pereira no jogo de ida da final do Campeonato Carioca contra o Fluminense. Ali\u00e1s, do outro lado do campo, Pedro encontrar\u00e1 Germ\u00e1n Cano, principal jogador do Tricolor e artilheiro do Estadual com 14 gols.<\/p>\n\n\n\n<p>Dessa forma, na v\u00e9spera do primeiro cap\u00edtulo da decis\u00e3o, Pedro rasgou elogios ao jogador argentino. Para o atacante rever\u00eancia, \u00e9 um privil\u00e9gio jogar contra jogadores do n\u00edvel de Cano que, segundo Pedro, precisa de poucas oportunidades para marcar.<\/p>\n\n\n\n<p><em>\u2014 Privil\u00e9gio poder estar participando dessa, coloquemos assim (faz o sinal de aspas), disputa. Poder jogar no futebol brasileiro com eles \u00e9 um privil\u00e9gio. Cano \u00e9 um cara que precisa de poucas oportunidades, est\u00e1 sempre finalizando muito bem dentro e fora da \u00e1rea. \u00c9 um grande atacante, tem demonstrado isso. \u00c9 um privil\u00e9gio estar disputando essa briga pela artilharia<\/em>, disse o atacante, em entrevista ao \u201cGlobo Esporte\u201d.<\/p>\n\n\n\n<a data-flickr-embed=\"true\" href=\"https:\/\/www.flickr.com\/photos\/crflamengo\/51191175684\/in\/photolist-2kZAa4j-2m2AUQx-2m6oYm9-2m2AUYo-2ktxkmr-2m2EN41-2jM3ziT-2jJJEyB-2m2EQG7-2kZwd97-2m23X77-2ktxDra-2kVqooe-2m15Tg3-2kDPoK8-2kDNrsK-2kTrNvq-2jLWVjM-2m2ENm5-2kUQY13-2kdGooc-2kTu9hS-2kMsKAM-2kDPp9j-2m2AbKh-2kt1rLn-2kxS5Xj-2kUPXa7-2m2EQDb-2m2AbNy-2m2zarv-2kUKHTy-2ktxeUK-2kUJ9K4-2kUQEAt-2kUPXfC-2kVs5oo-2kXkZh3-2kZxjTz-2kYG6tk-2kVqoGq-2m22Uuo-2jmHkRA-2kU6ABt-2kZQWAA-2kDKMQ1-2kW37yV-2kWccNH-2jkJNCA-2m7d5CL\" title=\"Flamengo X LDU - Libertadores 19-05-2021 - Foto - Alexandre Vidal\"><img loading=\"lazy\" decoding=\"async\" src=\"https:\/\/live.staticflickr.com\/65535\/51191175684_51eec8b481_b.webp\" width=\"1024\" height=\"683\" alt=\"Flamengo X LDU - Libertadores 19-05-2021 - Foto - Alexandre Vidal\"\/><\/a><script async src=\"\/\/embedr.flickr.com\/assets\/client-code.js\" charset=\"utf-8\"><\/script>\n\n\n\n<h2 class=\"wp-block-heading\" id=\"h-gratidao-ao-fluminense\">Gratid\u00e3o ao Fluminense<\/h2>\n\n\n\n<p>Formado nas divis\u00f5es de base do clube das Laranjeiras, Pedro n\u00e3o esconde a sua gratid\u00e3o ao Fluminense. No entanto, o atacante quer marcar ainda mais o seu nome na hist\u00f3ria do Flamengo. Assim, o camisa nove quer marcar ainda mais gols. Gols, ali\u00e1s, que em cl\u00e1ssicos \u00e9 ainda mais importante.<\/p>\n\n\n\n<p><em>\u2014 Todo gol \u00e9 importante para mim, n\u00e3o foco no advers\u00e1rio. Procuro sempre em cada jogo representar bem o Flamengo. E com muita gratid\u00e3o tamb\u00e9m ao Flu, que me revelou e que sempre fez de tudo para eu me tornar profissional. \u00c9 gratificante poder marcar, independentemente do advers\u00e1rio. Vou estar sempre comemorando com a torcida do\u00a0Flamengo. E, como bom torcedor do\u00a0Flamengo, fazer gol em cl\u00e1ssico \u00e9 muito importante para mim<\/em>, explicou Pedro.<\/p>\n\n\n\n<p>Retirado de: Jogada 10<\/p>\n","protected":false},"excerpt":{"rendered":"<p>Camisa nove do Flamengo, Pedro entrar\u00e1 em campo, no s\u00e1bado (1\u00b0), em mais uma decis\u00e3o pelo Mais Querido. O atacante ser\u00e1 titular do time de V\u00edtor Pereira no jogo de ida da final do Campeonato Carioca contra o Fluminense. Ali\u00e1s, do outro lado do campo, Pedro encontrar\u00e1 Germ\u00e1n Cano, principal jogador do Tricolor e artilheiro [&hellip;]<\/p>\n","protected":false},"author":1,"featured_media":93441,"comment_status":"open","ping_status":"closed","sticky":false,"template":"","format":"standard","meta":{"footnotes":""},"categories":[1],"tags":[206],"class_list":["post-96383","post","type-post","status-publish","format-standard","has-post-thumbnail","hentry","category-flamengo","tag-german-ezequiel-cano"],"yoast_head":"<!-- This site is optimized with the Yoast SEO Premium plugin v24.2 (Yoast SEO v26.9) - https:\/\/yoast.com\/product\/yoast-seo-premium-wordpress\/ -->\n<title>Pedro, do Flamengo, d\u00e1 sua opini\u00e3o sobre Cano, do Fluminense<\/title>\n<meta name=\"robots\" content=\"index, follow, max-snippet:-1, max-image-preview:large, max-video-preview:-1\" \/>\n<link rel=\"canonical\" href=\"https:\/\/www.gaveanews.com\/index.php\/2023\/03\/31\/pedro-do-flamengo-da-sua-opiniao-sobre-cano-do-fluminense\/\" \/>\n<meta property=\"og:locale\" content=\"pt_BR\" \/>\n<meta property=\"og:type\" content=\"article\" \/>\n<meta property=\"og:title\" content=\"Pedro, do Flamengo, d\u00e1 sua opini\u00e3o sobre Cano, do Fluminense\" \/>\n<meta property=\"og:description\" content=\"Camisa nove do Flamengo, Pedro entrar\u00e1 em campo, no s\u00e1bado (1\u00b0), em mais uma decis\u00e3o pelo Mais Querido. O atacante ser\u00e1 titular do time de V\u00edtor Pereira no jogo de ida da final do Campeonato Carioca contra o Fluminense. Ali\u00e1s, do outro lado do campo, Pedro encontrar\u00e1 Germ\u00e1n Cano, principal jogador do Tricolor e artilheiro [&hellip;]\" \/>\n<meta property=\"og:url\" content=\"https:\/\/www.gaveanews.com\/index.php\/2023\/03\/31\/pedro-do-flamengo-da-sua-opiniao-sobre-cano-do-fluminense\/\" \/>\n<meta property=\"og:site_name\" content=\"G\u00e1vea News\" \/>\n<meta property=\"article:publisher\" content=\"https:\/\/facebook.com\/gaveaNews\/\" \/>\n<meta property=\"article:published_time\" content=\"2023-03-31T18:50:34+00:00\" \/>\n<meta property=\"article:modified_time\" content=\"2024-04-07T12:43:00+00:00\" \/>\n<meta property=\"og:image\" content=\"https:\/\/www.gaveanews.com\/wp-content\/uploads\/pedro-flamengo-campeonato-carioca.webp\" \/>\n\t<meta property=\"og:image:width\" content=\"680\" \/>\n\t<meta property=\"og:image:height\" content=\"452\" \/>\n\t<meta property=\"og:image:type\" content=\"image\/jpeg\" \/>\n<meta name=\"author\" content=\"Equipe G\u00e1vea News\" \/>\n<meta name=\"twitter:card\" content=\"summary_large_image\" \/>\n<meta name=\"twitter:label1\" content=\"Escrito por\" \/>\n\t<meta name=\"twitter:data1\" content=\"Equipe G\u00e1vea News\" \/>\n\t<meta name=\"twitter:label2\" content=\"Est. tempo de leitura\" \/>\n\t<meta name=\"twitter:data2\" content=\"2 minutos\" \/>\n<script type=\"application\/ld+json\" class=\"yoast-schema-graph\">{\"@context\":\"https:\/\/schema.org\",\"@graph\":[{\"@type\":\"NewsArticle\",\"@id\":\"https:\/\/www.gaveanews.com\/index.php\/2023\/03\/31\/pedro-do-flamengo-da-sua-opiniao-sobre-cano-do-fluminense\/#article\",\"isPartOf\":{\"@id\":\"https:\/\/www.gaveanews.com\/index.php\/2023\/03\/31\/pedro-do-flamengo-da-sua-opiniao-sobre-cano-do-fluminense\/\"},\"author\":{\"name\":\"Equipe G\u00e1vea News\",\"@id\":\"https:\/\/www.gaveanews.com\/#\/schema\/person\/2ec14f73fb96be2caf28f91afb14749d\"},\"headline\":\"Pedro, do Flamengo, d\u00e1 sua opini\u00e3o sobre Cano, do Fluminense\",\"datePublished\":\"2023-03-31T18:50:34+00:00\",\"dateModified\":\"2024-04-07T12:43:00+00:00\",\"mainEntityOfPage\":{\"@id\":\"https:\/\/www.gaveanews.com\/index.php\/2023\/03\/31\/pedro-do-flamengo-da-sua-opiniao-sobre-cano-do-fluminense\/\"},\"wordCount\":320,\"commentCount\":0,\"image\":{\"@id\":\"https:\/\/www.gaveanews.com\/index.php\/2023\/03\/31\/pedro-do-flamengo-da-sua-opiniao-sobre-cano-do-fluminense\/#primaryimage\"},\"thumbnailUrl\":\"https:\/\/www.gaveanews.com\/wp-content\/uploads\/pedro-flamengo-campeonato-carioca.webp\",\"keywords\":[\"Germ\u00e1n Ezequiel Cano\"],\"articleSection\":[\"Flamengo\"],\"inLanguage\":\"pt-BR\",\"potentialAction\":[{\"@type\":\"CommentAction\",\"name\":\"Comment\",\"target\":[\"https:\/\/www.gaveanews.com\/index.php\/2023\/03\/31\/pedro-do-flamengo-da-sua-opiniao-sobre-cano-do-fluminense\/#respond\"]}],\"copyrightYear\":\"2023\",\"copyrightHolder\":{\"@id\":\"https:\/\/www.gaveanews.com\/#organization\"}},{\"@type\":\"WebPage\",\"@id\":\"https:\/\/www.gaveanews.com\/index.php\/2023\/03\/31\/pedro-do-flamengo-da-sua-opiniao-sobre-cano-do-fluminense\/\",\"url\":\"https:\/\/www.gaveanews.com\/index.php\/2023\/03\/31\/pedro-do-flamengo-da-sua-opiniao-sobre-cano-do-fluminense\/\",\"name\":\"Pedro, do Flamengo, d\u00e1 sua opini\u00e3o sobre Cano, do Fluminense\",\"isPartOf\":{\"@id\":\"https:\/\/www.gaveanews.com\/#website\"},\"primaryImageOfPage\":{\"@id\":\"https:\/\/www.gaveanews.com\/index.php\/2023\/03\/31\/pedro-do-flamengo-da-sua-opiniao-sobre-cano-do-fluminense\/#primaryimage\"},\"image\":{\"@id\":\"https:\/\/www.gaveanews.com\/index.php\/2023\/03\/31\/pedro-do-flamengo-da-sua-opiniao-sobre-cano-do-fluminense\/#primaryimage\"},\"thumbnailUrl\":\"https:\/\/www.gaveanews.com\/wp-content\/uploads\/pedro-flamengo-campeonato-carioca.webp\",\"datePublished\":\"2023-03-31T18:50:34+00:00\",\"dateModified\":\"2024-04-07T12:43:00+00:00\",\"author\":{\"@id\":\"https:\/\/www.gaveanews.com\/#\/schema\/person\/2ec14f73fb96be2caf28f91afb14749d\"},\"breadcrumb\":{\"@id\":\"https:\/\/www.gaveanews.com\/index.php\/2023\/03\/31\/pedro-do-flamengo-da-sua-opiniao-sobre-cano-do-fluminense\/#breadcrumb\"},\"inLanguage\":\"pt-BR\",\"potentialAction\":[{\"@type\":\"ReadAction\",\"target\":[\"https:\/\/www.gaveanews.com\/index.php\/2023\/03\/31\/pedro-do-flamengo-da-sua-opiniao-sobre-cano-do-fluminense\/\"]}]},{\"@type\":\"ImageObject\",\"inLanguage\":\"pt-BR\",\"@id\":\"https:\/\/www.gaveanews.com\/index.php\/2023\/03\/31\/pedro-do-flamengo-da-sua-opiniao-sobre-cano-do-fluminense\/#primaryimage\",\"url\":\"https:\/\/www.gaveanews.com\/wp-content\/uploads\/pedro-flamengo-campeonato-carioca.webp\",\"contentUrl\":\"https:\/\/www.gaveanews.com\/wp-content\/uploads\/pedro-flamengo-campeonato-carioca.webp\",\"width\":680,\"height\":452,\"caption\":\"Pedro em a\u00e7\u00e3o pelo Flamengo no Maracan\u00e3 (Foto: Marcelo Cortes\/Flamengo)\"},{\"@type\":\"BreadcrumbList\",\"@id\":\"https:\/\/www.gaveanews.com\/index.php\/2023\/03\/31\/pedro-do-flamengo-da-sua-opiniao-sobre-cano-do-fluminense\/#breadcrumb\",\"itemListElement\":[{\"@type\":\"ListItem\",\"position\":1,\"name\":\"Home\",\"item\":\"https:\/\/www.gaveanews.com\/\"},{\"@type\":\"ListItem\",\"position\":2,\"name\":\"Pedro, do Flamengo, d\u00e1 sua opini\u00e3o sobre Cano, do Fluminense\"}]},{\"@type\":\"WebSite\",\"@id\":\"https:\/\/www.gaveanews.com\/#website\",\"url\":\"https:\/\/www.gaveanews.com\/\",\"name\":\"G\u00e1vea News\",\"description\":\"Veja todas as not\u00edcias sobre o Flamengo: Contrata\u00e7\u00f5es, categorias de base, resultados das partidas, tabela de classifica\u00e7\u00e3o, pr\u00f3ximos jogos!\",\"potentialAction\":[{\"@type\":\"SearchAction\",\"target\":{\"@type\":\"EntryPoint\",\"urlTemplate\":\"https:\/\/www.gaveanews.com\/?s={search_term_string}\"},\"query-input\":{\"@type\":\"PropertyValueSpecification\",\"valueRequired\":true,\"valueName\":\"search_term_string\"}}],\"inLanguage\":\"pt-BR\"},{\"@type\":\"Person\",\"@id\":\"https:\/\/www.gaveanews.com\/#\/schema\/person\/2ec14f73fb96be2caf28f91afb14749d\",\"name\":\"Equipe G\u00e1vea News\",\"image\":{\"@type\":\"ImageObject\",\"inLanguage\":\"pt-BR\",\"@id\":\"https:\/\/www.gaveanews.com\/#\/schema\/person\/image\/\",\"url\":\"https:\/\/secure.gravatar.com\/avatar\/1e1956f1facbffd3f8fa53a326721950116b3b9dc9bd44939c01180fd4a745a9?s=96&d=mm&r=g\",\"contentUrl\":\"https:\/\/secure.gravatar.com\/avatar\/1e1956f1facbffd3f8fa53a326721950116b3b9dc9bd44939c01180fd4a745a9?s=96&d=mm&r=g\",\"caption\":\"Equipe G\u00e1vea News\"}}]}<\/script>\n<!-- \/ Yoast SEO Premium plugin. -->","yoast_head_json":{"title":"Pedro, do Flamengo, d\u00e1 sua opini\u00e3o sobre Cano, do Fluminense","robots":{"index":"index","follow":"follow","max-snippet":"max-snippet:-1","max-image-preview":"max-image-preview:large","max-video-preview":"max-video-preview:-1"},"canonical":"https:\/\/www.gaveanews.com\/index.php\/2023\/03\/31\/pedro-do-flamengo-da-sua-opiniao-sobre-cano-do-fluminense\/","og_locale":"pt_BR","og_type":"article","og_title":"Pedro, do Flamengo, d\u00e1 sua opini\u00e3o sobre Cano, do Fluminense","og_description":"Camisa nove do Flamengo, Pedro entrar\u00e1 em campo, no s\u00e1bado (1\u00b0), em mais uma decis\u00e3o pelo Mais Querido. O atacante ser\u00e1 titular do time de V\u00edtor Pereira no jogo de ida da final do Campeonato Carioca contra o Fluminense. Ali\u00e1s, do outro lado do campo, Pedro encontrar\u00e1 Germ\u00e1n Cano, principal jogador do Tricolor e artilheiro [&hellip;]","og_url":"https:\/\/www.gaveanews.com\/index.php\/2023\/03\/31\/pedro-do-flamengo-da-sua-opiniao-sobre-cano-do-fluminense\/","og_site_name":"G\u00e1vea News","article_publisher":"https:\/\/facebook.com\/gaveaNews\/","article_published_time":"2023-03-31T18:50:34+00:00","article_modified_time":"2024-04-07T12:43:00+00:00","og_image":[{"width":680,"height":452,"url":"https:\/\/www.gaveanews.com\/wp-content\/uploads\/pedro-flamengo-campeonato-carioca.webp","type":"image\/jpeg"}],"author":"Equipe G\u00e1vea News","twitter_card":"summary_large_image","twitter_misc":{"Escrito por":"Equipe G\u00e1vea News","Est. tempo de leitura":"2 minutos"},"schema":{"@context":"https:\/\/schema.org","@graph":[{"@type":"NewsArticle","@id":"https:\/\/www.gaveanews.com\/index.php\/2023\/03\/31\/pedro-do-flamengo-da-sua-opiniao-sobre-cano-do-fluminense\/#article","isPartOf":{"@id":"https:\/\/www.gaveanews.com\/index.php\/2023\/03\/31\/pedro-do-flamengo-da-sua-opiniao-sobre-cano-do-fluminense\/"},"author":{"name":"Equipe G\u00e1vea News","@id":"https:\/\/www.gaveanews.com\/#\/schema\/person\/2ec14f73fb96be2caf28f91afb14749d"},"headline":"Pedro, do Flamengo, d\u00e1 sua opini\u00e3o sobre Cano, do Fluminense","datePublished":"2023-03-31T18:50:34+00:00","dateModified":"2024-04-07T12:43:00+00:00","mainEntityOfPage":{"@id":"https:\/\/www.gaveanews.com\/index.php\/2023\/03\/31\/pedro-do-flamengo-da-sua-opiniao-sobre-cano-do-fluminense\/"},"wordCount":320,"commentCount":0,"image":{"@id":"https:\/\/www.gaveanews.com\/index.php\/2023\/03\/31\/pedro-do-flamengo-da-sua-opiniao-sobre-cano-do-fluminense\/#primaryimage"},"thumbnailUrl":"https:\/\/www.gaveanews.com\/wp-content\/uploads\/pedro-flamengo-campeonato-carioca.webp","keywords":["Germ\u00e1n Ezequiel Cano"],"articleSection":["Flamengo"],"inLanguage":"pt-BR","potentialAction":[{"@type":"CommentAction","name":"Comment","target":["https:\/\/www.gaveanews.com\/index.php\/2023\/03\/31\/pedro-do-flamengo-da-sua-opiniao-sobre-cano-do-fluminense\/#respond"]}],"copyrightYear":"2023","copyrightHolder":{"@id":"https:\/\/www.gaveanews.com\/#organization"}},{"@type":"WebPage","@id":"https:\/\/www.gaveanews.com\/index.php\/2023\/03\/31\/pedro-do-flamengo-da-sua-opiniao-sobre-cano-do-fluminense\/","url":"https:\/\/www.gaveanews.com\/index.php\/2023\/03\/31\/pedro-do-flamengo-da-sua-opiniao-sobre-cano-do-fluminense\/","name":"Pedro, do Flamengo, d\u00e1 sua opini\u00e3o sobre Cano, do Fluminense","isPartOf":{"@id":"https:\/\/www.gaveanews.com\/#website"},"primaryImageOfPage":{"@id":"https:\/\/www.gaveanews.com\/index.php\/2023\/03\/31\/pedro-do-flamengo-da-sua-opiniao-sobre-cano-do-fluminense\/#primaryimage"},"image":{"@id":"https:\/\/www.gaveanews.com\/index.php\/2023\/03\/31\/pedro-do-flamengo-da-sua-opiniao-sobre-cano-do-fluminense\/#primaryimage"},"thumbnailUrl":"https:\/\/www.gaveanews.com\/wp-content\/uploads\/pedro-flamengo-campeonato-carioca.webp","datePublished":"2023-03-31T18:50:34+00:00","dateModified":"2024-04-07T12:43:00+00:00","author":{"@id":"https:\/\/www.gaveanews.com\/#\/schema\/person\/2ec14f73fb96be2caf28f91afb14749d"},"breadcrumb":{"@id":"https:\/\/www.gaveanews.com\/index.php\/2023\/03\/31\/pedro-do-flamengo-da-sua-opiniao-sobre-cano-do-fluminense\/#breadcrumb"},"inLanguage":"pt-BR","potentialAction":[{"@type":"ReadAction","target":["https:\/\/www.gaveanews.com\/index.php\/2023\/03\/31\/pedro-do-flamengo-da-sua-opiniao-sobre-cano-do-fluminense\/"]}]},{"@type":"ImageObject","inLanguage":"pt-BR","@id":"https:\/\/www.gaveanews.com\/index.php\/2023\/03\/31\/pedro-do-flamengo-da-sua-opiniao-sobre-cano-do-fluminense\/#primaryimage","url":"https:\/\/www.gaveanews.com\/wp-content\/uploads\/pedro-flamengo-campeonato-carioca.webp","contentUrl":"https:\/\/www.gaveanews.com\/wp-content\/uploads\/pedro-flamengo-campeonato-carioca.webp","width":680,"height":452,"caption":"Pedro em a\u00e7\u00e3o pelo Flamengo no Maracan\u00e3 (Foto: Marcelo Cortes\/Flamengo)"},{"@type":"BreadcrumbList","@id":"https:\/\/www.gaveanews.com\/index.php\/2023\/03\/31\/pedro-do-flamengo-da-sua-opiniao-sobre-cano-do-fluminense\/#breadcrumb","itemListElement":[{"@type":"ListItem","position":1,"name":"Home","item":"https:\/\/www.gaveanews.com\/"},{"@type":"ListItem","position":2,"name":"Pedro, do Flamengo, d\u00e1 sua opini\u00e3o sobre Cano, do Fluminense"}]},{"@type":"WebSite","@id":"https:\/\/www.gaveanews.com\/#website","url":"https:\/\/www.gaveanews.com\/","name":"G\u00e1vea News","description":"Veja todas as not\u00edcias sobre o Flamengo: Contrata\u00e7\u00f5es, categorias de base, resultados das partidas, tabela de classifica\u00e7\u00e3o, pr\u00f3ximos jogos!","potentialAction":[{"@type":"SearchAction","target":{"@type":"EntryPoint","urlTemplate":"https:\/\/www.gaveanews.com\/?s={search_term_string}"},"query-input":{"@type":"PropertyValueSpecification","valueRequired":true,"valueName":"search_term_string"}}],"inLanguage":"pt-BR"},{"@type":"Person","@id":"https:\/\/www.gaveanews.com\/#\/schema\/person\/2ec14f73fb96be2caf28f91afb14749d","name":"Equipe G\u00e1vea News","image":{"@type":"ImageObject","inLanguage":"pt-BR","@id":"https:\/\/www.gaveanews.com\/#\/schema\/person\/image\/","url":"https:\/\/secure.gravatar.com\/avatar\/1e1956f1facbffd3f8fa53a326721950116b3b9dc9bd44939c01180fd4a745a9?s=96&d=mm&r=g","contentUrl":"https:\/\/secure.gravatar.com\/avatar\/1e1956f1facbffd3f8fa53a326721950116b3b9dc9bd44939c01180fd4a745a9?s=96&d=mm&r=g","caption":"Equipe G\u00e1vea News"}}]}},"_links":{"self":[{"href":"https:\/\/www.gaveanews.com\/index.php\/wp-json\/wp\/v2\/posts\/96383","targetHints":{"allow":["GET"]}}],"collection":[{"href":"https:\/\/www.gaveanews.com\/index.php\/wp-json\/wp\/v2\/posts"}],"about":[{"href":"https:\/\/www.gaveanews.com\/index.php\/wp-json\/wp\/v2\/types\/post"}],"author":[{"embeddable":true,"href":"https:\/\/www.gaveanews.com\/index.php\/wp-json\/wp\/v2\/users\/1"}],"replies":[{"embeddable":true,"href":"https:\/\/www.gaveanews.com\/index.php\/wp-json\/wp\/v2\/comments?post=96383"}],"version-history":[{"count":1,"href":"https:\/\/www.gaveanews.com\/index.php\/wp-json\/wp\/v2\/posts\/96383\/revisions"}],"predecessor-version":[{"id":137150,"href":"https:\/\/www.gaveanews.com\/index.php\/wp-json\/wp\/v2\/posts\/96383\/revisions\/137150"}],"wp:featuredmedia":[{"embeddable":true,"href":"https:\/\/www.gaveanews.com\/index.php\/wp-json\/wp\/v2\/media\/93441"}],"wp:attachment":[{"href":"https:\/\/www.gaveanews.com\/index.php\/wp-json\/wp\/v2\/media?parent=96383"}],"wp:term":[{"taxonomy":"category","embeddable":true,"href":"https:\/\/www.gaveanews.com\/index.php\/wp-json\/wp\/v2\/categories?post=96383"},{"taxonomy":"post_tag","embeddable":true,"href":"https:\/\/www.gaveanews.com\/index.php\/wp-json\/wp\/v2\/tags?post=96383"}],"curies":[{"name":"wp","href":"https:\/\/api.w.org\/{rel}","templated":true}]}}