{"id":96406,"date":"2023-04-01T16:14:51","date_gmt":"2023-04-01T19:14:51","guid":{"rendered":"https:\/\/www.gaveanews.com\/?p=96406"},"modified":"2023-04-01T16:15:05","modified_gmt":"2023-04-01T19:15:05","slug":"flamengo-x-fluminense-maracana-contara-com-configuracao-especial-entenda","status":"publish","type":"post","link":"https:\/\/www.gaveanews.com\/index.php\/2023\/04\/01\/flamengo-x-fluminense-maracana-contara-com-configuracao-especial-entenda\/","title":{"rendered":"Flamengo x Fluminense: Maracan\u00e3 contar\u00e1 com configura\u00e7\u00e3o especial; veja todos os detalhes"},"content":{"rendered":"\n<p>Para a primeira partida das finais do Campeonato Carioca entre Flamengo e Fluminense o Maracan\u00e3 estar\u00e1 iluminado de azul. O confronto ser\u00e1 marcado por a\u00e7\u00f5es que chamam a aten\u00e7\u00e3o para a campanha Abril Azul, voltada para a conscientiza\u00e7\u00e3o sobre o autismo.<\/p>\n\n\n\n<p>A bola da partida ganhou detalhes em azul e tem estampado o la\u00e7o de quebra-cabe\u00e7as,\u00a0s\u00edmbolo do autismo. A iniciativa da Secretaria de Estado de Esporte e Lazer, em conjunto com a Suderj, ganhou o apoio de Flamengo e Fluminense.<\/p>\n\n\n\n<p>Os times entrar\u00e3o no gramado acompanhados de crian\u00e7as que s\u00e3o do espectro autista. Na arquibancada, os torcedores v\u00e3o receber bal\u00f5es azuis.<\/p>\n\n\n\n<p><em>\u2014 O Abril Azul se torna mais conhecido a cada ano e o esfor\u00e7o do esporte, com toda a sua capilaridade, \u00e9 exatamente esse, trazer mais informa\u00e7\u00e3o e construir na sociedade uma rede de apoio para todas as fam\u00edlias e pessoas com autismo<\/em>, disse Rafael Picciani, secret\u00e1rio estadual de Esporte e Lazer do Rio de Janeiro.<\/p>\n\n\n\n<p>Retirado de: UOL <\/p>\n","protected":false},"excerpt":{"rendered":"<p>Para a primeira partida das finais do Campeonato Carioca entre Flamengo e Fluminense o Maracan\u00e3 estar\u00e1 iluminado de azul. O confronto ser\u00e1 marcado por a\u00e7\u00f5es que chamam a aten\u00e7\u00e3o para a campanha Abril Azul, voltada para a conscientiza\u00e7\u00e3o sobre o autismo. A bola da partida ganhou detalhes em azul e tem estampado o la\u00e7o de [&hellip;]<\/p>\n","protected":false},"author":1,"featured_media":77941,"comment_status":"open","ping_status":"closed","sticky":false,"template":"","format":"standard","meta":{"footnotes":""},"categories":[1],"tags":[],"class_list":["post-96406","post","type-post","status-publish","format-standard","has-post-thumbnail","hentry","category-flamengo"],"yoast_head":"<!-- This site is optimized with the Yoast SEO Premium plugin v24.2 (Yoast SEO v26.9) - https:\/\/yoast.com\/product\/yoast-seo-premium-wordpress\/ -->\n<title>Flamengo x Fluminense: Maracan\u00e3 contar\u00e1 com configura\u00e7\u00e3o especial; veja todos os detalhes<\/title>\n<meta name=\"robots\" content=\"index, follow, max-snippet:-1, max-image-preview:large, max-video-preview:-1\" \/>\n<link rel=\"canonical\" href=\"https:\/\/www.gaveanews.com\/index.php\/2023\/04\/01\/flamengo-x-fluminense-maracana-contara-com-configuracao-especial-entenda\/\" \/>\n<meta property=\"og:locale\" content=\"pt_BR\" \/>\n<meta property=\"og:type\" content=\"article\" \/>\n<meta property=\"og:title\" content=\"Flamengo x Fluminense: Maracan\u00e3 contar\u00e1 com configura\u00e7\u00e3o especial; veja todos os detalhes\" \/>\n<meta property=\"og:description\" content=\"Para a primeira partida das finais do Campeonato Carioca entre Flamengo e Fluminense o Maracan\u00e3 estar\u00e1 iluminado de azul. O confronto ser\u00e1 marcado por a\u00e7\u00f5es que chamam a aten\u00e7\u00e3o para a campanha Abril Azul, voltada para a conscientiza\u00e7\u00e3o sobre o autismo. A bola da partida ganhou detalhes em azul e tem estampado o la\u00e7o de [&hellip;]\" \/>\n<meta property=\"og:url\" content=\"https:\/\/www.gaveanews.com\/index.php\/2023\/04\/01\/flamengo-x-fluminense-maracana-contara-com-configuracao-especial-entenda\/\" \/>\n<meta property=\"og:site_name\" content=\"G\u00e1vea News\" \/>\n<meta property=\"article:publisher\" content=\"https:\/\/facebook.com\/gaveaNews\/\" \/>\n<meta property=\"article:published_time\" content=\"2023-04-01T19:14:51+00:00\" \/>\n<meta property=\"article:modified_time\" content=\"2023-04-01T19:15:05+00:00\" \/>\n<meta property=\"og:image\" content=\"https:\/\/www.gaveanews.com\/wp-content\/uploads\/Interior-do-Maracana-apos-a-reforma-do-gramado.webp\" \/>\n\t<meta property=\"og:image:width\" content=\"1024\" \/>\n\t<meta property=\"og:image:height\" content=\"641\" \/>\n\t<meta property=\"og:image:type\" content=\"image\/jpeg\" \/>\n<meta name=\"author\" content=\"Equipe G\u00e1vea News\" \/>\n<meta name=\"twitter:card\" content=\"summary_large_image\" \/>\n<meta name=\"twitter:label1\" content=\"Escrito por\" \/>\n\t<meta name=\"twitter:data1\" content=\"Equipe G\u00e1vea News\" \/>\n\t<meta name=\"twitter:label2\" content=\"Est. tempo de leitura\" \/>\n\t<meta name=\"twitter:data2\" content=\"1 minuto\" \/>\n<script type=\"application\/ld+json\" class=\"yoast-schema-graph\">{\"@context\":\"https:\/\/schema.org\",\"@graph\":[{\"@type\":\"NewsArticle\",\"@id\":\"https:\/\/www.gaveanews.com\/index.php\/2023\/04\/01\/flamengo-x-fluminense-maracana-contara-com-configuracao-especial-entenda\/#article\",\"isPartOf\":{\"@id\":\"https:\/\/www.gaveanews.com\/index.php\/2023\/04\/01\/flamengo-x-fluminense-maracana-contara-com-configuracao-especial-entenda\/\"},\"author\":{\"name\":\"Equipe G\u00e1vea News\",\"@id\":\"https:\/\/www.gaveanews.com\/#\/schema\/person\/2ec14f73fb96be2caf28f91afb14749d\"},\"headline\":\"Flamengo x Fluminense: Maracan\u00e3 contar\u00e1 com configura\u00e7\u00e3o especial; veja todos os detalhes\",\"datePublished\":\"2023-04-01T19:14:51+00:00\",\"dateModified\":\"2023-04-01T19:15:05+00:00\",\"mainEntityOfPage\":{\"@id\":\"https:\/\/www.gaveanews.com\/index.php\/2023\/04\/01\/flamengo-x-fluminense-maracana-contara-com-configuracao-especial-entenda\/\"},\"wordCount\":187,\"commentCount\":0,\"image\":{\"@id\":\"https:\/\/www.gaveanews.com\/index.php\/2023\/04\/01\/flamengo-x-fluminense-maracana-contara-com-configuracao-especial-entenda\/#primaryimage\"},\"thumbnailUrl\":\"https:\/\/www.gaveanews.com\/wp-content\/uploads\/Interior-do-Maracana-apos-a-reforma-do-gramado.webp\",\"articleSection\":[\"Flamengo\"],\"inLanguage\":\"pt-BR\",\"potentialAction\":[{\"@type\":\"CommentAction\",\"name\":\"Comment\",\"target\":[\"https:\/\/www.gaveanews.com\/index.php\/2023\/04\/01\/flamengo-x-fluminense-maracana-contara-com-configuracao-especial-entenda\/#respond\"]}],\"copyrightYear\":\"2023\",\"copyrightHolder\":{\"@id\":\"https:\/\/www.gaveanews.com\/#organization\"}},{\"@type\":\"WebPage\",\"@id\":\"https:\/\/www.gaveanews.com\/index.php\/2023\/04\/01\/flamengo-x-fluminense-maracana-contara-com-configuracao-especial-entenda\/\",\"url\":\"https:\/\/www.gaveanews.com\/index.php\/2023\/04\/01\/flamengo-x-fluminense-maracana-contara-com-configuracao-especial-entenda\/\",\"name\":\"Flamengo x Fluminense: Maracan\u00e3 contar\u00e1 com configura\u00e7\u00e3o especial; veja todos os detalhes\",\"isPartOf\":{\"@id\":\"https:\/\/www.gaveanews.com\/#website\"},\"primaryImageOfPage\":{\"@id\":\"https:\/\/www.gaveanews.com\/index.php\/2023\/04\/01\/flamengo-x-fluminense-maracana-contara-com-configuracao-especial-entenda\/#primaryimage\"},\"image\":{\"@id\":\"https:\/\/www.gaveanews.com\/index.php\/2023\/04\/01\/flamengo-x-fluminense-maracana-contara-com-configuracao-especial-entenda\/#primaryimage\"},\"thumbnailUrl\":\"https:\/\/www.gaveanews.com\/wp-content\/uploads\/Interior-do-Maracana-apos-a-reforma-do-gramado.webp\",\"datePublished\":\"2023-04-01T19:14:51+00:00\",\"dateModified\":\"2023-04-01T19:15:05+00:00\",\"author\":{\"@id\":\"https:\/\/www.gaveanews.com\/#\/schema\/person\/2ec14f73fb96be2caf28f91afb14749d\"},\"breadcrumb\":{\"@id\":\"https:\/\/www.gaveanews.com\/index.php\/2023\/04\/01\/flamengo-x-fluminense-maracana-contara-com-configuracao-especial-entenda\/#breadcrumb\"},\"inLanguage\":\"pt-BR\",\"potentialAction\":[{\"@type\":\"ReadAction\",\"target\":[\"https:\/\/www.gaveanews.com\/index.php\/2023\/04\/01\/flamengo-x-fluminense-maracana-contara-com-configuracao-especial-entenda\/\"]}]},{\"@type\":\"ImageObject\",\"inLanguage\":\"pt-BR\",\"@id\":\"https:\/\/www.gaveanews.com\/index.php\/2023\/04\/01\/flamengo-x-fluminense-maracana-contara-com-configuracao-especial-entenda\/#primaryimage\",\"url\":\"https:\/\/www.gaveanews.com\/wp-content\/uploads\/Interior-do-Maracana-apos-a-reforma-do-gramado.webp\",\"contentUrl\":\"https:\/\/www.gaveanews.com\/wp-content\/uploads\/Interior-do-Maracana-apos-a-reforma-do-gramado.webp\",\"width\":1024,\"height\":641,\"caption\":\"Interior do Maracan\u00e3 ap\u00f3s a reforma do gramado (Foto: Reprodu\u00e7\u00e3o\/Maracan\u00e3)\"},{\"@type\":\"BreadcrumbList\",\"@id\":\"https:\/\/www.gaveanews.com\/index.php\/2023\/04\/01\/flamengo-x-fluminense-maracana-contara-com-configuracao-especial-entenda\/#breadcrumb\",\"itemListElement\":[{\"@type\":\"ListItem\",\"position\":1,\"name\":\"Home\",\"item\":\"https:\/\/www.gaveanews.com\/\"},{\"@type\":\"ListItem\",\"position\":2,\"name\":\"Flamengo x Fluminense: Maracan\u00e3 contar\u00e1 com configura\u00e7\u00e3o especial; veja todos os detalhes\"}]},{\"@type\":\"WebSite\",\"@id\":\"https:\/\/www.gaveanews.com\/#website\",\"url\":\"https:\/\/www.gaveanews.com\/\",\"name\":\"G\u00e1vea News\",\"description\":\"Veja todas as not\u00edcias sobre o Flamengo: Contrata\u00e7\u00f5es, categorias de base, resultados das partidas, tabela de classifica\u00e7\u00e3o, pr\u00f3ximos jogos!\",\"potentialAction\":[{\"@type\":\"SearchAction\",\"target\":{\"@type\":\"EntryPoint\",\"urlTemplate\":\"https:\/\/www.gaveanews.com\/?s={search_term_string}\"},\"query-input\":{\"@type\":\"PropertyValueSpecification\",\"valueRequired\":true,\"valueName\":\"search_term_string\"}}],\"inLanguage\":\"pt-BR\"},{\"@type\":\"Person\",\"@id\":\"https:\/\/www.gaveanews.com\/#\/schema\/person\/2ec14f73fb96be2caf28f91afb14749d\",\"name\":\"Equipe G\u00e1vea News\",\"image\":{\"@type\":\"ImageObject\",\"inLanguage\":\"pt-BR\",\"@id\":\"https:\/\/www.gaveanews.com\/#\/schema\/person\/image\/\",\"url\":\"https:\/\/secure.gravatar.com\/avatar\/1e1956f1facbffd3f8fa53a326721950116b3b9dc9bd44939c01180fd4a745a9?s=96&d=mm&r=g\",\"contentUrl\":\"https:\/\/secure.gravatar.com\/avatar\/1e1956f1facbffd3f8fa53a326721950116b3b9dc9bd44939c01180fd4a745a9?s=96&d=mm&r=g\",\"caption\":\"Equipe G\u00e1vea News\"}}]}<\/script>\n<!-- \/ Yoast SEO Premium plugin. -->","yoast_head_json":{"title":"Flamengo x Fluminense: Maracan\u00e3 contar\u00e1 com configura\u00e7\u00e3o especial; veja todos os detalhes","robots":{"index":"index","follow":"follow","max-snippet":"max-snippet:-1","max-image-preview":"max-image-preview:large","max-video-preview":"max-video-preview:-1"},"canonical":"https:\/\/www.gaveanews.com\/index.php\/2023\/04\/01\/flamengo-x-fluminense-maracana-contara-com-configuracao-especial-entenda\/","og_locale":"pt_BR","og_type":"article","og_title":"Flamengo x Fluminense: Maracan\u00e3 contar\u00e1 com configura\u00e7\u00e3o especial; veja todos os detalhes","og_description":"Para a primeira partida das finais do Campeonato Carioca entre Flamengo e Fluminense o Maracan\u00e3 estar\u00e1 iluminado de azul. O confronto ser\u00e1 marcado por a\u00e7\u00f5es que chamam a aten\u00e7\u00e3o para a campanha Abril Azul, voltada para a conscientiza\u00e7\u00e3o sobre o autismo. A bola da partida ganhou detalhes em azul e tem estampado o la\u00e7o de [&hellip;]","og_url":"https:\/\/www.gaveanews.com\/index.php\/2023\/04\/01\/flamengo-x-fluminense-maracana-contara-com-configuracao-especial-entenda\/","og_site_name":"G\u00e1vea News","article_publisher":"https:\/\/facebook.com\/gaveaNews\/","article_published_time":"2023-04-01T19:14:51+00:00","article_modified_time":"2023-04-01T19:15:05+00:00","og_image":[{"width":1024,"height":641,"url":"https:\/\/www.gaveanews.com\/wp-content\/uploads\/Interior-do-Maracana-apos-a-reforma-do-gramado.webp","type":"image\/jpeg"}],"author":"Equipe G\u00e1vea News","twitter_card":"summary_large_image","twitter_misc":{"Escrito por":"Equipe G\u00e1vea News","Est. tempo de leitura":"1 minuto"},"schema":{"@context":"https:\/\/schema.org","@graph":[{"@type":"NewsArticle","@id":"https:\/\/www.gaveanews.com\/index.php\/2023\/04\/01\/flamengo-x-fluminense-maracana-contara-com-configuracao-especial-entenda\/#article","isPartOf":{"@id":"https:\/\/www.gaveanews.com\/index.php\/2023\/04\/01\/flamengo-x-fluminense-maracana-contara-com-configuracao-especial-entenda\/"},"author":{"name":"Equipe G\u00e1vea News","@id":"https:\/\/www.gaveanews.com\/#\/schema\/person\/2ec14f73fb96be2caf28f91afb14749d"},"headline":"Flamengo x Fluminense: Maracan\u00e3 contar\u00e1 com configura\u00e7\u00e3o especial; veja todos os detalhes","datePublished":"2023-04-01T19:14:51+00:00","dateModified":"2023-04-01T19:15:05+00:00","mainEntityOfPage":{"@id":"https:\/\/www.gaveanews.com\/index.php\/2023\/04\/01\/flamengo-x-fluminense-maracana-contara-com-configuracao-especial-entenda\/"},"wordCount":187,"commentCount":0,"image":{"@id":"https:\/\/www.gaveanews.com\/index.php\/2023\/04\/01\/flamengo-x-fluminense-maracana-contara-com-configuracao-especial-entenda\/#primaryimage"},"thumbnailUrl":"https:\/\/www.gaveanews.com\/wp-content\/uploads\/Interior-do-Maracana-apos-a-reforma-do-gramado.webp","articleSection":["Flamengo"],"inLanguage":"pt-BR","potentialAction":[{"@type":"CommentAction","name":"Comment","target":["https:\/\/www.gaveanews.com\/index.php\/2023\/04\/01\/flamengo-x-fluminense-maracana-contara-com-configuracao-especial-entenda\/#respond"]}],"copyrightYear":"2023","copyrightHolder":{"@id":"https:\/\/www.gaveanews.com\/#organization"}},{"@type":"WebPage","@id":"https:\/\/www.gaveanews.com\/index.php\/2023\/04\/01\/flamengo-x-fluminense-maracana-contara-com-configuracao-especial-entenda\/","url":"https:\/\/www.gaveanews.com\/index.php\/2023\/04\/01\/flamengo-x-fluminense-maracana-contara-com-configuracao-especial-entenda\/","name":"Flamengo x Fluminense: Maracan\u00e3 contar\u00e1 com configura\u00e7\u00e3o especial; veja todos os detalhes","isPartOf":{"@id":"https:\/\/www.gaveanews.com\/#website"},"primaryImageOfPage":{"@id":"https:\/\/www.gaveanews.com\/index.php\/2023\/04\/01\/flamengo-x-fluminense-maracana-contara-com-configuracao-especial-entenda\/#primaryimage"},"image":{"@id":"https:\/\/www.gaveanews.com\/index.php\/2023\/04\/01\/flamengo-x-fluminense-maracana-contara-com-configuracao-especial-entenda\/#primaryimage"},"thumbnailUrl":"https:\/\/www.gaveanews.com\/wp-content\/uploads\/Interior-do-Maracana-apos-a-reforma-do-gramado.webp","datePublished":"2023-04-01T19:14:51+00:00","dateModified":"2023-04-01T19:15:05+00:00","author":{"@id":"https:\/\/www.gaveanews.com\/#\/schema\/person\/2ec14f73fb96be2caf28f91afb14749d"},"breadcrumb":{"@id":"https:\/\/www.gaveanews.com\/index.php\/2023\/04\/01\/flamengo-x-fluminense-maracana-contara-com-configuracao-especial-entenda\/#breadcrumb"},"inLanguage":"pt-BR","potentialAction":[{"@type":"ReadAction","target":["https:\/\/www.gaveanews.com\/index.php\/2023\/04\/01\/flamengo-x-fluminense-maracana-contara-com-configuracao-especial-entenda\/"]}]},{"@type":"ImageObject","inLanguage":"pt-BR","@id":"https:\/\/www.gaveanews.com\/index.php\/2023\/04\/01\/flamengo-x-fluminense-maracana-contara-com-configuracao-especial-entenda\/#primaryimage","url":"https:\/\/www.gaveanews.com\/wp-content\/uploads\/Interior-do-Maracana-apos-a-reforma-do-gramado.webp","contentUrl":"https:\/\/www.gaveanews.com\/wp-content\/uploads\/Interior-do-Maracana-apos-a-reforma-do-gramado.webp","width":1024,"height":641,"caption":"Interior do Maracan\u00e3 ap\u00f3s a reforma do gramado (Foto: Reprodu\u00e7\u00e3o\/Maracan\u00e3)"},{"@type":"BreadcrumbList","@id":"https:\/\/www.gaveanews.com\/index.php\/2023\/04\/01\/flamengo-x-fluminense-maracana-contara-com-configuracao-especial-entenda\/#breadcrumb","itemListElement":[{"@type":"ListItem","position":1,"name":"Home","item":"https:\/\/www.gaveanews.com\/"},{"@type":"ListItem","position":2,"name":"Flamengo x Fluminense: Maracan\u00e3 contar\u00e1 com configura\u00e7\u00e3o especial; veja todos os detalhes"}]},{"@type":"WebSite","@id":"https:\/\/www.gaveanews.com\/#website","url":"https:\/\/www.gaveanews.com\/","name":"G\u00e1vea News","description":"Veja todas as not\u00edcias sobre o Flamengo: Contrata\u00e7\u00f5es, categorias de base, resultados das partidas, tabela de classifica\u00e7\u00e3o, pr\u00f3ximos jogos!","potentialAction":[{"@type":"SearchAction","target":{"@type":"EntryPoint","urlTemplate":"https:\/\/www.gaveanews.com\/?s={search_term_string}"},"query-input":{"@type":"PropertyValueSpecification","valueRequired":true,"valueName":"search_term_string"}}],"inLanguage":"pt-BR"},{"@type":"Person","@id":"https:\/\/www.gaveanews.com\/#\/schema\/person\/2ec14f73fb96be2caf28f91afb14749d","name":"Equipe G\u00e1vea News","image":{"@type":"ImageObject","inLanguage":"pt-BR","@id":"https:\/\/www.gaveanews.com\/#\/schema\/person\/image\/","url":"https:\/\/secure.gravatar.com\/avatar\/1e1956f1facbffd3f8fa53a326721950116b3b9dc9bd44939c01180fd4a745a9?s=96&d=mm&r=g","contentUrl":"https:\/\/secure.gravatar.com\/avatar\/1e1956f1facbffd3f8fa53a326721950116b3b9dc9bd44939c01180fd4a745a9?s=96&d=mm&r=g","caption":"Equipe G\u00e1vea News"}}]}},"_links":{"self":[{"href":"https:\/\/www.gaveanews.com\/index.php\/wp-json\/wp\/v2\/posts\/96406","targetHints":{"allow":["GET"]}}],"collection":[{"href":"https:\/\/www.gaveanews.com\/index.php\/wp-json\/wp\/v2\/posts"}],"about":[{"href":"https:\/\/www.gaveanews.com\/index.php\/wp-json\/wp\/v2\/types\/post"}],"author":[{"embeddable":true,"href":"https:\/\/www.gaveanews.com\/index.php\/wp-json\/wp\/v2\/users\/1"}],"replies":[{"embeddable":true,"href":"https:\/\/www.gaveanews.com\/index.php\/wp-json\/wp\/v2\/comments?post=96406"}],"version-history":[{"count":0,"href":"https:\/\/www.gaveanews.com\/index.php\/wp-json\/wp\/v2\/posts\/96406\/revisions"}],"wp:featuredmedia":[{"embeddable":true,"href":"https:\/\/www.gaveanews.com\/index.php\/wp-json\/wp\/v2\/media\/77941"}],"wp:attachment":[{"href":"https:\/\/www.gaveanews.com\/index.php\/wp-json\/wp\/v2\/media?parent=96406"}],"wp:term":[{"taxonomy":"category","embeddable":true,"href":"https:\/\/www.gaveanews.com\/index.php\/wp-json\/wp\/v2\/categories?post=96406"},{"taxonomy":"post_tag","embeddable":true,"href":"https:\/\/www.gaveanews.com\/index.php\/wp-json\/wp\/v2\/tags?post=96406"}],"curies":[{"name":"wp","href":"https:\/\/api.w.org\/{rel}","templated":true}]}}