{"id":96425,"date":"2023-04-01T21:20:51","date_gmt":"2023-04-02T00:20:51","guid":{"rendered":"https:\/\/www.gaveanews.com\/?p=96425"},"modified":"2023-04-01T21:20:54","modified_gmt":"2023-04-02T00:20:54","slug":"torcida-do-flamengo-detona-escalacao-escolhida-por-vitor-pereira-para-o-jogo-contra-o-fluminense","status":"publish","type":"post","link":"https:\/\/www.gaveanews.com\/index.php\/2023\/04\/01\/torcida-do-flamengo-detona-escalacao-escolhida-por-vitor-pereira-para-o-jogo-contra-o-fluminense\/","title":{"rendered":"Torcida do Flamengo detona escala\u00e7\u00e3o escolhida por V\u00edtor Pereira para o jogo contra o Fluminense"},"content":{"rendered":"\n<p>O t\u00e9cnico V\u00edtor Pereira surpreendeu a todos neste s\u00e1bado (01) ao escalar o Flamengo sem Gabigol e Everton Ribeiro, no primeiro jogo da final do Campeonato Carioca, contra o Fluminense, no Maracan\u00e3.<\/p>\n\n\n\n<p>O atacante e o meia ficar\u00e3o no banco de reservas, em princ\u00edpio por op\u00e7\u00e3o do treinador portugu\u00eas. Matheus Fran\u00e7a, Everton Cebolinha e Pedro ser\u00e3o os atacantes diante do Tricolor. Vale lembrar que o Fla j\u00e1 n\u00e3o conta com Giorgian de Arrascaeta, que sofreu uma les\u00e3o na coxa e deve perder at\u00e9 a segunda partida decisiva.<\/p>\n\n\n\n<p>Por conta deste contexto, diversos torcedores do Flamengo foram at\u00e9 as redes sociais para registrar seus respectivos descontentamentos:<\/p>\n\n\n\n<figure class=\"wp-block-embed is-type-rich is-provider-twitter wp-block-embed-twitter\"><div class=\"wp-block-embed__wrapper\">\n<blockquote class=\"twitter-tweet\" data-width=\"550\" data-dnt=\"true\"><p lang=\"pt\" dir=\"ltr\">\ud83d\udea8 Entrevista do Vitor Pereira em primeira m\u00e3o explicando das suas op\u00e7\u00f5es t\u00e1ticas pro jogo de hoje: <a href=\"https:\/\/t.co\/ox0uZzgAb6\">pic.twitter.com\/ox0uZzgAb6<\/a><\/p>&mdash; Flamengo Em Baixa Qualidade (@Fla100Qualidade) <a href=\"https:\/\/twitter.com\/Fla100Qualidade\/status\/1642307856744546304?ref_src=twsrc%5Etfw\">April 1, 2023<\/a><\/blockquote><script async src=\"https:\/\/platform.twitter.com\/widgets.js\" charset=\"utf-8\"><\/script>\n<\/div><\/figure>\n\n\n\n<figure class=\"wp-block-embed is-type-rich is-provider-twitter wp-block-embed-twitter\"><div class=\"wp-block-embed__wrapper\">\n<blockquote class=\"twitter-tweet\" data-width=\"550\" data-dnt=\"true\"><p lang=\"pt\" dir=\"ltr\">Vontade de fazer isso com o Vitor Pereira <a href=\"https:\/\/t.co\/zAfviECBDN\">pic.twitter.com\/zAfviECBDN<\/a><\/p>&mdash; CLUBISTAS DO FLA OFICIAL (@clubistasdofla) <a href=\"https:\/\/twitter.com\/clubistasdofla\/status\/1642313182877216770?ref_src=twsrc%5Etfw\">April 1, 2023<\/a><\/blockquote><script async src=\"https:\/\/platform.twitter.com\/widgets.js\" charset=\"utf-8\"><\/script>\n<\/div><\/figure>\n\n\n\n<figure class=\"wp-block-embed is-type-rich is-provider-twitter wp-block-embed-twitter\"><div class=\"wp-block-embed__wrapper\">\n<blockquote class=\"twitter-tweet\" data-width=\"550\" data-dnt=\"true\"><p lang=\"pt\" dir=\"ltr\">\u201ccalma, o vp tem um plano\u201d s\u00f3 se for um plano de morte para o flamenguista.<\/p>&mdash; jota (@jotadomeng) <a href=\"https:\/\/twitter.com\/jotadomeng\/status\/1642315706833285127?ref_src=twsrc%5Etfw\">April 1, 2023<\/a><\/blockquote><script async src=\"https:\/\/platform.twitter.com\/widgets.js\" charset=\"utf-8\"><\/script>\n<\/div><\/figure>\n\n\n\n<figure class=\"wp-block-embed is-type-rich is-provider-twitter wp-block-embed-twitter\"><div class=\"wp-block-embed__wrapper\">\n<blockquote class=\"twitter-tweet\" data-width=\"550\" data-dnt=\"true\"><p lang=\"pt\" dir=\"ltr\">Vitor Pereira j\u00e1 conseguiu uma vit\u00f3ria com o Flamengo<br><br>ser pior que o Paulo Souza<\/p>&mdash; andressa \u1d9c\u02b3\u1da0 (@eiiarrascaeta) <a href=\"https:\/\/twitter.com\/eiiarrascaeta\/status\/1642314402090168320?ref_src=twsrc%5Etfw\">April 1, 2023<\/a><\/blockquote><script async src=\"https:\/\/platform.twitter.com\/widgets.js\" charset=\"utf-8\"><\/script>\n<\/div><\/figure>\n\n\n\n<figure class=\"wp-block-embed is-type-rich is-provider-twitter wp-block-embed-twitter\"><div class=\"wp-block-embed__wrapper\">\n<blockquote class=\"twitter-tweet\" data-width=\"550\" data-dnt=\"true\"><p lang=\"pt\" dir=\"ltr\">14 dias sem treinar.<br><br>Uma Ferrari na m\u00e3o de um maluco que n\u00e3o sabe dirigir.<br><br>Esse \u00e9 o Flamengo na m\u00e3o de Vitor Pereira.<\/p>&mdash; Amor da Na\u00e7\u00e3o \u1d9c\u02b3\u1da0 (@AmorDaNacao) <a href=\"https:\/\/twitter.com\/AmorDaNacao\/status\/1642312879352209408?ref_src=twsrc%5Etfw\">April 1, 2023<\/a><\/blockquote><script async src=\"https:\/\/platform.twitter.com\/widgets.js\" charset=\"utf-8\"><\/script>\n<\/div><\/figure>\n\n\n\n<figure class=\"wp-block-embed is-type-rich is-provider-twitter wp-block-embed-twitter\"><div class=\"wp-block-embed__wrapper\">\n<blockquote class=\"twitter-tweet\" data-width=\"550\" data-dnt=\"true\"><p lang=\"pt\" dir=\"ltr\">o Vitor Pereira pode muito bem calar a minha boca depois desse jogo, mas NUNCA, repito, NUNCA se coloca o gabigol no banco em uma final<\/p>&mdash; caioziN \u1d9c\u02b3\u1da0 \ud83c\uddf9\ud83c\uddf7 (@B16caio) <a href=\"https:\/\/twitter.com\/B16caio\/status\/1642299776338124800?ref_src=twsrc%5Etfw\">April 1, 2023<\/a><\/blockquote><script async src=\"https:\/\/platform.twitter.com\/widgets.js\" charset=\"utf-8\"><\/script>\n<\/div><\/figure>\n\n\n\n<figure class=\"wp-block-embed is-type-rich is-provider-twitter wp-block-embed-twitter\"><div class=\"wp-block-embed__wrapper\">\n<blockquote class=\"twitter-tweet\" data-width=\"550\" data-dnt=\"true\"><p lang=\"pt\" dir=\"ltr\">Arrascaeta machucou, meu Deus perdemos um titular <br><br>Vitor Pereira: 1 n\u00e3o, \u00c9verton Ribeiro e Gabigol tamb\u00e9m kkkkk otarios<\/p>&mdash; FLA DA NA\u00c7\u00c3O (@FlaDaNacao_) <a href=\"https:\/\/twitter.com\/FlaDaNacao_\/status\/1642294210316447744?ref_src=twsrc%5Etfw\">April 1, 2023<\/a><\/blockquote><script async src=\"https:\/\/platform.twitter.com\/widgets.js\" charset=\"utf-8\"><\/script>\n<\/div><\/figure>\n\n\n\n<p>Adaptado de: TNT Sports<\/p>\n","protected":false},"excerpt":{"rendered":"<p>O t\u00e9cnico V\u00edtor Pereira surpreendeu a todos neste s\u00e1bado (01) ao escalar o Flamengo sem Gabigol e Everton Ribeiro, no primeiro jogo da final do Campeonato Carioca, contra o Fluminense, no Maracan\u00e3. O atacante e o meia ficar\u00e3o no banco de reservas, em princ\u00edpio por op\u00e7\u00e3o do treinador portugu\u00eas. Matheus Fran\u00e7a, Everton Cebolinha e Pedro [&hellip;]<\/p>\n","protected":false},"author":1,"featured_media":93176,"comment_status":"open","ping_status":"closed","sticky":false,"template":"","format":"standard","meta":{"footnotes":""},"categories":[1],"tags":[],"class_list":["post-96425","post","type-post","status-publish","format-standard","has-post-thumbnail","hentry","category-flamengo"],"yoast_head":"<!-- This site is optimized with the Yoast SEO Premium plugin v24.2 (Yoast SEO v26.9) - https:\/\/yoast.com\/product\/yoast-seo-premium-wordpress\/ -->\n<title>Torcida do Flamengo detona escala\u00e7\u00e3o escolhida por V\u00edtor Pereira para o jogo contra o Fluminense<\/title>\n<meta name=\"robots\" content=\"index, follow, max-snippet:-1, max-image-preview:large, max-video-preview:-1\" \/>\n<link rel=\"canonical\" href=\"https:\/\/www.gaveanews.com\/index.php\/2023\/04\/01\/torcida-do-flamengo-detona-escalacao-escolhida-por-vitor-pereira-para-o-jogo-contra-o-fluminense\/\" \/>\n<meta property=\"og:locale\" content=\"pt_BR\" \/>\n<meta property=\"og:type\" content=\"article\" \/>\n<meta property=\"og:title\" content=\"Torcida do Flamengo detona escala\u00e7\u00e3o escolhida por V\u00edtor Pereira para o jogo contra o Fluminense\" \/>\n<meta property=\"og:description\" content=\"O t\u00e9cnico V\u00edtor Pereira surpreendeu a todos neste s\u00e1bado (01) ao escalar o Flamengo sem Gabigol e Everton Ribeiro, no primeiro jogo da final do Campeonato Carioca, contra o Fluminense, no Maracan\u00e3. O atacante e o meia ficar\u00e3o no banco de reservas, em princ\u00edpio por op\u00e7\u00e3o do treinador portugu\u00eas. Matheus Fran\u00e7a, Everton Cebolinha e Pedro [&hellip;]\" \/>\n<meta property=\"og:url\" content=\"https:\/\/www.gaveanews.com\/index.php\/2023\/04\/01\/torcida-do-flamengo-detona-escalacao-escolhida-por-vitor-pereira-para-o-jogo-contra-o-fluminense\/\" \/>\n<meta property=\"og:site_name\" content=\"G\u00e1vea News\" \/>\n<meta property=\"article:publisher\" content=\"https:\/\/facebook.com\/gaveaNews\/\" \/>\n<meta property=\"article:published_time\" content=\"2023-04-02T00:20:51+00:00\" \/>\n<meta property=\"article:modified_time\" content=\"2023-04-02T00:20:54+00:00\" \/>\n<meta property=\"og:image\" content=\"https:\/\/www.gaveanews.com\/wp-content\/uploads\/vitor-pereira-flamengo-portuguesa-carioca-2023.webp\" \/>\n\t<meta property=\"og:image:width\" content=\"984\" \/>\n\t<meta property=\"og:image:height\" content=\"700\" \/>\n\t<meta property=\"og:image:type\" content=\"image\/webp\" \/>\n<meta name=\"author\" content=\"Equipe G\u00e1vea News\" \/>\n<meta name=\"twitter:card\" content=\"summary_large_image\" \/>\n<meta name=\"twitter:label1\" content=\"Escrito por\" \/>\n\t<meta name=\"twitter:data1\" content=\"Equipe G\u00e1vea News\" \/>\n\t<meta name=\"twitter:label2\" content=\"Est. tempo de leitura\" \/>\n\t<meta name=\"twitter:data2\" content=\"1 minuto\" \/>\n<script type=\"application\/ld+json\" class=\"yoast-schema-graph\">{\"@context\":\"https:\/\/schema.org\",\"@graph\":[{\"@type\":\"NewsArticle\",\"@id\":\"https:\/\/www.gaveanews.com\/index.php\/2023\/04\/01\/torcida-do-flamengo-detona-escalacao-escolhida-por-vitor-pereira-para-o-jogo-contra-o-fluminense\/#article\",\"isPartOf\":{\"@id\":\"https:\/\/www.gaveanews.com\/index.php\/2023\/04\/01\/torcida-do-flamengo-detona-escalacao-escolhida-por-vitor-pereira-para-o-jogo-contra-o-fluminense\/\"},\"author\":{\"name\":\"Equipe G\u00e1vea News\",\"@id\":\"https:\/\/www.gaveanews.com\/#\/schema\/person\/2ec14f73fb96be2caf28f91afb14749d\"},\"headline\":\"Torcida do Flamengo detona escala\u00e7\u00e3o escolhida por V\u00edtor Pereira para o jogo contra o Fluminense\",\"datePublished\":\"2023-04-02T00:20:51+00:00\",\"dateModified\":\"2023-04-02T00:20:54+00:00\",\"mainEntityOfPage\":{\"@id\":\"https:\/\/www.gaveanews.com\/index.php\/2023\/04\/01\/torcida-do-flamengo-detona-escalacao-escolhida-por-vitor-pereira-para-o-jogo-contra-o-fluminense\/\"},\"wordCount\":173,\"commentCount\":0,\"image\":{\"@id\":\"https:\/\/www.gaveanews.com\/index.php\/2023\/04\/01\/torcida-do-flamengo-detona-escalacao-escolhida-por-vitor-pereira-para-o-jogo-contra-o-fluminense\/#primaryimage\"},\"thumbnailUrl\":\"https:\/\/www.gaveanews.com\/wp-content\/uploads\/vitor-pereira-flamengo-portuguesa-carioca-2023.webp\",\"articleSection\":[\"Flamengo\"],\"inLanguage\":\"pt-BR\",\"potentialAction\":[{\"@type\":\"CommentAction\",\"name\":\"Comment\",\"target\":[\"https:\/\/www.gaveanews.com\/index.php\/2023\/04\/01\/torcida-do-flamengo-detona-escalacao-escolhida-por-vitor-pereira-para-o-jogo-contra-o-fluminense\/#respond\"]}],\"copyrightYear\":\"2023\",\"copyrightHolder\":{\"@id\":\"https:\/\/www.gaveanews.com\/#organization\"}},{\"@type\":\"WebPage\",\"@id\":\"https:\/\/www.gaveanews.com\/index.php\/2023\/04\/01\/torcida-do-flamengo-detona-escalacao-escolhida-por-vitor-pereira-para-o-jogo-contra-o-fluminense\/\",\"url\":\"https:\/\/www.gaveanews.com\/index.php\/2023\/04\/01\/torcida-do-flamengo-detona-escalacao-escolhida-por-vitor-pereira-para-o-jogo-contra-o-fluminense\/\",\"name\":\"Torcida do Flamengo detona escala\u00e7\u00e3o escolhida por V\u00edtor Pereira para o jogo contra o Fluminense\",\"isPartOf\":{\"@id\":\"https:\/\/www.gaveanews.com\/#website\"},\"primaryImageOfPage\":{\"@id\":\"https:\/\/www.gaveanews.com\/index.php\/2023\/04\/01\/torcida-do-flamengo-detona-escalacao-escolhida-por-vitor-pereira-para-o-jogo-contra-o-fluminense\/#primaryimage\"},\"image\":{\"@id\":\"https:\/\/www.gaveanews.com\/index.php\/2023\/04\/01\/torcida-do-flamengo-detona-escalacao-escolhida-por-vitor-pereira-para-o-jogo-contra-o-fluminense\/#primaryimage\"},\"thumbnailUrl\":\"https:\/\/www.gaveanews.com\/wp-content\/uploads\/vitor-pereira-flamengo-portuguesa-carioca-2023.webp\",\"datePublished\":\"2023-04-02T00:20:51+00:00\",\"dateModified\":\"2023-04-02T00:20:54+00:00\",\"author\":{\"@id\":\"https:\/\/www.gaveanews.com\/#\/schema\/person\/2ec14f73fb96be2caf28f91afb14749d\"},\"breadcrumb\":{\"@id\":\"https:\/\/www.gaveanews.com\/index.php\/2023\/04\/01\/torcida-do-flamengo-detona-escalacao-escolhida-por-vitor-pereira-para-o-jogo-contra-o-fluminense\/#breadcrumb\"},\"inLanguage\":\"pt-BR\",\"potentialAction\":[{\"@type\":\"ReadAction\",\"target\":[\"https:\/\/www.gaveanews.com\/index.php\/2023\/04\/01\/torcida-do-flamengo-detona-escalacao-escolhida-por-vitor-pereira-para-o-jogo-contra-o-fluminense\/\"]}]},{\"@type\":\"ImageObject\",\"inLanguage\":\"pt-BR\",\"@id\":\"https:\/\/www.gaveanews.com\/index.php\/2023\/04\/01\/torcida-do-flamengo-detona-escalacao-escolhida-por-vitor-pereira-para-o-jogo-contra-o-fluminense\/#primaryimage\",\"url\":\"https:\/\/www.gaveanews.com\/wp-content\/uploads\/vitor-pereira-flamengo-portuguesa-carioca-2023.webp\",\"contentUrl\":\"https:\/\/www.gaveanews.com\/wp-content\/uploads\/vitor-pereira-flamengo-portuguesa-carioca-2023.webp\",\"width\":984,\"height\":700,\"caption\":\"V\u00edtor Pereira estreia no Flamengo contra a Portuguesa pelo Campeonato Carioca 2023 (Foto: Andr\u00e9 Dur\u00e3o)\"},{\"@type\":\"BreadcrumbList\",\"@id\":\"https:\/\/www.gaveanews.com\/index.php\/2023\/04\/01\/torcida-do-flamengo-detona-escalacao-escolhida-por-vitor-pereira-para-o-jogo-contra-o-fluminense\/#breadcrumb\",\"itemListElement\":[{\"@type\":\"ListItem\",\"position\":1,\"name\":\"Home\",\"item\":\"https:\/\/www.gaveanews.com\/\"},{\"@type\":\"ListItem\",\"position\":2,\"name\":\"Torcida do Flamengo detona escala\u00e7\u00e3o escolhida por V\u00edtor Pereira para o jogo contra o Fluminense\"}]},{\"@type\":\"WebSite\",\"@id\":\"https:\/\/www.gaveanews.com\/#website\",\"url\":\"https:\/\/www.gaveanews.com\/\",\"name\":\"G\u00e1vea News\",\"description\":\"Veja todas as not\u00edcias sobre o Flamengo: Contrata\u00e7\u00f5es, categorias de base, resultados das partidas, tabela de classifica\u00e7\u00e3o, pr\u00f3ximos jogos!\",\"potentialAction\":[{\"@type\":\"SearchAction\",\"target\":{\"@type\":\"EntryPoint\",\"urlTemplate\":\"https:\/\/www.gaveanews.com\/?s={search_term_string}\"},\"query-input\":{\"@type\":\"PropertyValueSpecification\",\"valueRequired\":true,\"valueName\":\"search_term_string\"}}],\"inLanguage\":\"pt-BR\"},{\"@type\":\"Person\",\"@id\":\"https:\/\/www.gaveanews.com\/#\/schema\/person\/2ec14f73fb96be2caf28f91afb14749d\",\"name\":\"Equipe G\u00e1vea News\",\"image\":{\"@type\":\"ImageObject\",\"inLanguage\":\"pt-BR\",\"@id\":\"https:\/\/www.gaveanews.com\/#\/schema\/person\/image\/\",\"url\":\"https:\/\/secure.gravatar.com\/avatar\/1e1956f1facbffd3f8fa53a326721950116b3b9dc9bd44939c01180fd4a745a9?s=96&d=mm&r=g\",\"contentUrl\":\"https:\/\/secure.gravatar.com\/avatar\/1e1956f1facbffd3f8fa53a326721950116b3b9dc9bd44939c01180fd4a745a9?s=96&d=mm&r=g\",\"caption\":\"Equipe G\u00e1vea News\"}}]}<\/script>\n<!-- \/ Yoast SEO Premium plugin. -->","yoast_head_json":{"title":"Torcida do Flamengo detona escala\u00e7\u00e3o escolhida por V\u00edtor Pereira para o jogo contra o Fluminense","robots":{"index":"index","follow":"follow","max-snippet":"max-snippet:-1","max-image-preview":"max-image-preview:large","max-video-preview":"max-video-preview:-1"},"canonical":"https:\/\/www.gaveanews.com\/index.php\/2023\/04\/01\/torcida-do-flamengo-detona-escalacao-escolhida-por-vitor-pereira-para-o-jogo-contra-o-fluminense\/","og_locale":"pt_BR","og_type":"article","og_title":"Torcida do Flamengo detona escala\u00e7\u00e3o escolhida por V\u00edtor Pereira para o jogo contra o Fluminense","og_description":"O t\u00e9cnico V\u00edtor Pereira surpreendeu a todos neste s\u00e1bado (01) ao escalar o Flamengo sem Gabigol e Everton Ribeiro, no primeiro jogo da final do Campeonato Carioca, contra o Fluminense, no Maracan\u00e3. O atacante e o meia ficar\u00e3o no banco de reservas, em princ\u00edpio por op\u00e7\u00e3o do treinador portugu\u00eas. Matheus Fran\u00e7a, Everton Cebolinha e Pedro [&hellip;]","og_url":"https:\/\/www.gaveanews.com\/index.php\/2023\/04\/01\/torcida-do-flamengo-detona-escalacao-escolhida-por-vitor-pereira-para-o-jogo-contra-o-fluminense\/","og_site_name":"G\u00e1vea News","article_publisher":"https:\/\/facebook.com\/gaveaNews\/","article_published_time":"2023-04-02T00:20:51+00:00","article_modified_time":"2023-04-02T00:20:54+00:00","og_image":[{"width":984,"height":700,"url":"https:\/\/www.gaveanews.com\/wp-content\/uploads\/vitor-pereira-flamengo-portuguesa-carioca-2023.webp","type":"image\/webp"}],"author":"Equipe G\u00e1vea News","twitter_card":"summary_large_image","twitter_misc":{"Escrito por":"Equipe G\u00e1vea News","Est. tempo de leitura":"1 minuto"},"schema":{"@context":"https:\/\/schema.org","@graph":[{"@type":"NewsArticle","@id":"https:\/\/www.gaveanews.com\/index.php\/2023\/04\/01\/torcida-do-flamengo-detona-escalacao-escolhida-por-vitor-pereira-para-o-jogo-contra-o-fluminense\/#article","isPartOf":{"@id":"https:\/\/www.gaveanews.com\/index.php\/2023\/04\/01\/torcida-do-flamengo-detona-escalacao-escolhida-por-vitor-pereira-para-o-jogo-contra-o-fluminense\/"},"author":{"name":"Equipe G\u00e1vea News","@id":"https:\/\/www.gaveanews.com\/#\/schema\/person\/2ec14f73fb96be2caf28f91afb14749d"},"headline":"Torcida do Flamengo detona escala\u00e7\u00e3o escolhida por V\u00edtor Pereira para o jogo contra o Fluminense","datePublished":"2023-04-02T00:20:51+00:00","dateModified":"2023-04-02T00:20:54+00:00","mainEntityOfPage":{"@id":"https:\/\/www.gaveanews.com\/index.php\/2023\/04\/01\/torcida-do-flamengo-detona-escalacao-escolhida-por-vitor-pereira-para-o-jogo-contra-o-fluminense\/"},"wordCount":173,"commentCount":0,"image":{"@id":"https:\/\/www.gaveanews.com\/index.php\/2023\/04\/01\/torcida-do-flamengo-detona-escalacao-escolhida-por-vitor-pereira-para-o-jogo-contra-o-fluminense\/#primaryimage"},"thumbnailUrl":"https:\/\/www.gaveanews.com\/wp-content\/uploads\/vitor-pereira-flamengo-portuguesa-carioca-2023.webp","articleSection":["Flamengo"],"inLanguage":"pt-BR","potentialAction":[{"@type":"CommentAction","name":"Comment","target":["https:\/\/www.gaveanews.com\/index.php\/2023\/04\/01\/torcida-do-flamengo-detona-escalacao-escolhida-por-vitor-pereira-para-o-jogo-contra-o-fluminense\/#respond"]}],"copyrightYear":"2023","copyrightHolder":{"@id":"https:\/\/www.gaveanews.com\/#organization"}},{"@type":"WebPage","@id":"https:\/\/www.gaveanews.com\/index.php\/2023\/04\/01\/torcida-do-flamengo-detona-escalacao-escolhida-por-vitor-pereira-para-o-jogo-contra-o-fluminense\/","url":"https:\/\/www.gaveanews.com\/index.php\/2023\/04\/01\/torcida-do-flamengo-detona-escalacao-escolhida-por-vitor-pereira-para-o-jogo-contra-o-fluminense\/","name":"Torcida do Flamengo detona escala\u00e7\u00e3o escolhida por V\u00edtor Pereira para o jogo contra o Fluminense","isPartOf":{"@id":"https:\/\/www.gaveanews.com\/#website"},"primaryImageOfPage":{"@id":"https:\/\/www.gaveanews.com\/index.php\/2023\/04\/01\/torcida-do-flamengo-detona-escalacao-escolhida-por-vitor-pereira-para-o-jogo-contra-o-fluminense\/#primaryimage"},"image":{"@id":"https:\/\/www.gaveanews.com\/index.php\/2023\/04\/01\/torcida-do-flamengo-detona-escalacao-escolhida-por-vitor-pereira-para-o-jogo-contra-o-fluminense\/#primaryimage"},"thumbnailUrl":"https:\/\/www.gaveanews.com\/wp-content\/uploads\/vitor-pereira-flamengo-portuguesa-carioca-2023.webp","datePublished":"2023-04-02T00:20:51+00:00","dateModified":"2023-04-02T00:20:54+00:00","author":{"@id":"https:\/\/www.gaveanews.com\/#\/schema\/person\/2ec14f73fb96be2caf28f91afb14749d"},"breadcrumb":{"@id":"https:\/\/www.gaveanews.com\/index.php\/2023\/04\/01\/torcida-do-flamengo-detona-escalacao-escolhida-por-vitor-pereira-para-o-jogo-contra-o-fluminense\/#breadcrumb"},"inLanguage":"pt-BR","potentialAction":[{"@type":"ReadAction","target":["https:\/\/www.gaveanews.com\/index.php\/2023\/04\/01\/torcida-do-flamengo-detona-escalacao-escolhida-por-vitor-pereira-para-o-jogo-contra-o-fluminense\/"]}]},{"@type":"ImageObject","inLanguage":"pt-BR","@id":"https:\/\/www.gaveanews.com\/index.php\/2023\/04\/01\/torcida-do-flamengo-detona-escalacao-escolhida-por-vitor-pereira-para-o-jogo-contra-o-fluminense\/#primaryimage","url":"https:\/\/www.gaveanews.com\/wp-content\/uploads\/vitor-pereira-flamengo-portuguesa-carioca-2023.webp","contentUrl":"https:\/\/www.gaveanews.com\/wp-content\/uploads\/vitor-pereira-flamengo-portuguesa-carioca-2023.webp","width":984,"height":700,"caption":"V\u00edtor Pereira estreia no Flamengo contra a Portuguesa pelo Campeonato Carioca 2023 (Foto: Andr\u00e9 Dur\u00e3o)"},{"@type":"BreadcrumbList","@id":"https:\/\/www.gaveanews.com\/index.php\/2023\/04\/01\/torcida-do-flamengo-detona-escalacao-escolhida-por-vitor-pereira-para-o-jogo-contra-o-fluminense\/#breadcrumb","itemListElement":[{"@type":"ListItem","position":1,"name":"Home","item":"https:\/\/www.gaveanews.com\/"},{"@type":"ListItem","position":2,"name":"Torcida do Flamengo detona escala\u00e7\u00e3o escolhida por V\u00edtor Pereira para o jogo contra o Fluminense"}]},{"@type":"WebSite","@id":"https:\/\/www.gaveanews.com\/#website","url":"https:\/\/www.gaveanews.com\/","name":"G\u00e1vea News","description":"Veja todas as not\u00edcias sobre o Flamengo: Contrata\u00e7\u00f5es, categorias de base, resultados das partidas, tabela de classifica\u00e7\u00e3o, pr\u00f3ximos jogos!","potentialAction":[{"@type":"SearchAction","target":{"@type":"EntryPoint","urlTemplate":"https:\/\/www.gaveanews.com\/?s={search_term_string}"},"query-input":{"@type":"PropertyValueSpecification","valueRequired":true,"valueName":"search_term_string"}}],"inLanguage":"pt-BR"},{"@type":"Person","@id":"https:\/\/www.gaveanews.com\/#\/schema\/person\/2ec14f73fb96be2caf28f91afb14749d","name":"Equipe G\u00e1vea News","image":{"@type":"ImageObject","inLanguage":"pt-BR","@id":"https:\/\/www.gaveanews.com\/#\/schema\/person\/image\/","url":"https:\/\/secure.gravatar.com\/avatar\/1e1956f1facbffd3f8fa53a326721950116b3b9dc9bd44939c01180fd4a745a9?s=96&d=mm&r=g","contentUrl":"https:\/\/secure.gravatar.com\/avatar\/1e1956f1facbffd3f8fa53a326721950116b3b9dc9bd44939c01180fd4a745a9?s=96&d=mm&r=g","caption":"Equipe G\u00e1vea News"}}]}},"_links":{"self":[{"href":"https:\/\/www.gaveanews.com\/index.php\/wp-json\/wp\/v2\/posts\/96425","targetHints":{"allow":["GET"]}}],"collection":[{"href":"https:\/\/www.gaveanews.com\/index.php\/wp-json\/wp\/v2\/posts"}],"about":[{"href":"https:\/\/www.gaveanews.com\/index.php\/wp-json\/wp\/v2\/types\/post"}],"author":[{"embeddable":true,"href":"https:\/\/www.gaveanews.com\/index.php\/wp-json\/wp\/v2\/users\/1"}],"replies":[{"embeddable":true,"href":"https:\/\/www.gaveanews.com\/index.php\/wp-json\/wp\/v2\/comments?post=96425"}],"version-history":[{"count":0,"href":"https:\/\/www.gaveanews.com\/index.php\/wp-json\/wp\/v2\/posts\/96425\/revisions"}],"wp:featuredmedia":[{"embeddable":true,"href":"https:\/\/www.gaveanews.com\/index.php\/wp-json\/wp\/v2\/media\/93176"}],"wp:attachment":[{"href":"https:\/\/www.gaveanews.com\/index.php\/wp-json\/wp\/v2\/media?parent=96425"}],"wp:term":[{"taxonomy":"category","embeddable":true,"href":"https:\/\/www.gaveanews.com\/index.php\/wp-json\/wp\/v2\/categories?post=96425"},{"taxonomy":"post_tag","embeddable":true,"href":"https:\/\/www.gaveanews.com\/index.php\/wp-json\/wp\/v2\/tags?post=96425"}],"curies":[{"name":"wp","href":"https:\/\/api.w.org\/{rel}","templated":true}]}}