{"id":96452,"date":"2023-04-02T10:09:16","date_gmt":"2023-04-02T13:09:16","guid":{"rendered":"https:\/\/www.gaveanews.com\/?p=96452"},"modified":"2023-04-02T10:09:19","modified_gmt":"2023-04-02T13:09:19","slug":"programa-esportivo-repercute-declaracao-de-gabigol-apos-o-jogo-entre-flamengo-e-fluminense","status":"publish","type":"post","link":"https:\/\/www.gaveanews.com\/index.php\/2023\/04\/02\/programa-esportivo-repercute-declaracao-de-gabigol-apos-o-jogo-entre-flamengo-e-fluminense\/","title":{"rendered":"Programa esportivo repercute declara\u00e7\u00e3o de Gabigol ap\u00f3s o jogo entre Flamengo e Fluminense"},"content":{"rendered":"\n<p>O Flamengo bateu o Fluminense neste s\u00e1bado, no jogo de ida da final do Campeonato Carioca, por 2 a 0. Ayrton Lucas e Pedro foram os autores dos gols da vit\u00f3ria rubro-negra no Maracan\u00e3. Com o resultado, o Mais Querido pode at\u00e9 perder por um gol no confronto de volta, que ser\u00e1 campe\u00e3o do Estadual<\/p>\n\n\n\n<p>Embora o resultado tenha sido positivo, a escala\u00e7\u00e3o inicial do Fla, foi um motivo de muita preocupa\u00e7\u00e3o antes do apito inicial no cl\u00e1ssico. Isso porque, o t\u00e9cnico V\u00edtor Pereira \u201cousou\u201d na escala\u00e7\u00e3o, e optou por deixar o meia Everton Ribeiro e o atacante Gabigol, no banco, gerando revolta em torcedores, e causando surpresa na imprensa esportiva.<\/p>\n\n\n\n<p>Ap\u00f3s o Fla-Flu, o Camisa 10 do Meng\u00e3o falou com a imprensa na zona mista do Maraca. E entre diversos assuntos, Gabi falou sobre a sua aus\u00eancia no time titular e tamb\u00e9m sobre uma conversa recente que ele teve com VP, sobre um inc\u00f4modo do atacante com o seu posicionamento em campo nas \u00faltimas partidas do clube.<\/p>\n\n\n\n<p>No programa \u2018Linha de Passe\u2019 da ESPN, deste s\u00e1bado, a bancada de analistas composta por L\u00e9o Bertozzi, Gian Oddi, Breiller Pires e Paulo Cal\u00e7ade, analisaram a fala do craque rubro-negro no p\u00f3s-jogo do cl\u00e1ssico.<\/p>\n\n\n\n<p><em>\u2014 Quando o Gabigol comenta sobre isso, ele de antem\u00e3o desfaz a ideia sobre o V\u00edtor Pereira n\u00e3o poder tirar certos jogadores do time<\/em>, opinou Gian Oddi.<\/p>\n\n\n\n<p><em>\u2014 Ao dizer isso, ele assume que pode jogar menos. Ele precisa estar preparado para come\u00e7ar menos jogos. Eu n\u00e3o vejo mais o cen\u00e1rio em que ele \u00e9 o titular indiscut\u00edvel, e o Pedro o reserva<\/em>, analisou L\u00e9o Bertosi.<\/p>\n\n\n\n<p>Retirado de: Di\u00e1rio do Fla<\/p>\n","protected":false},"excerpt":{"rendered":"<p>O Flamengo bateu o Fluminense neste s\u00e1bado, no jogo de ida da final do Campeonato Carioca, por 2 a 0. Ayrton Lucas e Pedro foram os autores dos gols da vit\u00f3ria rubro-negra no Maracan\u00e3. Com o resultado, o Mais Querido pode at\u00e9 perder por um gol no confronto de volta, que ser\u00e1 campe\u00e3o do Estadual [&hellip;]<\/p>\n","protected":false},"author":1,"featured_media":93975,"comment_status":"open","ping_status":"closed","sticky":false,"template":"","format":"standard","meta":{"footnotes":""},"categories":[1],"tags":[],"class_list":["post-96452","post","type-post","status-publish","format-standard","has-post-thumbnail","hentry","category-flamengo"],"yoast_head":"<!-- This site is optimized with the Yoast SEO Premium plugin v24.2 (Yoast SEO v26.9) - https:\/\/yoast.com\/product\/yoast-seo-premium-wordpress\/ -->\n<title>Programa esportivo repercute declara\u00e7\u00e3o de Gabigol ap\u00f3s o jogo entre Flamengo e Fluminense<\/title>\n<meta name=\"robots\" content=\"index, follow, max-snippet:-1, max-image-preview:large, max-video-preview:-1\" \/>\n<link rel=\"canonical\" href=\"https:\/\/www.gaveanews.com\/index.php\/2023\/04\/02\/programa-esportivo-repercute-declaracao-de-gabigol-apos-o-jogo-entre-flamengo-e-fluminense\/\" \/>\n<meta property=\"og:locale\" content=\"pt_BR\" \/>\n<meta property=\"og:type\" content=\"article\" \/>\n<meta property=\"og:title\" content=\"Programa esportivo repercute declara\u00e7\u00e3o de Gabigol ap\u00f3s o jogo entre Flamengo e Fluminense\" \/>\n<meta property=\"og:description\" content=\"O Flamengo bateu o Fluminense neste s\u00e1bado, no jogo de ida da final do Campeonato Carioca, por 2 a 0. Ayrton Lucas e Pedro foram os autores dos gols da vit\u00f3ria rubro-negra no Maracan\u00e3. Com o resultado, o Mais Querido pode at\u00e9 perder por um gol no confronto de volta, que ser\u00e1 campe\u00e3o do Estadual [&hellip;]\" \/>\n<meta property=\"og:url\" content=\"https:\/\/www.gaveanews.com\/index.php\/2023\/04\/02\/programa-esportivo-repercute-declaracao-de-gabigol-apos-o-jogo-entre-flamengo-e-fluminense\/\" \/>\n<meta property=\"og:site_name\" content=\"G\u00e1vea News\" \/>\n<meta property=\"article:publisher\" content=\"https:\/\/facebook.com\/gaveaNews\/\" \/>\n<meta property=\"article:published_time\" content=\"2023-04-02T13:09:16+00:00\" \/>\n<meta property=\"article:modified_time\" content=\"2023-04-02T13:09:19+00:00\" \/>\n<meta property=\"og:image\" content=\"https:\/\/www.gaveanews.com\/wp-content\/uploads\/gabigol-flamengo-mundial-de-clubes.webp\" \/>\n\t<meta property=\"og:image:width\" content=\"876\" \/>\n\t<meta property=\"og:image:height\" content=\"484\" \/>\n\t<meta property=\"og:image:type\" content=\"image\/webp\" \/>\n<meta name=\"author\" content=\"Equipe G\u00e1vea News\" \/>\n<meta name=\"twitter:card\" content=\"summary_large_image\" \/>\n<meta name=\"twitter:label1\" content=\"Escrito por\" \/>\n\t<meta name=\"twitter:data1\" content=\"Equipe G\u00e1vea News\" \/>\n\t<meta name=\"twitter:label2\" content=\"Est. tempo de leitura\" \/>\n\t<meta name=\"twitter:data2\" content=\"2 minutos\" \/>\n<script type=\"application\/ld+json\" class=\"yoast-schema-graph\">{\"@context\":\"https:\/\/schema.org\",\"@graph\":[{\"@type\":\"NewsArticle\",\"@id\":\"https:\/\/www.gaveanews.com\/index.php\/2023\/04\/02\/programa-esportivo-repercute-declaracao-de-gabigol-apos-o-jogo-entre-flamengo-e-fluminense\/#article\",\"isPartOf\":{\"@id\":\"https:\/\/www.gaveanews.com\/index.php\/2023\/04\/02\/programa-esportivo-repercute-declaracao-de-gabigol-apos-o-jogo-entre-flamengo-e-fluminense\/\"},\"author\":{\"name\":\"Equipe G\u00e1vea News\",\"@id\":\"https:\/\/www.gaveanews.com\/#\/schema\/person\/2ec14f73fb96be2caf28f91afb14749d\"},\"headline\":\"Programa esportivo repercute declara\u00e7\u00e3o de Gabigol ap\u00f3s o jogo entre Flamengo e Fluminense\",\"datePublished\":\"2023-04-02T13:09:16+00:00\",\"dateModified\":\"2023-04-02T13:09:19+00:00\",\"mainEntityOfPage\":{\"@id\":\"https:\/\/www.gaveanews.com\/index.php\/2023\/04\/02\/programa-esportivo-repercute-declaracao-de-gabigol-apos-o-jogo-entre-flamengo-e-fluminense\/\"},\"wordCount\":310,\"commentCount\":0,\"image\":{\"@id\":\"https:\/\/www.gaveanews.com\/index.php\/2023\/04\/02\/programa-esportivo-repercute-declaracao-de-gabigol-apos-o-jogo-entre-flamengo-e-fluminense\/#primaryimage\"},\"thumbnailUrl\":\"https:\/\/www.gaveanews.com\/wp-content\/uploads\/gabigol-flamengo-mundial-de-clubes.webp\",\"articleSection\":[\"Flamengo\"],\"inLanguage\":\"pt-BR\",\"potentialAction\":[{\"@type\":\"CommentAction\",\"name\":\"Comment\",\"target\":[\"https:\/\/www.gaveanews.com\/index.php\/2023\/04\/02\/programa-esportivo-repercute-declaracao-de-gabigol-apos-o-jogo-entre-flamengo-e-fluminense\/#respond\"]}],\"copyrightYear\":\"2023\",\"copyrightHolder\":{\"@id\":\"https:\/\/www.gaveanews.com\/#organization\"}},{\"@type\":\"WebPage\",\"@id\":\"https:\/\/www.gaveanews.com\/index.php\/2023\/04\/02\/programa-esportivo-repercute-declaracao-de-gabigol-apos-o-jogo-entre-flamengo-e-fluminense\/\",\"url\":\"https:\/\/www.gaveanews.com\/index.php\/2023\/04\/02\/programa-esportivo-repercute-declaracao-de-gabigol-apos-o-jogo-entre-flamengo-e-fluminense\/\",\"name\":\"Programa esportivo repercute declara\u00e7\u00e3o de Gabigol ap\u00f3s o jogo entre Flamengo e Fluminense\",\"isPartOf\":{\"@id\":\"https:\/\/www.gaveanews.com\/#website\"},\"primaryImageOfPage\":{\"@id\":\"https:\/\/www.gaveanews.com\/index.php\/2023\/04\/02\/programa-esportivo-repercute-declaracao-de-gabigol-apos-o-jogo-entre-flamengo-e-fluminense\/#primaryimage\"},\"image\":{\"@id\":\"https:\/\/www.gaveanews.com\/index.php\/2023\/04\/02\/programa-esportivo-repercute-declaracao-de-gabigol-apos-o-jogo-entre-flamengo-e-fluminense\/#primaryimage\"},\"thumbnailUrl\":\"https:\/\/www.gaveanews.com\/wp-content\/uploads\/gabigol-flamengo-mundial-de-clubes.webp\",\"datePublished\":\"2023-04-02T13:09:16+00:00\",\"dateModified\":\"2023-04-02T13:09:19+00:00\",\"author\":{\"@id\":\"https:\/\/www.gaveanews.com\/#\/schema\/person\/2ec14f73fb96be2caf28f91afb14749d\"},\"breadcrumb\":{\"@id\":\"https:\/\/www.gaveanews.com\/index.php\/2023\/04\/02\/programa-esportivo-repercute-declaracao-de-gabigol-apos-o-jogo-entre-flamengo-e-fluminense\/#breadcrumb\"},\"inLanguage\":\"pt-BR\",\"potentialAction\":[{\"@type\":\"ReadAction\",\"target\":[\"https:\/\/www.gaveanews.com\/index.php\/2023\/04\/02\/programa-esportivo-repercute-declaracao-de-gabigol-apos-o-jogo-entre-flamengo-e-fluminense\/\"]}]},{\"@type\":\"ImageObject\",\"inLanguage\":\"pt-BR\",\"@id\":\"https:\/\/www.gaveanews.com\/index.php\/2023\/04\/02\/programa-esportivo-repercute-declaracao-de-gabigol-apos-o-jogo-entre-flamengo-e-fluminense\/#primaryimage\",\"url\":\"https:\/\/www.gaveanews.com\/wp-content\/uploads\/gabigol-flamengo-mundial-de-clubes.webp\",\"contentUrl\":\"https:\/\/www.gaveanews.com\/wp-content\/uploads\/gabigol-flamengo-mundial-de-clubes.webp\",\"width\":876,\"height\":484,\"caption\":\"Gabigol em jogo do Flamengo contra o Al Hilal no Mundial de Clubes 2023 (Foto: James Williamson - AMA\/Getty Images)\"},{\"@type\":\"BreadcrumbList\",\"@id\":\"https:\/\/www.gaveanews.com\/index.php\/2023\/04\/02\/programa-esportivo-repercute-declaracao-de-gabigol-apos-o-jogo-entre-flamengo-e-fluminense\/#breadcrumb\",\"itemListElement\":[{\"@type\":\"ListItem\",\"position\":1,\"name\":\"Home\",\"item\":\"https:\/\/www.gaveanews.com\/\"},{\"@type\":\"ListItem\",\"position\":2,\"name\":\"Programa esportivo repercute declara\u00e7\u00e3o de Gabigol ap\u00f3s o jogo entre Flamengo e Fluminense\"}]},{\"@type\":\"WebSite\",\"@id\":\"https:\/\/www.gaveanews.com\/#website\",\"url\":\"https:\/\/www.gaveanews.com\/\",\"name\":\"G\u00e1vea News\",\"description\":\"Veja todas as not\u00edcias sobre o Flamengo: Contrata\u00e7\u00f5es, categorias de base, resultados das partidas, tabela de classifica\u00e7\u00e3o, pr\u00f3ximos jogos!\",\"potentialAction\":[{\"@type\":\"SearchAction\",\"target\":{\"@type\":\"EntryPoint\",\"urlTemplate\":\"https:\/\/www.gaveanews.com\/?s={search_term_string}\"},\"query-input\":{\"@type\":\"PropertyValueSpecification\",\"valueRequired\":true,\"valueName\":\"search_term_string\"}}],\"inLanguage\":\"pt-BR\"},{\"@type\":\"Person\",\"@id\":\"https:\/\/www.gaveanews.com\/#\/schema\/person\/2ec14f73fb96be2caf28f91afb14749d\",\"name\":\"Equipe G\u00e1vea News\",\"image\":{\"@type\":\"ImageObject\",\"inLanguage\":\"pt-BR\",\"@id\":\"https:\/\/www.gaveanews.com\/#\/schema\/person\/image\/\",\"url\":\"https:\/\/secure.gravatar.com\/avatar\/1e1956f1facbffd3f8fa53a326721950116b3b9dc9bd44939c01180fd4a745a9?s=96&d=mm&r=g\",\"contentUrl\":\"https:\/\/secure.gravatar.com\/avatar\/1e1956f1facbffd3f8fa53a326721950116b3b9dc9bd44939c01180fd4a745a9?s=96&d=mm&r=g\",\"caption\":\"Equipe G\u00e1vea News\"}}]}<\/script>\n<!-- \/ Yoast SEO Premium plugin. -->","yoast_head_json":{"title":"Programa esportivo repercute declara\u00e7\u00e3o de Gabigol ap\u00f3s o jogo entre Flamengo e Fluminense","robots":{"index":"index","follow":"follow","max-snippet":"max-snippet:-1","max-image-preview":"max-image-preview:large","max-video-preview":"max-video-preview:-1"},"canonical":"https:\/\/www.gaveanews.com\/index.php\/2023\/04\/02\/programa-esportivo-repercute-declaracao-de-gabigol-apos-o-jogo-entre-flamengo-e-fluminense\/","og_locale":"pt_BR","og_type":"article","og_title":"Programa esportivo repercute declara\u00e7\u00e3o de Gabigol ap\u00f3s o jogo entre Flamengo e Fluminense","og_description":"O Flamengo bateu o Fluminense neste s\u00e1bado, no jogo de ida da final do Campeonato Carioca, por 2 a 0. Ayrton Lucas e Pedro foram os autores dos gols da vit\u00f3ria rubro-negra no Maracan\u00e3. Com o resultado, o Mais Querido pode at\u00e9 perder por um gol no confronto de volta, que ser\u00e1 campe\u00e3o do Estadual [&hellip;]","og_url":"https:\/\/www.gaveanews.com\/index.php\/2023\/04\/02\/programa-esportivo-repercute-declaracao-de-gabigol-apos-o-jogo-entre-flamengo-e-fluminense\/","og_site_name":"G\u00e1vea News","article_publisher":"https:\/\/facebook.com\/gaveaNews\/","article_published_time":"2023-04-02T13:09:16+00:00","article_modified_time":"2023-04-02T13:09:19+00:00","og_image":[{"width":876,"height":484,"url":"https:\/\/www.gaveanews.com\/wp-content\/uploads\/gabigol-flamengo-mundial-de-clubes.webp","type":"image\/webp"}],"author":"Equipe G\u00e1vea News","twitter_card":"summary_large_image","twitter_misc":{"Escrito por":"Equipe G\u00e1vea News","Est. tempo de leitura":"2 minutos"},"schema":{"@context":"https:\/\/schema.org","@graph":[{"@type":"NewsArticle","@id":"https:\/\/www.gaveanews.com\/index.php\/2023\/04\/02\/programa-esportivo-repercute-declaracao-de-gabigol-apos-o-jogo-entre-flamengo-e-fluminense\/#article","isPartOf":{"@id":"https:\/\/www.gaveanews.com\/index.php\/2023\/04\/02\/programa-esportivo-repercute-declaracao-de-gabigol-apos-o-jogo-entre-flamengo-e-fluminense\/"},"author":{"name":"Equipe G\u00e1vea News","@id":"https:\/\/www.gaveanews.com\/#\/schema\/person\/2ec14f73fb96be2caf28f91afb14749d"},"headline":"Programa esportivo repercute declara\u00e7\u00e3o de Gabigol ap\u00f3s o jogo entre Flamengo e Fluminense","datePublished":"2023-04-02T13:09:16+00:00","dateModified":"2023-04-02T13:09:19+00:00","mainEntityOfPage":{"@id":"https:\/\/www.gaveanews.com\/index.php\/2023\/04\/02\/programa-esportivo-repercute-declaracao-de-gabigol-apos-o-jogo-entre-flamengo-e-fluminense\/"},"wordCount":310,"commentCount":0,"image":{"@id":"https:\/\/www.gaveanews.com\/index.php\/2023\/04\/02\/programa-esportivo-repercute-declaracao-de-gabigol-apos-o-jogo-entre-flamengo-e-fluminense\/#primaryimage"},"thumbnailUrl":"https:\/\/www.gaveanews.com\/wp-content\/uploads\/gabigol-flamengo-mundial-de-clubes.webp","articleSection":["Flamengo"],"inLanguage":"pt-BR","potentialAction":[{"@type":"CommentAction","name":"Comment","target":["https:\/\/www.gaveanews.com\/index.php\/2023\/04\/02\/programa-esportivo-repercute-declaracao-de-gabigol-apos-o-jogo-entre-flamengo-e-fluminense\/#respond"]}],"copyrightYear":"2023","copyrightHolder":{"@id":"https:\/\/www.gaveanews.com\/#organization"}},{"@type":"WebPage","@id":"https:\/\/www.gaveanews.com\/index.php\/2023\/04\/02\/programa-esportivo-repercute-declaracao-de-gabigol-apos-o-jogo-entre-flamengo-e-fluminense\/","url":"https:\/\/www.gaveanews.com\/index.php\/2023\/04\/02\/programa-esportivo-repercute-declaracao-de-gabigol-apos-o-jogo-entre-flamengo-e-fluminense\/","name":"Programa esportivo repercute declara\u00e7\u00e3o de Gabigol ap\u00f3s o jogo entre Flamengo e Fluminense","isPartOf":{"@id":"https:\/\/www.gaveanews.com\/#website"},"primaryImageOfPage":{"@id":"https:\/\/www.gaveanews.com\/index.php\/2023\/04\/02\/programa-esportivo-repercute-declaracao-de-gabigol-apos-o-jogo-entre-flamengo-e-fluminense\/#primaryimage"},"image":{"@id":"https:\/\/www.gaveanews.com\/index.php\/2023\/04\/02\/programa-esportivo-repercute-declaracao-de-gabigol-apos-o-jogo-entre-flamengo-e-fluminense\/#primaryimage"},"thumbnailUrl":"https:\/\/www.gaveanews.com\/wp-content\/uploads\/gabigol-flamengo-mundial-de-clubes.webp","datePublished":"2023-04-02T13:09:16+00:00","dateModified":"2023-04-02T13:09:19+00:00","author":{"@id":"https:\/\/www.gaveanews.com\/#\/schema\/person\/2ec14f73fb96be2caf28f91afb14749d"},"breadcrumb":{"@id":"https:\/\/www.gaveanews.com\/index.php\/2023\/04\/02\/programa-esportivo-repercute-declaracao-de-gabigol-apos-o-jogo-entre-flamengo-e-fluminense\/#breadcrumb"},"inLanguage":"pt-BR","potentialAction":[{"@type":"ReadAction","target":["https:\/\/www.gaveanews.com\/index.php\/2023\/04\/02\/programa-esportivo-repercute-declaracao-de-gabigol-apos-o-jogo-entre-flamengo-e-fluminense\/"]}]},{"@type":"ImageObject","inLanguage":"pt-BR","@id":"https:\/\/www.gaveanews.com\/index.php\/2023\/04\/02\/programa-esportivo-repercute-declaracao-de-gabigol-apos-o-jogo-entre-flamengo-e-fluminense\/#primaryimage","url":"https:\/\/www.gaveanews.com\/wp-content\/uploads\/gabigol-flamengo-mundial-de-clubes.webp","contentUrl":"https:\/\/www.gaveanews.com\/wp-content\/uploads\/gabigol-flamengo-mundial-de-clubes.webp","width":876,"height":484,"caption":"Gabigol em jogo do Flamengo contra o Al Hilal no Mundial de Clubes 2023 (Foto: James Williamson - AMA\/Getty Images)"},{"@type":"BreadcrumbList","@id":"https:\/\/www.gaveanews.com\/index.php\/2023\/04\/02\/programa-esportivo-repercute-declaracao-de-gabigol-apos-o-jogo-entre-flamengo-e-fluminense\/#breadcrumb","itemListElement":[{"@type":"ListItem","position":1,"name":"Home","item":"https:\/\/www.gaveanews.com\/"},{"@type":"ListItem","position":2,"name":"Programa esportivo repercute declara\u00e7\u00e3o de Gabigol ap\u00f3s o jogo entre Flamengo e Fluminense"}]},{"@type":"WebSite","@id":"https:\/\/www.gaveanews.com\/#website","url":"https:\/\/www.gaveanews.com\/","name":"G\u00e1vea News","description":"Veja todas as not\u00edcias sobre o Flamengo: Contrata\u00e7\u00f5es, categorias de base, resultados das partidas, tabela de classifica\u00e7\u00e3o, pr\u00f3ximos jogos!","potentialAction":[{"@type":"SearchAction","target":{"@type":"EntryPoint","urlTemplate":"https:\/\/www.gaveanews.com\/?s={search_term_string}"},"query-input":{"@type":"PropertyValueSpecification","valueRequired":true,"valueName":"search_term_string"}}],"inLanguage":"pt-BR"},{"@type":"Person","@id":"https:\/\/www.gaveanews.com\/#\/schema\/person\/2ec14f73fb96be2caf28f91afb14749d","name":"Equipe G\u00e1vea News","image":{"@type":"ImageObject","inLanguage":"pt-BR","@id":"https:\/\/www.gaveanews.com\/#\/schema\/person\/image\/","url":"https:\/\/secure.gravatar.com\/avatar\/1e1956f1facbffd3f8fa53a326721950116b3b9dc9bd44939c01180fd4a745a9?s=96&d=mm&r=g","contentUrl":"https:\/\/secure.gravatar.com\/avatar\/1e1956f1facbffd3f8fa53a326721950116b3b9dc9bd44939c01180fd4a745a9?s=96&d=mm&r=g","caption":"Equipe G\u00e1vea News"}}]}},"_links":{"self":[{"href":"https:\/\/www.gaveanews.com\/index.php\/wp-json\/wp\/v2\/posts\/96452","targetHints":{"allow":["GET"]}}],"collection":[{"href":"https:\/\/www.gaveanews.com\/index.php\/wp-json\/wp\/v2\/posts"}],"about":[{"href":"https:\/\/www.gaveanews.com\/index.php\/wp-json\/wp\/v2\/types\/post"}],"author":[{"embeddable":true,"href":"https:\/\/www.gaveanews.com\/index.php\/wp-json\/wp\/v2\/users\/1"}],"replies":[{"embeddable":true,"href":"https:\/\/www.gaveanews.com\/index.php\/wp-json\/wp\/v2\/comments?post=96452"}],"version-history":[{"count":0,"href":"https:\/\/www.gaveanews.com\/index.php\/wp-json\/wp\/v2\/posts\/96452\/revisions"}],"wp:featuredmedia":[{"embeddable":true,"href":"https:\/\/www.gaveanews.com\/index.php\/wp-json\/wp\/v2\/media\/93975"}],"wp:attachment":[{"href":"https:\/\/www.gaveanews.com\/index.php\/wp-json\/wp\/v2\/media?parent=96452"}],"wp:term":[{"taxonomy":"category","embeddable":true,"href":"https:\/\/www.gaveanews.com\/index.php\/wp-json\/wp\/v2\/categories?post=96452"},{"taxonomy":"post_tag","embeddable":true,"href":"https:\/\/www.gaveanews.com\/index.php\/wp-json\/wp\/v2\/tags?post=96452"}],"curies":[{"name":"wp","href":"https:\/\/api.w.org\/{rel}","templated":true}]}}