{"id":96464,"date":"2023-04-02T17:03:03","date_gmt":"2023-04-02T20:03:03","guid":{"rendered":"https:\/\/www.gaveanews.com\/?p=96464"},"modified":"2023-04-02T17:03:07","modified_gmt":"2023-04-02T20:03:07","slug":"devido-a-cristiano-ronaldo-vinicius-junior-rejeita-oferta-do-real-madrid-entenda","status":"publish","type":"post","link":"https:\/\/www.gaveanews.com\/index.php\/2023\/04\/02\/devido-a-cristiano-ronaldo-vinicius-junior-rejeita-oferta-do-real-madrid-entenda\/","title":{"rendered":"Devido a Cristiano Ronaldo, Vin\u00edcius J\u00fanior rejeita oferta do Real Madrid; entenda"},"content":{"rendered":"\n<p>Um dos principais jogadores do Real Madrid, o atacante Vinicius Junior, de 22 anos, teria rejeitado uma oferta para mudar de n\u00famero no clube espanhol. De acordo com o jornal &#8220;Sport&#8221;, o atual campe\u00e3o da Liga dos Campe\u00f5es teria oferecido a camisa 7 para o brasileiro, por\u00e9m, o jovem acabou decidindo seguir usando a 20.<\/p>\n\n\n\n<p>O desejo do Real Madrid seria de voltar a dar a um destaque da equipe o n\u00famero que foi utilizado pro grandes \u00eddolos da hist\u00f3ria do clube como Raul e Cristiano Ronaldo. Mariano D\u00edaz e Hazard foram os respons\u00e1veis por utilizar a numera\u00e7\u00e3o, ap\u00f3s a sa\u00edda do portugu\u00eas e n\u00e3o foram bem sucedidos dentro de campo.<\/p>\n\n\n\n<p>Autor do gol do \u00faltimo t\u00edtulo da Liga dos Campe\u00f5es pelo Real Madrid, Vinicius Junior continua sendo um dos principais destaques do clube espanhol. Na atual temporada, ele entrou em campo em 43 jogos, fez 19 gols e deu 12 assist\u00eancias.<\/p>\n\n\n\n<p>Retirado de: O Dia<\/p>\n","protected":false},"excerpt":{"rendered":"<p>Um dos principais jogadores do Real Madrid, o atacante Vinicius Junior, de 22 anos, teria rejeitado uma oferta para mudar de n\u00famero no clube espanhol. De acordo com o jornal &#8220;Sport&#8221;, o atual campe\u00e3o da Liga dos Campe\u00f5es teria oferecido a camisa 7 para o brasileiro, por\u00e9m, o jovem acabou decidindo seguir usando a 20. [&hellip;]<\/p>\n","protected":false},"author":1,"featured_media":96465,"comment_status":"open","ping_status":"closed","sticky":false,"template":"","format":"standard","meta":{"footnotes":""},"categories":[1],"tags":[],"class_list":["post-96464","post","type-post","status-publish","format-standard","has-post-thumbnail","hentry","category-flamengo"],"yoast_head":"<!-- This site is optimized with the Yoast SEO Premium plugin v24.2 (Yoast SEO v26.9) - https:\/\/yoast.com\/product\/yoast-seo-premium-wordpress\/ -->\n<title>Devido a Cristiano Ronaldo, Vin\u00edcius J\u00fanior rejeita oferta do Real Madrid; entenda<\/title>\n<meta name=\"robots\" content=\"index, follow, max-snippet:-1, max-image-preview:large, max-video-preview:-1\" \/>\n<link rel=\"canonical\" href=\"https:\/\/www.gaveanews.com\/index.php\/2023\/04\/02\/devido-a-cristiano-ronaldo-vinicius-junior-rejeita-oferta-do-real-madrid-entenda\/\" \/>\n<meta property=\"og:locale\" content=\"pt_BR\" \/>\n<meta property=\"og:type\" content=\"article\" \/>\n<meta property=\"og:title\" content=\"Devido a Cristiano Ronaldo, Vin\u00edcius J\u00fanior rejeita oferta do Real Madrid; entenda\" \/>\n<meta property=\"og:description\" content=\"Um dos principais jogadores do Real Madrid, o atacante Vinicius Junior, de 22 anos, teria rejeitado uma oferta para mudar de n\u00famero no clube espanhol. De acordo com o jornal &#8220;Sport&#8221;, o atual campe\u00e3o da Liga dos Campe\u00f5es teria oferecido a camisa 7 para o brasileiro, por\u00e9m, o jovem acabou decidindo seguir usando a 20. [&hellip;]\" \/>\n<meta property=\"og:url\" content=\"https:\/\/www.gaveanews.com\/index.php\/2023\/04\/02\/devido-a-cristiano-ronaldo-vinicius-junior-rejeita-oferta-do-real-madrid-entenda\/\" \/>\n<meta property=\"og:site_name\" content=\"G\u00e1vea News\" \/>\n<meta property=\"article:publisher\" content=\"https:\/\/facebook.com\/gaveaNews\/\" \/>\n<meta property=\"article:published_time\" content=\"2023-04-02T20:03:03+00:00\" \/>\n<meta property=\"article:modified_time\" content=\"2023-04-02T20:03:07+00:00\" \/>\n<meta property=\"og:image\" content=\"https:\/\/www.gaveanews.com\/wp-content\/uploads\/Vinicius-Junior-posa-para-foto-ao-lado-de-Cristiano-Ronaldo.webp\" \/>\n\t<meta property=\"og:image:width\" content=\"1080\" \/>\n\t<meta property=\"og:image:height\" content=\"1350\" \/>\n\t<meta property=\"og:image:type\" content=\"image\/jpeg\" \/>\n<meta name=\"author\" content=\"Equipe G\u00e1vea News\" \/>\n<meta name=\"twitter:card\" content=\"summary_large_image\" \/>\n<meta name=\"twitter:label1\" content=\"Escrito por\" \/>\n\t<meta name=\"twitter:data1\" content=\"Equipe G\u00e1vea News\" \/>\n\t<meta name=\"twitter:label2\" content=\"Est. tempo de leitura\" \/>\n\t<meta name=\"twitter:data2\" content=\"1 minuto\" \/>\n<script type=\"application\/ld+json\" class=\"yoast-schema-graph\">{\"@context\":\"https:\/\/schema.org\",\"@graph\":[{\"@type\":\"NewsArticle\",\"@id\":\"https:\/\/www.gaveanews.com\/index.php\/2023\/04\/02\/devido-a-cristiano-ronaldo-vinicius-junior-rejeita-oferta-do-real-madrid-entenda\/#article\",\"isPartOf\":{\"@id\":\"https:\/\/www.gaveanews.com\/index.php\/2023\/04\/02\/devido-a-cristiano-ronaldo-vinicius-junior-rejeita-oferta-do-real-madrid-entenda\/\"},\"author\":{\"name\":\"Equipe G\u00e1vea News\",\"@id\":\"https:\/\/www.gaveanews.com\/#\/schema\/person\/2ec14f73fb96be2caf28f91afb14749d\"},\"headline\":\"Devido a Cristiano Ronaldo, Vin\u00edcius J\u00fanior rejeita oferta do Real Madrid; entenda\",\"datePublished\":\"2023-04-02T20:03:03+00:00\",\"dateModified\":\"2023-04-02T20:03:07+00:00\",\"mainEntityOfPage\":{\"@id\":\"https:\/\/www.gaveanews.com\/index.php\/2023\/04\/02\/devido-a-cristiano-ronaldo-vinicius-junior-rejeita-oferta-do-real-madrid-entenda\/\"},\"wordCount\":180,\"commentCount\":0,\"image\":{\"@id\":\"https:\/\/www.gaveanews.com\/index.php\/2023\/04\/02\/devido-a-cristiano-ronaldo-vinicius-junior-rejeita-oferta-do-real-madrid-entenda\/#primaryimage\"},\"thumbnailUrl\":\"https:\/\/www.gaveanews.com\/wp-content\/uploads\/Vinicius-Junior-posa-para-foto-ao-lado-de-Cristiano-Ronaldo.webp\",\"articleSection\":[\"Flamengo\"],\"inLanguage\":\"pt-BR\",\"potentialAction\":[{\"@type\":\"CommentAction\",\"name\":\"Comment\",\"target\":[\"https:\/\/www.gaveanews.com\/index.php\/2023\/04\/02\/devido-a-cristiano-ronaldo-vinicius-junior-rejeita-oferta-do-real-madrid-entenda\/#respond\"]}],\"copyrightYear\":\"2023\",\"copyrightHolder\":{\"@id\":\"https:\/\/www.gaveanews.com\/#organization\"}},{\"@type\":\"WebPage\",\"@id\":\"https:\/\/www.gaveanews.com\/index.php\/2023\/04\/02\/devido-a-cristiano-ronaldo-vinicius-junior-rejeita-oferta-do-real-madrid-entenda\/\",\"url\":\"https:\/\/www.gaveanews.com\/index.php\/2023\/04\/02\/devido-a-cristiano-ronaldo-vinicius-junior-rejeita-oferta-do-real-madrid-entenda\/\",\"name\":\"Devido a Cristiano Ronaldo, Vin\u00edcius J\u00fanior rejeita oferta do Real Madrid; entenda\",\"isPartOf\":{\"@id\":\"https:\/\/www.gaveanews.com\/#website\"},\"primaryImageOfPage\":{\"@id\":\"https:\/\/www.gaveanews.com\/index.php\/2023\/04\/02\/devido-a-cristiano-ronaldo-vinicius-junior-rejeita-oferta-do-real-madrid-entenda\/#primaryimage\"},\"image\":{\"@id\":\"https:\/\/www.gaveanews.com\/index.php\/2023\/04\/02\/devido-a-cristiano-ronaldo-vinicius-junior-rejeita-oferta-do-real-madrid-entenda\/#primaryimage\"},\"thumbnailUrl\":\"https:\/\/www.gaveanews.com\/wp-content\/uploads\/Vinicius-Junior-posa-para-foto-ao-lado-de-Cristiano-Ronaldo.webp\",\"datePublished\":\"2023-04-02T20:03:03+00:00\",\"dateModified\":\"2023-04-02T20:03:07+00:00\",\"author\":{\"@id\":\"https:\/\/www.gaveanews.com\/#\/schema\/person\/2ec14f73fb96be2caf28f91afb14749d\"},\"breadcrumb\":{\"@id\":\"https:\/\/www.gaveanews.com\/index.php\/2023\/04\/02\/devido-a-cristiano-ronaldo-vinicius-junior-rejeita-oferta-do-real-madrid-entenda\/#breadcrumb\"},\"inLanguage\":\"pt-BR\",\"potentialAction\":[{\"@type\":\"ReadAction\",\"target\":[\"https:\/\/www.gaveanews.com\/index.php\/2023\/04\/02\/devido-a-cristiano-ronaldo-vinicius-junior-rejeita-oferta-do-real-madrid-entenda\/\"]}]},{\"@type\":\"ImageObject\",\"inLanguage\":\"pt-BR\",\"@id\":\"https:\/\/www.gaveanews.com\/index.php\/2023\/04\/02\/devido-a-cristiano-ronaldo-vinicius-junior-rejeita-oferta-do-real-madrid-entenda\/#primaryimage\",\"url\":\"https:\/\/www.gaveanews.com\/wp-content\/uploads\/Vinicius-Junior-posa-para-foto-ao-lado-de-Cristiano-Ronaldo.webp\",\"contentUrl\":\"https:\/\/www.gaveanews.com\/wp-content\/uploads\/Vinicius-Junior-posa-para-foto-ao-lado-de-Cristiano-Ronaldo.webp\",\"width\":1080,\"height\":1350,\"caption\":\"Vin\u00edcius J\u00fanior posa para foto ao lado de Cristiano Ronaldo (Foto: Reprodu\u00e7\u00e3o\/Instagram)\"},{\"@type\":\"BreadcrumbList\",\"@id\":\"https:\/\/www.gaveanews.com\/index.php\/2023\/04\/02\/devido-a-cristiano-ronaldo-vinicius-junior-rejeita-oferta-do-real-madrid-entenda\/#breadcrumb\",\"itemListElement\":[{\"@type\":\"ListItem\",\"position\":1,\"name\":\"Home\",\"item\":\"https:\/\/www.gaveanews.com\/\"},{\"@type\":\"ListItem\",\"position\":2,\"name\":\"Devido a Cristiano Ronaldo, Vin\u00edcius J\u00fanior rejeita oferta do Real Madrid; entenda\"}]},{\"@type\":\"WebSite\",\"@id\":\"https:\/\/www.gaveanews.com\/#website\",\"url\":\"https:\/\/www.gaveanews.com\/\",\"name\":\"G\u00e1vea News\",\"description\":\"Veja todas as not\u00edcias sobre o Flamengo: Contrata\u00e7\u00f5es, categorias de base, resultados das partidas, tabela de classifica\u00e7\u00e3o, pr\u00f3ximos jogos!\",\"potentialAction\":[{\"@type\":\"SearchAction\",\"target\":{\"@type\":\"EntryPoint\",\"urlTemplate\":\"https:\/\/www.gaveanews.com\/?s={search_term_string}\"},\"query-input\":{\"@type\":\"PropertyValueSpecification\",\"valueRequired\":true,\"valueName\":\"search_term_string\"}}],\"inLanguage\":\"pt-BR\"},{\"@type\":\"Person\",\"@id\":\"https:\/\/www.gaveanews.com\/#\/schema\/person\/2ec14f73fb96be2caf28f91afb14749d\",\"name\":\"Equipe G\u00e1vea News\",\"image\":{\"@type\":\"ImageObject\",\"inLanguage\":\"pt-BR\",\"@id\":\"https:\/\/www.gaveanews.com\/#\/schema\/person\/image\/\",\"url\":\"https:\/\/secure.gravatar.com\/avatar\/1e1956f1facbffd3f8fa53a326721950116b3b9dc9bd44939c01180fd4a745a9?s=96&d=mm&r=g\",\"contentUrl\":\"https:\/\/secure.gravatar.com\/avatar\/1e1956f1facbffd3f8fa53a326721950116b3b9dc9bd44939c01180fd4a745a9?s=96&d=mm&r=g\",\"caption\":\"Equipe G\u00e1vea News\"}}]}<\/script>\n<!-- \/ Yoast SEO Premium plugin. -->","yoast_head_json":{"title":"Devido a Cristiano Ronaldo, Vin\u00edcius J\u00fanior rejeita oferta do Real Madrid; entenda","robots":{"index":"index","follow":"follow","max-snippet":"max-snippet:-1","max-image-preview":"max-image-preview:large","max-video-preview":"max-video-preview:-1"},"canonical":"https:\/\/www.gaveanews.com\/index.php\/2023\/04\/02\/devido-a-cristiano-ronaldo-vinicius-junior-rejeita-oferta-do-real-madrid-entenda\/","og_locale":"pt_BR","og_type":"article","og_title":"Devido a Cristiano Ronaldo, Vin\u00edcius J\u00fanior rejeita oferta do Real Madrid; entenda","og_description":"Um dos principais jogadores do Real Madrid, o atacante Vinicius Junior, de 22 anos, teria rejeitado uma oferta para mudar de n\u00famero no clube espanhol. De acordo com o jornal &#8220;Sport&#8221;, o atual campe\u00e3o da Liga dos Campe\u00f5es teria oferecido a camisa 7 para o brasileiro, por\u00e9m, o jovem acabou decidindo seguir usando a 20. [&hellip;]","og_url":"https:\/\/www.gaveanews.com\/index.php\/2023\/04\/02\/devido-a-cristiano-ronaldo-vinicius-junior-rejeita-oferta-do-real-madrid-entenda\/","og_site_name":"G\u00e1vea News","article_publisher":"https:\/\/facebook.com\/gaveaNews\/","article_published_time":"2023-04-02T20:03:03+00:00","article_modified_time":"2023-04-02T20:03:07+00:00","og_image":[{"width":1080,"height":1350,"url":"https:\/\/www.gaveanews.com\/wp-content\/uploads\/Vinicius-Junior-posa-para-foto-ao-lado-de-Cristiano-Ronaldo.webp","type":"image\/jpeg"}],"author":"Equipe G\u00e1vea News","twitter_card":"summary_large_image","twitter_misc":{"Escrito por":"Equipe G\u00e1vea News","Est. tempo de leitura":"1 minuto"},"schema":{"@context":"https:\/\/schema.org","@graph":[{"@type":"NewsArticle","@id":"https:\/\/www.gaveanews.com\/index.php\/2023\/04\/02\/devido-a-cristiano-ronaldo-vinicius-junior-rejeita-oferta-do-real-madrid-entenda\/#article","isPartOf":{"@id":"https:\/\/www.gaveanews.com\/index.php\/2023\/04\/02\/devido-a-cristiano-ronaldo-vinicius-junior-rejeita-oferta-do-real-madrid-entenda\/"},"author":{"name":"Equipe G\u00e1vea News","@id":"https:\/\/www.gaveanews.com\/#\/schema\/person\/2ec14f73fb96be2caf28f91afb14749d"},"headline":"Devido a Cristiano Ronaldo, Vin\u00edcius J\u00fanior rejeita oferta do Real Madrid; entenda","datePublished":"2023-04-02T20:03:03+00:00","dateModified":"2023-04-02T20:03:07+00:00","mainEntityOfPage":{"@id":"https:\/\/www.gaveanews.com\/index.php\/2023\/04\/02\/devido-a-cristiano-ronaldo-vinicius-junior-rejeita-oferta-do-real-madrid-entenda\/"},"wordCount":180,"commentCount":0,"image":{"@id":"https:\/\/www.gaveanews.com\/index.php\/2023\/04\/02\/devido-a-cristiano-ronaldo-vinicius-junior-rejeita-oferta-do-real-madrid-entenda\/#primaryimage"},"thumbnailUrl":"https:\/\/www.gaveanews.com\/wp-content\/uploads\/Vinicius-Junior-posa-para-foto-ao-lado-de-Cristiano-Ronaldo.webp","articleSection":["Flamengo"],"inLanguage":"pt-BR","potentialAction":[{"@type":"CommentAction","name":"Comment","target":["https:\/\/www.gaveanews.com\/index.php\/2023\/04\/02\/devido-a-cristiano-ronaldo-vinicius-junior-rejeita-oferta-do-real-madrid-entenda\/#respond"]}],"copyrightYear":"2023","copyrightHolder":{"@id":"https:\/\/www.gaveanews.com\/#organization"}},{"@type":"WebPage","@id":"https:\/\/www.gaveanews.com\/index.php\/2023\/04\/02\/devido-a-cristiano-ronaldo-vinicius-junior-rejeita-oferta-do-real-madrid-entenda\/","url":"https:\/\/www.gaveanews.com\/index.php\/2023\/04\/02\/devido-a-cristiano-ronaldo-vinicius-junior-rejeita-oferta-do-real-madrid-entenda\/","name":"Devido a Cristiano Ronaldo, Vin\u00edcius J\u00fanior rejeita oferta do Real Madrid; entenda","isPartOf":{"@id":"https:\/\/www.gaveanews.com\/#website"},"primaryImageOfPage":{"@id":"https:\/\/www.gaveanews.com\/index.php\/2023\/04\/02\/devido-a-cristiano-ronaldo-vinicius-junior-rejeita-oferta-do-real-madrid-entenda\/#primaryimage"},"image":{"@id":"https:\/\/www.gaveanews.com\/index.php\/2023\/04\/02\/devido-a-cristiano-ronaldo-vinicius-junior-rejeita-oferta-do-real-madrid-entenda\/#primaryimage"},"thumbnailUrl":"https:\/\/www.gaveanews.com\/wp-content\/uploads\/Vinicius-Junior-posa-para-foto-ao-lado-de-Cristiano-Ronaldo.webp","datePublished":"2023-04-02T20:03:03+00:00","dateModified":"2023-04-02T20:03:07+00:00","author":{"@id":"https:\/\/www.gaveanews.com\/#\/schema\/person\/2ec14f73fb96be2caf28f91afb14749d"},"breadcrumb":{"@id":"https:\/\/www.gaveanews.com\/index.php\/2023\/04\/02\/devido-a-cristiano-ronaldo-vinicius-junior-rejeita-oferta-do-real-madrid-entenda\/#breadcrumb"},"inLanguage":"pt-BR","potentialAction":[{"@type":"ReadAction","target":["https:\/\/www.gaveanews.com\/index.php\/2023\/04\/02\/devido-a-cristiano-ronaldo-vinicius-junior-rejeita-oferta-do-real-madrid-entenda\/"]}]},{"@type":"ImageObject","inLanguage":"pt-BR","@id":"https:\/\/www.gaveanews.com\/index.php\/2023\/04\/02\/devido-a-cristiano-ronaldo-vinicius-junior-rejeita-oferta-do-real-madrid-entenda\/#primaryimage","url":"https:\/\/www.gaveanews.com\/wp-content\/uploads\/Vinicius-Junior-posa-para-foto-ao-lado-de-Cristiano-Ronaldo.webp","contentUrl":"https:\/\/www.gaveanews.com\/wp-content\/uploads\/Vinicius-Junior-posa-para-foto-ao-lado-de-Cristiano-Ronaldo.webp","width":1080,"height":1350,"caption":"Vin\u00edcius J\u00fanior posa para foto ao lado de Cristiano Ronaldo (Foto: Reprodu\u00e7\u00e3o\/Instagram)"},{"@type":"BreadcrumbList","@id":"https:\/\/www.gaveanews.com\/index.php\/2023\/04\/02\/devido-a-cristiano-ronaldo-vinicius-junior-rejeita-oferta-do-real-madrid-entenda\/#breadcrumb","itemListElement":[{"@type":"ListItem","position":1,"name":"Home","item":"https:\/\/www.gaveanews.com\/"},{"@type":"ListItem","position":2,"name":"Devido a Cristiano Ronaldo, Vin\u00edcius J\u00fanior rejeita oferta do Real Madrid; entenda"}]},{"@type":"WebSite","@id":"https:\/\/www.gaveanews.com\/#website","url":"https:\/\/www.gaveanews.com\/","name":"G\u00e1vea News","description":"Veja todas as not\u00edcias sobre o Flamengo: Contrata\u00e7\u00f5es, categorias de base, resultados das partidas, tabela de classifica\u00e7\u00e3o, pr\u00f3ximos jogos!","potentialAction":[{"@type":"SearchAction","target":{"@type":"EntryPoint","urlTemplate":"https:\/\/www.gaveanews.com\/?s={search_term_string}"},"query-input":{"@type":"PropertyValueSpecification","valueRequired":true,"valueName":"search_term_string"}}],"inLanguage":"pt-BR"},{"@type":"Person","@id":"https:\/\/www.gaveanews.com\/#\/schema\/person\/2ec14f73fb96be2caf28f91afb14749d","name":"Equipe G\u00e1vea News","image":{"@type":"ImageObject","inLanguage":"pt-BR","@id":"https:\/\/www.gaveanews.com\/#\/schema\/person\/image\/","url":"https:\/\/secure.gravatar.com\/avatar\/1e1956f1facbffd3f8fa53a326721950116b3b9dc9bd44939c01180fd4a745a9?s=96&d=mm&r=g","contentUrl":"https:\/\/secure.gravatar.com\/avatar\/1e1956f1facbffd3f8fa53a326721950116b3b9dc9bd44939c01180fd4a745a9?s=96&d=mm&r=g","caption":"Equipe G\u00e1vea News"}}]}},"_links":{"self":[{"href":"https:\/\/www.gaveanews.com\/index.php\/wp-json\/wp\/v2\/posts\/96464","targetHints":{"allow":["GET"]}}],"collection":[{"href":"https:\/\/www.gaveanews.com\/index.php\/wp-json\/wp\/v2\/posts"}],"about":[{"href":"https:\/\/www.gaveanews.com\/index.php\/wp-json\/wp\/v2\/types\/post"}],"author":[{"embeddable":true,"href":"https:\/\/www.gaveanews.com\/index.php\/wp-json\/wp\/v2\/users\/1"}],"replies":[{"embeddable":true,"href":"https:\/\/www.gaveanews.com\/index.php\/wp-json\/wp\/v2\/comments?post=96464"}],"version-history":[{"count":0,"href":"https:\/\/www.gaveanews.com\/index.php\/wp-json\/wp\/v2\/posts\/96464\/revisions"}],"wp:featuredmedia":[{"embeddable":true,"href":"https:\/\/www.gaveanews.com\/index.php\/wp-json\/wp\/v2\/media\/96465"}],"wp:attachment":[{"href":"https:\/\/www.gaveanews.com\/index.php\/wp-json\/wp\/v2\/media?parent=96464"}],"wp:term":[{"taxonomy":"category","embeddable":true,"href":"https:\/\/www.gaveanews.com\/index.php\/wp-json\/wp\/v2\/categories?post=96464"},{"taxonomy":"post_tag","embeddable":true,"href":"https:\/\/www.gaveanews.com\/index.php\/wp-json\/wp\/v2\/tags?post=96464"}],"curies":[{"name":"wp","href":"https:\/\/api.w.org\/{rel}","templated":true}]}}