{"id":96467,"date":"2023-04-02T17:34:00","date_gmt":"2023-04-02T20:34:00","guid":{"rendered":"https:\/\/www.gaveanews.com\/?p=96467"},"modified":"2023-04-02T17:34:04","modified_gmt":"2023-04-02T20:34:04","slug":"proximo-jogo-do-flamengo-vitor-pereira-indica-mudancas-no-time-para-a-estreia-na-libertadores","status":"publish","type":"post","link":"https:\/\/www.gaveanews.com\/index.php\/2023\/04\/02\/proximo-jogo-do-flamengo-vitor-pereira-indica-mudancas-no-time-para-a-estreia-na-libertadores\/","title":{"rendered":"Pr\u00f3ximo jogo do Flamengo: V\u00edtor Pereira indica mudan\u00e7as no time para a estreia na Libertadores"},"content":{"rendered":"\n<p>Ap\u00f3s largar na frente do Fluminense na disputa do t\u00edtulo do Carioca, o Flamengo volta suas aten\u00e7\u00f5es para a Libertadores. O departamento de futebol j\u00e1 tem a programa\u00e7\u00e3o definida para a estreia contra o Aucas, em Quito. O elenco se reapresenta na segunda, no Ninho do Urubu, embarcando para o Equador ap\u00f3s a atividade. O jogo ser\u00e1 na quarta-feira, dia 5, \u00e0s 19h (de Bras\u00edlia).<\/p>\n\n\n\n<p>Ap\u00f3s largar na frente do Fluminense na disputa do t\u00edtulo do Carioca, o Flamengo volta suas aten\u00e7\u00f5es para a Libertadores. O departamento de futebol j\u00e1 tem a programa\u00e7\u00e3o definida para a estreia contra o Aucas, em Quito. O elenco se reapresenta na segunda, no Ninho do Urubu, embarcando para o Equador ap\u00f3s a atividade. O jogo ser\u00e1 na quarta-feira, dia 5, \u00e0s 19h (de Bras\u00edlia).<\/p>\n\n\n\n<p>Ap\u00f3s as duas semanas sem jogos entre a semifinal contra o Vasco e a ida da decis\u00e3o contra o Fluminense, o Flamengo confia que o elenco est\u00e1 recuperado fisicamente. Mesmo assim, o t\u00e9cnico V\u00edtor Pereira indicou, ap\u00f3s o Fla-Flu de s\u00e1bado, que fara mudan\u00e7as pontuais na equipe em Quito.<\/p>\n\n\n\n<p><em>\u2014 Nossa preocupa\u00e7\u00e3o nesse per\u00edodo que tivemos de treino, foi preparar todo o elenco para jogar qualquer tipo de jogo. Preparamos 23, 24 jogadores, para jogarmos com duas viagens longas, mudando sistemas. Para jogar com intensidade, pressionar alto, fazer um jogo com din\u00e2mica, tem que ser assim. N\u00e3o podemos jogar sempre com os mesmos<\/em> &#8211; afirmou o treinador do Rubro-Negro.<\/p>\n\n\n\n<p>Para a estreia da Libertadores contra o Aucas, Arrascaeta, Pablo, Erick Pulgar e Bruno Henrique seguem como baixas. Os demais jogadores est\u00e3o a servi\u00e7o da comiss\u00e3o t\u00e9cnica de V\u00edtor Pereira.<\/p>\n\n\n\n<p>O Flamengo enviou \u00e0 Conmebol a lista de inscritos na fase de grupos no s\u00e1bado. A entidade permite a inscri\u00e7\u00e3o de at\u00e9 50 jogadores. Assim, al\u00e9m das estrelas &#8211; como David Luiz, Vidal e Gabigol &#8211; e jovens que fazem parte do elenco principal, como Matheus Fran\u00e7a e Victor Hugo, outras joias da base estar\u00e3o \u00e0 disposi\u00e7\u00e3o de V\u00edtor Pereira, mesmo que n\u00e3o sejam relacionados para todos jogos da Copa. S\u00e3o os casos dos meias Igor Jesus e Matheus Gon\u00e7alves e os atacantes Lorran e Petterson.<\/p>\n\n\n\n<p>Vale destacar que a lista de inscritos pode ser alterada ao longo do torneio. Para as oitavas de final, os clubes poder\u00e3o substituir at\u00e9 cinco jogadores. Para as quartas de final, mais tr\u00eas altera\u00e7\u00f5es s\u00e3o permitidas, e o mesmo se repete para as semifinais, sempre respeitando os prazos do regulamento.<\/p>\n\n\n\n<p>Retirado de: Lance<\/p>\n","protected":false},"excerpt":{"rendered":"<p>Ap\u00f3s largar na frente do Fluminense na disputa do t\u00edtulo do Carioca, o Flamengo volta suas aten\u00e7\u00f5es para a Libertadores. O departamento de futebol j\u00e1 tem a programa\u00e7\u00e3o definida para a estreia contra o Aucas, em Quito. O elenco se reapresenta na segunda, no Ninho do Urubu, embarcando para o Equador ap\u00f3s a atividade. O [&hellip;]<\/p>\n","protected":false},"author":1,"featured_media":90054,"comment_status":"open","ping_status":"closed","sticky":false,"template":"","format":"standard","meta":{"footnotes":""},"categories":[1],"tags":[],"class_list":["post-96467","post","type-post","status-publish","format-standard","has-post-thumbnail","hentry","category-flamengo"],"yoast_head":"<!-- This site is optimized with the Yoast SEO Premium plugin v24.2 (Yoast SEO v26.9) - https:\/\/yoast.com\/product\/yoast-seo-premium-wordpress\/ -->\n<title>Pr\u00f3ximo jogo do Flamengo: V\u00edtor Pereira indica mudan\u00e7as no time para a estreia na Libertadores<\/title>\n<meta name=\"robots\" content=\"index, follow, max-snippet:-1, max-image-preview:large, max-video-preview:-1\" \/>\n<link rel=\"canonical\" href=\"https:\/\/www.gaveanews.com\/index.php\/2023\/04\/02\/proximo-jogo-do-flamengo-vitor-pereira-indica-mudancas-no-time-para-a-estreia-na-libertadores\/\" \/>\n<meta property=\"og:locale\" content=\"pt_BR\" \/>\n<meta property=\"og:type\" content=\"article\" \/>\n<meta property=\"og:title\" content=\"Pr\u00f3ximo jogo do Flamengo: V\u00edtor Pereira indica mudan\u00e7as no time para a estreia na Libertadores\" \/>\n<meta property=\"og:description\" content=\"Ap\u00f3s largar na frente do Fluminense na disputa do t\u00edtulo do Carioca, o Flamengo volta suas aten\u00e7\u00f5es para a Libertadores. O departamento de futebol j\u00e1 tem a programa\u00e7\u00e3o definida para a estreia contra o Aucas, em Quito. O elenco se reapresenta na segunda, no Ninho do Urubu, embarcando para o Equador ap\u00f3s a atividade. O [&hellip;]\" \/>\n<meta property=\"og:url\" content=\"https:\/\/www.gaveanews.com\/index.php\/2023\/04\/02\/proximo-jogo-do-flamengo-vitor-pereira-indica-mudancas-no-time-para-a-estreia-na-libertadores\/\" \/>\n<meta property=\"og:site_name\" content=\"G\u00e1vea News\" \/>\n<meta property=\"article:publisher\" content=\"https:\/\/facebook.com\/gaveaNews\/\" \/>\n<meta property=\"article:published_time\" content=\"2023-04-02T20:34:00+00:00\" \/>\n<meta property=\"article:modified_time\" content=\"2023-04-02T20:34:04+00:00\" \/>\n<meta property=\"og:image\" content=\"https:\/\/www.gaveanews.com\/wp-content\/uploads\/Taca-Libertadores-da-America.webp\" \/>\n\t<meta property=\"og:image:width\" content=\"799\" \/>\n\t<meta property=\"og:image:height\" content=\"533\" \/>\n\t<meta property=\"og:image:type\" content=\"image\/jpeg\" \/>\n<meta name=\"author\" content=\"Equipe G\u00e1vea News\" \/>\n<meta name=\"twitter:card\" content=\"summary_large_image\" \/>\n<meta name=\"twitter:label1\" content=\"Escrito por\" \/>\n\t<meta name=\"twitter:data1\" content=\"Equipe G\u00e1vea News\" \/>\n\t<meta name=\"twitter:label2\" content=\"Est. tempo de leitura\" \/>\n\t<meta name=\"twitter:data2\" content=\"3 minutos\" \/>\n<script type=\"application\/ld+json\" class=\"yoast-schema-graph\">{\"@context\":\"https:\/\/schema.org\",\"@graph\":[{\"@type\":\"NewsArticle\",\"@id\":\"https:\/\/www.gaveanews.com\/index.php\/2023\/04\/02\/proximo-jogo-do-flamengo-vitor-pereira-indica-mudancas-no-time-para-a-estreia-na-libertadores\/#article\",\"isPartOf\":{\"@id\":\"https:\/\/www.gaveanews.com\/index.php\/2023\/04\/02\/proximo-jogo-do-flamengo-vitor-pereira-indica-mudancas-no-time-para-a-estreia-na-libertadores\/\"},\"author\":{\"name\":\"Equipe G\u00e1vea News\",\"@id\":\"https:\/\/www.gaveanews.com\/#\/schema\/person\/2ec14f73fb96be2caf28f91afb14749d\"},\"headline\":\"Pr\u00f3ximo jogo do Flamengo: V\u00edtor Pereira indica mudan\u00e7as no time para a estreia na Libertadores\",\"datePublished\":\"2023-04-02T20:34:00+00:00\",\"dateModified\":\"2023-04-02T20:34:04+00:00\",\"mainEntityOfPage\":{\"@id\":\"https:\/\/www.gaveanews.com\/index.php\/2023\/04\/02\/proximo-jogo-do-flamengo-vitor-pereira-indica-mudancas-no-time-para-a-estreia-na-libertadores\/\"},\"wordCount\":460,\"commentCount\":0,\"image\":{\"@id\":\"https:\/\/www.gaveanews.com\/index.php\/2023\/04\/02\/proximo-jogo-do-flamengo-vitor-pereira-indica-mudancas-no-time-para-a-estreia-na-libertadores\/#primaryimage\"},\"thumbnailUrl\":\"https:\/\/www.gaveanews.com\/wp-content\/uploads\/Taca-Libertadores-da-America.webp\",\"articleSection\":[\"Flamengo\"],\"inLanguage\":\"pt-BR\",\"potentialAction\":[{\"@type\":\"CommentAction\",\"name\":\"Comment\",\"target\":[\"https:\/\/www.gaveanews.com\/index.php\/2023\/04\/02\/proximo-jogo-do-flamengo-vitor-pereira-indica-mudancas-no-time-para-a-estreia-na-libertadores\/#respond\"]}],\"copyrightYear\":\"2023\",\"copyrightHolder\":{\"@id\":\"https:\/\/www.gaveanews.com\/#organization\"}},{\"@type\":\"WebPage\",\"@id\":\"https:\/\/www.gaveanews.com\/index.php\/2023\/04\/02\/proximo-jogo-do-flamengo-vitor-pereira-indica-mudancas-no-time-para-a-estreia-na-libertadores\/\",\"url\":\"https:\/\/www.gaveanews.com\/index.php\/2023\/04\/02\/proximo-jogo-do-flamengo-vitor-pereira-indica-mudancas-no-time-para-a-estreia-na-libertadores\/\",\"name\":\"Pr\u00f3ximo jogo do Flamengo: V\u00edtor Pereira indica mudan\u00e7as no time para a estreia na Libertadores\",\"isPartOf\":{\"@id\":\"https:\/\/www.gaveanews.com\/#website\"},\"primaryImageOfPage\":{\"@id\":\"https:\/\/www.gaveanews.com\/index.php\/2023\/04\/02\/proximo-jogo-do-flamengo-vitor-pereira-indica-mudancas-no-time-para-a-estreia-na-libertadores\/#primaryimage\"},\"image\":{\"@id\":\"https:\/\/www.gaveanews.com\/index.php\/2023\/04\/02\/proximo-jogo-do-flamengo-vitor-pereira-indica-mudancas-no-time-para-a-estreia-na-libertadores\/#primaryimage\"},\"thumbnailUrl\":\"https:\/\/www.gaveanews.com\/wp-content\/uploads\/Taca-Libertadores-da-America.webp\",\"datePublished\":\"2023-04-02T20:34:00+00:00\",\"dateModified\":\"2023-04-02T20:34:04+00:00\",\"author\":{\"@id\":\"https:\/\/www.gaveanews.com\/#\/schema\/person\/2ec14f73fb96be2caf28f91afb14749d\"},\"breadcrumb\":{\"@id\":\"https:\/\/www.gaveanews.com\/index.php\/2023\/04\/02\/proximo-jogo-do-flamengo-vitor-pereira-indica-mudancas-no-time-para-a-estreia-na-libertadores\/#breadcrumb\"},\"inLanguage\":\"pt-BR\",\"potentialAction\":[{\"@type\":\"ReadAction\",\"target\":[\"https:\/\/www.gaveanews.com\/index.php\/2023\/04\/02\/proximo-jogo-do-flamengo-vitor-pereira-indica-mudancas-no-time-para-a-estreia-na-libertadores\/\"]}]},{\"@type\":\"ImageObject\",\"inLanguage\":\"pt-BR\",\"@id\":\"https:\/\/www.gaveanews.com\/index.php\/2023\/04\/02\/proximo-jogo-do-flamengo-vitor-pereira-indica-mudancas-no-time-para-a-estreia-na-libertadores\/#primaryimage\",\"url\":\"https:\/\/www.gaveanews.com\/wp-content\/uploads\/Taca-Libertadores-da-America.webp\",\"contentUrl\":\"https:\/\/www.gaveanews.com\/wp-content\/uploads\/Taca-Libertadores-da-America.webp\",\"width\":799,\"height\":533,\"caption\":\"Ta\u00e7a da Copa Libertadores da Am\u00e9rica (Foto: Gilvan de Souza\/Flamengo)\"},{\"@type\":\"BreadcrumbList\",\"@id\":\"https:\/\/www.gaveanews.com\/index.php\/2023\/04\/02\/proximo-jogo-do-flamengo-vitor-pereira-indica-mudancas-no-time-para-a-estreia-na-libertadores\/#breadcrumb\",\"itemListElement\":[{\"@type\":\"ListItem\",\"position\":1,\"name\":\"Home\",\"item\":\"https:\/\/www.gaveanews.com\/\"},{\"@type\":\"ListItem\",\"position\":2,\"name\":\"Pr\u00f3ximo jogo do Flamengo: V\u00edtor Pereira indica mudan\u00e7as no time para a estreia na Libertadores\"}]},{\"@type\":\"WebSite\",\"@id\":\"https:\/\/www.gaveanews.com\/#website\",\"url\":\"https:\/\/www.gaveanews.com\/\",\"name\":\"G\u00e1vea News\",\"description\":\"Veja todas as not\u00edcias sobre o Flamengo: Contrata\u00e7\u00f5es, categorias de base, resultados das partidas, tabela de classifica\u00e7\u00e3o, pr\u00f3ximos jogos!\",\"potentialAction\":[{\"@type\":\"SearchAction\",\"target\":{\"@type\":\"EntryPoint\",\"urlTemplate\":\"https:\/\/www.gaveanews.com\/?s={search_term_string}\"},\"query-input\":{\"@type\":\"PropertyValueSpecification\",\"valueRequired\":true,\"valueName\":\"search_term_string\"}}],\"inLanguage\":\"pt-BR\"},{\"@type\":\"Person\",\"@id\":\"https:\/\/www.gaveanews.com\/#\/schema\/person\/2ec14f73fb96be2caf28f91afb14749d\",\"name\":\"Equipe G\u00e1vea News\",\"image\":{\"@type\":\"ImageObject\",\"inLanguage\":\"pt-BR\",\"@id\":\"https:\/\/www.gaveanews.com\/#\/schema\/person\/image\/\",\"url\":\"https:\/\/secure.gravatar.com\/avatar\/1e1956f1facbffd3f8fa53a326721950116b3b9dc9bd44939c01180fd4a745a9?s=96&d=mm&r=g\",\"contentUrl\":\"https:\/\/secure.gravatar.com\/avatar\/1e1956f1facbffd3f8fa53a326721950116b3b9dc9bd44939c01180fd4a745a9?s=96&d=mm&r=g\",\"caption\":\"Equipe G\u00e1vea News\"}}]}<\/script>\n<!-- \/ Yoast SEO Premium plugin. -->","yoast_head_json":{"title":"Pr\u00f3ximo jogo do Flamengo: V\u00edtor Pereira indica mudan\u00e7as no time para a estreia na Libertadores","robots":{"index":"index","follow":"follow","max-snippet":"max-snippet:-1","max-image-preview":"max-image-preview:large","max-video-preview":"max-video-preview:-1"},"canonical":"https:\/\/www.gaveanews.com\/index.php\/2023\/04\/02\/proximo-jogo-do-flamengo-vitor-pereira-indica-mudancas-no-time-para-a-estreia-na-libertadores\/","og_locale":"pt_BR","og_type":"article","og_title":"Pr\u00f3ximo jogo do Flamengo: V\u00edtor Pereira indica mudan\u00e7as no time para a estreia na Libertadores","og_description":"Ap\u00f3s largar na frente do Fluminense na disputa do t\u00edtulo do Carioca, o Flamengo volta suas aten\u00e7\u00f5es para a Libertadores. O departamento de futebol j\u00e1 tem a programa\u00e7\u00e3o definida para a estreia contra o Aucas, em Quito. O elenco se reapresenta na segunda, no Ninho do Urubu, embarcando para o Equador ap\u00f3s a atividade. O [&hellip;]","og_url":"https:\/\/www.gaveanews.com\/index.php\/2023\/04\/02\/proximo-jogo-do-flamengo-vitor-pereira-indica-mudancas-no-time-para-a-estreia-na-libertadores\/","og_site_name":"G\u00e1vea News","article_publisher":"https:\/\/facebook.com\/gaveaNews\/","article_published_time":"2023-04-02T20:34:00+00:00","article_modified_time":"2023-04-02T20:34:04+00:00","og_image":[{"width":799,"height":533,"url":"https:\/\/www.gaveanews.com\/wp-content\/uploads\/Taca-Libertadores-da-America.webp","type":"image\/jpeg"}],"author":"Equipe G\u00e1vea News","twitter_card":"summary_large_image","twitter_misc":{"Escrito por":"Equipe G\u00e1vea News","Est. tempo de leitura":"3 minutos"},"schema":{"@context":"https:\/\/schema.org","@graph":[{"@type":"NewsArticle","@id":"https:\/\/www.gaveanews.com\/index.php\/2023\/04\/02\/proximo-jogo-do-flamengo-vitor-pereira-indica-mudancas-no-time-para-a-estreia-na-libertadores\/#article","isPartOf":{"@id":"https:\/\/www.gaveanews.com\/index.php\/2023\/04\/02\/proximo-jogo-do-flamengo-vitor-pereira-indica-mudancas-no-time-para-a-estreia-na-libertadores\/"},"author":{"name":"Equipe G\u00e1vea News","@id":"https:\/\/www.gaveanews.com\/#\/schema\/person\/2ec14f73fb96be2caf28f91afb14749d"},"headline":"Pr\u00f3ximo jogo do Flamengo: V\u00edtor Pereira indica mudan\u00e7as no time para a estreia na Libertadores","datePublished":"2023-04-02T20:34:00+00:00","dateModified":"2023-04-02T20:34:04+00:00","mainEntityOfPage":{"@id":"https:\/\/www.gaveanews.com\/index.php\/2023\/04\/02\/proximo-jogo-do-flamengo-vitor-pereira-indica-mudancas-no-time-para-a-estreia-na-libertadores\/"},"wordCount":460,"commentCount":0,"image":{"@id":"https:\/\/www.gaveanews.com\/index.php\/2023\/04\/02\/proximo-jogo-do-flamengo-vitor-pereira-indica-mudancas-no-time-para-a-estreia-na-libertadores\/#primaryimage"},"thumbnailUrl":"https:\/\/www.gaveanews.com\/wp-content\/uploads\/Taca-Libertadores-da-America.webp","articleSection":["Flamengo"],"inLanguage":"pt-BR","potentialAction":[{"@type":"CommentAction","name":"Comment","target":["https:\/\/www.gaveanews.com\/index.php\/2023\/04\/02\/proximo-jogo-do-flamengo-vitor-pereira-indica-mudancas-no-time-para-a-estreia-na-libertadores\/#respond"]}],"copyrightYear":"2023","copyrightHolder":{"@id":"https:\/\/www.gaveanews.com\/#organization"}},{"@type":"WebPage","@id":"https:\/\/www.gaveanews.com\/index.php\/2023\/04\/02\/proximo-jogo-do-flamengo-vitor-pereira-indica-mudancas-no-time-para-a-estreia-na-libertadores\/","url":"https:\/\/www.gaveanews.com\/index.php\/2023\/04\/02\/proximo-jogo-do-flamengo-vitor-pereira-indica-mudancas-no-time-para-a-estreia-na-libertadores\/","name":"Pr\u00f3ximo jogo do Flamengo: V\u00edtor Pereira indica mudan\u00e7as no time para a estreia na Libertadores","isPartOf":{"@id":"https:\/\/www.gaveanews.com\/#website"},"primaryImageOfPage":{"@id":"https:\/\/www.gaveanews.com\/index.php\/2023\/04\/02\/proximo-jogo-do-flamengo-vitor-pereira-indica-mudancas-no-time-para-a-estreia-na-libertadores\/#primaryimage"},"image":{"@id":"https:\/\/www.gaveanews.com\/index.php\/2023\/04\/02\/proximo-jogo-do-flamengo-vitor-pereira-indica-mudancas-no-time-para-a-estreia-na-libertadores\/#primaryimage"},"thumbnailUrl":"https:\/\/www.gaveanews.com\/wp-content\/uploads\/Taca-Libertadores-da-America.webp","datePublished":"2023-04-02T20:34:00+00:00","dateModified":"2023-04-02T20:34:04+00:00","author":{"@id":"https:\/\/www.gaveanews.com\/#\/schema\/person\/2ec14f73fb96be2caf28f91afb14749d"},"breadcrumb":{"@id":"https:\/\/www.gaveanews.com\/index.php\/2023\/04\/02\/proximo-jogo-do-flamengo-vitor-pereira-indica-mudancas-no-time-para-a-estreia-na-libertadores\/#breadcrumb"},"inLanguage":"pt-BR","potentialAction":[{"@type":"ReadAction","target":["https:\/\/www.gaveanews.com\/index.php\/2023\/04\/02\/proximo-jogo-do-flamengo-vitor-pereira-indica-mudancas-no-time-para-a-estreia-na-libertadores\/"]}]},{"@type":"ImageObject","inLanguage":"pt-BR","@id":"https:\/\/www.gaveanews.com\/index.php\/2023\/04\/02\/proximo-jogo-do-flamengo-vitor-pereira-indica-mudancas-no-time-para-a-estreia-na-libertadores\/#primaryimage","url":"https:\/\/www.gaveanews.com\/wp-content\/uploads\/Taca-Libertadores-da-America.webp","contentUrl":"https:\/\/www.gaveanews.com\/wp-content\/uploads\/Taca-Libertadores-da-America.webp","width":799,"height":533,"caption":"Ta\u00e7a da Copa Libertadores da Am\u00e9rica (Foto: Gilvan de Souza\/Flamengo)"},{"@type":"BreadcrumbList","@id":"https:\/\/www.gaveanews.com\/index.php\/2023\/04\/02\/proximo-jogo-do-flamengo-vitor-pereira-indica-mudancas-no-time-para-a-estreia-na-libertadores\/#breadcrumb","itemListElement":[{"@type":"ListItem","position":1,"name":"Home","item":"https:\/\/www.gaveanews.com\/"},{"@type":"ListItem","position":2,"name":"Pr\u00f3ximo jogo do Flamengo: V\u00edtor Pereira indica mudan\u00e7as no time para a estreia na Libertadores"}]},{"@type":"WebSite","@id":"https:\/\/www.gaveanews.com\/#website","url":"https:\/\/www.gaveanews.com\/","name":"G\u00e1vea News","description":"Veja todas as not\u00edcias sobre o Flamengo: Contrata\u00e7\u00f5es, categorias de base, resultados das partidas, tabela de classifica\u00e7\u00e3o, pr\u00f3ximos jogos!","potentialAction":[{"@type":"SearchAction","target":{"@type":"EntryPoint","urlTemplate":"https:\/\/www.gaveanews.com\/?s={search_term_string}"},"query-input":{"@type":"PropertyValueSpecification","valueRequired":true,"valueName":"search_term_string"}}],"inLanguage":"pt-BR"},{"@type":"Person","@id":"https:\/\/www.gaveanews.com\/#\/schema\/person\/2ec14f73fb96be2caf28f91afb14749d","name":"Equipe G\u00e1vea News","image":{"@type":"ImageObject","inLanguage":"pt-BR","@id":"https:\/\/www.gaveanews.com\/#\/schema\/person\/image\/","url":"https:\/\/secure.gravatar.com\/avatar\/1e1956f1facbffd3f8fa53a326721950116b3b9dc9bd44939c01180fd4a745a9?s=96&d=mm&r=g","contentUrl":"https:\/\/secure.gravatar.com\/avatar\/1e1956f1facbffd3f8fa53a326721950116b3b9dc9bd44939c01180fd4a745a9?s=96&d=mm&r=g","caption":"Equipe G\u00e1vea News"}}]}},"_links":{"self":[{"href":"https:\/\/www.gaveanews.com\/index.php\/wp-json\/wp\/v2\/posts\/96467","targetHints":{"allow":["GET"]}}],"collection":[{"href":"https:\/\/www.gaveanews.com\/index.php\/wp-json\/wp\/v2\/posts"}],"about":[{"href":"https:\/\/www.gaveanews.com\/index.php\/wp-json\/wp\/v2\/types\/post"}],"author":[{"embeddable":true,"href":"https:\/\/www.gaveanews.com\/index.php\/wp-json\/wp\/v2\/users\/1"}],"replies":[{"embeddable":true,"href":"https:\/\/www.gaveanews.com\/index.php\/wp-json\/wp\/v2\/comments?post=96467"}],"version-history":[{"count":0,"href":"https:\/\/www.gaveanews.com\/index.php\/wp-json\/wp\/v2\/posts\/96467\/revisions"}],"wp:featuredmedia":[{"embeddable":true,"href":"https:\/\/www.gaveanews.com\/index.php\/wp-json\/wp\/v2\/media\/90054"}],"wp:attachment":[{"href":"https:\/\/www.gaveanews.com\/index.php\/wp-json\/wp\/v2\/media?parent=96467"}],"wp:term":[{"taxonomy":"category","embeddable":true,"href":"https:\/\/www.gaveanews.com\/index.php\/wp-json\/wp\/v2\/categories?post=96467"},{"taxonomy":"post_tag","embeddable":true,"href":"https:\/\/www.gaveanews.com\/index.php\/wp-json\/wp\/v2\/tags?post=96467"}],"curies":[{"name":"wp","href":"https:\/\/api.w.org\/{rel}","templated":true}]}}