{"id":96470,"date":"2023-04-02T18:02:22","date_gmt":"2023-04-02T21:02:22","guid":{"rendered":"https:\/\/www.gaveanews.com\/?p=96470"},"modified":"2023-04-02T18:02:24","modified_gmt":"2023-04-02T21:02:24","slug":"vitor-pereira-do-flamengo-alfineta-fernando-diniz-do-fluminense","status":"publish","type":"post","link":"https:\/\/www.gaveanews.com\/index.php\/2023\/04\/02\/vitor-pereira-do-flamengo-alfineta-fernando-diniz-do-fluminense\/","title":{"rendered":"V\u00edtor Pereira, do Flamengo, alfineta Fernando Diniz, do Fluminense"},"content":{"rendered":"\n<p>No primeiro duelo valendo o t\u00edtulo do Campeonato Carioca, o Flamengo levou a melhor sobre o Fluminense, na noite do \u00faltimo s\u00e1bado (01), no Maracan\u00e3, pelo placar de 2 a 0, e pode at\u00e9 perder por um tento de diferen\u00e7a, que mesmo assim fatura o certame no dia 9 (<a href=\"https:\/\/www.gaveanews.com\/index.php\/2023\/04\/02\/santos-varela-fabricio-bruno-david-luiz-leo-pereira-ayrton-lucas-thiago-maia-gerson-matheus-franca-cebolinha-pedro-filipe-luis-everton-ribeiro-gabigol-arturo-vidal-e-matheus-goncalves-a\/\">clique aqui e assista os gols<\/a>).<\/p>\n\n\n\n<p>Na coletiva p\u00f3s-jogo, o t\u00e9cnico V\u00edtor Pereira foi questionado sobre uma suposta ansiedade sobre a conquista do seu primeiro t\u00edtulo no comando do Flamengo, e parece n\u00e3o ter gostado muito do questionamento acerca de um poss\u00edvel \u201cfrio na barriga\u201d.<\/p>\n\n\n\n<p><em>\u2014 Friozinho na barriga \u00e9 quando tenho fome ou quando n\u00e3o estou bem do intestino. Estamos mais consistentes. Naturalmente, temos que continuar a evoluir, mas os jogadores est\u00e3o alinhados. Estou satisfeito com todo o elenco, porque tem trabalhando muito, bem, com responsabilidade e unidos<\/em>, disparou o treinador do Flamengo.<\/p>\n\n\n\n<p>Logo em seguida, V\u00edtor Pereira deu uma leve alfinetada em Fernando Diniz, do Fluminense. Ao ser questionado sobre a posse de bola, VP fez quest\u00e3o de citar que muitas das vezes o rival fica com a bola, mas sem oferecer riscos, dando passes para tr\u00e1s e para os lados:<\/p>\n\n\n\n<p><em>\u2014 O jogo com o Fluminense tem sempre este tipo de caracter\u00edstica. Faz um jogo com muita bola. N\u00e3o quer dizer que seja de progress\u00e3o, muitas vezes \u00e9 de toque para tr\u00e1s, para o lado. \u00c9 o que eles acreditam. \u00c9 claro que o que se pretende \u00e9 que a equipe tenha mais bola. N\u00e3o tem a ver com o sistema, mas com os jogadores. Alterando dois ou tr\u00eas, o time ter\u00e1 mais bola. N\u00e3o tem a ver com o sistema, mas com os int\u00e9rpretes que jogam o sistema<\/em>, disse o comandante.<\/p>\n\n\n\n<p>Ainda na coletiva, o treinador do Flamengo foi indagado sobre ter iniciado o cl\u00e1ssico com Gabigol no banco. O pr\u00f3prio camisa 10 saiu de campo n\u00e3o escondendo a decep\u00e7\u00e3o de ter sido acionado somente na segunda etapa.<\/p>\n\n\n\n<p><em>\u2014 \u00c9 um jogador fundamental para n\u00f3s, capit\u00e3o da equipe. Tudo bem entre n\u00f3s. Conversa honesta, frontal, e conto com ele j\u00e1 para o pr\u00f3ximo jogo<\/em>, disse o treinador do Flamengo, falando tamb\u00e9m da iniciativa de rodar o plantel diante da maratona de compromissos.<\/p>\n\n\n\n<p><em>\u2014 A nossa preocupa\u00e7\u00e3o neste per\u00edodo foi preparar todo o elenco para jogar qualquer jogo. Preparamos 23, 24 jogadores para termos op\u00e7\u00f5es e continuar consistentes. Num calend\u00e1rio desses, n\u00e3o h\u00e1 outro modo. N\u00e3o podemos jogar sempre com os mesmos.<\/em><\/p>\n\n\n\n<p>Retirado de: Torcedores<\/p>\n","protected":false},"excerpt":{"rendered":"<p>No primeiro duelo valendo o t\u00edtulo do Campeonato Carioca, o Flamengo levou a melhor sobre o Fluminense, na noite do \u00faltimo s\u00e1bado (01), no Maracan\u00e3, pelo placar de 2 a 0, e pode at\u00e9 perder por um tento de diferen\u00e7a, que mesmo assim fatura o certame no dia 9 (clique aqui e assista os gols). [&hellip;]<\/p>\n","protected":false},"author":1,"featured_media":96471,"comment_status":"open","ping_status":"closed","sticky":false,"template":"","format":"standard","meta":{"footnotes":""},"categories":[1],"tags":[],"class_list":["post-96470","post","type-post","status-publish","format-standard","has-post-thumbnail","hentry","category-flamengo"],"yoast_head":"<!-- This site is optimized with the Yoast SEO Premium plugin v24.2 (Yoast SEO v26.9) - https:\/\/yoast.com\/product\/yoast-seo-premium-wordpress\/ -->\n<title>V\u00edtor Pereira, do Flamengo, alfineta Fernando Diniz, do Fluminense<\/title>\n<meta name=\"robots\" content=\"index, follow, max-snippet:-1, max-image-preview:large, max-video-preview:-1\" \/>\n<link rel=\"canonical\" href=\"https:\/\/www.gaveanews.com\/index.php\/2023\/04\/02\/vitor-pereira-do-flamengo-alfineta-fernando-diniz-do-fluminense\/\" \/>\n<meta property=\"og:locale\" content=\"pt_BR\" \/>\n<meta property=\"og:type\" content=\"article\" \/>\n<meta property=\"og:title\" content=\"V\u00edtor Pereira, do Flamengo, alfineta Fernando Diniz, do Fluminense\" \/>\n<meta property=\"og:description\" content=\"No primeiro duelo valendo o t\u00edtulo do Campeonato Carioca, o Flamengo levou a melhor sobre o Fluminense, na noite do \u00faltimo s\u00e1bado (01), no Maracan\u00e3, pelo placar de 2 a 0, e pode at\u00e9 perder por um tento de diferen\u00e7a, que mesmo assim fatura o certame no dia 9 (clique aqui e assista os gols). [&hellip;]\" \/>\n<meta property=\"og:url\" content=\"https:\/\/www.gaveanews.com\/index.php\/2023\/04\/02\/vitor-pereira-do-flamengo-alfineta-fernando-diniz-do-fluminense\/\" \/>\n<meta property=\"og:site_name\" content=\"G\u00e1vea News\" \/>\n<meta property=\"article:publisher\" content=\"https:\/\/facebook.com\/gaveaNews\/\" \/>\n<meta property=\"article:published_time\" content=\"2023-04-02T21:02:22+00:00\" \/>\n<meta property=\"article:modified_time\" content=\"2023-04-02T21:02:24+00:00\" \/>\n<meta property=\"og:image\" content=\"https:\/\/www.gaveanews.com\/wp-content\/uploads\/Vitor-Pereira-durante-coletiva-de-imprensa-do-Flamengo.webp\" \/>\n\t<meta property=\"og:image:width\" content=\"2048\" \/>\n\t<meta property=\"og:image:height\" content=\"1536\" \/>\n\t<meta property=\"og:image:type\" content=\"image\/jpeg\" \/>\n<meta name=\"author\" content=\"Equipe G\u00e1vea News\" \/>\n<meta name=\"twitter:card\" content=\"summary_large_image\" \/>\n<meta name=\"twitter:label1\" content=\"Escrito por\" \/>\n\t<meta name=\"twitter:data1\" content=\"Equipe G\u00e1vea News\" \/>\n\t<meta name=\"twitter:label2\" content=\"Est. tempo de leitura\" \/>\n\t<meta name=\"twitter:data2\" content=\"3 minutos\" \/>\n<script type=\"application\/ld+json\" class=\"yoast-schema-graph\">{\"@context\":\"https:\/\/schema.org\",\"@graph\":[{\"@type\":\"NewsArticle\",\"@id\":\"https:\/\/www.gaveanews.com\/index.php\/2023\/04\/02\/vitor-pereira-do-flamengo-alfineta-fernando-diniz-do-fluminense\/#article\",\"isPartOf\":{\"@id\":\"https:\/\/www.gaveanews.com\/index.php\/2023\/04\/02\/vitor-pereira-do-flamengo-alfineta-fernando-diniz-do-fluminense\/\"},\"author\":{\"name\":\"Equipe G\u00e1vea News\",\"@id\":\"https:\/\/www.gaveanews.com\/#\/schema\/person\/2ec14f73fb96be2caf28f91afb14749d\"},\"headline\":\"V\u00edtor Pereira, do Flamengo, alfineta Fernando Diniz, do Fluminense\",\"datePublished\":\"2023-04-02T21:02:22+00:00\",\"dateModified\":\"2023-04-02T21:02:24+00:00\",\"mainEntityOfPage\":{\"@id\":\"https:\/\/www.gaveanews.com\/index.php\/2023\/04\/02\/vitor-pereira-do-flamengo-alfineta-fernando-diniz-do-fluminense\/\"},\"wordCount\":437,\"commentCount\":0,\"image\":{\"@id\":\"https:\/\/www.gaveanews.com\/index.php\/2023\/04\/02\/vitor-pereira-do-flamengo-alfineta-fernando-diniz-do-fluminense\/#primaryimage\"},\"thumbnailUrl\":\"https:\/\/www.gaveanews.com\/wp-content\/uploads\/Vitor-Pereira-durante-coletiva-de-imprensa-do-Flamengo.webp\",\"articleSection\":[\"Flamengo\"],\"inLanguage\":\"pt-BR\",\"potentialAction\":[{\"@type\":\"CommentAction\",\"name\":\"Comment\",\"target\":[\"https:\/\/www.gaveanews.com\/index.php\/2023\/04\/02\/vitor-pereira-do-flamengo-alfineta-fernando-diniz-do-fluminense\/#respond\"]}],\"copyrightYear\":\"2023\",\"copyrightHolder\":{\"@id\":\"https:\/\/www.gaveanews.com\/#organization\"}},{\"@type\":\"WebPage\",\"@id\":\"https:\/\/www.gaveanews.com\/index.php\/2023\/04\/02\/vitor-pereira-do-flamengo-alfineta-fernando-diniz-do-fluminense\/\",\"url\":\"https:\/\/www.gaveanews.com\/index.php\/2023\/04\/02\/vitor-pereira-do-flamengo-alfineta-fernando-diniz-do-fluminense\/\",\"name\":\"V\u00edtor Pereira, do Flamengo, alfineta Fernando Diniz, do Fluminense\",\"isPartOf\":{\"@id\":\"https:\/\/www.gaveanews.com\/#website\"},\"primaryImageOfPage\":{\"@id\":\"https:\/\/www.gaveanews.com\/index.php\/2023\/04\/02\/vitor-pereira-do-flamengo-alfineta-fernando-diniz-do-fluminense\/#primaryimage\"},\"image\":{\"@id\":\"https:\/\/www.gaveanews.com\/index.php\/2023\/04\/02\/vitor-pereira-do-flamengo-alfineta-fernando-diniz-do-fluminense\/#primaryimage\"},\"thumbnailUrl\":\"https:\/\/www.gaveanews.com\/wp-content\/uploads\/Vitor-Pereira-durante-coletiva-de-imprensa-do-Flamengo.webp\",\"datePublished\":\"2023-04-02T21:02:22+00:00\",\"dateModified\":\"2023-04-02T21:02:24+00:00\",\"author\":{\"@id\":\"https:\/\/www.gaveanews.com\/#\/schema\/person\/2ec14f73fb96be2caf28f91afb14749d\"},\"breadcrumb\":{\"@id\":\"https:\/\/www.gaveanews.com\/index.php\/2023\/04\/02\/vitor-pereira-do-flamengo-alfineta-fernando-diniz-do-fluminense\/#breadcrumb\"},\"inLanguage\":\"pt-BR\",\"potentialAction\":[{\"@type\":\"ReadAction\",\"target\":[\"https:\/\/www.gaveanews.com\/index.php\/2023\/04\/02\/vitor-pereira-do-flamengo-alfineta-fernando-diniz-do-fluminense\/\"]}]},{\"@type\":\"ImageObject\",\"inLanguage\":\"pt-BR\",\"@id\":\"https:\/\/www.gaveanews.com\/index.php\/2023\/04\/02\/vitor-pereira-do-flamengo-alfineta-fernando-diniz-do-fluminense\/#primaryimage\",\"url\":\"https:\/\/www.gaveanews.com\/wp-content\/uploads\/Vitor-Pereira-durante-coletiva-de-imprensa-do-Flamengo.webp\",\"contentUrl\":\"https:\/\/www.gaveanews.com\/wp-content\/uploads\/Vitor-Pereira-durante-coletiva-de-imprensa-do-Flamengo.webp\",\"width\":2048,\"height\":1536,\"caption\":\"V\u00edtor Pereira durante coletiva de imprensa do Flamengo (Foto: Reprodu\u00e7\u00e3o\/Twitter\/@simpraisa)\"},{\"@type\":\"BreadcrumbList\",\"@id\":\"https:\/\/www.gaveanews.com\/index.php\/2023\/04\/02\/vitor-pereira-do-flamengo-alfineta-fernando-diniz-do-fluminense\/#breadcrumb\",\"itemListElement\":[{\"@type\":\"ListItem\",\"position\":1,\"name\":\"Home\",\"item\":\"https:\/\/www.gaveanews.com\/\"},{\"@type\":\"ListItem\",\"position\":2,\"name\":\"V\u00edtor Pereira, do Flamengo, alfineta Fernando Diniz, do Fluminense\"}]},{\"@type\":\"WebSite\",\"@id\":\"https:\/\/www.gaveanews.com\/#website\",\"url\":\"https:\/\/www.gaveanews.com\/\",\"name\":\"G\u00e1vea News\",\"description\":\"Veja todas as not\u00edcias sobre o Flamengo: Contrata\u00e7\u00f5es, categorias de base, resultados das partidas, tabela de classifica\u00e7\u00e3o, pr\u00f3ximos jogos!\",\"potentialAction\":[{\"@type\":\"SearchAction\",\"target\":{\"@type\":\"EntryPoint\",\"urlTemplate\":\"https:\/\/www.gaveanews.com\/?s={search_term_string}\"},\"query-input\":{\"@type\":\"PropertyValueSpecification\",\"valueRequired\":true,\"valueName\":\"search_term_string\"}}],\"inLanguage\":\"pt-BR\"},{\"@type\":\"Person\",\"@id\":\"https:\/\/www.gaveanews.com\/#\/schema\/person\/2ec14f73fb96be2caf28f91afb14749d\",\"name\":\"Equipe G\u00e1vea News\",\"image\":{\"@type\":\"ImageObject\",\"inLanguage\":\"pt-BR\",\"@id\":\"https:\/\/www.gaveanews.com\/#\/schema\/person\/image\/\",\"url\":\"https:\/\/secure.gravatar.com\/avatar\/1e1956f1facbffd3f8fa53a326721950116b3b9dc9bd44939c01180fd4a745a9?s=96&d=mm&r=g\",\"contentUrl\":\"https:\/\/secure.gravatar.com\/avatar\/1e1956f1facbffd3f8fa53a326721950116b3b9dc9bd44939c01180fd4a745a9?s=96&d=mm&r=g\",\"caption\":\"Equipe G\u00e1vea News\"}}]}<\/script>\n<!-- \/ Yoast SEO Premium plugin. -->","yoast_head_json":{"title":"V\u00edtor Pereira, do Flamengo, alfineta Fernando Diniz, do Fluminense","robots":{"index":"index","follow":"follow","max-snippet":"max-snippet:-1","max-image-preview":"max-image-preview:large","max-video-preview":"max-video-preview:-1"},"canonical":"https:\/\/www.gaveanews.com\/index.php\/2023\/04\/02\/vitor-pereira-do-flamengo-alfineta-fernando-diniz-do-fluminense\/","og_locale":"pt_BR","og_type":"article","og_title":"V\u00edtor Pereira, do Flamengo, alfineta Fernando Diniz, do Fluminense","og_description":"No primeiro duelo valendo o t\u00edtulo do Campeonato Carioca, o Flamengo levou a melhor sobre o Fluminense, na noite do \u00faltimo s\u00e1bado (01), no Maracan\u00e3, pelo placar de 2 a 0, e pode at\u00e9 perder por um tento de diferen\u00e7a, que mesmo assim fatura o certame no dia 9 (clique aqui e assista os gols). [&hellip;]","og_url":"https:\/\/www.gaveanews.com\/index.php\/2023\/04\/02\/vitor-pereira-do-flamengo-alfineta-fernando-diniz-do-fluminense\/","og_site_name":"G\u00e1vea News","article_publisher":"https:\/\/facebook.com\/gaveaNews\/","article_published_time":"2023-04-02T21:02:22+00:00","article_modified_time":"2023-04-02T21:02:24+00:00","og_image":[{"width":2048,"height":1536,"url":"https:\/\/www.gaveanews.com\/wp-content\/uploads\/Vitor-Pereira-durante-coletiva-de-imprensa-do-Flamengo.webp","type":"image\/jpeg"}],"author":"Equipe G\u00e1vea News","twitter_card":"summary_large_image","twitter_misc":{"Escrito por":"Equipe G\u00e1vea News","Est. tempo de leitura":"3 minutos"},"schema":{"@context":"https:\/\/schema.org","@graph":[{"@type":"NewsArticle","@id":"https:\/\/www.gaveanews.com\/index.php\/2023\/04\/02\/vitor-pereira-do-flamengo-alfineta-fernando-diniz-do-fluminense\/#article","isPartOf":{"@id":"https:\/\/www.gaveanews.com\/index.php\/2023\/04\/02\/vitor-pereira-do-flamengo-alfineta-fernando-diniz-do-fluminense\/"},"author":{"name":"Equipe G\u00e1vea News","@id":"https:\/\/www.gaveanews.com\/#\/schema\/person\/2ec14f73fb96be2caf28f91afb14749d"},"headline":"V\u00edtor Pereira, do Flamengo, alfineta Fernando Diniz, do Fluminense","datePublished":"2023-04-02T21:02:22+00:00","dateModified":"2023-04-02T21:02:24+00:00","mainEntityOfPage":{"@id":"https:\/\/www.gaveanews.com\/index.php\/2023\/04\/02\/vitor-pereira-do-flamengo-alfineta-fernando-diniz-do-fluminense\/"},"wordCount":437,"commentCount":0,"image":{"@id":"https:\/\/www.gaveanews.com\/index.php\/2023\/04\/02\/vitor-pereira-do-flamengo-alfineta-fernando-diniz-do-fluminense\/#primaryimage"},"thumbnailUrl":"https:\/\/www.gaveanews.com\/wp-content\/uploads\/Vitor-Pereira-durante-coletiva-de-imprensa-do-Flamengo.webp","articleSection":["Flamengo"],"inLanguage":"pt-BR","potentialAction":[{"@type":"CommentAction","name":"Comment","target":["https:\/\/www.gaveanews.com\/index.php\/2023\/04\/02\/vitor-pereira-do-flamengo-alfineta-fernando-diniz-do-fluminense\/#respond"]}],"copyrightYear":"2023","copyrightHolder":{"@id":"https:\/\/www.gaveanews.com\/#organization"}},{"@type":"WebPage","@id":"https:\/\/www.gaveanews.com\/index.php\/2023\/04\/02\/vitor-pereira-do-flamengo-alfineta-fernando-diniz-do-fluminense\/","url":"https:\/\/www.gaveanews.com\/index.php\/2023\/04\/02\/vitor-pereira-do-flamengo-alfineta-fernando-diniz-do-fluminense\/","name":"V\u00edtor Pereira, do Flamengo, alfineta Fernando Diniz, do Fluminense","isPartOf":{"@id":"https:\/\/www.gaveanews.com\/#website"},"primaryImageOfPage":{"@id":"https:\/\/www.gaveanews.com\/index.php\/2023\/04\/02\/vitor-pereira-do-flamengo-alfineta-fernando-diniz-do-fluminense\/#primaryimage"},"image":{"@id":"https:\/\/www.gaveanews.com\/index.php\/2023\/04\/02\/vitor-pereira-do-flamengo-alfineta-fernando-diniz-do-fluminense\/#primaryimage"},"thumbnailUrl":"https:\/\/www.gaveanews.com\/wp-content\/uploads\/Vitor-Pereira-durante-coletiva-de-imprensa-do-Flamengo.webp","datePublished":"2023-04-02T21:02:22+00:00","dateModified":"2023-04-02T21:02:24+00:00","author":{"@id":"https:\/\/www.gaveanews.com\/#\/schema\/person\/2ec14f73fb96be2caf28f91afb14749d"},"breadcrumb":{"@id":"https:\/\/www.gaveanews.com\/index.php\/2023\/04\/02\/vitor-pereira-do-flamengo-alfineta-fernando-diniz-do-fluminense\/#breadcrumb"},"inLanguage":"pt-BR","potentialAction":[{"@type":"ReadAction","target":["https:\/\/www.gaveanews.com\/index.php\/2023\/04\/02\/vitor-pereira-do-flamengo-alfineta-fernando-diniz-do-fluminense\/"]}]},{"@type":"ImageObject","inLanguage":"pt-BR","@id":"https:\/\/www.gaveanews.com\/index.php\/2023\/04\/02\/vitor-pereira-do-flamengo-alfineta-fernando-diniz-do-fluminense\/#primaryimage","url":"https:\/\/www.gaveanews.com\/wp-content\/uploads\/Vitor-Pereira-durante-coletiva-de-imprensa-do-Flamengo.webp","contentUrl":"https:\/\/www.gaveanews.com\/wp-content\/uploads\/Vitor-Pereira-durante-coletiva-de-imprensa-do-Flamengo.webp","width":2048,"height":1536,"caption":"V\u00edtor Pereira durante coletiva de imprensa do Flamengo (Foto: Reprodu\u00e7\u00e3o\/Twitter\/@simpraisa)"},{"@type":"BreadcrumbList","@id":"https:\/\/www.gaveanews.com\/index.php\/2023\/04\/02\/vitor-pereira-do-flamengo-alfineta-fernando-diniz-do-fluminense\/#breadcrumb","itemListElement":[{"@type":"ListItem","position":1,"name":"Home","item":"https:\/\/www.gaveanews.com\/"},{"@type":"ListItem","position":2,"name":"V\u00edtor Pereira, do Flamengo, alfineta Fernando Diniz, do Fluminense"}]},{"@type":"WebSite","@id":"https:\/\/www.gaveanews.com\/#website","url":"https:\/\/www.gaveanews.com\/","name":"G\u00e1vea News","description":"Veja todas as not\u00edcias sobre o Flamengo: Contrata\u00e7\u00f5es, categorias de base, resultados das partidas, tabela de classifica\u00e7\u00e3o, pr\u00f3ximos jogos!","potentialAction":[{"@type":"SearchAction","target":{"@type":"EntryPoint","urlTemplate":"https:\/\/www.gaveanews.com\/?s={search_term_string}"},"query-input":{"@type":"PropertyValueSpecification","valueRequired":true,"valueName":"search_term_string"}}],"inLanguage":"pt-BR"},{"@type":"Person","@id":"https:\/\/www.gaveanews.com\/#\/schema\/person\/2ec14f73fb96be2caf28f91afb14749d","name":"Equipe G\u00e1vea News","image":{"@type":"ImageObject","inLanguage":"pt-BR","@id":"https:\/\/www.gaveanews.com\/#\/schema\/person\/image\/","url":"https:\/\/secure.gravatar.com\/avatar\/1e1956f1facbffd3f8fa53a326721950116b3b9dc9bd44939c01180fd4a745a9?s=96&d=mm&r=g","contentUrl":"https:\/\/secure.gravatar.com\/avatar\/1e1956f1facbffd3f8fa53a326721950116b3b9dc9bd44939c01180fd4a745a9?s=96&d=mm&r=g","caption":"Equipe G\u00e1vea News"}}]}},"_links":{"self":[{"href":"https:\/\/www.gaveanews.com\/index.php\/wp-json\/wp\/v2\/posts\/96470","targetHints":{"allow":["GET"]}}],"collection":[{"href":"https:\/\/www.gaveanews.com\/index.php\/wp-json\/wp\/v2\/posts"}],"about":[{"href":"https:\/\/www.gaveanews.com\/index.php\/wp-json\/wp\/v2\/types\/post"}],"author":[{"embeddable":true,"href":"https:\/\/www.gaveanews.com\/index.php\/wp-json\/wp\/v2\/users\/1"}],"replies":[{"embeddable":true,"href":"https:\/\/www.gaveanews.com\/index.php\/wp-json\/wp\/v2\/comments?post=96470"}],"version-history":[{"count":0,"href":"https:\/\/www.gaveanews.com\/index.php\/wp-json\/wp\/v2\/posts\/96470\/revisions"}],"wp:featuredmedia":[{"embeddable":true,"href":"https:\/\/www.gaveanews.com\/index.php\/wp-json\/wp\/v2\/media\/96471"}],"wp:attachment":[{"href":"https:\/\/www.gaveanews.com\/index.php\/wp-json\/wp\/v2\/media?parent=96470"}],"wp:term":[{"taxonomy":"category","embeddable":true,"href":"https:\/\/www.gaveanews.com\/index.php\/wp-json\/wp\/v2\/categories?post=96470"},{"taxonomy":"post_tag","embeddable":true,"href":"https:\/\/www.gaveanews.com\/index.php\/wp-json\/wp\/v2\/tags?post=96470"}],"curies":[{"name":"wp","href":"https:\/\/api.w.org\/{rel}","templated":true}]}}