{"id":96519,"date":"2023-04-03T18:59:08","date_gmt":"2023-04-03T21:59:08","guid":{"rendered":"https:\/\/www.gaveanews.com\/?p=96519"},"modified":"2023-04-03T18:59:10","modified_gmt":"2023-04-03T21:59:10","slug":"com-desfalque-de-ultima-hora-veja-a-lista-de-relacionados-pelo-flamengo-para-o-jogo-contra-o-aucas-pela-libertadores","status":"publish","type":"post","link":"https:\/\/www.gaveanews.com\/index.php\/2023\/04\/03\/com-desfalque-de-ultima-hora-veja-a-lista-de-relacionados-pelo-flamengo-para-o-jogo-contra-o-aucas-pela-libertadores\/","title":{"rendered":"Com desfalque de \u00faltima hora, veja a lista de relacionados pelo Flamengo para o jogo contra o Aucas pela Libertadores"},"content":{"rendered":"\n<p>O Flamengo iniciou o atarefado m\u00eas abril com a vit\u00f3ria por 2 a 0 sobre o Fluminense e a garantia de vantagem na final do Carioca. Agora a equipe volta sua aten\u00e7\u00e3o para o torneio continental e embarca rumo \u00e0 estreia pela fase e grupos.<\/p>\n\n\n\n<p>Ap\u00f3s o cl\u00e1ssico do \u00faltimo s\u00e1bado (01), o elenco recebeu um dia de folga e se reapresentou nesta segunda-feira (03). A equipe treinou pela manh\u00e3 e agora segue rumo ao aeroporto.<\/p>\n\n\n\n<p>A delega\u00e7\u00e3o conta com cinco baixas para esta viagem. <strong>Erick Pulgar<\/strong>, <strong>Matheuzinho<\/strong> e <strong>Arrascaeta <\/strong>ficam de fora por quest\u00f5es f\u00edsicas. <strong>Bruno Henrique<\/strong>, embora esteja bem fisicamente, ainda n\u00e3o ir\u00e1 estrear na temporada. Outra baixa fica por conta de <strong>Thiago Maia<\/strong>, apesar de n\u00e3o estar lesionado, o meia ser\u00e1 poupado.<\/p>\n\n\n\n<p>O confronto contra o Aucas, que faz sua primeira participa\u00e7\u00e3o na competi\u00e7\u00e3o continental, acontecer\u00e1 em Quito, 2.850 metros acima do n\u00edvel do mar. A partida est\u00e1 agendada para quarta-feira (05), \u00e0s 19h (hor\u00e1rio de Bras\u00edlia).<\/p>\n\n\n\n<h2 class=\"wp-block-heading\" id=\"h-lista-de-relacionados-pelo-flamengo\">Lista de relacionados pelo Flamengo:<\/h2>\n\n\n\n<ul class=\"wp-block-list\">\n<li><strong>Goleiros:&nbsp;<\/strong>Santos, Matheus Cunha e Hugo;<\/li>\n\n\n\n<li><strong>Zagueiros:&nbsp;<\/strong>L\u00e9o Pereira, David Luiz, Fabr\u00edcio Bruno, Pablo e Rodrigo Caio;<\/li>\n\n\n\n<li><strong>Laterais:&nbsp;<\/strong>Filipe Lu\u00eds, Ayrton Lucas, Wesley e Varela;<\/li>\n\n\n\n<li><strong>Meio-campistas:<\/strong>&nbsp;Gerson, Everton Ribeiro, Vidal, Matheus Fran\u00e7a, Everton Cebolinha, Igor Jesus, e e Victor Hugo;<\/li>\n\n\n\n<li><strong>Atacantes:&nbsp;<\/strong>Gabigol, Pedro, Everton Cebolinha, Matheus Gon\u00e7alves, Werton, Andr\u00e9, Mateus\u00e3o e Marinho.<\/li>\n<\/ul>\n","protected":false},"excerpt":{"rendered":"<p>O Flamengo iniciou o atarefado m\u00eas abril com a vit\u00f3ria por 2 a 0 sobre o Fluminense e a garantia de vantagem na final do Carioca. Agora a equipe volta sua aten\u00e7\u00e3o para o torneio continental e embarca rumo \u00e0 estreia pela fase e grupos. Ap\u00f3s o cl\u00e1ssico do \u00faltimo s\u00e1bado (01), o elenco recebeu [&hellip;]<\/p>\n","protected":false},"author":4,"featured_media":94199,"comment_status":"open","ping_status":"closed","sticky":false,"template":"","format":"standard","meta":{"footnotes":""},"categories":[47],"tags":[],"class_list":["post-96519","post","type-post","status-publish","format-standard","has-post-thumbnail","hentry","category-destaques"],"yoast_head":"<!-- This site is optimized with the Yoast SEO Premium plugin v24.2 (Yoast SEO v26.9) - https:\/\/yoast.com\/product\/yoast-seo-premium-wordpress\/ -->\n<title>Com desfalque de \u00faltima hora, veja a lista de relacionados pelo Flamengo para o jogo contra o Aucas pela Libertadores<\/title>\n<meta name=\"robots\" content=\"index, follow, max-snippet:-1, max-image-preview:large, max-video-preview:-1\" \/>\n<link rel=\"canonical\" href=\"https:\/\/www.gaveanews.com\/index.php\/2023\/04\/03\/com-desfalque-de-ultima-hora-veja-a-lista-de-relacionados-pelo-flamengo-para-o-jogo-contra-o-aucas-pela-libertadores\/\" \/>\n<meta property=\"og:locale\" content=\"pt_BR\" \/>\n<meta property=\"og:type\" content=\"article\" \/>\n<meta property=\"og:title\" content=\"Com desfalque de \u00faltima hora, veja a lista de relacionados pelo Flamengo para o jogo contra o Aucas pela Libertadores\" \/>\n<meta property=\"og:description\" content=\"O Flamengo iniciou o atarefado m\u00eas abril com a vit\u00f3ria por 2 a 0 sobre o Fluminense e a garantia de vantagem na final do Carioca. Agora a equipe volta sua aten\u00e7\u00e3o para o torneio continental e embarca rumo \u00e0 estreia pela fase e grupos. Ap\u00f3s o cl\u00e1ssico do \u00faltimo s\u00e1bado (01), o elenco recebeu [&hellip;]\" \/>\n<meta property=\"og:url\" content=\"https:\/\/www.gaveanews.com\/index.php\/2023\/04\/03\/com-desfalque-de-ultima-hora-veja-a-lista-de-relacionados-pelo-flamengo-para-o-jogo-contra-o-aucas-pela-libertadores\/\" \/>\n<meta property=\"og:site_name\" content=\"G\u00e1vea News\" \/>\n<meta property=\"article:publisher\" content=\"https:\/\/facebook.com\/gaveaNews\/\" \/>\n<meta property=\"article:published_time\" content=\"2023-04-03T21:59:08+00:00\" \/>\n<meta property=\"article:modified_time\" content=\"2023-04-03T21:59:10+00:00\" \/>\n<meta property=\"og:image\" content=\"https:\/\/www.gaveanews.com\/wp-content\/uploads\/jogadores-flamengo-volta-redonda.webp\" \/>\n\t<meta property=\"og:image:width\" content=\"1600\" \/>\n\t<meta property=\"og:image:height\" content=\"1066\" \/>\n\t<meta property=\"og:image:type\" content=\"image\/jpeg\" \/>\n<meta name=\"author\" content=\"Let\u00edcia Gerheim\" \/>\n<meta name=\"twitter:card\" content=\"summary_large_image\" \/>\n<meta name=\"twitter:label1\" content=\"Escrito por\" \/>\n\t<meta name=\"twitter:data1\" content=\"Let\u00edcia Gerheim\" \/>\n\t<meta name=\"twitter:label2\" content=\"Est. tempo de leitura\" \/>\n\t<meta name=\"twitter:data2\" content=\"2 minutos\" \/>\n<script type=\"application\/ld+json\" class=\"yoast-schema-graph\">{\"@context\":\"https:\/\/schema.org\",\"@graph\":[{\"@type\":\"NewsArticle\",\"@id\":\"https:\/\/www.gaveanews.com\/index.php\/2023\/04\/03\/com-desfalque-de-ultima-hora-veja-a-lista-de-relacionados-pelo-flamengo-para-o-jogo-contra-o-aucas-pela-libertadores\/#article\",\"isPartOf\":{\"@id\":\"https:\/\/www.gaveanews.com\/index.php\/2023\/04\/03\/com-desfalque-de-ultima-hora-veja-a-lista-de-relacionados-pelo-flamengo-para-o-jogo-contra-o-aucas-pela-libertadores\/\"},\"author\":{\"name\":\"Let\u00edcia Gerheim\",\"@id\":\"https:\/\/www.gaveanews.com\/#\/schema\/person\/714c67050b836198af2450ba1c142a67\"},\"headline\":\"Com desfalque de \u00faltima hora, veja a lista de relacionados pelo Flamengo para o jogo contra o Aucas pela Libertadores\",\"datePublished\":\"2023-04-03T21:59:08+00:00\",\"dateModified\":\"2023-04-03T21:59:10+00:00\",\"mainEntityOfPage\":{\"@id\":\"https:\/\/www.gaveanews.com\/index.php\/2023\/04\/03\/com-desfalque-de-ultima-hora-veja-a-lista-de-relacionados-pelo-flamengo-para-o-jogo-contra-o-aucas-pela-libertadores\/\"},\"wordCount\":257,\"commentCount\":0,\"image\":{\"@id\":\"https:\/\/www.gaveanews.com\/index.php\/2023\/04\/03\/com-desfalque-de-ultima-hora-veja-a-lista-de-relacionados-pelo-flamengo-para-o-jogo-contra-o-aucas-pela-libertadores\/#primaryimage\"},\"thumbnailUrl\":\"https:\/\/www.gaveanews.com\/wp-content\/uploads\/jogadores-flamengo-volta-redonda.webp\",\"articleSection\":[\"Destaques\"],\"inLanguage\":\"pt-BR\",\"potentialAction\":[{\"@type\":\"CommentAction\",\"name\":\"Comment\",\"target\":[\"https:\/\/www.gaveanews.com\/index.php\/2023\/04\/03\/com-desfalque-de-ultima-hora-veja-a-lista-de-relacionados-pelo-flamengo-para-o-jogo-contra-o-aucas-pela-libertadores\/#respond\"]}],\"copyrightYear\":\"2023\",\"copyrightHolder\":{\"@id\":\"https:\/\/www.gaveanews.com\/#organization\"}},{\"@type\":\"WebPage\",\"@id\":\"https:\/\/www.gaveanews.com\/index.php\/2023\/04\/03\/com-desfalque-de-ultima-hora-veja-a-lista-de-relacionados-pelo-flamengo-para-o-jogo-contra-o-aucas-pela-libertadores\/\",\"url\":\"https:\/\/www.gaveanews.com\/index.php\/2023\/04\/03\/com-desfalque-de-ultima-hora-veja-a-lista-de-relacionados-pelo-flamengo-para-o-jogo-contra-o-aucas-pela-libertadores\/\",\"name\":\"Com desfalque de \u00faltima hora, veja a lista de relacionados pelo Flamengo para o jogo contra o Aucas pela Libertadores\",\"isPartOf\":{\"@id\":\"https:\/\/www.gaveanews.com\/#website\"},\"primaryImageOfPage\":{\"@id\":\"https:\/\/www.gaveanews.com\/index.php\/2023\/04\/03\/com-desfalque-de-ultima-hora-veja-a-lista-de-relacionados-pelo-flamengo-para-o-jogo-contra-o-aucas-pela-libertadores\/#primaryimage\"},\"image\":{\"@id\":\"https:\/\/www.gaveanews.com\/index.php\/2023\/04\/03\/com-desfalque-de-ultima-hora-veja-a-lista-de-relacionados-pelo-flamengo-para-o-jogo-contra-o-aucas-pela-libertadores\/#primaryimage\"},\"thumbnailUrl\":\"https:\/\/www.gaveanews.com\/wp-content\/uploads\/jogadores-flamengo-volta-redonda.webp\",\"datePublished\":\"2023-04-03T21:59:08+00:00\",\"dateModified\":\"2023-04-03T21:59:10+00:00\",\"author\":{\"@id\":\"https:\/\/www.gaveanews.com\/#\/schema\/person\/714c67050b836198af2450ba1c142a67\"},\"breadcrumb\":{\"@id\":\"https:\/\/www.gaveanews.com\/index.php\/2023\/04\/03\/com-desfalque-de-ultima-hora-veja-a-lista-de-relacionados-pelo-flamengo-para-o-jogo-contra-o-aucas-pela-libertadores\/#breadcrumb\"},\"inLanguage\":\"pt-BR\",\"potentialAction\":[{\"@type\":\"ReadAction\",\"target\":[\"https:\/\/www.gaveanews.com\/index.php\/2023\/04\/03\/com-desfalque-de-ultima-hora-veja-a-lista-de-relacionados-pelo-flamengo-para-o-jogo-contra-o-aucas-pela-libertadores\/\"]}]},{\"@type\":\"ImageObject\",\"inLanguage\":\"pt-BR\",\"@id\":\"https:\/\/www.gaveanews.com\/index.php\/2023\/04\/03\/com-desfalque-de-ultima-hora-veja-a-lista-de-relacionados-pelo-flamengo-para-o-jogo-contra-o-aucas-pela-libertadores\/#primaryimage\",\"url\":\"https:\/\/www.gaveanews.com\/wp-content\/uploads\/jogadores-flamengo-volta-redonda.webp\",\"contentUrl\":\"https:\/\/www.gaveanews.com\/wp-content\/uploads\/jogadores-flamengo-volta-redonda.webp\",\"width\":1600,\"height\":1066,\"caption\":\"Jogadores do Flamengo em jogo contra o Volta Redonda (Foto: Gilvan de Souza\/Flamengo)\"},{\"@type\":\"BreadcrumbList\",\"@id\":\"https:\/\/www.gaveanews.com\/index.php\/2023\/04\/03\/com-desfalque-de-ultima-hora-veja-a-lista-de-relacionados-pelo-flamengo-para-o-jogo-contra-o-aucas-pela-libertadores\/#breadcrumb\",\"itemListElement\":[{\"@type\":\"ListItem\",\"position\":1,\"name\":\"Home\",\"item\":\"https:\/\/www.gaveanews.com\/\"},{\"@type\":\"ListItem\",\"position\":2,\"name\":\"Com desfalque de \u00faltima hora, veja a lista de relacionados pelo Flamengo para o jogo contra o Aucas pela Libertadores\"}]},{\"@type\":\"WebSite\",\"@id\":\"https:\/\/www.gaveanews.com\/#website\",\"url\":\"https:\/\/www.gaveanews.com\/\",\"name\":\"G\u00e1vea News\",\"description\":\"Veja todas as not\u00edcias sobre o Flamengo: Contrata\u00e7\u00f5es, categorias de base, resultados das partidas, tabela de classifica\u00e7\u00e3o, pr\u00f3ximos jogos!\",\"potentialAction\":[{\"@type\":\"SearchAction\",\"target\":{\"@type\":\"EntryPoint\",\"urlTemplate\":\"https:\/\/www.gaveanews.com\/?s={search_term_string}\"},\"query-input\":{\"@type\":\"PropertyValueSpecification\",\"valueRequired\":true,\"valueName\":\"search_term_string\"}}],\"inLanguage\":\"pt-BR\"},{\"@type\":\"Person\",\"@id\":\"https:\/\/www.gaveanews.com\/#\/schema\/person\/714c67050b836198af2450ba1c142a67\",\"name\":\"Let\u00edcia Gerheim\",\"image\":{\"@type\":\"ImageObject\",\"inLanguage\":\"pt-BR\",\"@id\":\"https:\/\/www.gaveanews.com\/#\/schema\/person\/image\/\",\"url\":\"https:\/\/secure.gravatar.com\/avatar\/60734739c50fcebfbac509e2a826ccd0ff405c019bc73aab9354f19ecad1dcb4?s=96&d=mm&r=g\",\"contentUrl\":\"https:\/\/secure.gravatar.com\/avatar\/60734739c50fcebfbac509e2a826ccd0ff405c019bc73aab9354f19ecad1dcb4?s=96&d=mm&r=g\",\"caption\":\"Let\u00edcia Gerheim\"}}]}<\/script>\n<!-- \/ Yoast SEO Premium plugin. -->","yoast_head_json":{"title":"Com desfalque de \u00faltima hora, veja a lista de relacionados pelo Flamengo para o jogo contra o Aucas pela Libertadores","robots":{"index":"index","follow":"follow","max-snippet":"max-snippet:-1","max-image-preview":"max-image-preview:large","max-video-preview":"max-video-preview:-1"},"canonical":"https:\/\/www.gaveanews.com\/index.php\/2023\/04\/03\/com-desfalque-de-ultima-hora-veja-a-lista-de-relacionados-pelo-flamengo-para-o-jogo-contra-o-aucas-pela-libertadores\/","og_locale":"pt_BR","og_type":"article","og_title":"Com desfalque de \u00faltima hora, veja a lista de relacionados pelo Flamengo para o jogo contra o Aucas pela Libertadores","og_description":"O Flamengo iniciou o atarefado m\u00eas abril com a vit\u00f3ria por 2 a 0 sobre o Fluminense e a garantia de vantagem na final do Carioca. Agora a equipe volta sua aten\u00e7\u00e3o para o torneio continental e embarca rumo \u00e0 estreia pela fase e grupos. Ap\u00f3s o cl\u00e1ssico do \u00faltimo s\u00e1bado (01), o elenco recebeu [&hellip;]","og_url":"https:\/\/www.gaveanews.com\/index.php\/2023\/04\/03\/com-desfalque-de-ultima-hora-veja-a-lista-de-relacionados-pelo-flamengo-para-o-jogo-contra-o-aucas-pela-libertadores\/","og_site_name":"G\u00e1vea News","article_publisher":"https:\/\/facebook.com\/gaveaNews\/","article_published_time":"2023-04-03T21:59:08+00:00","article_modified_time":"2023-04-03T21:59:10+00:00","og_image":[{"width":1600,"height":1066,"url":"https:\/\/www.gaveanews.com\/wp-content\/uploads\/jogadores-flamengo-volta-redonda.webp","type":"image\/jpeg"}],"author":"Let\u00edcia Gerheim","twitter_card":"summary_large_image","twitter_misc":{"Escrito por":"Let\u00edcia Gerheim","Est. tempo de leitura":"2 minutos"},"schema":{"@context":"https:\/\/schema.org","@graph":[{"@type":"NewsArticle","@id":"https:\/\/www.gaveanews.com\/index.php\/2023\/04\/03\/com-desfalque-de-ultima-hora-veja-a-lista-de-relacionados-pelo-flamengo-para-o-jogo-contra-o-aucas-pela-libertadores\/#article","isPartOf":{"@id":"https:\/\/www.gaveanews.com\/index.php\/2023\/04\/03\/com-desfalque-de-ultima-hora-veja-a-lista-de-relacionados-pelo-flamengo-para-o-jogo-contra-o-aucas-pela-libertadores\/"},"author":{"name":"Let\u00edcia Gerheim","@id":"https:\/\/www.gaveanews.com\/#\/schema\/person\/714c67050b836198af2450ba1c142a67"},"headline":"Com desfalque de \u00faltima hora, veja a lista de relacionados pelo Flamengo para o jogo contra o Aucas pela Libertadores","datePublished":"2023-04-03T21:59:08+00:00","dateModified":"2023-04-03T21:59:10+00:00","mainEntityOfPage":{"@id":"https:\/\/www.gaveanews.com\/index.php\/2023\/04\/03\/com-desfalque-de-ultima-hora-veja-a-lista-de-relacionados-pelo-flamengo-para-o-jogo-contra-o-aucas-pela-libertadores\/"},"wordCount":257,"commentCount":0,"image":{"@id":"https:\/\/www.gaveanews.com\/index.php\/2023\/04\/03\/com-desfalque-de-ultima-hora-veja-a-lista-de-relacionados-pelo-flamengo-para-o-jogo-contra-o-aucas-pela-libertadores\/#primaryimage"},"thumbnailUrl":"https:\/\/www.gaveanews.com\/wp-content\/uploads\/jogadores-flamengo-volta-redonda.webp","articleSection":["Destaques"],"inLanguage":"pt-BR","potentialAction":[{"@type":"CommentAction","name":"Comment","target":["https:\/\/www.gaveanews.com\/index.php\/2023\/04\/03\/com-desfalque-de-ultima-hora-veja-a-lista-de-relacionados-pelo-flamengo-para-o-jogo-contra-o-aucas-pela-libertadores\/#respond"]}],"copyrightYear":"2023","copyrightHolder":{"@id":"https:\/\/www.gaveanews.com\/#organization"}},{"@type":"WebPage","@id":"https:\/\/www.gaveanews.com\/index.php\/2023\/04\/03\/com-desfalque-de-ultima-hora-veja-a-lista-de-relacionados-pelo-flamengo-para-o-jogo-contra-o-aucas-pela-libertadores\/","url":"https:\/\/www.gaveanews.com\/index.php\/2023\/04\/03\/com-desfalque-de-ultima-hora-veja-a-lista-de-relacionados-pelo-flamengo-para-o-jogo-contra-o-aucas-pela-libertadores\/","name":"Com desfalque de \u00faltima hora, veja a lista de relacionados pelo Flamengo para o jogo contra o Aucas pela Libertadores","isPartOf":{"@id":"https:\/\/www.gaveanews.com\/#website"},"primaryImageOfPage":{"@id":"https:\/\/www.gaveanews.com\/index.php\/2023\/04\/03\/com-desfalque-de-ultima-hora-veja-a-lista-de-relacionados-pelo-flamengo-para-o-jogo-contra-o-aucas-pela-libertadores\/#primaryimage"},"image":{"@id":"https:\/\/www.gaveanews.com\/index.php\/2023\/04\/03\/com-desfalque-de-ultima-hora-veja-a-lista-de-relacionados-pelo-flamengo-para-o-jogo-contra-o-aucas-pela-libertadores\/#primaryimage"},"thumbnailUrl":"https:\/\/www.gaveanews.com\/wp-content\/uploads\/jogadores-flamengo-volta-redonda.webp","datePublished":"2023-04-03T21:59:08+00:00","dateModified":"2023-04-03T21:59:10+00:00","author":{"@id":"https:\/\/www.gaveanews.com\/#\/schema\/person\/714c67050b836198af2450ba1c142a67"},"breadcrumb":{"@id":"https:\/\/www.gaveanews.com\/index.php\/2023\/04\/03\/com-desfalque-de-ultima-hora-veja-a-lista-de-relacionados-pelo-flamengo-para-o-jogo-contra-o-aucas-pela-libertadores\/#breadcrumb"},"inLanguage":"pt-BR","potentialAction":[{"@type":"ReadAction","target":["https:\/\/www.gaveanews.com\/index.php\/2023\/04\/03\/com-desfalque-de-ultima-hora-veja-a-lista-de-relacionados-pelo-flamengo-para-o-jogo-contra-o-aucas-pela-libertadores\/"]}]},{"@type":"ImageObject","inLanguage":"pt-BR","@id":"https:\/\/www.gaveanews.com\/index.php\/2023\/04\/03\/com-desfalque-de-ultima-hora-veja-a-lista-de-relacionados-pelo-flamengo-para-o-jogo-contra-o-aucas-pela-libertadores\/#primaryimage","url":"https:\/\/www.gaveanews.com\/wp-content\/uploads\/jogadores-flamengo-volta-redonda.webp","contentUrl":"https:\/\/www.gaveanews.com\/wp-content\/uploads\/jogadores-flamengo-volta-redonda.webp","width":1600,"height":1066,"caption":"Jogadores do Flamengo em jogo contra o Volta Redonda (Foto: Gilvan de Souza\/Flamengo)"},{"@type":"BreadcrumbList","@id":"https:\/\/www.gaveanews.com\/index.php\/2023\/04\/03\/com-desfalque-de-ultima-hora-veja-a-lista-de-relacionados-pelo-flamengo-para-o-jogo-contra-o-aucas-pela-libertadores\/#breadcrumb","itemListElement":[{"@type":"ListItem","position":1,"name":"Home","item":"https:\/\/www.gaveanews.com\/"},{"@type":"ListItem","position":2,"name":"Com desfalque de \u00faltima hora, veja a lista de relacionados pelo Flamengo para o jogo contra o Aucas pela Libertadores"}]},{"@type":"WebSite","@id":"https:\/\/www.gaveanews.com\/#website","url":"https:\/\/www.gaveanews.com\/","name":"G\u00e1vea News","description":"Veja todas as not\u00edcias sobre o Flamengo: Contrata\u00e7\u00f5es, categorias de base, resultados das partidas, tabela de classifica\u00e7\u00e3o, pr\u00f3ximos jogos!","potentialAction":[{"@type":"SearchAction","target":{"@type":"EntryPoint","urlTemplate":"https:\/\/www.gaveanews.com\/?s={search_term_string}"},"query-input":{"@type":"PropertyValueSpecification","valueRequired":true,"valueName":"search_term_string"}}],"inLanguage":"pt-BR"},{"@type":"Person","@id":"https:\/\/www.gaveanews.com\/#\/schema\/person\/714c67050b836198af2450ba1c142a67","name":"Let\u00edcia Gerheim","image":{"@type":"ImageObject","inLanguage":"pt-BR","@id":"https:\/\/www.gaveanews.com\/#\/schema\/person\/image\/","url":"https:\/\/secure.gravatar.com\/avatar\/60734739c50fcebfbac509e2a826ccd0ff405c019bc73aab9354f19ecad1dcb4?s=96&d=mm&r=g","contentUrl":"https:\/\/secure.gravatar.com\/avatar\/60734739c50fcebfbac509e2a826ccd0ff405c019bc73aab9354f19ecad1dcb4?s=96&d=mm&r=g","caption":"Let\u00edcia Gerheim"}}]}},"_links":{"self":[{"href":"https:\/\/www.gaveanews.com\/index.php\/wp-json\/wp\/v2\/posts\/96519","targetHints":{"allow":["GET"]}}],"collection":[{"href":"https:\/\/www.gaveanews.com\/index.php\/wp-json\/wp\/v2\/posts"}],"about":[{"href":"https:\/\/www.gaveanews.com\/index.php\/wp-json\/wp\/v2\/types\/post"}],"author":[{"embeddable":true,"href":"https:\/\/www.gaveanews.com\/index.php\/wp-json\/wp\/v2\/users\/4"}],"replies":[{"embeddable":true,"href":"https:\/\/www.gaveanews.com\/index.php\/wp-json\/wp\/v2\/comments?post=96519"}],"version-history":[{"count":0,"href":"https:\/\/www.gaveanews.com\/index.php\/wp-json\/wp\/v2\/posts\/96519\/revisions"}],"wp:featuredmedia":[{"embeddable":true,"href":"https:\/\/www.gaveanews.com\/index.php\/wp-json\/wp\/v2\/media\/94199"}],"wp:attachment":[{"href":"https:\/\/www.gaveanews.com\/index.php\/wp-json\/wp\/v2\/media?parent=96519"}],"wp:term":[{"taxonomy":"category","embeddable":true,"href":"https:\/\/www.gaveanews.com\/index.php\/wp-json\/wp\/v2\/categories?post=96519"},{"taxonomy":"post_tag","embeddable":true,"href":"https:\/\/www.gaveanews.com\/index.php\/wp-json\/wp\/v2\/tags?post=96519"}],"curies":[{"name":"wp","href":"https:\/\/api.w.org\/{rel}","templated":true}]}}