{"id":96530,"date":"2023-04-03T10:50:34","date_gmt":"2023-04-03T13:50:34","guid":{"rendered":"https:\/\/www.gaveanews.com\/?p=96530"},"modified":"2023-04-03T10:50:36","modified_gmt":"2023-04-03T13:50:36","slug":"sem-gabigol-vitor-pereira-alcanca-o-apice-da-reestruturacao-prometida-no-flamengo","status":"publish","type":"post","link":"https:\/\/www.gaveanews.com\/index.php\/2023\/04\/03\/sem-gabigol-vitor-pereira-alcanca-o-apice-da-reestruturacao-prometida-no-flamengo\/","title":{"rendered":"Sem Gabigol, V\u00edtor Pereira alcan\u00e7a o \u00e1pice da reestrutura\u00e7\u00e3o prometida no Flamengo"},"content":{"rendered":"\n<p>Ao tornar p\u00fablico o pedido ao t\u00e9cnico V\u00edtor Pereira para voltar a atuar em sua posi\u00e7\u00e3o de origem no Flamengo, como centroavante, Gabigol provou pela primeira vez que embora seja predestinado e tenha marcado gols em 10 finais com a camisa do clube desde 2019, n\u00e3o \u00e9 intoc\u00e1vel. A barra\u00e7\u00e3o no primeiro jogo da decis\u00e3o do Carioca contra o Fluminense foi um misto de op\u00e7\u00e3o t\u00e1tica, t\u00e9cnica e f\u00edsica diante da concorr\u00eancia com Pedro, que tem n\u00fameros melhores e se encaixa mais no esquema preferido do treinador. <\/p>\n\n\n\n<p><em>\u2014 No pen\u00faltimo treino falei com o V\u00edtor que queria voltar \u00e0 minha posi\u00e7\u00e3o natural, que \u00e9 centroavante. Enquanto eu pude ajudar o time um pouco mais recuado, eu ajudei. Mas com esse esquema de tr\u00eas zagueiros, com os times jogando mais por fora, eu optei por voltar \u00e0 minha posi\u00e7\u00e3o. E a\u00ed eu disputo com o Pedro. E ele optou pelo Pedro<\/em> \u2014 revelou o \u00eddolo e camisa 10.<\/p>\n\n\n\n<p>Portanto, hoje Gabigol \u00e9 reserva. O que n\u00e3o quer dizer que assim ser\u00e1 por toda a temporada. A come\u00e7ar pela estreia da Libertadores, quarta-feira, contra o Aucas, na altitude do Equador. A quest\u00e3o \u00e9 que Gabigol pode ficar fora da viagem de hoje para aprimorar a parte f\u00edsica no Rio, depois de um trabalho de reequil\u00edbrio muscular em fun\u00e7\u00e3o de dores na coxa desde janeiro.<\/p>\n\n\n\n<p>Com a inten\u00e7\u00e3o de fortalecer v\u00e1rios sistemas de jogo e privilegiar o conjunto, V\u00edtor Pereira utilizou as \u00faltimas duas semanas de treinamento para alcan\u00e7ar o \u00e1pice da reestrutura\u00e7\u00e3o do Flamengo, intensificada ap\u00f3s a disputa da Recopa. Com tempo para preparar a equipe para a final do Estadual, aliou a condi\u00e7\u00e3o f\u00edsica longe do ideal de alguns de seus principais craques, como Gabigol e Arrascaeta, para mandar a campo uma equipe mais intensa e competitiva, respeitando a caracter\u00edstica do elenco que tem em m\u00e3os, e tamb\u00e9m a aus\u00eancia de refor\u00e7os.<\/p>\n\n\n\n<p><em>\u2014 Nossa preocupa\u00e7\u00e3o nesse per\u00edodo foi preparar todo o elenco para jogar qualquer tipo de jogo. Preparamos 23, 24 jogadores, para jogarmos com duas viagens longas, mudando sistemas. Para jogar com intensidade, pressionar alto, fazer um jogo com din\u00e2mica, tem que ser assim. N\u00e3o podemos jogar sempre com os mesmos<\/em> \u2014 afirmou Pereira, deixando claro que n\u00e3o vai escalar jogador pelo nome.<\/p>\n\n\n\n<h2 class=\"wp-block-heading\" id=\"h-duelo-nos-numeros\">Duelo nos n\u00fameros<\/h2>\n\n\n\n<p>O resultado desse planejamento foi a sa\u00edda de Gabigol e a aposta em Matheus Fran\u00e7a e Everton Cebolinha pr\u00f3ximos a Pedro, forma\u00e7\u00e3o que na vis\u00e3o do t\u00e9cnico \u00e9 mais equilibrada. A vit\u00f3ria sobre o Fluminense, claro, ajudou a sustentar a escolha, e a atua\u00e7\u00e3o de Pedro, com um gol, tamb\u00e9m.<\/p>\n\n\n\n<p>Agora, o camisa nove tem 17 participa\u00e7\u00f5es em gols em 13 partidas na temporada, com 14 gols e tr\u00eas assist\u00eancias. J\u00e1 Gabigol chegou a 15 jogos com nove gols marcados e uma assist\u00eancia apenas.<\/p>\n\n\n\n<p>N\u00e3o s\u00f3 os n\u00fameros mais claros, mas o estilo de jogo de Pedro ajuda a explicar por que Gabigol precisar\u00e1 reencontrar a sua melhor vers\u00e3o para destron\u00e1-lo. O camisa nove \u00e9 um jogador com mais recursos em jogadas pelo alto, abre espa\u00e7os e faz o jogo fluir com rapidez as jogadas com passes r\u00e1pidos, e n\u00e3o tem por caracter\u00edstica correr muito com a bolas nos p\u00e9s, o que ficou claro mais uma vez contra o Fluminense. Em outro coment\u00e1rio sobre o jogo, V\u00edtor Pereira deixou escapar mais uma vez que a escolha dos atletas tem a ver com o que executam no campo, mesmo com a impress\u00e3o de que o Flamengo era mais reativo e n\u00e3o ficava com a bola.<\/p>\n\n\n\n<p><em>\u2014 Sab\u00edamos que precisar\u00edamos gerir, ficar sem bola e saber o momento de acelerar. N\u00e3o tem a ver com o sistema, mas com os jogadores que interpretam. Caracter\u00edstica dos jogadores que est\u00e3o em campo<\/em> \u2014 disse.<\/p>\n\n\n\n<p>Diferentemente do que fez no Corinthians, V\u00edtor Pereira n\u00e3o criou nenhum tipo de situa\u00e7\u00e3o desconfort\u00e1vel ou cobran\u00e7a a Gabigol. Valorizou o atleta e toda a sua import\u00e2ncia para o clube, e disse contar com ele.<\/p>\n\n\n\n<p><em>\u2014 Jogador fundamental, important\u00edssimo, capit\u00e3o. Ele teve uns dias parado por conta da les\u00e3o. Cebolinha e Matheus Fran\u00e7a, para mim, iam ser importantes estrategicamente. Foi isso que entendi. A conversa com o Gabi foi tranquila, honesta<\/em> \u2014 indicou o comandante.<\/p>\n\n\n\n<p>Retirado de: O Globo<\/p>\n","protected":false},"excerpt":{"rendered":"<p>Ao tornar p\u00fablico o pedido ao t\u00e9cnico V\u00edtor Pereira para voltar a atuar em sua posi\u00e7\u00e3o de origem no Flamengo, como centroavante, Gabigol provou pela primeira vez que embora seja predestinado e tenha marcado gols em 10 finais com a camisa do clube desde 2019, n\u00e3o \u00e9 intoc\u00e1vel. A barra\u00e7\u00e3o no primeiro jogo da decis\u00e3o [&hellip;]<\/p>\n","protected":false},"author":1,"featured_media":78502,"comment_status":"open","ping_status":"closed","sticky":false,"template":"","format":"standard","meta":{"footnotes":""},"categories":[1],"tags":[],"class_list":["post-96530","post","type-post","status-publish","format-standard","has-post-thumbnail","hentry","category-flamengo"],"yoast_head":"<!-- This site is optimized with the Yoast SEO Premium plugin v24.2 (Yoast SEO v26.9) - https:\/\/yoast.com\/product\/yoast-seo-premium-wordpress\/ -->\n<title>Sem Gabigol, V\u00edtor Pereira alcan\u00e7a o \u00e1pice da reestrutura\u00e7\u00e3o prometida no Flamengo<\/title>\n<meta name=\"robots\" content=\"index, follow, max-snippet:-1, max-image-preview:large, max-video-preview:-1\" \/>\n<link rel=\"canonical\" href=\"https:\/\/www.gaveanews.com\/index.php\/2023\/04\/03\/sem-gabigol-vitor-pereira-alcanca-o-apice-da-reestruturacao-prometida-no-flamengo\/\" \/>\n<meta property=\"og:locale\" content=\"pt_BR\" \/>\n<meta property=\"og:type\" content=\"article\" \/>\n<meta property=\"og:title\" content=\"Sem Gabigol, V\u00edtor Pereira alcan\u00e7a o \u00e1pice da reestrutura\u00e7\u00e3o prometida no Flamengo\" \/>\n<meta property=\"og:description\" content=\"Ao tornar p\u00fablico o pedido ao t\u00e9cnico V\u00edtor Pereira para voltar a atuar em sua posi\u00e7\u00e3o de origem no Flamengo, como centroavante, Gabigol provou pela primeira vez que embora seja predestinado e tenha marcado gols em 10 finais com a camisa do clube desde 2019, n\u00e3o \u00e9 intoc\u00e1vel. A barra\u00e7\u00e3o no primeiro jogo da decis\u00e3o [&hellip;]\" \/>\n<meta property=\"og:url\" content=\"https:\/\/www.gaveanews.com\/index.php\/2023\/04\/03\/sem-gabigol-vitor-pereira-alcanca-o-apice-da-reestruturacao-prometida-no-flamengo\/\" \/>\n<meta property=\"og:site_name\" content=\"G\u00e1vea News\" \/>\n<meta property=\"article:publisher\" content=\"https:\/\/facebook.com\/gaveaNews\/\" \/>\n<meta property=\"article:published_time\" content=\"2023-04-03T13:50:34+00:00\" \/>\n<meta property=\"article:modified_time\" content=\"2023-04-03T13:50:36+00:00\" \/>\n<meta property=\"og:image\" content=\"https:\/\/www.gaveanews.com\/wp-content\/uploads\/Gabigol-comemora-gol-marcado-contra-o-Vasco-nas-semifinais-do-Carioca.webp\" \/>\n\t<meta property=\"og:image:width\" content=\"800\" \/>\n\t<meta property=\"og:image:height\" content=\"533\" \/>\n\t<meta property=\"og:image:type\" content=\"image\/jpeg\" \/>\n<meta name=\"author\" content=\"Equipe G\u00e1vea News\" \/>\n<meta name=\"twitter:card\" content=\"summary_large_image\" \/>\n<meta name=\"twitter:label1\" content=\"Escrito por\" \/>\n\t<meta name=\"twitter:data1\" content=\"Equipe G\u00e1vea News\" \/>\n\t<meta name=\"twitter:label2\" content=\"Est. tempo de leitura\" \/>\n\t<meta name=\"twitter:data2\" content=\"4 minutos\" \/>\n<script type=\"application\/ld+json\" class=\"yoast-schema-graph\">{\"@context\":\"https:\/\/schema.org\",\"@graph\":[{\"@type\":\"NewsArticle\",\"@id\":\"https:\/\/www.gaveanews.com\/index.php\/2023\/04\/03\/sem-gabigol-vitor-pereira-alcanca-o-apice-da-reestruturacao-prometida-no-flamengo\/#article\",\"isPartOf\":{\"@id\":\"https:\/\/www.gaveanews.com\/index.php\/2023\/04\/03\/sem-gabigol-vitor-pereira-alcanca-o-apice-da-reestruturacao-prometida-no-flamengo\/\"},\"author\":{\"name\":\"Equipe G\u00e1vea News\",\"@id\":\"https:\/\/www.gaveanews.com\/#\/schema\/person\/2ec14f73fb96be2caf28f91afb14749d\"},\"headline\":\"Sem Gabigol, V\u00edtor Pereira alcan\u00e7a o \u00e1pice da reestrutura\u00e7\u00e3o prometida no Flamengo\",\"datePublished\":\"2023-04-03T13:50:34+00:00\",\"dateModified\":\"2023-04-03T13:50:36+00:00\",\"mainEntityOfPage\":{\"@id\":\"https:\/\/www.gaveanews.com\/index.php\/2023\/04\/03\/sem-gabigol-vitor-pereira-alcanca-o-apice-da-reestruturacao-prometida-no-flamengo\/\"},\"wordCount\":770,\"commentCount\":0,\"image\":{\"@id\":\"https:\/\/www.gaveanews.com\/index.php\/2023\/04\/03\/sem-gabigol-vitor-pereira-alcanca-o-apice-da-reestruturacao-prometida-no-flamengo\/#primaryimage\"},\"thumbnailUrl\":\"https:\/\/www.gaveanews.com\/wp-content\/uploads\/Gabigol-comemora-gol-marcado-contra-o-Vasco-nas-semifinais-do-Carioca.webp\",\"articleSection\":[\"Flamengo\"],\"inLanguage\":\"pt-BR\",\"potentialAction\":[{\"@type\":\"CommentAction\",\"name\":\"Comment\",\"target\":[\"https:\/\/www.gaveanews.com\/index.php\/2023\/04\/03\/sem-gabigol-vitor-pereira-alcanca-o-apice-da-reestruturacao-prometida-no-flamengo\/#respond\"]}],\"copyrightYear\":\"2023\",\"copyrightHolder\":{\"@id\":\"https:\/\/www.gaveanews.com\/#organization\"}},{\"@type\":\"WebPage\",\"@id\":\"https:\/\/www.gaveanews.com\/index.php\/2023\/04\/03\/sem-gabigol-vitor-pereira-alcanca-o-apice-da-reestruturacao-prometida-no-flamengo\/\",\"url\":\"https:\/\/www.gaveanews.com\/index.php\/2023\/04\/03\/sem-gabigol-vitor-pereira-alcanca-o-apice-da-reestruturacao-prometida-no-flamengo\/\",\"name\":\"Sem Gabigol, V\u00edtor Pereira alcan\u00e7a o \u00e1pice da reestrutura\u00e7\u00e3o prometida no Flamengo\",\"isPartOf\":{\"@id\":\"https:\/\/www.gaveanews.com\/#website\"},\"primaryImageOfPage\":{\"@id\":\"https:\/\/www.gaveanews.com\/index.php\/2023\/04\/03\/sem-gabigol-vitor-pereira-alcanca-o-apice-da-reestruturacao-prometida-no-flamengo\/#primaryimage\"},\"image\":{\"@id\":\"https:\/\/www.gaveanews.com\/index.php\/2023\/04\/03\/sem-gabigol-vitor-pereira-alcanca-o-apice-da-reestruturacao-prometida-no-flamengo\/#primaryimage\"},\"thumbnailUrl\":\"https:\/\/www.gaveanews.com\/wp-content\/uploads\/Gabigol-comemora-gol-marcado-contra-o-Vasco-nas-semifinais-do-Carioca.webp\",\"datePublished\":\"2023-04-03T13:50:34+00:00\",\"dateModified\":\"2023-04-03T13:50:36+00:00\",\"author\":{\"@id\":\"https:\/\/www.gaveanews.com\/#\/schema\/person\/2ec14f73fb96be2caf28f91afb14749d\"},\"breadcrumb\":{\"@id\":\"https:\/\/www.gaveanews.com\/index.php\/2023\/04\/03\/sem-gabigol-vitor-pereira-alcanca-o-apice-da-reestruturacao-prometida-no-flamengo\/#breadcrumb\"},\"inLanguage\":\"pt-BR\",\"potentialAction\":[{\"@type\":\"ReadAction\",\"target\":[\"https:\/\/www.gaveanews.com\/index.php\/2023\/04\/03\/sem-gabigol-vitor-pereira-alcanca-o-apice-da-reestruturacao-prometida-no-flamengo\/\"]}]},{\"@type\":\"ImageObject\",\"inLanguage\":\"pt-BR\",\"@id\":\"https:\/\/www.gaveanews.com\/index.php\/2023\/04\/03\/sem-gabigol-vitor-pereira-alcanca-o-apice-da-reestruturacao-prometida-no-flamengo\/#primaryimage\",\"url\":\"https:\/\/www.gaveanews.com\/wp-content\/uploads\/Gabigol-comemora-gol-marcado-contra-o-Vasco-nas-semifinais-do-Carioca.webp\",\"contentUrl\":\"https:\/\/www.gaveanews.com\/wp-content\/uploads\/Gabigol-comemora-gol-marcado-contra-o-Vasco-nas-semifinais-do-Carioca.webp\",\"width\":800,\"height\":533,\"caption\":\"Gabigol comemora gol marcado contra o Vasco nas semifinais do Carioca (Foto: Marcelo Cortes\/Flamengo)\"},{\"@type\":\"BreadcrumbList\",\"@id\":\"https:\/\/www.gaveanews.com\/index.php\/2023\/04\/03\/sem-gabigol-vitor-pereira-alcanca-o-apice-da-reestruturacao-prometida-no-flamengo\/#breadcrumb\",\"itemListElement\":[{\"@type\":\"ListItem\",\"position\":1,\"name\":\"Home\",\"item\":\"https:\/\/www.gaveanews.com\/\"},{\"@type\":\"ListItem\",\"position\":2,\"name\":\"Sem Gabigol, V\u00edtor Pereira alcan\u00e7a o \u00e1pice da reestrutura\u00e7\u00e3o prometida no Flamengo\"}]},{\"@type\":\"WebSite\",\"@id\":\"https:\/\/www.gaveanews.com\/#website\",\"url\":\"https:\/\/www.gaveanews.com\/\",\"name\":\"G\u00e1vea News\",\"description\":\"Veja todas as not\u00edcias sobre o Flamengo: Contrata\u00e7\u00f5es, categorias de base, resultados das partidas, tabela de classifica\u00e7\u00e3o, pr\u00f3ximos jogos!\",\"potentialAction\":[{\"@type\":\"SearchAction\",\"target\":{\"@type\":\"EntryPoint\",\"urlTemplate\":\"https:\/\/www.gaveanews.com\/?s={search_term_string}\"},\"query-input\":{\"@type\":\"PropertyValueSpecification\",\"valueRequired\":true,\"valueName\":\"search_term_string\"}}],\"inLanguage\":\"pt-BR\"},{\"@type\":\"Person\",\"@id\":\"https:\/\/www.gaveanews.com\/#\/schema\/person\/2ec14f73fb96be2caf28f91afb14749d\",\"name\":\"Equipe G\u00e1vea News\",\"image\":{\"@type\":\"ImageObject\",\"inLanguage\":\"pt-BR\",\"@id\":\"https:\/\/www.gaveanews.com\/#\/schema\/person\/image\/\",\"url\":\"https:\/\/secure.gravatar.com\/avatar\/1e1956f1facbffd3f8fa53a326721950116b3b9dc9bd44939c01180fd4a745a9?s=96&d=mm&r=g\",\"contentUrl\":\"https:\/\/secure.gravatar.com\/avatar\/1e1956f1facbffd3f8fa53a326721950116b3b9dc9bd44939c01180fd4a745a9?s=96&d=mm&r=g\",\"caption\":\"Equipe G\u00e1vea News\"}}]}<\/script>\n<!-- \/ Yoast SEO Premium plugin. -->","yoast_head_json":{"title":"Sem Gabigol, V\u00edtor Pereira alcan\u00e7a o \u00e1pice da reestrutura\u00e7\u00e3o prometida no Flamengo","robots":{"index":"index","follow":"follow","max-snippet":"max-snippet:-1","max-image-preview":"max-image-preview:large","max-video-preview":"max-video-preview:-1"},"canonical":"https:\/\/www.gaveanews.com\/index.php\/2023\/04\/03\/sem-gabigol-vitor-pereira-alcanca-o-apice-da-reestruturacao-prometida-no-flamengo\/","og_locale":"pt_BR","og_type":"article","og_title":"Sem Gabigol, V\u00edtor Pereira alcan\u00e7a o \u00e1pice da reestrutura\u00e7\u00e3o prometida no Flamengo","og_description":"Ao tornar p\u00fablico o pedido ao t\u00e9cnico V\u00edtor Pereira para voltar a atuar em sua posi\u00e7\u00e3o de origem no Flamengo, como centroavante, Gabigol provou pela primeira vez que embora seja predestinado e tenha marcado gols em 10 finais com a camisa do clube desde 2019, n\u00e3o \u00e9 intoc\u00e1vel. A barra\u00e7\u00e3o no primeiro jogo da decis\u00e3o [&hellip;]","og_url":"https:\/\/www.gaveanews.com\/index.php\/2023\/04\/03\/sem-gabigol-vitor-pereira-alcanca-o-apice-da-reestruturacao-prometida-no-flamengo\/","og_site_name":"G\u00e1vea News","article_publisher":"https:\/\/facebook.com\/gaveaNews\/","article_published_time":"2023-04-03T13:50:34+00:00","article_modified_time":"2023-04-03T13:50:36+00:00","og_image":[{"width":800,"height":533,"url":"https:\/\/www.gaveanews.com\/wp-content\/uploads\/Gabigol-comemora-gol-marcado-contra-o-Vasco-nas-semifinais-do-Carioca.webp","type":"image\/jpeg"}],"author":"Equipe G\u00e1vea News","twitter_card":"summary_large_image","twitter_misc":{"Escrito por":"Equipe G\u00e1vea News","Est. tempo de leitura":"4 minutos"},"schema":{"@context":"https:\/\/schema.org","@graph":[{"@type":"NewsArticle","@id":"https:\/\/www.gaveanews.com\/index.php\/2023\/04\/03\/sem-gabigol-vitor-pereira-alcanca-o-apice-da-reestruturacao-prometida-no-flamengo\/#article","isPartOf":{"@id":"https:\/\/www.gaveanews.com\/index.php\/2023\/04\/03\/sem-gabigol-vitor-pereira-alcanca-o-apice-da-reestruturacao-prometida-no-flamengo\/"},"author":{"name":"Equipe G\u00e1vea News","@id":"https:\/\/www.gaveanews.com\/#\/schema\/person\/2ec14f73fb96be2caf28f91afb14749d"},"headline":"Sem Gabigol, V\u00edtor Pereira alcan\u00e7a o \u00e1pice da reestrutura\u00e7\u00e3o prometida no Flamengo","datePublished":"2023-04-03T13:50:34+00:00","dateModified":"2023-04-03T13:50:36+00:00","mainEntityOfPage":{"@id":"https:\/\/www.gaveanews.com\/index.php\/2023\/04\/03\/sem-gabigol-vitor-pereira-alcanca-o-apice-da-reestruturacao-prometida-no-flamengo\/"},"wordCount":770,"commentCount":0,"image":{"@id":"https:\/\/www.gaveanews.com\/index.php\/2023\/04\/03\/sem-gabigol-vitor-pereira-alcanca-o-apice-da-reestruturacao-prometida-no-flamengo\/#primaryimage"},"thumbnailUrl":"https:\/\/www.gaveanews.com\/wp-content\/uploads\/Gabigol-comemora-gol-marcado-contra-o-Vasco-nas-semifinais-do-Carioca.webp","articleSection":["Flamengo"],"inLanguage":"pt-BR","potentialAction":[{"@type":"CommentAction","name":"Comment","target":["https:\/\/www.gaveanews.com\/index.php\/2023\/04\/03\/sem-gabigol-vitor-pereira-alcanca-o-apice-da-reestruturacao-prometida-no-flamengo\/#respond"]}],"copyrightYear":"2023","copyrightHolder":{"@id":"https:\/\/www.gaveanews.com\/#organization"}},{"@type":"WebPage","@id":"https:\/\/www.gaveanews.com\/index.php\/2023\/04\/03\/sem-gabigol-vitor-pereira-alcanca-o-apice-da-reestruturacao-prometida-no-flamengo\/","url":"https:\/\/www.gaveanews.com\/index.php\/2023\/04\/03\/sem-gabigol-vitor-pereira-alcanca-o-apice-da-reestruturacao-prometida-no-flamengo\/","name":"Sem Gabigol, V\u00edtor Pereira alcan\u00e7a o \u00e1pice da reestrutura\u00e7\u00e3o prometida no Flamengo","isPartOf":{"@id":"https:\/\/www.gaveanews.com\/#website"},"primaryImageOfPage":{"@id":"https:\/\/www.gaveanews.com\/index.php\/2023\/04\/03\/sem-gabigol-vitor-pereira-alcanca-o-apice-da-reestruturacao-prometida-no-flamengo\/#primaryimage"},"image":{"@id":"https:\/\/www.gaveanews.com\/index.php\/2023\/04\/03\/sem-gabigol-vitor-pereira-alcanca-o-apice-da-reestruturacao-prometida-no-flamengo\/#primaryimage"},"thumbnailUrl":"https:\/\/www.gaveanews.com\/wp-content\/uploads\/Gabigol-comemora-gol-marcado-contra-o-Vasco-nas-semifinais-do-Carioca.webp","datePublished":"2023-04-03T13:50:34+00:00","dateModified":"2023-04-03T13:50:36+00:00","author":{"@id":"https:\/\/www.gaveanews.com\/#\/schema\/person\/2ec14f73fb96be2caf28f91afb14749d"},"breadcrumb":{"@id":"https:\/\/www.gaveanews.com\/index.php\/2023\/04\/03\/sem-gabigol-vitor-pereira-alcanca-o-apice-da-reestruturacao-prometida-no-flamengo\/#breadcrumb"},"inLanguage":"pt-BR","potentialAction":[{"@type":"ReadAction","target":["https:\/\/www.gaveanews.com\/index.php\/2023\/04\/03\/sem-gabigol-vitor-pereira-alcanca-o-apice-da-reestruturacao-prometida-no-flamengo\/"]}]},{"@type":"ImageObject","inLanguage":"pt-BR","@id":"https:\/\/www.gaveanews.com\/index.php\/2023\/04\/03\/sem-gabigol-vitor-pereira-alcanca-o-apice-da-reestruturacao-prometida-no-flamengo\/#primaryimage","url":"https:\/\/www.gaveanews.com\/wp-content\/uploads\/Gabigol-comemora-gol-marcado-contra-o-Vasco-nas-semifinais-do-Carioca.webp","contentUrl":"https:\/\/www.gaveanews.com\/wp-content\/uploads\/Gabigol-comemora-gol-marcado-contra-o-Vasco-nas-semifinais-do-Carioca.webp","width":800,"height":533,"caption":"Gabigol comemora gol marcado contra o Vasco nas semifinais do Carioca (Foto: Marcelo Cortes\/Flamengo)"},{"@type":"BreadcrumbList","@id":"https:\/\/www.gaveanews.com\/index.php\/2023\/04\/03\/sem-gabigol-vitor-pereira-alcanca-o-apice-da-reestruturacao-prometida-no-flamengo\/#breadcrumb","itemListElement":[{"@type":"ListItem","position":1,"name":"Home","item":"https:\/\/www.gaveanews.com\/"},{"@type":"ListItem","position":2,"name":"Sem Gabigol, V\u00edtor Pereira alcan\u00e7a o \u00e1pice da reestrutura\u00e7\u00e3o prometida no Flamengo"}]},{"@type":"WebSite","@id":"https:\/\/www.gaveanews.com\/#website","url":"https:\/\/www.gaveanews.com\/","name":"G\u00e1vea News","description":"Veja todas as not\u00edcias sobre o Flamengo: Contrata\u00e7\u00f5es, categorias de base, resultados das partidas, tabela de classifica\u00e7\u00e3o, pr\u00f3ximos jogos!","potentialAction":[{"@type":"SearchAction","target":{"@type":"EntryPoint","urlTemplate":"https:\/\/www.gaveanews.com\/?s={search_term_string}"},"query-input":{"@type":"PropertyValueSpecification","valueRequired":true,"valueName":"search_term_string"}}],"inLanguage":"pt-BR"},{"@type":"Person","@id":"https:\/\/www.gaveanews.com\/#\/schema\/person\/2ec14f73fb96be2caf28f91afb14749d","name":"Equipe G\u00e1vea News","image":{"@type":"ImageObject","inLanguage":"pt-BR","@id":"https:\/\/www.gaveanews.com\/#\/schema\/person\/image\/","url":"https:\/\/secure.gravatar.com\/avatar\/1e1956f1facbffd3f8fa53a326721950116b3b9dc9bd44939c01180fd4a745a9?s=96&d=mm&r=g","contentUrl":"https:\/\/secure.gravatar.com\/avatar\/1e1956f1facbffd3f8fa53a326721950116b3b9dc9bd44939c01180fd4a745a9?s=96&d=mm&r=g","caption":"Equipe G\u00e1vea News"}}]}},"_links":{"self":[{"href":"https:\/\/www.gaveanews.com\/index.php\/wp-json\/wp\/v2\/posts\/96530","targetHints":{"allow":["GET"]}}],"collection":[{"href":"https:\/\/www.gaveanews.com\/index.php\/wp-json\/wp\/v2\/posts"}],"about":[{"href":"https:\/\/www.gaveanews.com\/index.php\/wp-json\/wp\/v2\/types\/post"}],"author":[{"embeddable":true,"href":"https:\/\/www.gaveanews.com\/index.php\/wp-json\/wp\/v2\/users\/1"}],"replies":[{"embeddable":true,"href":"https:\/\/www.gaveanews.com\/index.php\/wp-json\/wp\/v2\/comments?post=96530"}],"version-history":[{"count":0,"href":"https:\/\/www.gaveanews.com\/index.php\/wp-json\/wp\/v2\/posts\/96530\/revisions"}],"wp:featuredmedia":[{"embeddable":true,"href":"https:\/\/www.gaveanews.com\/index.php\/wp-json\/wp\/v2\/media\/78502"}],"wp:attachment":[{"href":"https:\/\/www.gaveanews.com\/index.php\/wp-json\/wp\/v2\/media?parent=96530"}],"wp:term":[{"taxonomy":"category","embeddable":true,"href":"https:\/\/www.gaveanews.com\/index.php\/wp-json\/wp\/v2\/categories?post=96530"},{"taxonomy":"post_tag","embeddable":true,"href":"https:\/\/www.gaveanews.com\/index.php\/wp-json\/wp\/v2\/tags?post=96530"}],"curies":[{"name":"wp","href":"https:\/\/api.w.org\/{rel}","templated":true}]}}