{"id":96535,"date":"2023-04-03T11:25:39","date_gmt":"2023-04-03T14:25:39","guid":{"rendered":"https:\/\/www.gaveanews.com\/?p=96535"},"modified":"2023-04-03T11:25:42","modified_gmt":"2023-04-03T14:25:42","slug":"flamengo-e-gabigol-tem-negociacao-por-renovacao-em-andamento","status":"publish","type":"post","link":"https:\/\/www.gaveanews.com\/index.php\/2023\/04\/03\/flamengo-e-gabigol-tem-negociacao-por-renovacao-em-andamento\/","title":{"rendered":"Flamengo e Gabigol tem negocia\u00e7\u00e3o por renova\u00e7\u00e3o em andamento"},"content":{"rendered":"\n<p>Flamengo e Gabigol est\u00e3o negociando a renova\u00e7\u00e3o de contrato do atacante. No entanto, o clube n\u00e3o tem pressa para agilizar as coisas de acordo com o jornalista Igor Siqueira, do UOL Esporte. O v\u00ednculo atual do jogador vai at\u00e9 o fim de 2024.<\/p>\n\n\n\n<p>As conversas se iniciaram ainda no ano passado e o desejo do Flamengo \u00e9 proteger o investimento feito no jogador. Vale lembrar que o Flamengo desembolsou R$ 96,9 milh\u00f5es na opera\u00e7\u00e3o para contratar Gabigol em definitivo, em 2020.<\/p>\n\n\n\n<p>Na \u00e9poca, o clube carioca pagou R$ 90 milh\u00f5es \u00e0 Inter de Mil\u00e3o e mais R$ 6,1 milh\u00f5es \u00e0 4Comm, empresa representante do jogador, pela intermedia\u00e7\u00e3o do neg\u00f3cio.<\/p>\n\n\n\n<p>A ideia, mesmo sem apressar as coisas, \u00e9 que tudo esteja devidamente resolvido antes dos seis meses antes do fim do contrato do atacante. Isso porque, nesta \u00e9poca, ele poderia assinar com qualquer clube de gra\u00e7a, sem que o rubro-negro receba nada.<\/p>\n\n\n\n<p>Mesmo pedindo ao treinador Vitor Pereira para jogar mais perto do gol, Gabriel est\u00e1 muito satisfeito no Flamengo. Al\u00e9m disso, a torcida tem um carinho imenso pelo j\u00e1 considerado \u00eddolo do clube, o que torna a negocia\u00e7\u00e3o mais f\u00e1cil.<\/p>\n\n\n\n<p>Retirado de: Mercado do Futebol<\/p>\n","protected":false},"excerpt":{"rendered":"<p>Flamengo e Gabigol est\u00e3o negociando a renova\u00e7\u00e3o de contrato do atacante. No entanto, o clube n\u00e3o tem pressa para agilizar as coisas de acordo com o jornalista Igor Siqueira, do UOL Esporte. O v\u00ednculo atual do jogador vai at\u00e9 o fim de 2024. As conversas se iniciaram ainda no ano passado e o desejo do [&hellip;]<\/p>\n","protected":false},"author":1,"featured_media":67281,"comment_status":"open","ping_status":"closed","sticky":false,"template":"","format":"standard","meta":{"footnotes":""},"categories":[1],"tags":[],"class_list":["post-96535","post","type-post","status-publish","format-standard","has-post-thumbnail","hentry","category-flamengo"],"yoast_head":"<!-- This site is optimized with the Yoast SEO Premium plugin v24.2 (Yoast SEO v26.9) - https:\/\/yoast.com\/product\/yoast-seo-premium-wordpress\/ -->\n<title>Flamengo e Gabigol tem negocia\u00e7\u00e3o por renova\u00e7\u00e3o em andamento<\/title>\n<meta name=\"robots\" content=\"index, follow, max-snippet:-1, max-image-preview:large, max-video-preview:-1\" \/>\n<link rel=\"canonical\" href=\"https:\/\/www.gaveanews.com\/index.php\/2023\/04\/03\/flamengo-e-gabigol-tem-negociacao-por-renovacao-em-andamento\/\" \/>\n<meta property=\"og:locale\" content=\"pt_BR\" \/>\n<meta property=\"og:type\" content=\"article\" \/>\n<meta property=\"og:title\" content=\"Flamengo e Gabigol tem negocia\u00e7\u00e3o por renova\u00e7\u00e3o em andamento\" \/>\n<meta property=\"og:description\" content=\"Flamengo e Gabigol est\u00e3o negociando a renova\u00e7\u00e3o de contrato do atacante. No entanto, o clube n\u00e3o tem pressa para agilizar as coisas de acordo com o jornalista Igor Siqueira, do UOL Esporte. O v\u00ednculo atual do jogador vai at\u00e9 o fim de 2024. As conversas se iniciaram ainda no ano passado e o desejo do [&hellip;]\" \/>\n<meta property=\"og:url\" content=\"https:\/\/www.gaveanews.com\/index.php\/2023\/04\/03\/flamengo-e-gabigol-tem-negociacao-por-renovacao-em-andamento\/\" \/>\n<meta property=\"og:site_name\" content=\"G\u00e1vea News\" \/>\n<meta property=\"article:publisher\" content=\"https:\/\/facebook.com\/gaveaNews\/\" \/>\n<meta property=\"article:published_time\" content=\"2023-04-03T14:25:39+00:00\" \/>\n<meta property=\"article:modified_time\" content=\"2023-04-03T14:25:42+00:00\" \/>\n<meta property=\"og:image\" content=\"https:\/\/www.gaveanews.com\/wp-content\/uploads\/Gabigol-em-acao-pelo-Flamengo-contra-o-Olimpia-na-Copa-Libertadores-2021.webp\" \/>\n\t<meta property=\"og:image:width\" content=\"799\" \/>\n\t<meta property=\"og:image:height\" content=\"533\" \/>\n\t<meta property=\"og:image:type\" content=\"image\/jpeg\" \/>\n<meta name=\"author\" content=\"Equipe G\u00e1vea News\" \/>\n<meta name=\"twitter:card\" content=\"summary_large_image\" \/>\n<meta name=\"twitter:label1\" content=\"Escrito por\" \/>\n\t<meta name=\"twitter:data1\" content=\"Equipe G\u00e1vea News\" \/>\n\t<meta name=\"twitter:label2\" content=\"Est. tempo de leitura\" \/>\n\t<meta name=\"twitter:data2\" content=\"2 minutos\" \/>\n<script type=\"application\/ld+json\" class=\"yoast-schema-graph\">{\"@context\":\"https:\/\/schema.org\",\"@graph\":[{\"@type\":\"NewsArticle\",\"@id\":\"https:\/\/www.gaveanews.com\/index.php\/2023\/04\/03\/flamengo-e-gabigol-tem-negociacao-por-renovacao-em-andamento\/#article\",\"isPartOf\":{\"@id\":\"https:\/\/www.gaveanews.com\/index.php\/2023\/04\/03\/flamengo-e-gabigol-tem-negociacao-por-renovacao-em-andamento\/\"},\"author\":{\"name\":\"Equipe G\u00e1vea News\",\"@id\":\"https:\/\/www.gaveanews.com\/#\/schema\/person\/2ec14f73fb96be2caf28f91afb14749d\"},\"headline\":\"Flamengo e Gabigol tem negocia\u00e7\u00e3o por renova\u00e7\u00e3o em andamento\",\"datePublished\":\"2023-04-03T14:25:39+00:00\",\"dateModified\":\"2023-04-03T14:25:42+00:00\",\"mainEntityOfPage\":{\"@id\":\"https:\/\/www.gaveanews.com\/index.php\/2023\/04\/03\/flamengo-e-gabigol-tem-negociacao-por-renovacao-em-andamento\/\"},\"wordCount\":212,\"commentCount\":0,\"image\":{\"@id\":\"https:\/\/www.gaveanews.com\/index.php\/2023\/04\/03\/flamengo-e-gabigol-tem-negociacao-por-renovacao-em-andamento\/#primaryimage\"},\"thumbnailUrl\":\"https:\/\/www.gaveanews.com\/wp-content\/uploads\/Gabigol-em-acao-pelo-Flamengo-contra-o-Olimpia-na-Copa-Libertadores-2021.webp\",\"articleSection\":[\"Flamengo\"],\"inLanguage\":\"pt-BR\",\"potentialAction\":[{\"@type\":\"CommentAction\",\"name\":\"Comment\",\"target\":[\"https:\/\/www.gaveanews.com\/index.php\/2023\/04\/03\/flamengo-e-gabigol-tem-negociacao-por-renovacao-em-andamento\/#respond\"]}],\"copyrightYear\":\"2023\",\"copyrightHolder\":{\"@id\":\"https:\/\/www.gaveanews.com\/#organization\"}},{\"@type\":\"WebPage\",\"@id\":\"https:\/\/www.gaveanews.com\/index.php\/2023\/04\/03\/flamengo-e-gabigol-tem-negociacao-por-renovacao-em-andamento\/\",\"url\":\"https:\/\/www.gaveanews.com\/index.php\/2023\/04\/03\/flamengo-e-gabigol-tem-negociacao-por-renovacao-em-andamento\/\",\"name\":\"Flamengo e Gabigol tem negocia\u00e7\u00e3o por renova\u00e7\u00e3o em andamento\",\"isPartOf\":{\"@id\":\"https:\/\/www.gaveanews.com\/#website\"},\"primaryImageOfPage\":{\"@id\":\"https:\/\/www.gaveanews.com\/index.php\/2023\/04\/03\/flamengo-e-gabigol-tem-negociacao-por-renovacao-em-andamento\/#primaryimage\"},\"image\":{\"@id\":\"https:\/\/www.gaveanews.com\/index.php\/2023\/04\/03\/flamengo-e-gabigol-tem-negociacao-por-renovacao-em-andamento\/#primaryimage\"},\"thumbnailUrl\":\"https:\/\/www.gaveanews.com\/wp-content\/uploads\/Gabigol-em-acao-pelo-Flamengo-contra-o-Olimpia-na-Copa-Libertadores-2021.webp\",\"datePublished\":\"2023-04-03T14:25:39+00:00\",\"dateModified\":\"2023-04-03T14:25:42+00:00\",\"author\":{\"@id\":\"https:\/\/www.gaveanews.com\/#\/schema\/person\/2ec14f73fb96be2caf28f91afb14749d\"},\"breadcrumb\":{\"@id\":\"https:\/\/www.gaveanews.com\/index.php\/2023\/04\/03\/flamengo-e-gabigol-tem-negociacao-por-renovacao-em-andamento\/#breadcrumb\"},\"inLanguage\":\"pt-BR\",\"potentialAction\":[{\"@type\":\"ReadAction\",\"target\":[\"https:\/\/www.gaveanews.com\/index.php\/2023\/04\/03\/flamengo-e-gabigol-tem-negociacao-por-renovacao-em-andamento\/\"]}]},{\"@type\":\"ImageObject\",\"inLanguage\":\"pt-BR\",\"@id\":\"https:\/\/www.gaveanews.com\/index.php\/2023\/04\/03\/flamengo-e-gabigol-tem-negociacao-por-renovacao-em-andamento\/#primaryimage\",\"url\":\"https:\/\/www.gaveanews.com\/wp-content\/uploads\/Gabigol-em-acao-pelo-Flamengo-contra-o-Olimpia-na-Copa-Libertadores-2021.webp\",\"contentUrl\":\"https:\/\/www.gaveanews.com\/wp-content\/uploads\/Gabigol-em-acao-pelo-Flamengo-contra-o-Olimpia-na-Copa-Libertadores-2021.webp\",\"width\":799,\"height\":533,\"caption\":\"Gabigol em a\u00e7\u00e3o pelo Flamengo contra o Olimpia na Copa Libertadores 2021 (Foto: Alexandre Vidal\/Flamengo)\"},{\"@type\":\"BreadcrumbList\",\"@id\":\"https:\/\/www.gaveanews.com\/index.php\/2023\/04\/03\/flamengo-e-gabigol-tem-negociacao-por-renovacao-em-andamento\/#breadcrumb\",\"itemListElement\":[{\"@type\":\"ListItem\",\"position\":1,\"name\":\"Home\",\"item\":\"https:\/\/www.gaveanews.com\/\"},{\"@type\":\"ListItem\",\"position\":2,\"name\":\"Flamengo e Gabigol tem negocia\u00e7\u00e3o por renova\u00e7\u00e3o em andamento\"}]},{\"@type\":\"WebSite\",\"@id\":\"https:\/\/www.gaveanews.com\/#website\",\"url\":\"https:\/\/www.gaveanews.com\/\",\"name\":\"G\u00e1vea News\",\"description\":\"Veja todas as not\u00edcias sobre o Flamengo: Contrata\u00e7\u00f5es, categorias de base, resultados das partidas, tabela de classifica\u00e7\u00e3o, pr\u00f3ximos jogos!\",\"potentialAction\":[{\"@type\":\"SearchAction\",\"target\":{\"@type\":\"EntryPoint\",\"urlTemplate\":\"https:\/\/www.gaveanews.com\/?s={search_term_string}\"},\"query-input\":{\"@type\":\"PropertyValueSpecification\",\"valueRequired\":true,\"valueName\":\"search_term_string\"}}],\"inLanguage\":\"pt-BR\"},{\"@type\":\"Person\",\"@id\":\"https:\/\/www.gaveanews.com\/#\/schema\/person\/2ec14f73fb96be2caf28f91afb14749d\",\"name\":\"Equipe G\u00e1vea News\",\"image\":{\"@type\":\"ImageObject\",\"inLanguage\":\"pt-BR\",\"@id\":\"https:\/\/www.gaveanews.com\/#\/schema\/person\/image\/\",\"url\":\"https:\/\/secure.gravatar.com\/avatar\/1e1956f1facbffd3f8fa53a326721950116b3b9dc9bd44939c01180fd4a745a9?s=96&d=mm&r=g\",\"contentUrl\":\"https:\/\/secure.gravatar.com\/avatar\/1e1956f1facbffd3f8fa53a326721950116b3b9dc9bd44939c01180fd4a745a9?s=96&d=mm&r=g\",\"caption\":\"Equipe G\u00e1vea News\"}}]}<\/script>\n<!-- \/ Yoast SEO Premium plugin. -->","yoast_head_json":{"title":"Flamengo e Gabigol tem negocia\u00e7\u00e3o por renova\u00e7\u00e3o em andamento","robots":{"index":"index","follow":"follow","max-snippet":"max-snippet:-1","max-image-preview":"max-image-preview:large","max-video-preview":"max-video-preview:-1"},"canonical":"https:\/\/www.gaveanews.com\/index.php\/2023\/04\/03\/flamengo-e-gabigol-tem-negociacao-por-renovacao-em-andamento\/","og_locale":"pt_BR","og_type":"article","og_title":"Flamengo e Gabigol tem negocia\u00e7\u00e3o por renova\u00e7\u00e3o em andamento","og_description":"Flamengo e Gabigol est\u00e3o negociando a renova\u00e7\u00e3o de contrato do atacante. No entanto, o clube n\u00e3o tem pressa para agilizar as coisas de acordo com o jornalista Igor Siqueira, do UOL Esporte. O v\u00ednculo atual do jogador vai at\u00e9 o fim de 2024. As conversas se iniciaram ainda no ano passado e o desejo do [&hellip;]","og_url":"https:\/\/www.gaveanews.com\/index.php\/2023\/04\/03\/flamengo-e-gabigol-tem-negociacao-por-renovacao-em-andamento\/","og_site_name":"G\u00e1vea News","article_publisher":"https:\/\/facebook.com\/gaveaNews\/","article_published_time":"2023-04-03T14:25:39+00:00","article_modified_time":"2023-04-03T14:25:42+00:00","og_image":[{"width":799,"height":533,"url":"https:\/\/www.gaveanews.com\/wp-content\/uploads\/Gabigol-em-acao-pelo-Flamengo-contra-o-Olimpia-na-Copa-Libertadores-2021.webp","type":"image\/jpeg"}],"author":"Equipe G\u00e1vea News","twitter_card":"summary_large_image","twitter_misc":{"Escrito por":"Equipe G\u00e1vea News","Est. tempo de leitura":"2 minutos"},"schema":{"@context":"https:\/\/schema.org","@graph":[{"@type":"NewsArticle","@id":"https:\/\/www.gaveanews.com\/index.php\/2023\/04\/03\/flamengo-e-gabigol-tem-negociacao-por-renovacao-em-andamento\/#article","isPartOf":{"@id":"https:\/\/www.gaveanews.com\/index.php\/2023\/04\/03\/flamengo-e-gabigol-tem-negociacao-por-renovacao-em-andamento\/"},"author":{"name":"Equipe G\u00e1vea News","@id":"https:\/\/www.gaveanews.com\/#\/schema\/person\/2ec14f73fb96be2caf28f91afb14749d"},"headline":"Flamengo e Gabigol tem negocia\u00e7\u00e3o por renova\u00e7\u00e3o em andamento","datePublished":"2023-04-03T14:25:39+00:00","dateModified":"2023-04-03T14:25:42+00:00","mainEntityOfPage":{"@id":"https:\/\/www.gaveanews.com\/index.php\/2023\/04\/03\/flamengo-e-gabigol-tem-negociacao-por-renovacao-em-andamento\/"},"wordCount":212,"commentCount":0,"image":{"@id":"https:\/\/www.gaveanews.com\/index.php\/2023\/04\/03\/flamengo-e-gabigol-tem-negociacao-por-renovacao-em-andamento\/#primaryimage"},"thumbnailUrl":"https:\/\/www.gaveanews.com\/wp-content\/uploads\/Gabigol-em-acao-pelo-Flamengo-contra-o-Olimpia-na-Copa-Libertadores-2021.webp","articleSection":["Flamengo"],"inLanguage":"pt-BR","potentialAction":[{"@type":"CommentAction","name":"Comment","target":["https:\/\/www.gaveanews.com\/index.php\/2023\/04\/03\/flamengo-e-gabigol-tem-negociacao-por-renovacao-em-andamento\/#respond"]}],"copyrightYear":"2023","copyrightHolder":{"@id":"https:\/\/www.gaveanews.com\/#organization"}},{"@type":"WebPage","@id":"https:\/\/www.gaveanews.com\/index.php\/2023\/04\/03\/flamengo-e-gabigol-tem-negociacao-por-renovacao-em-andamento\/","url":"https:\/\/www.gaveanews.com\/index.php\/2023\/04\/03\/flamengo-e-gabigol-tem-negociacao-por-renovacao-em-andamento\/","name":"Flamengo e Gabigol tem negocia\u00e7\u00e3o por renova\u00e7\u00e3o em andamento","isPartOf":{"@id":"https:\/\/www.gaveanews.com\/#website"},"primaryImageOfPage":{"@id":"https:\/\/www.gaveanews.com\/index.php\/2023\/04\/03\/flamengo-e-gabigol-tem-negociacao-por-renovacao-em-andamento\/#primaryimage"},"image":{"@id":"https:\/\/www.gaveanews.com\/index.php\/2023\/04\/03\/flamengo-e-gabigol-tem-negociacao-por-renovacao-em-andamento\/#primaryimage"},"thumbnailUrl":"https:\/\/www.gaveanews.com\/wp-content\/uploads\/Gabigol-em-acao-pelo-Flamengo-contra-o-Olimpia-na-Copa-Libertadores-2021.webp","datePublished":"2023-04-03T14:25:39+00:00","dateModified":"2023-04-03T14:25:42+00:00","author":{"@id":"https:\/\/www.gaveanews.com\/#\/schema\/person\/2ec14f73fb96be2caf28f91afb14749d"},"breadcrumb":{"@id":"https:\/\/www.gaveanews.com\/index.php\/2023\/04\/03\/flamengo-e-gabigol-tem-negociacao-por-renovacao-em-andamento\/#breadcrumb"},"inLanguage":"pt-BR","potentialAction":[{"@type":"ReadAction","target":["https:\/\/www.gaveanews.com\/index.php\/2023\/04\/03\/flamengo-e-gabigol-tem-negociacao-por-renovacao-em-andamento\/"]}]},{"@type":"ImageObject","inLanguage":"pt-BR","@id":"https:\/\/www.gaveanews.com\/index.php\/2023\/04\/03\/flamengo-e-gabigol-tem-negociacao-por-renovacao-em-andamento\/#primaryimage","url":"https:\/\/www.gaveanews.com\/wp-content\/uploads\/Gabigol-em-acao-pelo-Flamengo-contra-o-Olimpia-na-Copa-Libertadores-2021.webp","contentUrl":"https:\/\/www.gaveanews.com\/wp-content\/uploads\/Gabigol-em-acao-pelo-Flamengo-contra-o-Olimpia-na-Copa-Libertadores-2021.webp","width":799,"height":533,"caption":"Gabigol em a\u00e7\u00e3o pelo Flamengo contra o Olimpia na Copa Libertadores 2021 (Foto: Alexandre Vidal\/Flamengo)"},{"@type":"BreadcrumbList","@id":"https:\/\/www.gaveanews.com\/index.php\/2023\/04\/03\/flamengo-e-gabigol-tem-negociacao-por-renovacao-em-andamento\/#breadcrumb","itemListElement":[{"@type":"ListItem","position":1,"name":"Home","item":"https:\/\/www.gaveanews.com\/"},{"@type":"ListItem","position":2,"name":"Flamengo e Gabigol tem negocia\u00e7\u00e3o por renova\u00e7\u00e3o em andamento"}]},{"@type":"WebSite","@id":"https:\/\/www.gaveanews.com\/#website","url":"https:\/\/www.gaveanews.com\/","name":"G\u00e1vea News","description":"Veja todas as not\u00edcias sobre o Flamengo: Contrata\u00e7\u00f5es, categorias de base, resultados das partidas, tabela de classifica\u00e7\u00e3o, pr\u00f3ximos jogos!","potentialAction":[{"@type":"SearchAction","target":{"@type":"EntryPoint","urlTemplate":"https:\/\/www.gaveanews.com\/?s={search_term_string}"},"query-input":{"@type":"PropertyValueSpecification","valueRequired":true,"valueName":"search_term_string"}}],"inLanguage":"pt-BR"},{"@type":"Person","@id":"https:\/\/www.gaveanews.com\/#\/schema\/person\/2ec14f73fb96be2caf28f91afb14749d","name":"Equipe G\u00e1vea News","image":{"@type":"ImageObject","inLanguage":"pt-BR","@id":"https:\/\/www.gaveanews.com\/#\/schema\/person\/image\/","url":"https:\/\/secure.gravatar.com\/avatar\/1e1956f1facbffd3f8fa53a326721950116b3b9dc9bd44939c01180fd4a745a9?s=96&d=mm&r=g","contentUrl":"https:\/\/secure.gravatar.com\/avatar\/1e1956f1facbffd3f8fa53a326721950116b3b9dc9bd44939c01180fd4a745a9?s=96&d=mm&r=g","caption":"Equipe G\u00e1vea News"}}]}},"_links":{"self":[{"href":"https:\/\/www.gaveanews.com\/index.php\/wp-json\/wp\/v2\/posts\/96535","targetHints":{"allow":["GET"]}}],"collection":[{"href":"https:\/\/www.gaveanews.com\/index.php\/wp-json\/wp\/v2\/posts"}],"about":[{"href":"https:\/\/www.gaveanews.com\/index.php\/wp-json\/wp\/v2\/types\/post"}],"author":[{"embeddable":true,"href":"https:\/\/www.gaveanews.com\/index.php\/wp-json\/wp\/v2\/users\/1"}],"replies":[{"embeddable":true,"href":"https:\/\/www.gaveanews.com\/index.php\/wp-json\/wp\/v2\/comments?post=96535"}],"version-history":[{"count":0,"href":"https:\/\/www.gaveanews.com\/index.php\/wp-json\/wp\/v2\/posts\/96535\/revisions"}],"wp:featuredmedia":[{"embeddable":true,"href":"https:\/\/www.gaveanews.com\/index.php\/wp-json\/wp\/v2\/media\/67281"}],"wp:attachment":[{"href":"https:\/\/www.gaveanews.com\/index.php\/wp-json\/wp\/v2\/media?parent=96535"}],"wp:term":[{"taxonomy":"category","embeddable":true,"href":"https:\/\/www.gaveanews.com\/index.php\/wp-json\/wp\/v2\/categories?post=96535"},{"taxonomy":"post_tag","embeddable":true,"href":"https:\/\/www.gaveanews.com\/index.php\/wp-json\/wp\/v2\/tags?post=96535"}],"curies":[{"name":"wp","href":"https:\/\/api.w.org\/{rel}","templated":true}]}}