{"id":96538,"date":"2023-04-03T12:26:12","date_gmt":"2023-04-03T15:26:12","guid":{"rendered":"https:\/\/www.gaveanews.com\/?p=96538"},"modified":"2023-04-03T12:26:19","modified_gmt":"2023-04-03T15:26:19","slug":"flamengo-x-fluminense-atitude-de-vitor-pereira-vira-meme-nas-redes-sociais","status":"publish","type":"post","link":"https:\/\/www.gaveanews.com\/index.php\/2023\/04\/03\/flamengo-x-fluminense-atitude-de-vitor-pereira-vira-meme-nas-redes-sociais\/","title":{"rendered":"Flamengo x Fluminense: atitude de V\u00edtor Pereira vira meme nas redes sociais"},"content":{"rendered":"\n<p>A sequ\u00eancia de acontecimentos do \u00faltimo s\u00e1bado (01) surpreendeu at\u00e9 mesmo o rubro-negro mais otimista. V\u00edtor Pereira conseguiu manter segredo de sua escala\u00e7\u00e3o e levou a campo um time alternativo.<\/p>\n\n\n\n<ul class=\"wp-block-list\">\n<li><a href=\"https:\/\/www.gaveanews.com\/index.php\/2023\/04\/01\/assista-os-gols-de-flamengo-x-fluminense\/\">Assista os gols de Flamengo x Fluminense pela decis\u00e3o do Carioca<\/a><\/li>\n\n\n\n<li><a href=\"https:\/\/www.gaveanews.com\/index.php\/2023\/04\/02\/vitor-pereira-do-flamengo-alfineta-fernando-diniz-do-fluminense\/\">V\u00edtor Pereira alfineta Fernando Diniz em coletiva<\/a><\/li>\n<\/ul>\n\n\n\n<p>A princ\u00edpio, <a href=\"https:\/\/www.gaveanews.com\/index.php\/2023\/04\/01\/torcida-do-flamengo-detona-escalacao-escolhida-por-vitor-pereira-para-o-jogo-contra-o-fluminense\/\">milhares de torcedores ficaram revoltados com as escolhas do t\u00e9cnico.<\/a> Dentro das quatro linhas, por\u00e9m, as estrat\u00e9gias do portugu\u00eas surtiram efeito e o Flamengo venceu por 2 a 0.<\/p>\n\n\n\n<p>Al\u00e9m de conseguir marcar os gols, a equipe rubro-negra tamb\u00e9m desestabilizou o rival psicologicamente. No decorrer do jogo, houveram as caracter\u00edsticas rusgas do Fla x Flu, mas desta vez n\u00e3o foi o Flamengo quem perdeu a raz\u00e3o.<\/p>\n\n\n\n<p>No segundo tempo, quando o Fla j\u00e1 vencia por 2 a 0, os jogadores e a equipe t\u00e9cnica do Fluminense ficaram revoltados com a expuls\u00e3o de Samuel Xavier. A confus\u00e3o acabou resultando tamb\u00e9m no cart\u00e3o vermelho para Fernando Diniz, que discutiu muito e chegou a entrar em campo.<\/p>\n\n\n\n<p>Enquanto tudo isso acontecia, V\u00edtor Pereira, geralmente bastante agitado na \u00e1rea t\u00e9cnica, estava tranquilo sentado no banco de reservas e olhando para o campo. A rea\u00e7\u00e3o do t\u00e9cnico viralizou nas redes sociais e rendeu diversos memes.<\/p>\n\n\n\n<h2 class=\"wp-block-heading\" id=\"h-confira\">Confira:<\/h2>\n\n\n\n<figure class=\"wp-block-embed is-type-rich is-provider-twitter wp-block-embed-twitter\"><div class=\"wp-block-embed__wrapper\">\n<blockquote class=\"twitter-tweet\" data-width=\"550\" data-dnt=\"true\"><p lang=\"zxx\" dir=\"ltr\"><a href=\"https:\/\/t.co\/Zqanw12hGh\">pic.twitter.com\/Zqanw12hGh<\/a><\/p>&mdash; out of context Flamengo (@outofcontextCRF) <a href=\"https:\/\/twitter.com\/outofcontextCRF\/status\/1642334486993018882?ref_src=twsrc%5Etfw\">April 2, 2023<\/a><\/blockquote><script async src=\"https:\/\/platform.twitter.com\/widgets.js\" charset=\"utf-8\"><\/script>\n<\/div><\/figure>\n\n\n\n<p>A confus\u00e3o em quest\u00e3o terminou em uma desvantagem significativa para o Fluminense. Al\u00e9m de iniciar o pr\u00f3ximo confronto atr\u00e1s no placar, a equipe n\u00e3o poder\u00e1 contar com seu lateral-esquerdo titular nem com o t\u00e9cnico na beira do gramado.<\/p>\n\n\n\n<p>A decis\u00e3o do Campeonato Carioca acontece no pr\u00f3ximo domingo (09), \u00e0s 18h (hor\u00e1rio de Bras\u00edlia), no Maracan\u00e3.<\/p>\n","protected":false},"excerpt":{"rendered":"<p>A sequ\u00eancia de acontecimentos do \u00faltimo s\u00e1bado (01) surpreendeu at\u00e9 mesmo o rubro-negro mais otimista. V\u00edtor Pereira conseguiu manter segredo de sua escala\u00e7\u00e3o e levou a campo um time alternativo. A princ\u00edpio, milhares de torcedores ficaram revoltados com as escolhas do t\u00e9cnico. Dentro das quatro linhas, por\u00e9m, as estrat\u00e9gias do portugu\u00eas surtiram efeito e o [&hellip;]<\/p>\n","protected":false},"author":4,"featured_media":95339,"comment_status":"open","ping_status":"closed","sticky":false,"template":"","format":"standard","meta":{"footnotes":""},"categories":[47],"tags":[],"class_list":["post-96538","post","type-post","status-publish","format-standard","has-post-thumbnail","hentry","category-destaques"],"yoast_head":"<!-- This site is optimized with the Yoast SEO Premium plugin v24.2 (Yoast SEO v26.9) - https:\/\/yoast.com\/product\/yoast-seo-premium-wordpress\/ -->\n<title>Flamengo x Fluminense: atitude de V\u00edtor Pereira vira meme nas redes sociais<\/title>\n<meta name=\"robots\" content=\"index, follow, max-snippet:-1, max-image-preview:large, max-video-preview:-1\" \/>\n<link rel=\"canonical\" href=\"https:\/\/www.gaveanews.com\/index.php\/2023\/04\/03\/flamengo-x-fluminense-atitude-de-vitor-pereira-vira-meme-nas-redes-sociais\/\" \/>\n<meta property=\"og:locale\" content=\"pt_BR\" \/>\n<meta property=\"og:type\" content=\"article\" \/>\n<meta property=\"og:title\" content=\"Flamengo x Fluminense: atitude de V\u00edtor Pereira vira meme nas redes sociais\" \/>\n<meta property=\"og:description\" content=\"A sequ\u00eancia de acontecimentos do \u00faltimo s\u00e1bado (01) surpreendeu at\u00e9 mesmo o rubro-negro mais otimista. V\u00edtor Pereira conseguiu manter segredo de sua escala\u00e7\u00e3o e levou a campo um time alternativo. A princ\u00edpio, milhares de torcedores ficaram revoltados com as escolhas do t\u00e9cnico. Dentro das quatro linhas, por\u00e9m, as estrat\u00e9gias do portugu\u00eas surtiram efeito e o [&hellip;]\" \/>\n<meta property=\"og:url\" content=\"https:\/\/www.gaveanews.com\/index.php\/2023\/04\/03\/flamengo-x-fluminense-atitude-de-vitor-pereira-vira-meme-nas-redes-sociais\/\" \/>\n<meta property=\"og:site_name\" content=\"G\u00e1vea News\" \/>\n<meta property=\"article:publisher\" content=\"https:\/\/facebook.com\/gaveaNews\/\" \/>\n<meta property=\"article:published_time\" content=\"2023-04-03T15:26:12+00:00\" \/>\n<meta property=\"article:modified_time\" content=\"2023-04-03T15:26:19+00:00\" \/>\n<meta property=\"og:image\" content=\"https:\/\/www.gaveanews.com\/wp-content\/uploads\/vitor-pereira-flamengo-1.webp\" \/>\n\t<meta property=\"og:image:width\" content=\"984\" \/>\n\t<meta property=\"og:image:height\" content=\"715\" \/>\n\t<meta property=\"og:image:type\" content=\"image\/webp\" \/>\n<meta name=\"author\" content=\"Let\u00edcia Gerheim\" \/>\n<meta name=\"twitter:card\" content=\"summary_large_image\" \/>\n<meta name=\"twitter:label1\" content=\"Escrito por\" \/>\n\t<meta name=\"twitter:data1\" content=\"Let\u00edcia Gerheim\" \/>\n\t<meta name=\"twitter:label2\" content=\"Est. tempo de leitura\" \/>\n\t<meta name=\"twitter:data2\" content=\"2 minutos\" \/>\n<script type=\"application\/ld+json\" class=\"yoast-schema-graph\">{\"@context\":\"https:\/\/schema.org\",\"@graph\":[{\"@type\":\"NewsArticle\",\"@id\":\"https:\/\/www.gaveanews.com\/index.php\/2023\/04\/03\/flamengo-x-fluminense-atitude-de-vitor-pereira-vira-meme-nas-redes-sociais\/#article\",\"isPartOf\":{\"@id\":\"https:\/\/www.gaveanews.com\/index.php\/2023\/04\/03\/flamengo-x-fluminense-atitude-de-vitor-pereira-vira-meme-nas-redes-sociais\/\"},\"author\":{\"name\":\"Let\u00edcia Gerheim\",\"@id\":\"https:\/\/www.gaveanews.com\/#\/schema\/person\/714c67050b836198af2450ba1c142a67\"},\"headline\":\"Flamengo x Fluminense: atitude de V\u00edtor Pereira vira meme nas redes sociais\",\"datePublished\":\"2023-04-03T15:26:12+00:00\",\"dateModified\":\"2023-04-03T15:26:19+00:00\",\"mainEntityOfPage\":{\"@id\":\"https:\/\/www.gaveanews.com\/index.php\/2023\/04\/03\/flamengo-x-fluminense-atitude-de-vitor-pereira-vira-meme-nas-redes-sociais\/\"},\"wordCount\":305,\"commentCount\":0,\"image\":{\"@id\":\"https:\/\/www.gaveanews.com\/index.php\/2023\/04\/03\/flamengo-x-fluminense-atitude-de-vitor-pereira-vira-meme-nas-redes-sociais\/#primaryimage\"},\"thumbnailUrl\":\"https:\/\/www.gaveanews.com\/wp-content\/uploads\/vitor-pereira-flamengo-1.webp\",\"articleSection\":[\"Destaques\"],\"inLanguage\":\"pt-BR\",\"potentialAction\":[{\"@type\":\"CommentAction\",\"name\":\"Comment\",\"target\":[\"https:\/\/www.gaveanews.com\/index.php\/2023\/04\/03\/flamengo-x-fluminense-atitude-de-vitor-pereira-vira-meme-nas-redes-sociais\/#respond\"]}],\"copyrightYear\":\"2023\",\"copyrightHolder\":{\"@id\":\"https:\/\/www.gaveanews.com\/#organization\"}},{\"@type\":\"WebPage\",\"@id\":\"https:\/\/www.gaveanews.com\/index.php\/2023\/04\/03\/flamengo-x-fluminense-atitude-de-vitor-pereira-vira-meme-nas-redes-sociais\/\",\"url\":\"https:\/\/www.gaveanews.com\/index.php\/2023\/04\/03\/flamengo-x-fluminense-atitude-de-vitor-pereira-vira-meme-nas-redes-sociais\/\",\"name\":\"Flamengo x Fluminense: atitude de V\u00edtor Pereira vira meme nas redes sociais\",\"isPartOf\":{\"@id\":\"https:\/\/www.gaveanews.com\/#website\"},\"primaryImageOfPage\":{\"@id\":\"https:\/\/www.gaveanews.com\/index.php\/2023\/04\/03\/flamengo-x-fluminense-atitude-de-vitor-pereira-vira-meme-nas-redes-sociais\/#primaryimage\"},\"image\":{\"@id\":\"https:\/\/www.gaveanews.com\/index.php\/2023\/04\/03\/flamengo-x-fluminense-atitude-de-vitor-pereira-vira-meme-nas-redes-sociais\/#primaryimage\"},\"thumbnailUrl\":\"https:\/\/www.gaveanews.com\/wp-content\/uploads\/vitor-pereira-flamengo-1.webp\",\"datePublished\":\"2023-04-03T15:26:12+00:00\",\"dateModified\":\"2023-04-03T15:26:19+00:00\",\"author\":{\"@id\":\"https:\/\/www.gaveanews.com\/#\/schema\/person\/714c67050b836198af2450ba1c142a67\"},\"breadcrumb\":{\"@id\":\"https:\/\/www.gaveanews.com\/index.php\/2023\/04\/03\/flamengo-x-fluminense-atitude-de-vitor-pereira-vira-meme-nas-redes-sociais\/#breadcrumb\"},\"inLanguage\":\"pt-BR\",\"potentialAction\":[{\"@type\":\"ReadAction\",\"target\":[\"https:\/\/www.gaveanews.com\/index.php\/2023\/04\/03\/flamengo-x-fluminense-atitude-de-vitor-pereira-vira-meme-nas-redes-sociais\/\"]}]},{\"@type\":\"ImageObject\",\"inLanguage\":\"pt-BR\",\"@id\":\"https:\/\/www.gaveanews.com\/index.php\/2023\/04\/03\/flamengo-x-fluminense-atitude-de-vitor-pereira-vira-meme-nas-redes-sociais\/#primaryimage\",\"url\":\"https:\/\/www.gaveanews.com\/wp-content\/uploads\/vitor-pereira-flamengo-1.webp\",\"contentUrl\":\"https:\/\/www.gaveanews.com\/wp-content\/uploads\/vitor-pereira-flamengo-1.webp\",\"width\":984,\"height\":715,\"caption\":\"V\u00edtor Pereira comanda o Flamengo no Maracan\u00e3 (Foto: Andr\u00e9 Dur\u00e3o)\"},{\"@type\":\"BreadcrumbList\",\"@id\":\"https:\/\/www.gaveanews.com\/index.php\/2023\/04\/03\/flamengo-x-fluminense-atitude-de-vitor-pereira-vira-meme-nas-redes-sociais\/#breadcrumb\",\"itemListElement\":[{\"@type\":\"ListItem\",\"position\":1,\"name\":\"Home\",\"item\":\"https:\/\/www.gaveanews.com\/\"},{\"@type\":\"ListItem\",\"position\":2,\"name\":\"Flamengo x Fluminense: atitude de V\u00edtor Pereira vira meme nas redes sociais\"}]},{\"@type\":\"WebSite\",\"@id\":\"https:\/\/www.gaveanews.com\/#website\",\"url\":\"https:\/\/www.gaveanews.com\/\",\"name\":\"G\u00e1vea News\",\"description\":\"Veja todas as not\u00edcias sobre o Flamengo: Contrata\u00e7\u00f5es, categorias de base, resultados das partidas, tabela de classifica\u00e7\u00e3o, pr\u00f3ximos jogos!\",\"potentialAction\":[{\"@type\":\"SearchAction\",\"target\":{\"@type\":\"EntryPoint\",\"urlTemplate\":\"https:\/\/www.gaveanews.com\/?s={search_term_string}\"},\"query-input\":{\"@type\":\"PropertyValueSpecification\",\"valueRequired\":true,\"valueName\":\"search_term_string\"}}],\"inLanguage\":\"pt-BR\"},{\"@type\":\"Person\",\"@id\":\"https:\/\/www.gaveanews.com\/#\/schema\/person\/714c67050b836198af2450ba1c142a67\",\"name\":\"Let\u00edcia Gerheim\",\"image\":{\"@type\":\"ImageObject\",\"inLanguage\":\"pt-BR\",\"@id\":\"https:\/\/www.gaveanews.com\/#\/schema\/person\/image\/\",\"url\":\"https:\/\/secure.gravatar.com\/avatar\/60734739c50fcebfbac509e2a826ccd0ff405c019bc73aab9354f19ecad1dcb4?s=96&d=mm&r=g\",\"contentUrl\":\"https:\/\/secure.gravatar.com\/avatar\/60734739c50fcebfbac509e2a826ccd0ff405c019bc73aab9354f19ecad1dcb4?s=96&d=mm&r=g\",\"caption\":\"Let\u00edcia Gerheim\"}}]}<\/script>\n<!-- \/ Yoast SEO Premium plugin. -->","yoast_head_json":{"title":"Flamengo x Fluminense: atitude de V\u00edtor Pereira vira meme nas redes sociais","robots":{"index":"index","follow":"follow","max-snippet":"max-snippet:-1","max-image-preview":"max-image-preview:large","max-video-preview":"max-video-preview:-1"},"canonical":"https:\/\/www.gaveanews.com\/index.php\/2023\/04\/03\/flamengo-x-fluminense-atitude-de-vitor-pereira-vira-meme-nas-redes-sociais\/","og_locale":"pt_BR","og_type":"article","og_title":"Flamengo x Fluminense: atitude de V\u00edtor Pereira vira meme nas redes sociais","og_description":"A sequ\u00eancia de acontecimentos do \u00faltimo s\u00e1bado (01) surpreendeu at\u00e9 mesmo o rubro-negro mais otimista. V\u00edtor Pereira conseguiu manter segredo de sua escala\u00e7\u00e3o e levou a campo um time alternativo. A princ\u00edpio, milhares de torcedores ficaram revoltados com as escolhas do t\u00e9cnico. Dentro das quatro linhas, por\u00e9m, as estrat\u00e9gias do portugu\u00eas surtiram efeito e o [&hellip;]","og_url":"https:\/\/www.gaveanews.com\/index.php\/2023\/04\/03\/flamengo-x-fluminense-atitude-de-vitor-pereira-vira-meme-nas-redes-sociais\/","og_site_name":"G\u00e1vea News","article_publisher":"https:\/\/facebook.com\/gaveaNews\/","article_published_time":"2023-04-03T15:26:12+00:00","article_modified_time":"2023-04-03T15:26:19+00:00","og_image":[{"width":984,"height":715,"url":"https:\/\/www.gaveanews.com\/wp-content\/uploads\/vitor-pereira-flamengo-1.webp","type":"image\/webp"}],"author":"Let\u00edcia Gerheim","twitter_card":"summary_large_image","twitter_misc":{"Escrito por":"Let\u00edcia Gerheim","Est. tempo de leitura":"2 minutos"},"schema":{"@context":"https:\/\/schema.org","@graph":[{"@type":"NewsArticle","@id":"https:\/\/www.gaveanews.com\/index.php\/2023\/04\/03\/flamengo-x-fluminense-atitude-de-vitor-pereira-vira-meme-nas-redes-sociais\/#article","isPartOf":{"@id":"https:\/\/www.gaveanews.com\/index.php\/2023\/04\/03\/flamengo-x-fluminense-atitude-de-vitor-pereira-vira-meme-nas-redes-sociais\/"},"author":{"name":"Let\u00edcia Gerheim","@id":"https:\/\/www.gaveanews.com\/#\/schema\/person\/714c67050b836198af2450ba1c142a67"},"headline":"Flamengo x Fluminense: atitude de V\u00edtor Pereira vira meme nas redes sociais","datePublished":"2023-04-03T15:26:12+00:00","dateModified":"2023-04-03T15:26:19+00:00","mainEntityOfPage":{"@id":"https:\/\/www.gaveanews.com\/index.php\/2023\/04\/03\/flamengo-x-fluminense-atitude-de-vitor-pereira-vira-meme-nas-redes-sociais\/"},"wordCount":305,"commentCount":0,"image":{"@id":"https:\/\/www.gaveanews.com\/index.php\/2023\/04\/03\/flamengo-x-fluminense-atitude-de-vitor-pereira-vira-meme-nas-redes-sociais\/#primaryimage"},"thumbnailUrl":"https:\/\/www.gaveanews.com\/wp-content\/uploads\/vitor-pereira-flamengo-1.webp","articleSection":["Destaques"],"inLanguage":"pt-BR","potentialAction":[{"@type":"CommentAction","name":"Comment","target":["https:\/\/www.gaveanews.com\/index.php\/2023\/04\/03\/flamengo-x-fluminense-atitude-de-vitor-pereira-vira-meme-nas-redes-sociais\/#respond"]}],"copyrightYear":"2023","copyrightHolder":{"@id":"https:\/\/www.gaveanews.com\/#organization"}},{"@type":"WebPage","@id":"https:\/\/www.gaveanews.com\/index.php\/2023\/04\/03\/flamengo-x-fluminense-atitude-de-vitor-pereira-vira-meme-nas-redes-sociais\/","url":"https:\/\/www.gaveanews.com\/index.php\/2023\/04\/03\/flamengo-x-fluminense-atitude-de-vitor-pereira-vira-meme-nas-redes-sociais\/","name":"Flamengo x Fluminense: atitude de V\u00edtor Pereira vira meme nas redes sociais","isPartOf":{"@id":"https:\/\/www.gaveanews.com\/#website"},"primaryImageOfPage":{"@id":"https:\/\/www.gaveanews.com\/index.php\/2023\/04\/03\/flamengo-x-fluminense-atitude-de-vitor-pereira-vira-meme-nas-redes-sociais\/#primaryimage"},"image":{"@id":"https:\/\/www.gaveanews.com\/index.php\/2023\/04\/03\/flamengo-x-fluminense-atitude-de-vitor-pereira-vira-meme-nas-redes-sociais\/#primaryimage"},"thumbnailUrl":"https:\/\/www.gaveanews.com\/wp-content\/uploads\/vitor-pereira-flamengo-1.webp","datePublished":"2023-04-03T15:26:12+00:00","dateModified":"2023-04-03T15:26:19+00:00","author":{"@id":"https:\/\/www.gaveanews.com\/#\/schema\/person\/714c67050b836198af2450ba1c142a67"},"breadcrumb":{"@id":"https:\/\/www.gaveanews.com\/index.php\/2023\/04\/03\/flamengo-x-fluminense-atitude-de-vitor-pereira-vira-meme-nas-redes-sociais\/#breadcrumb"},"inLanguage":"pt-BR","potentialAction":[{"@type":"ReadAction","target":["https:\/\/www.gaveanews.com\/index.php\/2023\/04\/03\/flamengo-x-fluminense-atitude-de-vitor-pereira-vira-meme-nas-redes-sociais\/"]}]},{"@type":"ImageObject","inLanguage":"pt-BR","@id":"https:\/\/www.gaveanews.com\/index.php\/2023\/04\/03\/flamengo-x-fluminense-atitude-de-vitor-pereira-vira-meme-nas-redes-sociais\/#primaryimage","url":"https:\/\/www.gaveanews.com\/wp-content\/uploads\/vitor-pereira-flamengo-1.webp","contentUrl":"https:\/\/www.gaveanews.com\/wp-content\/uploads\/vitor-pereira-flamengo-1.webp","width":984,"height":715,"caption":"V\u00edtor Pereira comanda o Flamengo no Maracan\u00e3 (Foto: Andr\u00e9 Dur\u00e3o)"},{"@type":"BreadcrumbList","@id":"https:\/\/www.gaveanews.com\/index.php\/2023\/04\/03\/flamengo-x-fluminense-atitude-de-vitor-pereira-vira-meme-nas-redes-sociais\/#breadcrumb","itemListElement":[{"@type":"ListItem","position":1,"name":"Home","item":"https:\/\/www.gaveanews.com\/"},{"@type":"ListItem","position":2,"name":"Flamengo x Fluminense: atitude de V\u00edtor Pereira vira meme nas redes sociais"}]},{"@type":"WebSite","@id":"https:\/\/www.gaveanews.com\/#website","url":"https:\/\/www.gaveanews.com\/","name":"G\u00e1vea News","description":"Veja todas as not\u00edcias sobre o Flamengo: Contrata\u00e7\u00f5es, categorias de base, resultados das partidas, tabela de classifica\u00e7\u00e3o, pr\u00f3ximos jogos!","potentialAction":[{"@type":"SearchAction","target":{"@type":"EntryPoint","urlTemplate":"https:\/\/www.gaveanews.com\/?s={search_term_string}"},"query-input":{"@type":"PropertyValueSpecification","valueRequired":true,"valueName":"search_term_string"}}],"inLanguage":"pt-BR"},{"@type":"Person","@id":"https:\/\/www.gaveanews.com\/#\/schema\/person\/714c67050b836198af2450ba1c142a67","name":"Let\u00edcia Gerheim","image":{"@type":"ImageObject","inLanguage":"pt-BR","@id":"https:\/\/www.gaveanews.com\/#\/schema\/person\/image\/","url":"https:\/\/secure.gravatar.com\/avatar\/60734739c50fcebfbac509e2a826ccd0ff405c019bc73aab9354f19ecad1dcb4?s=96&d=mm&r=g","contentUrl":"https:\/\/secure.gravatar.com\/avatar\/60734739c50fcebfbac509e2a826ccd0ff405c019bc73aab9354f19ecad1dcb4?s=96&d=mm&r=g","caption":"Let\u00edcia Gerheim"}}]}},"_links":{"self":[{"href":"https:\/\/www.gaveanews.com\/index.php\/wp-json\/wp\/v2\/posts\/96538","targetHints":{"allow":["GET"]}}],"collection":[{"href":"https:\/\/www.gaveanews.com\/index.php\/wp-json\/wp\/v2\/posts"}],"about":[{"href":"https:\/\/www.gaveanews.com\/index.php\/wp-json\/wp\/v2\/types\/post"}],"author":[{"embeddable":true,"href":"https:\/\/www.gaveanews.com\/index.php\/wp-json\/wp\/v2\/users\/4"}],"replies":[{"embeddable":true,"href":"https:\/\/www.gaveanews.com\/index.php\/wp-json\/wp\/v2\/comments?post=96538"}],"version-history":[{"count":0,"href":"https:\/\/www.gaveanews.com\/index.php\/wp-json\/wp\/v2\/posts\/96538\/revisions"}],"wp:featuredmedia":[{"embeddable":true,"href":"https:\/\/www.gaveanews.com\/index.php\/wp-json\/wp\/v2\/media\/95339"}],"wp:attachment":[{"href":"https:\/\/www.gaveanews.com\/index.php\/wp-json\/wp\/v2\/media?parent=96538"}],"wp:term":[{"taxonomy":"category","embeddable":true,"href":"https:\/\/www.gaveanews.com\/index.php\/wp-json\/wp\/v2\/categories?post=96538"},{"taxonomy":"post_tag","embeddable":true,"href":"https:\/\/www.gaveanews.com\/index.php\/wp-json\/wp\/v2\/tags?post=96538"}],"curies":[{"name":"wp","href":"https:\/\/api.w.org\/{rel}","templated":true}]}}